{"id":1748,"date":"2024-09-20T16:40:46","date_gmt":"2024-09-20T13:40:46","guid":{"rendered":"https:\/\/torkspor.com\/?p=1748"},"modified":"2024-09-20T16:40:46","modified_gmt":"2024-09-20T13:40:46","slug":"skodanin-yeni-elektriklisi","status":"publish","type":"post","link":"https:\/\/torkspor.com\/?p=1748","title":{"rendered":"\u0160koda\u2019n\u0131n Yeni Elektriklisi"},"content":{"rendered":"\n<p><strong>Elroq\u2019un \u015e\u0131k Tasar\u0131m\u0131 Ortaya \u00c7\u0131kt\u0131<\/strong><\/p>\n\n\n\n<p>\u0160koda, tamamen yeni elektrikli C-SUV modeli Elroq\u2019u d\u00fcnya pr\u00f6miyeriyle<br>tan\u0131tmaya haz\u0131rlan\u0131rken, model detaylar\u0131n\u0131 da a\u00e7\u0131klamaya devam ediyor.<br>Markan\u0131n yeni Modern Solid tasar\u0131m dilini benimseyen ilk modeli Elroq\u2019un tasar\u0131m<br>\u00e7izimleri resmi olarak yay\u0131nland\u0131.<br>Elroq&#8217;un d\u0131\u015f tasar\u0131m\u0131n\u0131 hakk\u0131nda fikir veren \u00e7izimlerde, yeni \u201cTech-Deck \u00d6n Y\u00fcz\u201d,<br>tampona entegre edilmi\u015f Matrix-LED farlar, koyu krom detaylar ve \u00f6zel Timiano<br>Ye\u015fili rengi dikkat \u00e7ekiyor.<br>Tech-Deck olarak adland\u0131r\u0131lan yeni \u00f6n b\u00f6l\u00fcm, geleneksel \u0160koda \u0131zgaras\u0131n\u0131n yerini<br>daha d\u00fcz ve yenilik\u00e7i \u00e7izgilerle de\u011fi\u015ftiriyor. Geleneksek motorlu ara\u00e7larda motor<br>\u0131zgaras\u0131 olarak adland\u0131r\u0131lan b\u00f6l\u00fcm Elroq&#8217;ta daha ince ve d\u00fcz bir \u015fekilde farlarla<br>entegre olarak otomobilin yan k\u0131s\u0131mlar\u0131na do\u011fru uzan\u0131yor.<br>Kaput \u00fczerinde, markan\u0131n yeni kurumsal kimli\u011fini temsil eden koyu krom \u0160koda<br>yaz\u0131s\u0131 bulunuyor; bu da Elroq\u2019u markan\u0131n yeni tasar\u0131m dilini benimseyen ilk<br>model olarak \u00f6ne \u00e7\u0131kar\u0131yor. Arac\u0131n farkl\u0131 g\u00f6r\u00fcn\u00fcm\u00fc, \u00f6n ve arka tamponlarda SUV<br>tarz\u0131n\u0131n alt\u0131n\u0131 \u00e7izen g\u00fc\u00e7l\u00fc hatlarla daha da vurgulan\u0131yor. Arka b\u00f6l\u00fcmde, dikkat<br>\u00e7eken tavan spoyleri ve ince LED arka ayd\u0131nlatmalar Elroq\u2019un zarafetini<br>tamaml\u0131yor. Di\u011fer g\u00f6rsel detaylar aras\u0131nda bagaj kapa\u011f\u0131ndaki \u0160koda yaz\u0131s\u0131 ve<br>ala\u015f\u0131m jantlar\u0131n orta kapaklar\u0131n\u0131 s\u00fcsleyen 2D \u0160koda logosu gibi krom vurgular yer<br>al\u0131yor.<br>\u0160koda\u2019n\u0131n elektrikli ara\u00e7 \u00fcr\u00fcn yelpazesini geni\u015fletecek Elroq, Ekim ay\u0131nda<br>ger\u00e7ekle\u015ftirilecek d\u00fcnya pr\u00f6miyeriyle tan\u0131t\u0131lacak. \u0160koda\u2019n\u0131n ilk tamamen elektrikli<br>C-SUV segmentindeki modeli Elroq, verimlili\u011fi, geni\u015f i\u00e7 hacmi, yenilik\u00e7i<br>teknolojileri ve konforuyla \u00f6ne \u00e7\u0131karken, tek bir \u015farjla 560 kilometreden fazla<br>menzil sunacak.<\/p>\n\n\n\n<figure class=\"wp-block-image size-large\"><img fetchpriority=\"high\" decoding=\"async\" width=\"1024\" height=\"576\" src=\"https:\/\/torkspor.com\/wp-content\/uploads\/2024\/09\/Yeni-Skoda-Elroq-Kompakt-SUVun-Dis-Cizimleri-1-1024x576.jpg\" alt=\"\" class=\"wp-image-1750\" srcset=\"https:\/\/torkspor.com\/wp-content\/uploads\/2024\/09\/Yeni-Skoda-Elroq-Kompakt-SUVun-Dis-Cizimleri-1-1024x576.jpg 1024w, https:\/\/torkspor.com\/wp-content\/uploads\/2024\/09\/Yeni-Skoda-Elroq-Kompakt-SUVun-Dis-Cizimleri-1-300x169.jpg 300w, https:\/\/torkspor.com\/wp-content\/uploads\/2024\/09\/Yeni-Skoda-Elroq-Kompakt-SUVun-Dis-Cizimleri-1-768x432.jpg 768w, https:\/\/torkspor.com\/wp-content\/uploads\/2024\/09\/Yeni-Skoda-Elroq-Kompakt-SUVun-Dis-Cizimleri-1-1536x864.jpg 1536w, https:\/\/torkspor.com\/wp-content\/uploads\/2024\/09\/Yeni-Skoda-Elroq-Kompakt-SUVun-Dis-Cizimleri-1.jpg 2000w\" sizes=\"(max-width: 1024px) 100vw, 1024px\" \/><\/figure>\n\n\n\n<p><\/p>\n","protected":false},"excerpt":{"rendered":"<p>Elroq\u2019un \u015e\u0131k Tasar\u0131m\u0131 Ortaya \u00c7\u0131kt\u0131 \u0160koda, tamamen yeni elektrikli C-SUV modeli Elroq\u2019u d\u00fcnya pr\u00f6miyeriyletan\u0131tmaya haz\u0131rlan\u0131rken, model detaylar\u0131n\u0131 da a\u00e7\u0131klamaya devam<\/p>\n","protected":false},"author":2,"featured_media":1750,"comment_status":"open","ping_status":"open","sticky":false,"template":"","format":"standard","meta":{"footnotes":""},"categories":[1],"tags":[],"class_list":["post-1748","post","type-post","status-publish","format-standard","has-post-thumbnail","hentry","category-genel"],"magazineBlocksPostFeaturedMedia":{"thumbnail":"https:\/\/torkspor.com\/wp-content\/uploads\/2024\/09\/Yeni-Skoda-Elroq-Kompakt-SUVun-Dis-Cizimleri-1-150x150.jpg","medium":"https:\/\/torkspor.com\/wp-content\/uploads\/2024\/09\/Yeni-Skoda-Elroq-Kompakt-SUVun-Dis-Cizimleri-1-300x169.jpg","medium_large":"https:\/\/torkspor.com\/wp-content\/uploads\/2024\/09\/Yeni-Skoda-Elroq-Kompakt-SUVun-Dis-Cizimleri-1-768x432.jpg","large":"https:\/\/torkspor.com\/wp-content\/uploads\/2024\/09\/Yeni-Skoda-Elroq-Kompakt-SUVun-Dis-Cizimleri-1-1024x576.jpg","1536x1536":"https:\/\/torkspor.com\/wp-content\/uploads\/2024\/09\/Yeni-Skoda-Elroq-Kompakt-SUVun-Dis-Cizimleri-1-1536x864.jpg","2048x2048":"https:\/\/torkspor.com\/wp-content\/uploads\/2024\/09\/Yeni-Skoda-Elroq-Kompakt-SUVun-Dis-Cizimleri-1.jpg","colormag-highlighted-post":"https:\/\/torkspor.com\/wp-content\/uploads\/2024\/09\/Yeni-Skoda-Elroq-Kompakt-SUVun-Dis-Cizimleri-1-392x272.jpg","colormag-featured-post-medium":"https:\/\/torkspor.com\/wp-content\/uploads\/2024\/09\/Yeni-Skoda-Elroq-Kompakt-SUVun-Dis-Cizimleri-1-390x205.jpg","colormag-featured-post-small":"https:\/\/torkspor.com\/wp-content\/uploads\/2024\/09\/Yeni-Skoda-Elroq-Kompakt-SUVun-Dis-Cizimleri-1-130x90.jpg","colormag-featured-image":"https:\/\/torkspor.com\/wp-content\/uploads\/2024\/09\/Yeni-Skoda-Elroq-Kompakt-SUVun-Dis-Cizimleri-1-800x445.jpg","colormag-default-news":"https:\/\/torkspor.com\/wp-content\/uploads\/2024\/09\/Yeni-Skoda-Elroq-Kompakt-SUVun-Dis-Cizimleri-1-150x150.jpg","colormag-featured-image-large":"https:\/\/torkspor.com\/wp-content\/uploads\/2024\/09\/Yeni-Skoda-Elroq-Kompakt-SUVun-Dis-Cizimleri-1-1400x600.jpg","colormag-elementor-block-extra-large-thumbnail":"https:\/\/torkspor.com\/wp-content\/uploads\/2024\/09\/Yeni-Skoda-Elroq-Kompakt-SUVun-Dis-Cizimleri-1-1155x480.jpg","colormag-elementor-grid-large-thumbnail":"https:\/\/torkspor.com\/wp-content\/uploads\/2024\/09\/Yeni-Skoda-Elroq-Kompakt-SUVun-Dis-Cizimleri-1-600x417.jpg","colormag-elementor-grid-small-thumbnail":"https:\/\/torkspor.com\/wp-content\/uploads\/2024\/09\/Yeni-Skoda-Elroq-Kompakt-SUVun-Dis-Cizimleri-1-285x450.jpg","colormag-elementor-grid-medium-large-thumbnail":"https:\/\/torkspor.com\/wp-content\/uploads\/2024\/09\/Yeni-Skoda-Elroq-Kompakt-SUVun-Dis-Cizimleri-1-575x198.jpg"},"magazineBlocksPostAuthor":{"name":"Okan \u00c7etiner","avatar":"https:\/\/secure.gravatar.com\/avatar\/0b8d387b873c3962ae491deaf4b94a08a9b0dbc2778155c139691933252f8856?s=96&d=mm&r=g"},"magazineBlocksPostCommentsNumber":"0","magazineBlocksPostExcerpt":"Elroq\u2019un \u015e\u0131k Tasar\u0131m\u0131 Ortaya \u00c7\u0131kt\u0131 \u0160koda, tamamen yeni elektrikli C-SUV modeli Elroq\u2019u d\u00fcnya pr\u00f6miyeriyletan\u0131tmaya haz\u0131rlan\u0131rken, model detaylar\u0131n\u0131 da a\u00e7\u0131klamaya devam","magazineBlocksPostCategories":["Genel"],"magazine_blocks_featured_image_url":{"full":["https:\/\/torkspor.com\/wp-content\/uploads\/2024\/09\/Yeni-Skoda-Elroq-Kompakt-SUVun-Dis-Cizimleri-1.jpg",2000,1125,false],"medium":["https:\/\/torkspor.com\/wp-content\/uploads\/2024\/09\/Yeni-Skoda-Elroq-Kompakt-SUVun-Dis-Cizimleri-1-300x169.jpg",300,169,true],"thumbnail":["https:\/\/torkspor.com\/wp-content\/uploads\/2024\/09\/Yeni-Skoda-Elroq-Kompakt-SUVun-Dis-Cizimleri-1-150x150.jpg",150,150,true]},"magazine_blocks_author":{"display_name":"Okan \u00c7etiner","author_link":"https:\/\/torkspor.com\/?author=2"},"magazine_blocks_comment":0,"magazine_blocks_author_image":"https:\/\/secure.gravatar.com\/avatar\/0b8d387b873c3962ae491deaf4b94a08a9b0dbc2778155c139691933252f8856?s=96&d=mm&r=g","magazine_blocks_category":"<a href=\"https:\/\/torkspor.com\/?cat=1\" rel=\"category\">Genel<\/a>","_links":{"self":[{"href":"https:\/\/torkspor.com\/index.php?rest_route=\/wp\/v2\/posts\/1748","targetHints":{"allow":["GET"]}}],"collection":[{"href":"https:\/\/torkspor.com\/index.php?rest_route=\/wp\/v2\/posts"}],"about":[{"href":"https:\/\/torkspor.com\/index.php?rest_route=\/wp\/v2\/types\/post"}],"author":[{"embeddable":true,"href":"https:\/\/torkspor.com\/index.php?rest_route=\/wp\/v2\/users\/2"}],"replies":[{"embeddable":true,"href":"https:\/\/torkspor.com\/index.php?rest_route=%2Fwp%2Fv2%2Fcomments&post=1748"}],"version-history":[{"count":1,"href":"https:\/\/torkspor.com\/index.php?rest_route=\/wp\/v2\/posts\/1748\/revisions"}],"predecessor-version":[{"id":1751,"href":"https:\/\/torkspor.com\/index.php?rest_route=\/wp\/v2\/posts\/1748\/revisions\/1751"}],"wp:featuredmedia":[{"embeddable":true,"href":"https:\/\/torkspor.com\/index.php?rest_route=\/wp\/v2\/media\/1750"}],"wp:attachment":[{"href":"https:\/\/torkspor.com\/index.php?rest_route=%2Fwp%2Fv2%2Fmedia&parent=1748"}],"wp:term":[{"taxonomy":"category","embeddable":true,"href":"https:\/\/torkspor.com\/index.php?rest_route=%2Fwp%2Fv2%2Fcategories&post=1748"},{"taxonomy":"post_tag","embeddable":true,"href":"https:\/\/torkspor.com\/index.php?rest_route=%2Fwp%2Fv2%2Ftags&post=1748"}],"curies":[{"name":"wp","href":"https:\/\/api.w.org\/{rel}","templated":true}]}}