{"id":202,"date":"2024-07-07T06:47:58","date_gmt":"2024-07-07T03:47:58","guid":{"rendered":"http:\/\/philosopical-falcon.w5.wpsandbox.pro\/2019\/12\/19\/travel-copy-copy-2-copy\/"},"modified":"2024-07-29T14:35:38","modified_gmt":"2024-07-29T11:35:38","slug":"bald-hedgehog-returns-to-wild-after-growing-spines","status":"publish","type":"post","link":"https:\/\/torkspor.com\/?p=202","title":{"rendered":"Kazaz\u2019dan Estonya\u2019da \u00c7ifte Zafer"},"content":{"rendered":"\n<figure class=\"wp-block-image\"><a href=\"http:\/\/www.tosfed.org.tr\/wp-content\/uploads\/2024\/07\/KeremKazaz-Estonya-4-1024x682.jpg\"><img decoding=\"async\" src=\"http:\/\/www.tosfed.org.tr\/wp-content\/uploads\/2024\/07\/KeremKazaz-Estonya-4-800x430.jpg\" alt=\"\"\/><\/a><\/figure>\n\n\n\n<p>T\u00fcrkiye\u2019de ralli kazanmay\u0131 ba\u015faran en gen\u00e7 ralli pilotu 18 ya\u015f\u0131ndaki Kerem Kazaz, bu hafta sonu ba\u015far\u0131lar\u0131na bir yenisini ekledi.<\/p>\n\n\n\n<p>Copilotu Hugo Magalhaes ile 2024 Letonya Ralli \u015eampiyonas\u0131 Estonya aya\u011f\u0131nda genel klasman birincisi olan Kazaz, ayn\u0131 zamanda FIA Avrupa Ralli \u015eampiyonas\u0131 kapsam\u0131ndaki Ford Fiesta Rally3 Trophy\u2019de de birinci olarak Estonya\u2019da&nbsp;milli mar\u015f\u0131m\u0131z\u0131 dinletti.<\/p>\n\n\n\n<p>Letonya Rallisi\u2019ni ERC3 klasman\u0131nda da d\u00f6rd\u00fcnc\u00fc olarak \u00f6nemli puanlar almay\u0131 ba\u015faran At\u00f6lye Kazaz pilotunun s\u0131radaki yar\u0131\u015f\u0131, 19-21 Temmuz tarihlerindeki 2024 D\u00fcnya Ralli \u015eampiyonas\u0131 8. aya\u011f\u0131 Letonya Rallisi olacak.<\/p>\n\n\n\n<p>Letonya Ralli \u015eampiyonas\u0131\u2019n\u0131 takip eden di\u011fer temsilcimiz 16 ya\u015f\u0131ndaki Can Alako\u00e7, Ivo Pukis ile&nbsp;S\u0131n\u0131f 4 ve Junior kategorilerinde lider olarak start ald\u0131klar\u0131 rallinin ikinci \u00f6zel etab\u0131nda yoldan \u00e7\u0131karak fini\u015fe ula\u015famad\u0131.<\/p>\n\n\n\n<p>Gen\u00e7 sporcumuz Can Alako\u00e7, ilk asfalt ralli tecr\u00fcbesini 03-04 A\u011fustos tarihlerinde Madeira Rallisi\u2019nde 26 e\u015fit otomobilin yer ald\u0131\u011f\u0131 Peugeot Cup Iberia kapsam\u0131nda ya\u015fayacak.<\/p>\n","protected":false},"excerpt":{"rendered":"<p>T\u00fcrkiye\u2019de ralli kazanmay\u0131 ba\u015faran en gen\u00e7 ralli pilotu 18 ya\u015f\u0131ndaki Kerem Kazaz, bu hafta sonu ba\u015far\u0131lar\u0131na bir yenisini ekledi. Copilotu<\/p>\n","protected":false},"author":1,"featured_media":1473,"comment_status":"open","ping_status":"open","sticky":false,"template":"","format":"standard","meta":{"footnotes":""},"categories":[3],"tags":[],"class_list":["post-202","post","type-post","status-publish","format-standard","has-post-thumbnail","hentry","category-dunyadasporcularimiz"],"magazineBlocksPostFeaturedMedia":{"thumbnail":"https:\/\/torkspor.com\/wp-content\/uploads\/2019\/12\/KeremKazaz-Estonya-4-768x512-1-150x150.jpg","medium":"https:\/\/torkspor.com\/wp-content\/uploads\/2019\/12\/KeremKazaz-Estonya-4-768x512-1-300x200.jpg","medium_large":"https:\/\/torkspor.com\/wp-content\/uploads\/2019\/12\/KeremKazaz-Estonya-4-768x512-1.jpg","large":"https:\/\/torkspor.com\/wp-content\/uploads\/2019\/12\/KeremKazaz-Estonya-4-768x512-1.jpg","1536x1536":"https:\/\/torkspor.com\/wp-content\/uploads\/2019\/12\/KeremKazaz-Estonya-4-768x512-1.jpg","2048x2048":"https:\/\/torkspor.com\/wp-content\/uploads\/2019\/12\/KeremKazaz-Estonya-4-768x512-1.jpg","colormag-highlighted-post":"https:\/\/torkspor.com\/wp-content\/uploads\/2019\/12\/KeremKazaz-Estonya-4-768x512-1-392x272.jpg","colormag-featured-post-medium":"https:\/\/torkspor.com\/wp-content\/uploads\/2019\/12\/KeremKazaz-Estonya-4-768x512-1-390x205.jpg","colormag-featured-post-small":"https:\/\/torkspor.com\/wp-content\/uploads\/2019\/12\/KeremKazaz-Estonya-4-768x512-1-130x90.jpg","colormag-featured-image":"https:\/\/torkspor.com\/wp-content\/uploads\/2019\/12\/KeremKazaz-Estonya-4-768x512-1-768x445.jpg","colormag-default-news":"https:\/\/torkspor.com\/wp-content\/uploads\/2019\/12\/KeremKazaz-Estonya-4-768x512-1-150x150.jpg","colormag-featured-image-large":"https:\/\/torkspor.com\/wp-content\/uploads\/2019\/12\/KeremKazaz-Estonya-4-768x512-1.jpg","colormag-elementor-block-extra-large-thumbnail":"https:\/\/torkspor.com\/wp-content\/uploads\/2019\/12\/KeremKazaz-Estonya-4-768x512-1-768x480.jpg","colormag-elementor-grid-large-thumbnail":"https:\/\/torkspor.com\/wp-content\/uploads\/2019\/12\/KeremKazaz-Estonya-4-768x512-1-600x417.jpg","colormag-elementor-grid-small-thumbnail":"https:\/\/torkspor.com\/wp-content\/uploads\/2019\/12\/KeremKazaz-Estonya-4-768x512-1-285x450.jpg","colormag-elementor-grid-medium-large-thumbnail":"https:\/\/torkspor.com\/wp-content\/uploads\/2019\/12\/KeremKazaz-Estonya-4-768x512-1-575x198.jpg"},"magazineBlocksPostAuthor":{"name":"admin","avatar":"https:\/\/secure.gravatar.com\/avatar\/fa23da9f6b5d8ac1341213e36a271b882179bd10f4f64ef96ef9988bf6e581ad?s=96&d=mm&r=g"},"magazineBlocksPostCommentsNumber":"0","magazineBlocksPostExcerpt":"T\u00fcrkiye\u2019de ralli kazanmay\u0131 ba\u015faran en gen\u00e7 ralli pilotu 18 ya\u015f\u0131ndaki Kerem Kazaz, bu hafta sonu ba\u015far\u0131lar\u0131na bir yenisini ekledi. Copilotu","magazineBlocksPostCategories":["D\u00fcnyada Sporcular\u0131m\u0131z"],"magazine_blocks_featured_image_url":{"full":["https:\/\/torkspor.com\/wp-content\/uploads\/2019\/12\/KeremKazaz-Estonya-4-768x512-1.jpg",768,512,false],"medium":["https:\/\/torkspor.com\/wp-content\/uploads\/2019\/12\/KeremKazaz-Estonya-4-768x512-1-300x200.jpg",300,200,true],"thumbnail":["https:\/\/torkspor.com\/wp-content\/uploads\/2019\/12\/KeremKazaz-Estonya-4-768x512-1-150x150.jpg",150,150,true]},"magazine_blocks_author":{"display_name":"admin","author_link":"https:\/\/torkspor.com\/?author=1"},"magazine_blocks_comment":0,"magazine_blocks_author_image":"https:\/\/secure.gravatar.com\/avatar\/fa23da9f6b5d8ac1341213e36a271b882179bd10f4f64ef96ef9988bf6e581ad?s=96&d=mm&r=g","magazine_blocks_category":"<a href=\"https:\/\/torkspor.com\/?cat=3\" rel=\"category\">D\u00fcnyada Sporcular\u0131m\u0131z<\/a>","_links":{"self":[{"href":"https:\/\/torkspor.com\/index.php?rest_route=\/wp\/v2\/posts\/202","targetHints":{"allow":["GET"]}}],"collection":[{"href":"https:\/\/torkspor.com\/index.php?rest_route=\/wp\/v2\/posts"}],"about":[{"href":"https:\/\/torkspor.com\/index.php?rest_route=\/wp\/v2\/types\/post"}],"author":[{"embeddable":true,"href":"https:\/\/torkspor.com\/index.php?rest_route=\/wp\/v2\/users\/1"}],"replies":[{"embeddable":true,"href":"https:\/\/torkspor.com\/index.php?rest_route=%2Fwp%2Fv2%2Fcomments&post=202"}],"version-history":[{"count":1,"href":"https:\/\/torkspor.com\/index.php?rest_route=\/wp\/v2\/posts\/202\/revisions"}],"predecessor-version":[{"id":1475,"href":"https:\/\/torkspor.com\/index.php?rest_route=\/wp\/v2\/posts\/202\/revisions\/1475"}],"wp:featuredmedia":[{"embeddable":true,"href":"https:\/\/torkspor.com\/index.php?rest_route=\/wp\/v2\/media\/1473"}],"wp:attachment":[{"href":"https:\/\/torkspor.com\/index.php?rest_route=%2Fwp%2Fv2%2Fmedia&parent=202"}],"wp:term":[{"taxonomy":"category","embeddable":true,"href":"https:\/\/torkspor.com\/index.php?rest_route=%2Fwp%2Fv2%2Fcategories&post=202"},{"taxonomy":"post_tag","embeddable":true,"href":"https:\/\/torkspor.com\/index.php?rest_route=%2Fwp%2Fv2%2Ftags&post=202"}],"curies":[{"name":"wp","href":"https:\/\/api.w.org\/{rel}","templated":true}]}}