{"id":2068,"date":"2024-12-30T13:42:06","date_gmt":"2024-12-30T10:42:06","guid":{"rendered":"https:\/\/torkspor.com\/?p=2068"},"modified":"2024-12-30T13:43:30","modified_gmt":"2024-12-30T10:43:30","slug":"dakar-ralli-sampiyonu-sainz-ford-otomobiliyle-2025-sampiyonlugunu-kazanmadan-oncesinde-off-road-sirlarini-acikladi","status":"publish","type":"post","link":"https:\/\/torkspor.com\/?p=2068","title":{"rendered":"Dakar Ralli \u015eampiyonu Sainz, Ford Otomobiliyle 2025 \u015eampiyonlu\u011funu Kazanmadan \u00d6ncesinde Off-Road S\u0131rlar\u0131n\u0131 A\u00e7\u0131klad\u0131"},"content":{"rendered":"\n<p><strong>\u0130SPANYOL MOTOR SPORLARI EFSANES\u0130, 3-17 OCAK 2025 TAR\u0130HLER\u0130 ARASINDA SUUD\u0130 ARAB\u0130STAN&#8217;DAK\u0130 KUM TEPELER\u0130 \u00dcZER\u0130NDE BE\u015e\u0130NC\u0130 DAKAR \u015eAMP\u0130YONLU\u011eUNU HEDEFL\u0130YOR.<\/strong><br><\/p>\n\n\n\n<p>D\u00f6rt kez Dakar Rallisi \u015fampiyonu Carlos Sainz, 3-17 Ocak 2025 tarihleri aras\u0131nda Suudi Arabistan&#8217;\u0131n kayal\u0131k arazilerinde ve ikonik kum tepeciklerinde ko\u015fulacak 2025 edisyonunda be\u015finci \u015fampiyonlu\u011funu hedefliyor. Peki d\u00fcnyan\u0131n en zorlu yar\u0131\u015f\u0131nda arazi ba\u015far\u0131s\u0131n\u0131n s\u0131rlar\u0131n\u0131 kim daha iyi a\u00e7\u0131klayabilir?<br><\/p>\n\n\n\n<figure class=\"wp-block-image size-large\"><img fetchpriority=\"high\" decoding=\"async\" width=\"1024\" height=\"683\" src=\"https:\/\/torkspor.com\/wp-content\/uploads\/2024\/12\/SI202407120296-1024x683.jpg\" alt=\"\" class=\"wp-image-2069\" srcset=\"https:\/\/torkspor.com\/wp-content\/uploads\/2024\/12\/SI202407120296-1024x683.jpg 1024w, https:\/\/torkspor.com\/wp-content\/uploads\/2024\/12\/SI202407120296-300x200.jpg 300w, https:\/\/torkspor.com\/wp-content\/uploads\/2024\/12\/SI202407120296-768x512.jpg 768w, https:\/\/torkspor.com\/wp-content\/uploads\/2024\/12\/SI202407120296-1536x1024.jpg 1536w, https:\/\/torkspor.com\/wp-content\/uploads\/2024\/12\/SI202407120296-2048x1366.jpg 2048w\" sizes=\"(max-width: 1024px) 100vw, 1024px\" \/><figcaption class=\"wp-element-caption\">Carlos Sainz is seen at the Ford Raptor T1+ Announcement for Dakar 2025 at Goodwood festival of speed at Goodwood House, Chichester, United Kingdom on July 12, 2024 \/\/ Kin Marcin \/ Red Bull Content Pool \/\/ SI202407120296 \/\/ Usage for editorial use only \/\/<\/figcaption><\/figure>\n\n\n\n<p><br>1990 ve 1992&#8217;de iki kez D\u00fcnya Ralli \u015eampiyonas\u0131&#8217;n\u0131 kazanan Sainz &#8211; nam\u0131di\u011fer El Matador &#8211; 2010, 2018, 2020 ve 2024&#8217;te kazand\u0131\u011f\u0131 d\u00f6rt \u015fampiyonlukla Dakar Rallisi&#8217;nin vazge\u00e7ilmezi oldu.<br><br>2025&#8217;te be\u015finci farkl\u0131 \u00fcreticiyle be\u015finci kez rekor bir galibiyet elde etmek i\u00e7in geri d\u00f6nen motor sporlar\u0131 efsanesi, Bisha&#8217;dan Empty Quarter \u00e7\u00f6l\u00fcne kadar uzanan 12 zamanl\u0131 \u00f6zel etaptan olu\u015fan 7.759 kilometrelik rotada yolunu bulmak i\u00e7in zengin deneyimlerinden yararlan\u0131yor.<br><br><strong>\u0130\u015fte Madrid do\u011fumlu pilotun Ford Raptor T1+ arac\u0131n\u0131 tan\u0131tmadan \u00f6nce s\u00f6yledikleri:<\/strong><br><br><strong>Dakar&#8217;\u0131n benzersiz zorluklar\u0131na fiziksel olarak nas\u0131l haz\u0131rlan\u0131yorsunuz?<\/strong><br><br>&#8220;A\u00e7\u0131k\u00e7as\u0131 ya\u015fla birlikte, antrenman program\u0131m\u0131 uyarlamak zorunda kald\u0131m. Profesyonellerden olu\u015fan bir ekiple \u00e7al\u0131\u015f\u0131yorum ve beni \u00e7ok iyi tan\u0131yorlar. Ger\u00e7ek \u015fu ki, gen\u00e7ken oldu\u011fumdan \u00e7ok daha fazla fitness \u00fczerinde \u00e7al\u0131\u015f\u0131yorum. Bu g\u00fcnlerde haz\u0131rl\u0131\u011f\u0131m\u0131n aerobik k\u0131sm\u0131na daha fazla zaman ay\u0131r\u0131yorum. Her zaman evde ac\u0131 \u00e7ekmeyi tercih etti\u011fimi s\u00f6ylerim, bu y\u00fczden Dakar&#8217;da \u00e7ok fazla ac\u0131 \u00e7ekmiyorum.&#8221;<br><\/p>\n\n\n\n<figure class=\"wp-block-image size-large\"><img decoding=\"async\" width=\"1024\" height=\"683\" src=\"https:\/\/torkspor.com\/wp-content\/uploads\/2024\/12\/SI202407120291-1024x683.jpg\" alt=\"\" class=\"wp-image-2070\" srcset=\"https:\/\/torkspor.com\/wp-content\/uploads\/2024\/12\/SI202407120291-1024x683.jpg 1024w, https:\/\/torkspor.com\/wp-content\/uploads\/2024\/12\/SI202407120291-300x200.jpg 300w, https:\/\/torkspor.com\/wp-content\/uploads\/2024\/12\/SI202407120291-768x512.jpg 768w, https:\/\/torkspor.com\/wp-content\/uploads\/2024\/12\/SI202407120291-1536x1024.jpg 1536w, https:\/\/torkspor.com\/wp-content\/uploads\/2024\/12\/SI202407120291-2048x1366.jpg 2048w\" sizes=\"(max-width: 1024px) 100vw, 1024px\" \/><figcaption class=\"wp-element-caption\">Carlos Sainz is seen at the Ford Raptor T1+ Announcement for Dakar 2025 at Goodwood festival of speed at Goodwood House, Chichester, United Kingdom on July 12, 2024 \/\/ Kin Marcin \/ Red Bull Content Pool \/\/ SI202407120291 \/\/ Usage for editorial use only \/\/<\/figcaption><\/figure>\n\n\n\n<p><strong>Yol kitab\u0131n\u0131 anlaman\u0131za yard\u0131mc\u0131 olan \u015fey nedir?<\/strong><br><br>&#8220;Etap ba\u015flamadan sadece birka\u00e7 dakika \u00f6nce yol kitab\u0131n\u0131 al\u0131yoruz, eskiden oldu\u011fu gibi bir g\u00fcn \u00f6nce de\u011fil. Bunu iyi anlamak yard\u0131mc\u0131 s\u00fcr\u00fcc\u00fclere kalm\u0131\u015f ve biz s\u00fcr\u00fcc\u00fcler m\u00fcmk\u00fcn oldu\u011funca yard\u0131mc\u0131 olmal\u0131y\u0131z. Zor yerlere geldi\u011fimizde, do\u011fru yolu bulmak i\u00e7in birlikte \u00e7al\u0131\u015f\u0131yoruz.&#8221;<br><br><strong>2024 Dakar&#8217;\u0131 tek bir etap galibiyeti bile almadan nas\u0131l kazand\u0131n\u0131z?<\/strong><br><br>&#8220;Dakar Rallisi&#8217;ni kazanmak i\u00e7in iyi bir stratejiye sahip olman\u0131z ve ayr\u0131ca di\u011ferlerinden daha h\u0131zl\u0131 olman\u0131z gerekir. 2024&#8217;te ralli bizim i\u00e7in iyi ge\u00e7ti. 48 saatlik Chrono etab\u0131 stratejik olarak \u00f6nemliydi. O etaba \u00f6nden ba\u015flamamaya karar verdik ve bunun i\u00e7in \u00f6nceki g\u00fcn biraz zaman kaybettik.<br><br>Yani iyi bir ba\u015flang\u0131\u00e7 pozisyonumuz vard\u0131 ve 48 saatlik etab\u0131n ilk b\u00f6l\u00fcm\u00fcn\u00fc kazand\u0131k. \u0130kinci b\u00f6l\u00fcmde kum tepeciklerine sapland\u0131k ve birka\u00e7 dakika kaybettik. S\u00e9bastien Loeb etab\u0131 kazand\u0131 ama ikincilikte \u00e7ok geride de\u011fildik. Gerisi olduk\u00e7a zordu, \u00e7ok fazla y\u00fcksek h\u0131z ve zorlu etaplar vard\u0131. Sondan bir \u00f6nceki etaba kadar Seb ile iyi bir m\u00fccadele verdik.&#8221;<br><br><\/p>\n\n\n\n<figure class=\"wp-block-image size-large\"><img decoding=\"async\" width=\"1024\" height=\"683\" src=\"https:\/\/torkspor.com\/wp-content\/uploads\/2024\/12\/SI202407120289-1024x683.jpg\" alt=\"\" class=\"wp-image-2071\" srcset=\"https:\/\/torkspor.com\/wp-content\/uploads\/2024\/12\/SI202407120289-1024x683.jpg 1024w, https:\/\/torkspor.com\/wp-content\/uploads\/2024\/12\/SI202407120289-300x200.jpg 300w, https:\/\/torkspor.com\/wp-content\/uploads\/2024\/12\/SI202407120289-768x512.jpg 768w, https:\/\/torkspor.com\/wp-content\/uploads\/2024\/12\/SI202407120289-1536x1024.jpg 1536w, https:\/\/torkspor.com\/wp-content\/uploads\/2024\/12\/SI202407120289-2048x1365.jpg 2048w\" sizes=\"(max-width: 1024px) 100vw, 1024px\" \/><figcaption class=\"wp-element-caption\">Carlos Sainz is seen at the Ford Raptor T1+ Announcement for Dakar 2025 at Goodwood festival of speed at Goodwood House, Chichester, United Kingdom on July 12, 2024 \/\/ Kin Marcin \/ Red Bull Content Pool \/\/ SI202407120289 \/\/ Usage for editorial use only \/\/<\/figcaption><\/figure>\n\n\n\n<p><strong>Dakar Rallisi&#8217;nin son yenili\u011fi olan 48 saatlik Chrono etab\u0131n\u0131 biraz daha a\u00e7abilir misiniz?<\/strong><br><br>&#8220;48 saatlik Chrono etab\u0131 art\u0131k Dakar&#8217;\u0131n \u00f6nemli bir par\u00e7as\u0131. Tak\u0131m\u0131n\u0131zdan iki g\u00fcn boyunca hi\u00e7bir hizmet alam\u0131yorsunuz. \u00c7\u00f6lde bir \u00e7ad\u0131rda uyuyorsunuz ve nerede uyuyaca\u011f\u0131n\u0131z ve orada ba\u015fka kimlerin olaca\u011f\u0131 h\u0131z\u0131n\u0131za ba\u011fl\u0131. 2025&#8217;te, rallinin \u00e7ok erken bir a\u015famas\u0131nday\u0131z, temelde ikinci g\u00fcn. Bunu do\u011fru yapmak \u00e7ok \u00f6nemli olacak, \u00f6zellikle de yeni bir arabam\u0131z varsa.&#8221;<br><br><strong>\u00d6zellikle zor bir etab\u0131 ve bunun size nas\u0131l ac\u0131 \u00e7ektirdi\u011fini hat\u0131rl\u0131yor musunuz?<\/strong><br><br>&#8220;G\u00fcney Amerika&#8217;daki bir etab\u0131n \u00f6ne \u00e7\u0131kt\u0131\u011f\u0131n\u0131 s\u00f6yleyebilirim. A\u015f\u0131r\u0131 s\u0131cakt\u0131 ve susuzluk \u00e7ektim. Bazen G\u00fcney Amerika&#8217;da s\u0131cakl\u0131klar 45 santigrat dereceye kadar \u00e7\u0131k\u0131yordu ve bu \u00f6zellikle zorlu etapta durum b\u00f6yleydi. Bunun beni \u00e7ok k\u00f6t\u00fc etkiledi\u011fini hat\u0131rl\u0131yorum.&#8221;<br><br><strong>Dakar Rallisi kurallar\u0131nda hangi de\u011fi\u015fiklikleri yapard\u0131n\u0131z?<\/strong><br><br>&#8220;Ba\u015flang\u0131\u00e7 s\u0131ras\u0131 olabilir. Fabrika s\u00fcr\u00fcc\u00fcs\u00fc oldu\u011funuzda ve bir etapta sorun ya\u015fad\u0131\u011f\u0131n\u0131zda, ertesi g\u00fcn \u00e7ok geriden ba\u015flaman\u0131n tehlikeli olabilece\u011fini d\u00fc\u015f\u00fcn\u00fcyorum \u00e7\u00fcnk\u00fc \u00e7ok fazla arabay\u0131 sollam\u0131\u015f oluyorsunuz. Buna ek olarak, sentinel mesafesini de\u011fi\u015ftirirdim [ge\u00e7mek istedi\u011finiz daha yava\u015f bir arac\u0131n 250 metre gerisinde oldu\u011funuzda etkinle\u015ftirilebilen bir uyar\u0131 sistemi]. Sentinel menzilini 100 metre daha art\u0131rmak iyi olurdu \u00e7\u00fcnk\u00fc bu kazalar\u0131 \u00f6nlemeye yard\u0131mc\u0131 olurdu.&#8221;<br><br><\/p>\n\n\n\n<figure class=\"wp-block-image size-large\"><img loading=\"lazy\" decoding=\"async\" width=\"1024\" height=\"683\" src=\"https:\/\/torkspor.com\/wp-content\/uploads\/2024\/12\/SI202407120295-1024x683.jpg\" alt=\"\" class=\"wp-image-2072\" srcset=\"https:\/\/torkspor.com\/wp-content\/uploads\/2024\/12\/SI202407120295-1024x683.jpg 1024w, https:\/\/torkspor.com\/wp-content\/uploads\/2024\/12\/SI202407120295-300x200.jpg 300w, https:\/\/torkspor.com\/wp-content\/uploads\/2024\/12\/SI202407120295-768x512.jpg 768w, https:\/\/torkspor.com\/wp-content\/uploads\/2024\/12\/SI202407120295-1536x1024.jpg 1536w, https:\/\/torkspor.com\/wp-content\/uploads\/2024\/12\/SI202407120295-2048x1366.jpg 2048w\" sizes=\"(max-width: 1024px) 100vw, 1024px\" \/><figcaption class=\"wp-element-caption\">Cockpit of Ford Raptor T1+ at Announcement for Dakar 2025 at Goodwood festival of speed at Goodwood House, Chichester, United Kingdom on July 12, 2024 \/\/ Kin Marcin \/ Red Bull Content Pool \/\/ SI202407120295 \/\/ Usage for editorial use only \/\/<\/figcaption><\/figure>\n\n\n\n<p><strong>Duydu\u011funuz en s\u0131ra d\u0131\u015f\u0131 Dakar hikayeleri neler?<\/strong><br><br>&#8220;\u0130kinci Dakar&#8217;\u0131mda bir etab\u0131 bitirdi\u011fimi ve bir grup gazetecinin bana do\u011fru ko\u015ftu\u011funu hat\u0131rl\u0131yorum. Hepsi bana yard\u0131mc\u0131 pilotumla ilgili bir sorun olup olmad\u0131\u011f\u0131n\u0131 soruyordu. G\u00f6r\u00fcn\u00fc\u015fe g\u00f6re, bas\u0131n aras\u0131nda yard\u0131mc\u0131 pilotumla bir anla\u015fmazl\u0131k ya\u015fad\u0131\u011f\u0131m ve onu \u00e7\u00f6lde b\u0131rakt\u0131\u011f\u0131m y\u00f6n\u00fcnde bir hikaye vard\u0131. A\u00e7\u0131k\u00e7as\u0131, hikaye do\u011fru de\u011fildi! Gazeteciler beni ba\u015fka bir yar\u0131\u015fmac\u0131 olan Carlos Souza ile kar\u0131\u015ft\u0131rm\u0131\u015flard\u0131.<br><br>Ger\u00e7ek \u015fu ki hepimiz \u00e7ok g\u00fc\u00e7l\u00fc bir kum f\u0131rt\u0131nas\u0131na yakalanm\u0131\u015ft\u0131k ve etab\u0131 iptal etmek zorunda kalm\u0131\u015flard\u0131. Souza ve yard\u0131mc\u0131 pilotu Andy Schulz (ilk Dakar&#8217;\u0131mda yard\u0131mc\u0131 pilotumdu) arabalar\u0131n\u0131 kumdan kurtarmak i\u00e7in d\u0131\u015far\u0131 \u00e7\u0131kt\u0131lar, sonra Souza arabas\u0131na geri d\u00f6nd\u00fc ve Andy&#8217;nin hala d\u0131\u015far\u0131da oldu\u011funu fark edene kadar 200 metre s\u00fcrd\u00fc. B\u00fcy\u00fck kum f\u0131rt\u0131nas\u0131 nedeniyle uzun bir s\u00fcre birbirlerini bulamad\u0131lar. Hikayenin tamam\u0131n\u0131 ancak bivaka geri d\u00f6nd\u00fc\u011f\u00fcmde duyabildim.&#8221;<br><strong>Red Bull TV belgeseli &#8216;Sainz: Yar\u0131\u015fmak \u0130\u00e7in Ya\u015fa&#8217;y\u0131\u00a0<a href=\"https:\/\/click.redbullmediapitch.com\/CL0\/https:%2F%2Fwww.redbull.com%2Fgb-en%2Fshows%2Fcarlos-sainz-live-to-compete\/1\/01020194073a49c9-83875827-4261-40a2-93b1-204c082ce74b-000000\/xNWW5F5D5vFtbK1DHro60P1kX4bVE2Zwa-T80pBNR6Y=385\" target=\"_blank\" rel=\"noreferrer noopener\">BURADAN<\/a>\u00a0izleyin.<\/strong><\/p>\n\n\n\n<p class=\"has-luminous-vivid-orange-background-color has-background\"><\/p>\n","protected":false},"excerpt":{"rendered":"<p>\u0130SPANYOL MOTOR SPORLARI EFSANES\u0130, 3-17 OCAK 2025 TAR\u0130HLER\u0130 ARASINDA SUUD\u0130 ARAB\u0130STAN&#8217;DAK\u0130 KUM TEPELER\u0130 \u00dcZER\u0130NDE BE\u015e\u0130NC\u0130 DAKAR \u015eAMP\u0130YONLU\u011eUNU HEDEFL\u0130YOR. D\u00f6rt kez<\/p>\n","protected":false},"author":2,"featured_media":2074,"comment_status":"open","ping_status":"open","sticky":false,"template":"","format":"standard","meta":{"footnotes":""},"categories":[14,1,10,21,8],"tags":[],"class_list":["post-2068","post","type-post","status-publish","format-standard","has-post-thumbnail","hentry","category-dunya","category-genel","category-offroad","category-ralli","category-sonhaberler"],"magazineBlocksPostFeaturedMedia":{"thumbnail":"https:\/\/torkspor.com\/wp-content\/uploads\/2024\/12\/SI202407120305-150x150.jpg","medium":"https:\/\/torkspor.com\/wp-content\/uploads\/2024\/12\/SI202407120305-300x200.jpg","medium_large":"https:\/\/torkspor.com\/wp-content\/uploads\/2024\/12\/SI202407120305-768x512.jpg","large":"https:\/\/torkspor.com\/wp-content\/uploads\/2024\/12\/SI202407120305-1024x683.jpg","1536x1536":"https:\/\/torkspor.com\/wp-content\/uploads\/2024\/12\/SI202407120305-1536x1024.jpg","2048x2048":"https:\/\/torkspor.com\/wp-content\/uploads\/2024\/12\/SI202407120305-2048x1365.jpg","colormag-highlighted-post":"https:\/\/torkspor.com\/wp-content\/uploads\/2024\/12\/SI202407120305-392x272.jpg","colormag-featured-post-medium":"https:\/\/torkspor.com\/wp-content\/uploads\/2024\/12\/SI202407120305-390x205.jpg","colormag-featured-post-small":"https:\/\/torkspor.com\/wp-content\/uploads\/2024\/12\/SI202407120305-130x90.jpg","colormag-featured-image":"https:\/\/torkspor.com\/wp-content\/uploads\/2024\/12\/SI202407120305-800x445.jpg","colormag-default-news":"https:\/\/torkspor.com\/wp-content\/uploads\/2024\/12\/SI202407120305-150x150.jpg","colormag-featured-image-large":"https:\/\/torkspor.com\/wp-content\/uploads\/2024\/12\/SI202407120305-1400x600.jpg","colormag-elementor-block-extra-large-thumbnail":"https:\/\/torkspor.com\/wp-content\/uploads\/2024\/12\/SI202407120305-1155x480.jpg","colormag-elementor-grid-large-thumbnail":"https:\/\/torkspor.com\/wp-content\/uploads\/2024\/12\/SI202407120305-600x417.jpg","colormag-elementor-grid-small-thumbnail":"https:\/\/torkspor.com\/wp-content\/uploads\/2024\/12\/SI202407120305-285x450.jpg","colormag-elementor-grid-medium-large-thumbnail":"https:\/\/torkspor.com\/wp-content\/uploads\/2024\/12\/SI202407120305-575x198.jpg"},"magazineBlocksPostAuthor":{"name":"Okan \u00c7etiner","avatar":"https:\/\/secure.gravatar.com\/avatar\/0b8d387b873c3962ae491deaf4b94a08a9b0dbc2778155c139691933252f8856?s=96&d=mm&r=g"},"magazineBlocksPostCommentsNumber":"0","magazineBlocksPostExcerpt":"\u0130SPANYOL MOTOR SPORLARI EFSANES\u0130, 3-17 OCAK 2025 TAR\u0130HLER\u0130 ARASINDA SUUD\u0130 ARAB\u0130STAN&#8217;DAK\u0130 KUM TEPELER\u0130 \u00dcZER\u0130NDE BE\u015e\u0130NC\u0130 DAKAR \u015eAMP\u0130YONLU\u011eUNU HEDEFL\u0130YOR. D\u00f6rt kez","magazineBlocksPostCategories":["D\u00fcnya","Genel","Offroad","Ralli","Son Haberler"],"magazine_blocks_featured_image_url":{"full":["https:\/\/torkspor.com\/wp-content\/uploads\/2024\/12\/SI202407120305-scaled.jpg",2560,1707,false],"medium":["https:\/\/torkspor.com\/wp-content\/uploads\/2024\/12\/SI202407120305-300x200.jpg",300,200,true],"thumbnail":["https:\/\/torkspor.com\/wp-content\/uploads\/2024\/12\/SI202407120305-150x150.jpg",150,150,true]},"magazine_blocks_author":{"display_name":"Okan \u00c7etiner","author_link":"https:\/\/torkspor.com\/?author=2"},"magazine_blocks_comment":5,"magazine_blocks_author_image":"https:\/\/secure.gravatar.com\/avatar\/0b8d387b873c3962ae491deaf4b94a08a9b0dbc2778155c139691933252f8856?s=96&d=mm&r=g","magazine_blocks_category":"<a href=\"https:\/\/torkspor.com\/?cat=14\" rel=\"category\">D\u00fcnya<\/a> <a href=\"https:\/\/torkspor.com\/?cat=1\" rel=\"category\">Genel<\/a> <a href=\"https:\/\/torkspor.com\/?cat=10\" rel=\"category\">Offroad<\/a> <a href=\"https:\/\/torkspor.com\/?cat=21\" rel=\"category\">Ralli<\/a> <a href=\"https:\/\/torkspor.com\/?cat=8\" rel=\"category\">Son Haberler<\/a>","_links":{"self":[{"href":"https:\/\/torkspor.com\/index.php?rest_route=\/wp\/v2\/posts\/2068","targetHints":{"allow":["GET"]}}],"collection":[{"href":"https:\/\/torkspor.com\/index.php?rest_route=\/wp\/v2\/posts"}],"about":[{"href":"https:\/\/torkspor.com\/index.php?rest_route=\/wp\/v2\/types\/post"}],"author":[{"embeddable":true,"href":"https:\/\/torkspor.com\/index.php?rest_route=\/wp\/v2\/users\/2"}],"replies":[{"embeddable":true,"href":"https:\/\/torkspor.com\/index.php?rest_route=%2Fwp%2Fv2%2Fcomments&post=2068"}],"version-history":[{"count":1,"href":"https:\/\/torkspor.com\/index.php?rest_route=\/wp\/v2\/posts\/2068\/revisions"}],"predecessor-version":[{"id":2073,"href":"https:\/\/torkspor.com\/index.php?rest_route=\/wp\/v2\/posts\/2068\/revisions\/2073"}],"wp:featuredmedia":[{"embeddable":true,"href":"https:\/\/torkspor.com\/index.php?rest_route=\/wp\/v2\/media\/2074"}],"wp:attachment":[{"href":"https:\/\/torkspor.com\/index.php?rest_route=%2Fwp%2Fv2%2Fmedia&parent=2068"}],"wp:term":[{"taxonomy":"category","embeddable":true,"href":"https:\/\/torkspor.com\/index.php?rest_route=%2Fwp%2Fv2%2Fcategories&post=2068"},{"taxonomy":"post_tag","embeddable":true,"href":"https:\/\/torkspor.com\/index.php?rest_route=%2Fwp%2Fv2%2Ftags&post=2068"}],"curies":[{"name":"wp","href":"https:\/\/api.w.org\/{rel}","templated":true}]}}