{"id":2100,"date":"2025-01-04T23:59:55","date_gmt":"2025-01-04T20:59:55","guid":{"rendered":"https:\/\/torkspor.com\/?p=2100"},"modified":"2025-01-05T00:23:11","modified_gmt":"2025-01-04T21:23:11","slug":"dakar-rallisi-2025-zorlu-bir-maceranin-ilk-gunleri","status":"publish","type":"post","link":"https:\/\/torkspor.com\/?p=2100","title":{"rendered":"Dakar Rallisi 2025: Zorlu Bir Maceran\u0131n \u0130lk G\u00fcnleri"},"content":{"rendered":"\n<p><strong>2025 Dakar Rallisi, d\u00fcnyan\u0131n en zorlu off-road yar\u0131\u015flar\u0131ndan biri olarak yine b\u00fcy\u00fck bir heyecanla ba\u015flad\u0131. Bu y\u0131l Suudi Arabistan&#8217;\u0131n \u00e7e\u015fitli \u00e7\u00f6l ve da\u011fl\u0131k b\u00f6lgelerinde d\u00fczenlenen yar\u0131\u015f, hem otomobil hem motosiklet hem de di\u011fer kategorilerdeki kat\u0131l\u0131mc\u0131lar i\u00e7in b\u00fcy\u00fck bir m\u00fccadele sunuyor.<\/strong><\/p>\n\n\n\n<figure class=\"wp-block-image size-large\"><img fetchpriority=\"high\" decoding=\"async\" width=\"1024\" height=\"683\" src=\"https:\/\/torkspor.com\/wp-content\/uploads\/2025\/01\/carlos-sainz-1024x683.jpg\" alt=\"\" class=\"wp-image-2101\" srcset=\"https:\/\/torkspor.com\/wp-content\/uploads\/2025\/01\/carlos-sainz-1024x683.jpg 1024w, https:\/\/torkspor.com\/wp-content\/uploads\/2025\/01\/carlos-sainz-300x200.jpg 300w, https:\/\/torkspor.com\/wp-content\/uploads\/2025\/01\/carlos-sainz-768x512.jpg 768w, https:\/\/torkspor.com\/wp-content\/uploads\/2025\/01\/carlos-sainz-1536x1025.jpg 1536w, https:\/\/torkspor.com\/wp-content\/uploads\/2025\/01\/carlos-sainz-2048x1366.jpg 2048w\" sizes=\"(max-width: 1024px) 100vw, 1024px\" \/><figcaption class=\"wp-element-caption\">Carlos Sainz (ESP) and Lucas Cruz (ESP) for Ford M-Spor are seen at the stage 1 of Rally Dakar 2025 in Bisha, Saudi Arabia on January 04, 2025. \/\/ Kin Marcin \/ Red Bull Content Pool \/\/ SI202501040305 \/\/ Usage for editorial use only \/\/<\/figcaption><\/figure>\n\n\n\n<h3 class=\"wp-block-heading\"><strong>\u0130lk Etap: Strateji ve Performans\u0131n Dengesi<\/strong><\/h3>\n\n\n\n<p>Rallinin ilk etab\u0131, Cidde yak\u0131nlar\u0131ndan ba\u015flayarak, Hail b\u00f6lgesine kadar uzanan 400 kilometrelik \u00f6zel bir parkurdan olu\u015ftu. Hem otomobil hem de motosiklet kategorilerinde deneyimli s\u00fcr\u00fcc\u00fcler, etap boyunca h\u0131z ve dayan\u0131kl\u0131l\u0131klar\u0131n\u0131 sergilerken ayn\u0131 zamanda stratejik kararlar almak zorunda kald\u0131lar.<\/p>\n\n\n\n<figure class=\"wp-block-image size-large\"><img decoding=\"async\" width=\"1024\" height=\"683\" src=\"https:\/\/torkspor.com\/wp-content\/uploads\/2025\/01\/corbin-leaverton-1024x683.jpg\" alt=\"\" class=\"wp-image-2102\" srcset=\"https:\/\/torkspor.com\/wp-content\/uploads\/2025\/01\/corbin-leaverton-1024x683.jpg 1024w, https:\/\/torkspor.com\/wp-content\/uploads\/2025\/01\/corbin-leaverton-300x200.jpg 300w, https:\/\/torkspor.com\/wp-content\/uploads\/2025\/01\/corbin-leaverton-768x512.jpg 768w, https:\/\/torkspor.com\/wp-content\/uploads\/2025\/01\/corbin-leaverton-1536x1025.jpg 1536w, https:\/\/torkspor.com\/wp-content\/uploads\/2025\/01\/corbin-leaverton-2048x1366.jpg 2048w\" sizes=\"(max-width: 1024px) 100vw, 1024px\" \/><figcaption class=\"wp-element-caption\">Corbin Leaverton (USA)  and Taye Perry (DEU)  for Red Bull Off-Road Junior Team are seen at the stage 1 of Rally Dakar 2025 in Bisha, Saudi Arabia on January 04, 2025. \/\/ Kin Marcin \/ Red Bull Content Pool \/\/ SI202501040287 \/\/ Usage for editorial use only \/\/<\/figcaption><\/figure>\n\n\n\n<p><strong>Otomobil Kategorisi:<\/strong><br>Frans\u0131z s\u00fcr\u00fcc\u00fc Guerlain Chicherit, X-Raid Mini JCW Tak\u0131m\u0131 ile ilk etapta g\u00fc\u00e7l\u00fc bir performans sergileyerek liderlik koltu\u011funa oturdu. Toyota Gazoo Tak\u0131m\u0131&#8217;ndan Seth Quintero ve G\u00fcney Afrikal\u0131 Saood Variawa da Chicherit\u2019in hemen ard\u0131ndan s\u0131raland\u0131. Ancak favorilerden Nasser Al-Attiyah ve Sebastien Loeb gibi isimler, sonraki etaplarda avantaj sa\u011flamak i\u00e7in h\u0131zlar\u0131n\u0131 bilerek d\u00fc\u015f\u00fcrd\u00fc.<\/p>\n\n\n\n<p><a href=\"https:\/\/www.dakar.com\/en\/news\/2025\/stage-1\/car\/chicherit-and-sanders-guts-and-glory\/192527\">https:\/\/www.dakar.com\/en\/news\/2025\/stage-1\/car\/chicherit-and-sanders-guts-and-glory\/192527<\/a><\/p>\n\n\n\n<p><strong>Motosiklet Kategorisi:<\/strong><br>Motosiklet kategorisinde Red Bull KTM Tak\u0131m\u0131\u2019ndan Daniel Sanders, ilk etapta rakiplerini geride b\u0131rakarak liderli\u011fi ald\u0131. Honda\u2019dan Ricky Brabec ve Hero Motosports&#8217;tan Ross Branch da ilk \u00fc\u00e7te yer ald\u0131. \u0130spanyol s\u00fcr\u00fcc\u00fc Tosha Schareina ise uzun s\u00fcre \u00f6nde g\u00f6t\u00fcrd\u00fc\u011f\u00fc etab\u0131 d\u00f6rd\u00fcnc\u00fc s\u0131rada tamamlad\u0131.<\/p>\n\n\n\n<figure class=\"wp-block-image size-large\"><img decoding=\"async\" width=\"1024\" height=\"683\" src=\"https:\/\/torkspor.com\/wp-content\/uploads\/2025\/01\/luciano-benavides-1024x683.jpg\" alt=\"\" class=\"wp-image-2103\" srcset=\"https:\/\/torkspor.com\/wp-content\/uploads\/2025\/01\/luciano-benavides-1024x683.jpg 1024w, https:\/\/torkspor.com\/wp-content\/uploads\/2025\/01\/luciano-benavides-300x200.jpg 300w, https:\/\/torkspor.com\/wp-content\/uploads\/2025\/01\/luciano-benavides-768x512.jpg 768w, https:\/\/torkspor.com\/wp-content\/uploads\/2025\/01\/luciano-benavides-1536x1024.jpg 1536w, https:\/\/torkspor.com\/wp-content\/uploads\/2025\/01\/luciano-benavides-2048x1365.jpg 2048w\" sizes=\"(max-width: 1024px) 100vw, 1024px\" \/><figcaption class=\"wp-element-caption\">Luciano Benavides for the World Rally-Raid Championship on September 28, 2024 at Rally Dakar, Saudi Arabia \/\/ Sebas Romero \/ Red Bull Content Pool \/\/ SI202412200126 \/\/ Usage for editorial use only \/\/<\/figcaption><\/figure>\n\n\n\n<h3 class=\"wp-block-heading\"><strong>Zorlu Ko\u015fullar ve Stratejik Hamleler<\/strong><\/h3>\n\n\n\n<p>Ralli, daha ilk g\u00fcnlerinden itibaren zorlu hava ko\u015fullar\u0131 ve teknik sorunlarla m\u00fccadele eden ekipler i\u00e7in bir dayan\u0131kl\u0131l\u0131k testine d\u00f6n\u00fc\u015ft\u00fc. Kum f\u0131rt\u0131nalar\u0131 ve zorlu navigasyon, bir\u00e7ok ekibin zaman kaybetmesine neden oldu. Bu durum, daha deneyimli s\u00fcr\u00fcc\u00fclere avantaj sa\u011flarken, baz\u0131 yeni kat\u0131l\u0131mc\u0131lar i\u00e7in moral bozucu bir ba\u015flang\u0131\u00e7 oldu.<\/p>\n\n\n\n<h3 class=\"wp-block-heading\"><strong>Favoriler D\u00fc\u015f\u00fck Profille Ba\u015flad\u0131<\/strong><\/h3>\n\n\n\n<figure class=\"wp-block-image size-large\"><img loading=\"lazy\" decoding=\"async\" width=\"1024\" height=\"683\" src=\"https:\/\/torkspor.com\/wp-content\/uploads\/2025\/01\/sebastien-loeb-1024x683.jpg\" alt=\"\" class=\"wp-image-2104\" srcset=\"https:\/\/torkspor.com\/wp-content\/uploads\/2025\/01\/sebastien-loeb-1024x683.jpg 1024w, https:\/\/torkspor.com\/wp-content\/uploads\/2025\/01\/sebastien-loeb-300x200.jpg 300w, https:\/\/torkspor.com\/wp-content\/uploads\/2025\/01\/sebastien-loeb-768x512.jpg 768w, https:\/\/torkspor.com\/wp-content\/uploads\/2025\/01\/sebastien-loeb-1536x1025.jpg 1536w, https:\/\/torkspor.com\/wp-content\/uploads\/2025\/01\/sebastien-loeb-2048x1366.jpg 2048w\" sizes=\"(max-width: 1024px) 100vw, 1024px\" \/><figcaption class=\"wp-element-caption\">Sebastien Loeb (FRA) and Fabian Lurquin (BEL) for The Dacia SANDRIDERS are seen at the stage 1 of Rally Dakar 2025 in Bisha, Saudi Arabia on January 04, 2025. \/\/ Kin Marcin \/ Red Bull Content Pool \/\/ SI202501040306 \/\/ Usage for editorial use only \/\/<\/figcaption><\/figure>\n\n\n\n<p>\u00d6nceki y\u0131llar\u0131n \u015fampiyonlar\u0131 Nasser Al-Attiyah ve Carlos Sainz, ilk etapta dikkat \u00e7ekici bir performans sergilemek yerine ilerleyen g\u00fcnlerde daha g\u00fc\u00e7l\u00fc pozisyonlara ula\u015fmay\u0131 hedeflediklerini belirtti. Sebastien Loeb gibi deneyimli isimler de ayn\u0131 stratejiyi izleyerek seyircilere sonraki etaplar i\u00e7in b\u00fcy\u00fck bir rekabet vaat etti.<\/p>\n\n\n\n<h3 class=\"wp-block-heading\"><strong>Rallinin Devam\u0131nda Ne Bekleniyor?<\/strong><\/h3>\n\n\n\n<figure class=\"wp-block-image size-large\"><img loading=\"lazy\" decoding=\"async\" width=\"1024\" height=\"683\" src=\"https:\/\/torkspor.com\/wp-content\/uploads\/2025\/01\/gutierez-1024x683.jpg\" alt=\"\" class=\"wp-image-2105\" srcset=\"https:\/\/torkspor.com\/wp-content\/uploads\/2025\/01\/gutierez-1024x683.jpg 1024w, https:\/\/torkspor.com\/wp-content\/uploads\/2025\/01\/gutierez-300x200.jpg 300w, https:\/\/torkspor.com\/wp-content\/uploads\/2025\/01\/gutierez-768x512.jpg 768w, https:\/\/torkspor.com\/wp-content\/uploads\/2025\/01\/gutierez-1536x1024.jpg 1536w, https:\/\/torkspor.com\/wp-content\/uploads\/2025\/01\/gutierez-2048x1365.jpg 2048w\" sizes=\"(max-width: 1024px) 100vw, 1024px\" \/><figcaption class=\"wp-element-caption\">Cristina Gutierrez (ESP) and Pablo Moreno (ESP) for The Dacia SANDRIDERS are seen at the stage 1 of Rally Dakar 2025 in Bisha, Saudi Arabia on January 04, 2025. \/\/ Kin Marcin \/ Red Bull Content Pool \/\/ SI202501040294 \/\/ Usage for editorial use only \/\/<\/figcaption><\/figure>\n\n\n\n<p>Dakar Rallisi\u2019nin sonraki etaplar\u0131nda kat\u0131l\u0131mc\u0131lar\u0131 daha uzun mesafeler, karma\u015f\u0131k navigasyon zorluklar\u0131 ve teknik dayan\u0131kl\u0131l\u0131k gerektiren parkurlar bekliyor. \u00d6zellikle Rub&#8217;\u00fcl Hali \u00c7\u00f6l\u00fc&#8217;n\u00fcn devasa kum tepeleri ve ekstrem s\u0131cakl\u0131klar\u0131, ekiplerin dayan\u0131kl\u0131l\u0131k s\u0131n\u0131rlar\u0131n\u0131 zorlayacak.<\/p>\n\n\n\n<p><strong>\u015eimdiye kadar \u00f6ne \u00e7\u0131kan isimler ve s\u00fcrpriz sonu\u00e7larla, 2025 Dakar Rallisi hem izleyiciler hem de yar\u0131\u015f\u00e7\u0131lar i\u00e7in unutulmaz bir macera olmaya devam ediyor.<\/strong><\/p>\n\n\n\n<figure class=\"wp-block-gallery has-nested-images columns-default is-cropped wp-block-gallery-1 is-layout-flex wp-block-gallery-is-layout-flex\">\n<figure class=\"wp-block-image size-large\"><img loading=\"lazy\" decoding=\"async\" width=\"1024\" height=\"683\" data-id=\"2111\" src=\"https:\/\/torkspor.com\/wp-content\/uploads\/2025\/01\/corbin-leaverton-1-1024x683.jpg\" alt=\"\" class=\"wp-image-2111\" srcset=\"https:\/\/torkspor.com\/wp-content\/uploads\/2025\/01\/corbin-leaverton-1-1024x683.jpg 1024w, https:\/\/torkspor.com\/wp-content\/uploads\/2025\/01\/corbin-leaverton-1-300x200.jpg 300w, https:\/\/torkspor.com\/wp-content\/uploads\/2025\/01\/corbin-leaverton-1-768x512.jpg 768w, https:\/\/torkspor.com\/wp-content\/uploads\/2025\/01\/corbin-leaverton-1-1536x1025.jpg 1536w, https:\/\/torkspor.com\/wp-content\/uploads\/2025\/01\/corbin-leaverton-1-2048x1366.jpg 2048w\" sizes=\"(max-width: 1024px) 100vw, 1024px\" \/><figcaption class=\"wp-element-caption\">Corbin Leaverton (USA)  and Taye Perry (DEU)  for Red Bull Off-Road Junior Team are seen at the stage 1 of Rally Dakar 2025 in Bisha, Saudi Arabia on January 04, 2025. \/\/ Kin Marcin \/ Red Bull Content Pool \/\/ SI202501040287 \/\/ Usage for editorial use only \/\/<\/figcaption><\/figure>\n\n\n\n<figure class=\"wp-block-image size-large\"><img loading=\"lazy\" decoding=\"async\" width=\"1024\" height=\"683\" data-id=\"2110\" src=\"https:\/\/torkspor.com\/wp-content\/uploads\/2025\/01\/cristina-gutierrez-1024x683.jpg\" alt=\"\" class=\"wp-image-2110\" srcset=\"https:\/\/torkspor.com\/wp-content\/uploads\/2025\/01\/cristina-gutierrez-1024x683.jpg 1024w, https:\/\/torkspor.com\/wp-content\/uploads\/2025\/01\/cristina-gutierrez-300x200.jpg 300w, https:\/\/torkspor.com\/wp-content\/uploads\/2025\/01\/cristina-gutierrez-768x512.jpg 768w, https:\/\/torkspor.com\/wp-content\/uploads\/2025\/01\/cristina-gutierrez-1536x1025.jpg 1536w, https:\/\/torkspor.com\/wp-content\/uploads\/2025\/01\/cristina-gutierrez-2048x1366.jpg 2048w\" sizes=\"(max-width: 1024px) 100vw, 1024px\" \/><figcaption class=\"wp-element-caption\">Cristina Gutierrez (ESP) and Pablo Moreno (ESP) for The Dacia SANDRIDERS are seen at the stage 1 of Rally Dakar 2025 in Bisha, Saudi Arabia on January 04, 2025. \/\/ Kin Marcin \/ Red Bull Content Pool \/\/ SI202501040277 \/\/ Usage for editorial use only \/\/<\/figcaption><\/figure>\n\n\n\n<figure class=\"wp-block-image size-large\"><img loading=\"lazy\" decoding=\"async\" width=\"1024\" height=\"683\" data-id=\"2108\" src=\"https:\/\/torkspor.com\/wp-content\/uploads\/2025\/01\/Giniel-de-villers-1024x683.jpg\" alt=\"\" class=\"wp-image-2108\" srcset=\"https:\/\/torkspor.com\/wp-content\/uploads\/2025\/01\/Giniel-de-villers-1024x683.jpg 1024w, https:\/\/torkspor.com\/wp-content\/uploads\/2025\/01\/Giniel-de-villers-300x200.jpg 300w, https:\/\/torkspor.com\/wp-content\/uploads\/2025\/01\/Giniel-de-villers-768x512.jpg 768w, https:\/\/torkspor.com\/wp-content\/uploads\/2025\/01\/Giniel-de-villers-1536x1024.jpg 1536w, https:\/\/torkspor.com\/wp-content\/uploads\/2025\/01\/Giniel-de-villers-2048x1365.jpg 2048w\" sizes=\"(max-width: 1024px) 100vw, 1024px\" \/><figcaption class=\"wp-element-caption\">Giniel de Villiers (ZAF) and Dirk von Zitzewitz (DEU) for Toyota Gazoo Racing are  seen at the stage 1 of Rally Dakar 2025 in Bisha, Saudi Arabia on January 04, 2025. \/\/ Kin Marcin \/ Red Bull Content Pool \/\/ SI202501040304 \/\/ Usage for editorial use only \/\/<\/figcaption><\/figure>\n\n\n\n<figure class=\"wp-block-image size-large\"><img loading=\"lazy\" decoding=\"async\" width=\"1024\" height=\"683\" data-id=\"2116\" src=\"https:\/\/torkspor.com\/wp-content\/uploads\/2025\/01\/laila-sanz-1024x683.jpg\" alt=\"\" class=\"wp-image-2116\" srcset=\"https:\/\/torkspor.com\/wp-content\/uploads\/2025\/01\/laila-sanz-1024x683.jpg 1024w, https:\/\/torkspor.com\/wp-content\/uploads\/2025\/01\/laila-sanz-300x200.jpg 300w, https:\/\/torkspor.com\/wp-content\/uploads\/2025\/01\/laila-sanz-768x512.jpg 768w, https:\/\/torkspor.com\/wp-content\/uploads\/2025\/01\/laila-sanz-1536x1025.jpg 1536w, https:\/\/torkspor.com\/wp-content\/uploads\/2025\/01\/laila-sanz-2048x1366.jpg 2048w\" sizes=\"(max-width: 1024px) 100vw, 1024px\" \/><figcaption class=\"wp-element-caption\">Laia Sanz (ESP) for Century Racing Factory Team is seen at the stage 1 of Rally Dakar 2025 in Bisha, Saudi Arabia on January 04, 2025. \/\/ Kin Marcin \/ Red Bull Content Pool \/\/ SI202501040309 \/\/ Usage for editorial use only \/\/<\/figcaption><\/figure>\n\n\n\n<figure class=\"wp-block-image size-large\"><img loading=\"lazy\" decoding=\"async\" width=\"1024\" height=\"683\" data-id=\"2114\" src=\"https:\/\/torkspor.com\/wp-content\/uploads\/2025\/01\/mattias-eksrom-1024x683.jpg\" alt=\"\" class=\"wp-image-2114\" srcset=\"https:\/\/torkspor.com\/wp-content\/uploads\/2025\/01\/mattias-eksrom-1024x683.jpg 1024w, https:\/\/torkspor.com\/wp-content\/uploads\/2025\/01\/mattias-eksrom-300x200.jpg 300w, https:\/\/torkspor.com\/wp-content\/uploads\/2025\/01\/mattias-eksrom-768x512.jpg 768w, https:\/\/torkspor.com\/wp-content\/uploads\/2025\/01\/mattias-eksrom-1536x1025.jpg 1536w, https:\/\/torkspor.com\/wp-content\/uploads\/2025\/01\/mattias-eksrom-2048x1366.jpg 2048w\" sizes=\"(max-width: 1024px) 100vw, 1024px\" \/><figcaption class=\"wp-element-caption\">Mattias Ekstr\u00f6m (SWE) and Emil Bergkvist (SWE) for Ford M-Sport are seen at the stage 1 of Rally Dakar 2025 in Bisha, Saudi Arabia on January 04, 2025. \/\/ Kin Marcin \/ Red Bull Content Pool \/\/ SI202501040307 \/\/ Usage for editorial use only \/\/<\/figcaption><\/figure>\n\n\n\n<figure class=\"wp-block-image size-large\"><img loading=\"lazy\" decoding=\"async\" width=\"1024\" height=\"683\" data-id=\"2107\" src=\"https:\/\/torkspor.com\/wp-content\/uploads\/2025\/01\/mitchell-guthrie-1024x683.jpg\" alt=\"\" class=\"wp-image-2107\" srcset=\"https:\/\/torkspor.com\/wp-content\/uploads\/2025\/01\/mitchell-guthrie-1024x683.jpg 1024w, https:\/\/torkspor.com\/wp-content\/uploads\/2025\/01\/mitchell-guthrie-300x200.jpg 300w, https:\/\/torkspor.com\/wp-content\/uploads\/2025\/01\/mitchell-guthrie-768x512.jpg 768w, https:\/\/torkspor.com\/wp-content\/uploads\/2025\/01\/mitchell-guthrie-1536x1024.jpg 1536w, https:\/\/torkspor.com\/wp-content\/uploads\/2025\/01\/mitchell-guthrie-2048x1365.jpg 2048w\" sizes=\"(max-width: 1024px) 100vw, 1024px\" \/><figcaption class=\"wp-element-caption\">Mitchell Guthrie (USA) and Kellon Walch (USA) for Ford M-Sport are  seen at the stage 1 of Rally Dakar 2025 in Bisha, Saudi Arabia on January 04, 2025. \/\/ Kin Marcin \/ Red Bull Content Pool \/\/ SI202501040303 \/\/ Usage for editorial use only \/\/<\/figcaption><\/figure>\n\n\n\n<figure class=\"wp-block-image size-large\"><img loading=\"lazy\" decoding=\"async\" width=\"1024\" height=\"683\" data-id=\"2117\" src=\"https:\/\/torkspor.com\/wp-content\/uploads\/2025\/01\/mitchell-guthrie-2-1024x683.jpg\" alt=\"\" class=\"wp-image-2117\" srcset=\"https:\/\/torkspor.com\/wp-content\/uploads\/2025\/01\/mitchell-guthrie-2-1024x683.jpg 1024w, https:\/\/torkspor.com\/wp-content\/uploads\/2025\/01\/mitchell-guthrie-2-300x200.jpg 300w, https:\/\/torkspor.com\/wp-content\/uploads\/2025\/01\/mitchell-guthrie-2-768x512.jpg 768w, https:\/\/torkspor.com\/wp-content\/uploads\/2025\/01\/mitchell-guthrie-2-1536x1024.jpg 1536w, https:\/\/torkspor.com\/wp-content\/uploads\/2025\/01\/mitchell-guthrie-2-2048x1365.jpg 2048w\" sizes=\"(max-width: 1024px) 100vw, 1024px\" \/><figcaption class=\"wp-element-caption\">Mitchell Guthrie (USA) and Kellon Walch (USA) for Ford M-Sport are  seen at the stage 1 of Rally Dakar 2025 in Bisha, Saudi Arabia on January 04, 2025. \/\/ Kin Marcin \/ Red Bull Content Pool \/\/ SI202501040292 \/\/ Usage for editorial use only \/\/<\/figcaption><\/figure>\n\n\n\n<figure class=\"wp-block-image size-large\"><img loading=\"lazy\" decoding=\"async\" width=\"1024\" height=\"683\" data-id=\"2113\" src=\"https:\/\/torkspor.com\/wp-content\/uploads\/2025\/01\/nasser-al-attiyah-1024x683.jpg\" alt=\"\" class=\"wp-image-2113\" srcset=\"https:\/\/torkspor.com\/wp-content\/uploads\/2025\/01\/nasser-al-attiyah-1024x683.jpg 1024w, https:\/\/torkspor.com\/wp-content\/uploads\/2025\/01\/nasser-al-attiyah-300x200.jpg 300w, https:\/\/torkspor.com\/wp-content\/uploads\/2025\/01\/nasser-al-attiyah-768x512.jpg 768w, https:\/\/torkspor.com\/wp-content\/uploads\/2025\/01\/nasser-al-attiyah-1536x1024.jpg 1536w, https:\/\/torkspor.com\/wp-content\/uploads\/2025\/01\/nasser-al-attiyah-2048x1365.jpg 2048w\" sizes=\"(max-width: 1024px) 100vw, 1024px\" \/><figcaption class=\"wp-element-caption\">Nasser Al-Attiyah (QAT) and Edouard Boulanger (FRA) for The Dacia SANDRIDERS are seen at the stage 1 of Rally Dakar 2025 in Bisha, Saudi Arabia on January 04, 2025. \/\/ Kin Marcin \/ Red Bull Content Pool \/\/ SI202501040275 \/\/ Usage for editorial use only \/\/<\/figcaption><\/figure>\n\n\n\n<figure class=\"wp-block-image size-large\"><img loading=\"lazy\" decoding=\"async\" width=\"1024\" height=\"683\" data-id=\"2106\" src=\"https:\/\/torkspor.com\/wp-content\/uploads\/2025\/01\/rokas-1-1024x683.jpg\" alt=\"\" class=\"wp-image-2106\" srcset=\"https:\/\/torkspor.com\/wp-content\/uploads\/2025\/01\/rokas-1-1024x683.jpg 1024w, https:\/\/torkspor.com\/wp-content\/uploads\/2025\/01\/rokas-1-300x200.jpg 300w, https:\/\/torkspor.com\/wp-content\/uploads\/2025\/01\/rokas-1-768x512.jpg 768w, https:\/\/torkspor.com\/wp-content\/uploads\/2025\/01\/rokas-1-1536x1025.jpg 1536w, https:\/\/torkspor.com\/wp-content\/uploads\/2025\/01\/rokas-1-2048x1366.jpg 2048w\" sizes=\"(max-width: 1024px) 100vw, 1024px\" \/><figcaption class=\"wp-element-caption\">Rokas Baciuska (LTU) and Oriol Mena (ESP) for Overdrive Racing is seen at the stage 1 of Rally Dakar 2025 in Bisha, Saudi Arabia on January 04, 2025. \/\/ Kin Marcin \/ Red Bull Content Pool \/\/ SI202501040308 \/\/ Usage for editorial use only \/\/<\/figcaption><\/figure>\n\n\n\n\n\n<figure class=\"wp-block-image size-large\"><img loading=\"lazy\" decoding=\"async\" width=\"1024\" height=\"683\" data-id=\"2115\" src=\"https:\/\/torkspor.com\/wp-content\/uploads\/2025\/01\/tobias-ebster-1024x683.jpg\" alt=\"\" class=\"wp-image-2115\" srcset=\"https:\/\/torkspor.com\/wp-content\/uploads\/2025\/01\/tobias-ebster-1024x683.jpg 1024w, https:\/\/torkspor.com\/wp-content\/uploads\/2025\/01\/tobias-ebster-300x200.jpg 300w, https:\/\/torkspor.com\/wp-content\/uploads\/2025\/01\/tobias-ebster-768x512.jpg 768w, https:\/\/torkspor.com\/wp-content\/uploads\/2025\/01\/tobias-ebster-1536x1025.jpg 1536w, https:\/\/torkspor.com\/wp-content\/uploads\/2025\/01\/tobias-ebster-2048x1366.jpg 2048w\" sizes=\"(max-width: 1024px) 100vw, 1024px\" \/><figcaption class=\"wp-element-caption\">Tobias Ebster (AUT) for BAS World KTM Racing Team is seen at the stage 1 of Rally Dakar 2025 in Bisha, Saudi Arabia on January 04, 2025. \/\/ Kin Marcin \/ Red Bull Content Pool \/\/ SI202501040234 \/\/ Usage for editorial use only \/\/<\/figcaption><\/figure>\n\n\n\n<figure class=\"wp-block-image size-large\"><img loading=\"lazy\" decoding=\"async\" width=\"1024\" height=\"683\" data-id=\"2109\" src=\"https:\/\/torkspor.com\/wp-content\/uploads\/2025\/01\/toby-price-1024x683.jpg\" alt=\"\" class=\"wp-image-2109\" srcset=\"https:\/\/torkspor.com\/wp-content\/uploads\/2025\/01\/toby-price-1024x683.jpg 1024w, https:\/\/torkspor.com\/wp-content\/uploads\/2025\/01\/toby-price-300x200.jpg 300w, https:\/\/torkspor.com\/wp-content\/uploads\/2025\/01\/toby-price-768x512.jpg 768w, https:\/\/torkspor.com\/wp-content\/uploads\/2025\/01\/toby-price-1536x1024.jpg 1536w, https:\/\/torkspor.com\/wp-content\/uploads\/2025\/01\/toby-price-2048x1365.jpg 2048w\" sizes=\"(max-width: 1024px) 100vw, 1024px\" \/><figcaption class=\"wp-element-caption\">Toby Price for Overdrive Racing is seen at the stage 1 of Rally Dakar 2025 in Bisha, Saudi Arabia on January 04, 2025. \/\/ Kin Marcin \/ Red Bull Content Pool \/\/ SI202501040302 \/\/ Usage for editorial use only \/\/<\/figcaption><\/figure>\n<\/figure>\n\n\n\n<p><\/p>\n\n\n\n<div class=\"mzb-social-icons mzb-social-icons-23dca466\">\n<span class=\"mzb-social-icon mzb-social-icon-5b414aa0\"><a href=\"https:\/\/www.facebook.com\/torkspor\" target=\"_blank\" rel=\"noopener\"><svg width=\"24\" height=\"24\" xmlns=\"http:\/\/www.w3.org\/2000\/svg\" viewBox=\"0 0 24 24\" class=\"magazine-blocks-icon\" aria-hidden=\"true\"><path d=\"M13.7 13.3V22H9.6v-8.7H6.5V9.7h3.1V6.9c0-3.1 2-4.9 4.9-4.9 1.3 0 3 .3 3 .3v3h-1.7c-1.6 0-2 1-2 1.9v2.4h3.3l-.6 3.7h-2.8z\"><\/path><\/svg><\/a><\/span>\n\n\n\n<span class=\"mzb-social-icon mzb-social-icon-a6b617ab\"><a href=\"#\"><svg width=\"24\" height=\"24\" xmlns=\"http:\/\/www.w3.org\/2000\/svg\" viewBox=\"0 0 24 24\" class=\"magazine-blocks-icon\" aria-hidden=\"true\"><path d=\"M8.3 20c7.6 0 11.6-6.2 11.6-11.6v-.5c.9-.6 1.5-1.3 2.1-2.1-.8.3-1.6.6-2.3.7.9-.5 1.5-1.3 1.8-2.2-.9.5-1.6.9-2.6 1-1.6-1.6-4.1-1.7-5.8-.2-1.1.9-1.6 2.4-1.2 3.8-3.3-.1-6.3-1.7-8.3-4.2-1.2 1.7-.7 4 1.1 5.3-.6 0-1.3-.2-1.8-.5v.1c0 1.9 1.4 3.6 3.3 4-.6.2-1.2.2-1.8.1.5 1.6 2.1 2.8 3.8 2.8-1.4 1.1-3.3 1.7-5.1 1.7-.3 0-.7 0-1-.1C4 19.4 6.1 20 8.3 20\"><\/path><\/svg><\/a><\/span>\n\n\n\n<span class=\"mzb-social-icon mzb-social-icon-695c6ffa\"><a href=\"https:\/\/www.instagram.com\/torkspor\/\" target=\"_blank\" rel=\"noopener\"><svg width=\"24\" height=\"24\" xmlns=\"http:\/\/www.w3.org\/2000\/svg\" viewBox=\"0 0 24 24\" class=\"magazine-blocks-icon\" aria-hidden=\"true\"><path d=\"M6.6 4.9C6.6 6 5.6 7 4.3 7 3 6.9 2.1 6 2.1 4.9s1-2.1 2.3-2.1c1.3 0 2.2.9 2.2 2.1zM2.1 21h4.6V8.2H2.1V21zM17 7.9c-2.2 0-3.3 1.2-3.8 2.2V8.2H8.9C9 9.4 8.9 21 8.9 21h4.2v-7.1c0-.4 0-.8.2-1 .3-.8 1-1.6 2.2-1.6 1.6 0 2.2 1.1 2.2 2.9v6.9H22v-7.6c-.1-3.8-2.1-5.6-5-5.6z\" fill-rule=\"evenodd\" clip-rule=\"evenodd\"><\/path><\/svg><\/a><\/span>\n\n\n\n<span class=\"mzb-social-icon mzb-social-icon-34b67b2c\"><a href=\"https:\/\/www.youtube.com\/torkspor\" target=\"_blank\" rel=\"noopener\"><svg width=\"24\" height=\"24\" xmlns=\"http:\/\/www.w3.org\/2000\/svg\" viewBox=\"0 0 24 24\" class=\"magazine-blocks-icon\" aria-hidden=\"true\"><path d=\"M9.72892 15.7822L15.6706 12.7132L9.72892 9.60731V15.7822ZM12 5.2002C13.3749 5.2002 14.7007 5.22066 15.9775 5.26158C17.2624 5.29431 18.2035 5.33114 18.801 5.37206L19.6971 5.42117C19.7053 5.42117 19.7749 5.42935 19.9058 5.44572C20.0368 5.4539 20.1309 5.46618 20.1882 5.48254C20.2454 5.49073 20.3396 5.5071 20.4705 5.53165C20.6096 5.5562 20.7283 5.58894 20.8265 5.62986C20.9247 5.67078 21.0393 5.72397 21.1702 5.78945C21.3012 5.85492 21.428 5.93676 21.5508 6.03497C21.6736 6.12499 21.7922 6.23139 21.9068 6.35415C21.9559 6.40325 22.0173 6.481 22.091 6.58739C22.1728 6.6856 22.2915 6.92294 22.447 7.29941C22.6106 7.67588 22.7211 8.08917 22.7784 8.53929C22.8439 9.06307 22.893 9.62368 22.9257 10.2211C22.9667 10.8104 22.9912 11.2728 22.9994 11.6083V12.0994V13.7689C23.0076 14.9556 22.9339 16.1423 22.7784 17.329C22.7211 17.7791 22.6188 18.1883 22.4715 18.5566C22.3242 18.9167 22.1933 19.1663 22.0787 19.3054L21.9068 19.5141C21.7922 19.6369 21.6736 19.7474 21.5508 19.8456C21.428 19.9356 21.3012 20.0134 21.1702 20.0788C21.0393 20.1361 20.9247 20.1852 20.8265 20.2261C20.7283 20.2671 20.6096 20.2998 20.4705 20.3244C20.3396 20.3489 20.2414 20.3694 20.1759 20.3857C20.1186 20.3939 20.0245 20.4062 19.8935 20.4226C19.7708 20.4307 19.7053 20.4348 19.6971 20.4348C17.6429 20.5903 15.0772 20.6681 12 20.6681C10.3059 20.6517 8.83277 20.6272 7.5806 20.5944C6.33663 20.5535 5.51822 20.5208 5.12538 20.4962L4.52385 20.4471L4.08192 20.398C3.78729 20.3571 3.56223 20.3162 3.40673 20.2752C3.25942 20.2343 3.05072 20.1484 2.78065 20.0174C2.51876 19.8865 2.2896 19.7187 2.09319 19.5141C2.04408 19.465 1.97861 19.3914 1.89677 19.2932C1.82311 19.1868 1.70444 18.9453 1.54076 18.5689C1.38526 18.1924 1.27887 17.7791 1.22158 17.329C1.15611 16.8052 1.10291 16.2487 1.06199 15.6594C1.02926 15.062 1.0088 14.5955 1.00061 14.26V13.7689V12.0994C0.99243 10.9127 1.06609 9.72598 1.22158 8.53929C1.27887 8.08917 1.38117 7.68406 1.52849 7.32396C1.6758 6.95568 1.80674 6.70197 1.92132 6.56284L2.09319 6.35415C2.20776 6.23139 2.32643 6.12499 2.44919 6.03497C2.57195 5.93676 2.69881 5.85492 2.82975 5.78945C2.9607 5.72397 3.07527 5.67078 3.17348 5.62986C3.27169 5.58894 3.38627 5.5562 3.51721 5.53165C3.65634 5.5071 3.75455 5.49073 3.81184 5.48254C3.86913 5.46618 3.96325 5.4539 4.09419 5.44572C4.22514 5.42935 4.2947 5.42117 4.30288 5.42117C6.35709 5.27385 8.92279 5.2002 12 5.2002Z\"><\/path><\/svg><\/a><\/span>\n<\/div>\n\n\n\n<p><\/p>\n\n\n\n<div class=\"mzb-heading mzb-heading-2b4d9c7e mzb-heading-layout-1 mzb-heading-layout-1-style-1\"><div class=\"mzb-heading-inner\"><h2 class=\"mzb-heading-text\" placeholder=\"This is heading\"><\/h2><\/div><div class=\"sub-heading\"><p>Lorem ipsum dolor sit amet, consectetur adipiscing elit, sed do eiusmod tempor incididunt ut labore et dolore magna aliqua.<\/p><\/div><\/div>\n\n\n\n<p><\/p>\n","protected":false},"excerpt":{"rendered":"<p>2025 Dakar Rallisi, d\u00fcnyan\u0131n en zorlu off-road yar\u0131\u015flar\u0131ndan biri olarak yine b\u00fcy\u00fck bir heyecanla ba\u015flad\u0131. Bu y\u0131l Suudi Arabistan&#8217;\u0131n \u00e7e\u015fitli<\/p>\n","protected":false},"author":2,"featured_media":2112,"comment_status":"open","ping_status":"open","sticky":false,"template":"","format":"standard","meta":{"footnotes":""},"categories":[148,14,1,5,10,8,22],"tags":[142,143],"class_list":["post-2100","post","type-post","status-publish","format-standard","has-post-thumbnail","hentry","category-dakar","category-dunya","category-genel","category-haberler","category-offroad","category-sonhaberler","category-yazar","tag-dakar","tag-dakar2025"],"magazineBlocksPostFeaturedMedia":{"thumbnail":"https:\/\/torkspor.com\/wp-content\/uploads\/2025\/01\/sanders-150x150.jpg","medium":"https:\/\/torkspor.com\/wp-content\/uploads\/2025\/01\/sanders-300x200.jpg","medium_large":"https:\/\/torkspor.com\/wp-content\/uploads\/2025\/01\/sanders-768x512.jpg","large":"https:\/\/torkspor.com\/wp-content\/uploads\/2025\/01\/sanders-1024x683.jpg","1536x1536":"https:\/\/torkspor.com\/wp-content\/uploads\/2025\/01\/sanders-scaled.jpg","2048x2048":"https:\/\/torkspor.com\/wp-content\/uploads\/2025\/01\/sanders-scaled.jpg","colormag-highlighted-post":"https:\/\/torkspor.com\/wp-content\/uploads\/2025\/01\/sanders-scaled.jpg","colormag-featured-post-medium":"https:\/\/torkspor.com\/wp-content\/uploads\/2025\/01\/sanders-scaled.jpg","colormag-featured-post-small":"https:\/\/torkspor.com\/wp-content\/uploads\/2025\/01\/sanders-scaled.jpg","colormag-featured-image":"https:\/\/torkspor.com\/wp-content\/uploads\/2025\/01\/sanders-scaled.jpg","colormag-default-news":"https:\/\/torkspor.com\/wp-content\/uploads\/2025\/01\/sanders-scaled.jpg","colormag-featured-image-large":"https:\/\/torkspor.com\/wp-content\/uploads\/2025\/01\/sanders-scaled.jpg","colormag-elementor-block-extra-large-thumbnail":"https:\/\/torkspor.com\/wp-content\/uploads\/2025\/01\/sanders-scaled.jpg","colormag-elementor-grid-large-thumbnail":"https:\/\/torkspor.com\/wp-content\/uploads\/2025\/01\/sanders-scaled.jpg","colormag-elementor-grid-small-thumbnail":"https:\/\/torkspor.com\/wp-content\/uploads\/2025\/01\/sanders-scaled.jpg","colormag-elementor-grid-medium-large-thumbnail":"https:\/\/torkspor.com\/wp-content\/uploads\/2025\/01\/sanders-scaled.jpg"},"magazineBlocksPostAuthor":{"name":"Okan \u00c7etiner","avatar":"https:\/\/secure.gravatar.com\/avatar\/0b8d387b873c3962ae491deaf4b94a08a9b0dbc2778155c139691933252f8856?s=96&d=mm&r=g"},"magazineBlocksPostCommentsNumber":"0","magazineBlocksPostExcerpt":"2025 Dakar Rallisi, d\u00fcnyan\u0131n en zorlu off-road yar\u0131\u015flar\u0131ndan biri olarak yine b\u00fcy\u00fck bir heyecanla ba\u015flad\u0131. Bu y\u0131l Suudi Arabistan&#8217;\u0131n \u00e7e\u015fitli","magazineBlocksPostCategories":["Dakar","D\u00fcnya","Genel","Haberler","Offroad","Son Haberler","Yazar"],"magazine_blocks_featured_image_url":{"full":["https:\/\/torkspor.com\/wp-content\/uploads\/2025\/01\/sanders-scaled.jpg",2560,1707,false],"medium":["https:\/\/torkspor.com\/wp-content\/uploads\/2025\/01\/sanders-300x200.jpg",300,200,true],"thumbnail":["https:\/\/torkspor.com\/wp-content\/uploads\/2025\/01\/sanders-150x150.jpg",150,150,true]},"magazine_blocks_author":{"display_name":"Okan \u00c7etiner","author_link":"https:\/\/torkspor.com\/?author=2"},"magazine_blocks_comment":24,"magazine_blocks_author_image":"https:\/\/secure.gravatar.com\/avatar\/0b8d387b873c3962ae491deaf4b94a08a9b0dbc2778155c139691933252f8856?s=96&d=mm&r=g","magazine_blocks_category":"<a href=\"https:\/\/torkspor.com\/?cat=148\" rel=\"category\">Dakar<\/a> <a href=\"https:\/\/torkspor.com\/?cat=14\" rel=\"category\">D\u00fcnya<\/a> <a href=\"https:\/\/torkspor.com\/?cat=1\" rel=\"category\">Genel<\/a> <a href=\"https:\/\/torkspor.com\/?cat=5\" rel=\"category\">Haberler<\/a> <a href=\"https:\/\/torkspor.com\/?cat=10\" rel=\"category\">Offroad<\/a> <a href=\"https:\/\/torkspor.com\/?cat=8\" rel=\"category\">Son Haberler<\/a> <a href=\"https:\/\/torkspor.com\/?cat=22\" rel=\"category\">Yazar<\/a>","_links":{"self":[{"href":"https:\/\/torkspor.com\/index.php?rest_route=\/wp\/v2\/posts\/2100","targetHints":{"allow":["GET"]}}],"collection":[{"href":"https:\/\/torkspor.com\/index.php?rest_route=\/wp\/v2\/posts"}],"about":[{"href":"https:\/\/torkspor.com\/index.php?rest_route=\/wp\/v2\/types\/post"}],"author":[{"embeddable":true,"href":"https:\/\/torkspor.com\/index.php?rest_route=\/wp\/v2\/users\/2"}],"replies":[{"embeddable":true,"href":"https:\/\/torkspor.com\/index.php?rest_route=%2Fwp%2Fv2%2Fcomments&post=2100"}],"version-history":[{"count":3,"href":"https:\/\/torkspor.com\/index.php?rest_route=\/wp\/v2\/posts\/2100\/revisions"}],"predecessor-version":[{"id":2121,"href":"https:\/\/torkspor.com\/index.php?rest_route=\/wp\/v2\/posts\/2100\/revisions\/2121"}],"wp:featuredmedia":[{"embeddable":true,"href":"https:\/\/torkspor.com\/index.php?rest_route=\/wp\/v2\/media\/2112"}],"wp:attachment":[{"href":"https:\/\/torkspor.com\/index.php?rest_route=%2Fwp%2Fv2%2Fmedia&parent=2100"}],"wp:term":[{"taxonomy":"category","embeddable":true,"href":"https:\/\/torkspor.com\/index.php?rest_route=%2Fwp%2Fv2%2Fcategories&post=2100"},{"taxonomy":"post_tag","embeddable":true,"href":"https:\/\/torkspor.com\/index.php?rest_route=%2Fwp%2Fv2%2Ftags&post=2100"}],"curies":[{"name":"wp","href":"https:\/\/api.w.org\/{rel}","templated":true}]}}