{"id":2122,"date":"2025-01-06T15:37:49","date_gmt":"2025-01-06T12:37:49","guid":{"rendered":"https:\/\/torkspor.com\/?p=2122"},"modified":"2025-01-06T15:37:51","modified_gmt":"2025-01-06T12:37:51","slug":"defender-dakar-rallisinde-yarismaya-hazirlaniyor","status":"publish","type":"post","link":"https:\/\/torkspor.com\/?p=2122","title":{"rendered":"Defender, Dakar Rallisi\u2019nde Yar\u0131\u015fmaya Haz\u0131rlan\u0131yor"},"content":{"rendered":"\n<p><br>Borusan Otomotiv\u2019in T\u00fcrkiye distrib\u00fct\u00f6rl\u00fc\u011f\u00fcn\u00fc \u00fcstlendi\u011fi Defender markas\u0131, d\u00fcnyan\u0131n<br>en zorlu arazi motor sporlar\u0131 yar\u0131\u015f\u0131 olan Dakar&#8217;da yar\u0131\u015facak. Defender, 2026&#8217;da<br>ba\u015flayacak FIA D\u00fcnya Rally Raid \u015eampiyonas\u0131 (W2RC) i\u00e7in \u00fc\u00e7 y\u0131ll\u0131k bir programda yer<br>alacak. \u015eampiyonan\u0131n be\u015f aya\u011f\u0131na iki ara\u00e7la kat\u0131l\u0131rken Dakar Rallisi&#8217;nde ise \u00fc\u00e7 ara\u00e7la<br>m\u00fccadele edecek.<br>Defender, W2RC&#8217;nin \u00fcretim bazl\u0131 modeller i\u00e7in olu\u015fturulan yeni &#8220;Stock&#8221; kategorisinde<br>yar\u0131\u015facak. 2026 itibar\u0131yla revize edilen kriterlere uygun ara\u00e7 geli\u015ftirmelerini tamamlayan<br>Defender, ola\u011fan\u00fcst\u00fc dayan\u0131kl\u0131l\u0131\u011f\u0131n\u0131 ve arazi yeteneklerini sergileme f\u0131rsat\u0131 bulacak.<br>Dakar\u2019a \u00d6zel Tasarlanan D7x Mimarisiyle \u00c7ok Daha Dayan\u0131kl\u0131<br>Defender\u2019\u0131n zorlu ko\u015fullara y\u00f6nelik tasarlanan D7x mimarisi, hafif al\u00fcminyum monokok<br>yap\u0131s\u0131yla sert bir g\u00f6vde sunuyor. Geleneksel \u015fasi \u00fczerindeki g\u00f6vde tasar\u0131mlar\u0131ndan \u00fc\u00e7 kat<br>daha sert olan bu yap\u0131, Dakar&#8217;\u0131n zorlu ko\u015fullar\u0131 i\u00e7in m\u00fckemmel bir dayan\u0131kl\u0131l\u0131k sa\u011fl\u0131yor.<br>Defender Genel M\u00fcd\u00fcr\u00fc Mark Cameron \u201cDakar 2025\u2019in resmi ara\u00e7 partneri olarak<br>Defender, yeteneklerini ve dayan\u0131kl\u0131l\u0131\u011f\u0131n\u0131 bu zorlu rallide \u015fimdiden sergiliyor. \u00d6te yandan 12<br>ay i\u00e7inde FIA D\u00fcnya Rally Raid \u015eampiyonas\u0131\u2019na \u00fc\u00e7 ara\u00e7l\u0131k bir Defender tak\u0131m\u0131yla geri<br>d\u00f6nece\u011fimizi bilmek de son derece heyecan verici. \u2018Stock\u2019 kategorisinde yar\u0131\u015fmay\u0131 \u00f6zellikle<br>tercih ettik, \u00e7\u00fcnk\u00fc \u00f6zel \u00fcretim Defender\u2019\u0131n dayan\u0131kl\u0131l\u0131\u011f\u0131n\u0131 ve g\u00fcvenilirli\u011fini herkese g\u00f6stermek<br>istiyoruz. \u00d6n\u00fcm\u00fczdeki y\u0131l boyunca yap\u0131lacak \u00e7ok i\u015f var. Defender works program\u0131n\u0131n test ve<br>geli\u015ftirme \u00e7al\u0131\u015fmalar\u0131 h\u0131zla devam ediyor ve tak\u0131m\u0131m\u0131z, 2026&#8217;dan itibaren bizi bekleyen<br>d\u00fcnyan\u0131n en prestijli motor sporlar\u0131 maceras\u0131 i\u00e7in haz\u0131rl\u0131klar\u0131n\u0131 s\u00fcrd\u00fcr\u00fcyor.\u201d dedi.<br>JLR Motorsport Genel M\u00fcd\u00fcr\u00fc James Barclay ise \u201cMotor sporlar\u0131n\u0131n Everest\u2019i olarak<br>adland\u0131rd\u0131\u011f\u0131m Dakar Rallisi, hem insan hem de m\u00fchendislik perspektifinden inan\u0131lmaz bir<br>macera olacak. Tak\u0131m\u0131m\u0131z, 2026 i\u00e7in \u2018Stock\u2019 FIA W2RC kurallar\u0131 \u00e7er\u00e7evesinde Defender&#8217;\u0131<br>geli\u015ftirmek i\u00e7in \u00e7ok \u00e7al\u0131\u015f\u0131yor. Bizler de FIA, ASO ve di\u011fer \u00fcreticilerle yeni d\u00fczenlemelerin<br>\u015fekillendirmesine destek olduk. Bu d\u00fczenlemeler Dakar, W2RC ve Rally Raid i\u00e7in heyecan<br>verici yeni bir d\u00f6n\u00fcm noktas\u0131n\u0131 temsil ediyor.\u201d dedi.<br>Defender, 2026\u2019da yar\u0131\u015faca\u011f\u0131 Dakar Rallisi \u00f6ncesinde de etkinli\u011fin resmi ara\u00e7 partneri olarak<br>\u00f6nemli bir rol oynayacak. Suudi Arabistan\u2019\u0131n Bisha \u015fehrinde ba\u015flayacak ve Shubaytah&#8217;ta<br>sona erecek etkinlikte yar\u0131\u015f yetkililerinin ve VIP medya mensuplar\u0131n\u0131n ula\u015f\u0131mlar\u0131 20 ara\u00e7l\u0131k<br>Defender filosuyla sa\u011flanacak. Dakar Rallisi ekibi ise 2026 y\u0131l\u0131ndan itibaren 3 y\u0131l boyunca<br>etkinli\u011fin t\u00fcm rotalar\u0131n\u0131 planlamak i\u00e7in \u00f6zel olarak tasarlanm\u0131\u015f 6 Defender ke\u015fif arac\u0131<br>kullanacak.<\/p>\n\n\n\n<p><\/p>\n","protected":false},"excerpt":{"rendered":"<p>Borusan Otomotiv\u2019in T\u00fcrkiye distrib\u00fct\u00f6rl\u00fc\u011f\u00fcn\u00fc \u00fcstlendi\u011fi Defender markas\u0131, d\u00fcnyan\u0131nen zorlu arazi motor sporlar\u0131 yar\u0131\u015f\u0131 olan Dakar&#8217;da yar\u0131\u015facak. Defender, 2026&#8217;daba\u015flayacak FIA D\u00fcnya<\/p>\n","protected":false},"author":2,"featured_media":2123,"comment_status":"open","ping_status":"open","sticky":false,"template":"","format":"standard","meta":{"footnotes":""},"categories":[148],"tags":[],"class_list":["post-2122","post","type-post","status-publish","format-standard","has-post-thumbnail","hentry","category-dakar"],"magazineBlocksPostFeaturedMedia":{"thumbnail":"https:\/\/torkspor.com\/wp-content\/uploads\/2025\/01\/Defender-Dakar-Rallisinde-Yarismaya-Hazirlaniyor-2-150x150.jpg","medium":"https:\/\/torkspor.com\/wp-content\/uploads\/2025\/01\/Defender-Dakar-Rallisinde-Yarismaya-Hazirlaniyor-2-240x300.jpg","medium_large":"https:\/\/torkspor.com\/wp-content\/uploads\/2025\/01\/Defender-Dakar-Rallisinde-Yarismaya-Hazirlaniyor-2-768x960.jpg","large":"https:\/\/torkspor.com\/wp-content\/uploads\/2025\/01\/Defender-Dakar-Rallisinde-Yarismaya-Hazirlaniyor-2-819x1024.jpg","1536x1536":"https:\/\/torkspor.com\/wp-content\/uploads\/2025\/01\/Defender-Dakar-Rallisinde-Yarismaya-Hazirlaniyor-2-1229x1536.jpg","2048x2048":"https:\/\/torkspor.com\/wp-content\/uploads\/2025\/01\/Defender-Dakar-Rallisinde-Yarismaya-Hazirlaniyor-2-1638x2048.jpg","colormag-highlighted-post":"https:\/\/torkspor.com\/wp-content\/uploads\/2025\/01\/Defender-Dakar-Rallisinde-Yarismaya-Hazirlaniyor-2-392x272.jpg","colormag-featured-post-medium":"https:\/\/torkspor.com\/wp-content\/uploads\/2025\/01\/Defender-Dakar-Rallisinde-Yarismaya-Hazirlaniyor-2-390x205.jpg","colormag-featured-post-small":"https:\/\/torkspor.com\/wp-content\/uploads\/2025\/01\/Defender-Dakar-Rallisinde-Yarismaya-Hazirlaniyor-2-130x90.jpg","colormag-featured-image":"https:\/\/torkspor.com\/wp-content\/uploads\/2025\/01\/Defender-Dakar-Rallisinde-Yarismaya-Hazirlaniyor-2-800x445.jpg","colormag-default-news":"https:\/\/torkspor.com\/wp-content\/uploads\/2025\/01\/Defender-Dakar-Rallisinde-Yarismaya-Hazirlaniyor-2-150x150.jpg","colormag-featured-image-large":"https:\/\/torkspor.com\/wp-content\/uploads\/2025\/01\/Defender-Dakar-Rallisinde-Yarismaya-Hazirlaniyor-2-1400x600.jpg","colormag-elementor-block-extra-large-thumbnail":"https:\/\/torkspor.com\/wp-content\/uploads\/2025\/01\/Defender-Dakar-Rallisinde-Yarismaya-Hazirlaniyor-2-1155x480.jpg","colormag-elementor-grid-large-thumbnail":"https:\/\/torkspor.com\/wp-content\/uploads\/2025\/01\/Defender-Dakar-Rallisinde-Yarismaya-Hazirlaniyor-2-600x417.jpg","colormag-elementor-grid-small-thumbnail":"https:\/\/torkspor.com\/wp-content\/uploads\/2025\/01\/Defender-Dakar-Rallisinde-Yarismaya-Hazirlaniyor-2-285x450.jpg","colormag-elementor-grid-medium-large-thumbnail":"https:\/\/torkspor.com\/wp-content\/uploads\/2025\/01\/Defender-Dakar-Rallisinde-Yarismaya-Hazirlaniyor-2-575x198.jpg"},"magazineBlocksPostAuthor":{"name":"Okan \u00c7etiner","avatar":"https:\/\/secure.gravatar.com\/avatar\/0b8d387b873c3962ae491deaf4b94a08a9b0dbc2778155c139691933252f8856?s=96&d=mm&r=g"},"magazineBlocksPostCommentsNumber":"0","magazineBlocksPostExcerpt":"Borusan Otomotiv\u2019in T\u00fcrkiye distrib\u00fct\u00f6rl\u00fc\u011f\u00fcn\u00fc \u00fcstlendi\u011fi Defender markas\u0131, d\u00fcnyan\u0131nen zorlu arazi motor sporlar\u0131 yar\u0131\u015f\u0131 olan Dakar&#8217;da yar\u0131\u015facak. Defender, 2026&#8217;daba\u015flayacak FIA D\u00fcnya","magazineBlocksPostCategories":["Dakar"],"magazine_blocks_featured_image_url":{"full":["https:\/\/torkspor.com\/wp-content\/uploads\/2025\/01\/Defender-Dakar-Rallisinde-Yarismaya-Hazirlaniyor-2-scaled.jpg",2048,2560,false],"medium":["https:\/\/torkspor.com\/wp-content\/uploads\/2025\/01\/Defender-Dakar-Rallisinde-Yarismaya-Hazirlaniyor-2-240x300.jpg",240,300,true],"thumbnail":["https:\/\/torkspor.com\/wp-content\/uploads\/2025\/01\/Defender-Dakar-Rallisinde-Yarismaya-Hazirlaniyor-2-150x150.jpg",150,150,true]},"magazine_blocks_author":{"display_name":"Okan \u00c7etiner","author_link":"https:\/\/torkspor.com\/?author=2"},"magazine_blocks_comment":0,"magazine_blocks_author_image":"https:\/\/secure.gravatar.com\/avatar\/0b8d387b873c3962ae491deaf4b94a08a9b0dbc2778155c139691933252f8856?s=96&d=mm&r=g","magazine_blocks_category":"<a href=\"https:\/\/torkspor.com\/?cat=148\" rel=\"category\">Dakar<\/a>","_links":{"self":[{"href":"https:\/\/torkspor.com\/index.php?rest_route=\/wp\/v2\/posts\/2122","targetHints":{"allow":["GET"]}}],"collection":[{"href":"https:\/\/torkspor.com\/index.php?rest_route=\/wp\/v2\/posts"}],"about":[{"href":"https:\/\/torkspor.com\/index.php?rest_route=\/wp\/v2\/types\/post"}],"author":[{"embeddable":true,"href":"https:\/\/torkspor.com\/index.php?rest_route=\/wp\/v2\/users\/2"}],"replies":[{"embeddable":true,"href":"https:\/\/torkspor.com\/index.php?rest_route=%2Fwp%2Fv2%2Fcomments&post=2122"}],"version-history":[{"count":1,"href":"https:\/\/torkspor.com\/index.php?rest_route=\/wp\/v2\/posts\/2122\/revisions"}],"predecessor-version":[{"id":2124,"href":"https:\/\/torkspor.com\/index.php?rest_route=\/wp\/v2\/posts\/2122\/revisions\/2124"}],"wp:featuredmedia":[{"embeddable":true,"href":"https:\/\/torkspor.com\/index.php?rest_route=\/wp\/v2\/media\/2123"}],"wp:attachment":[{"href":"https:\/\/torkspor.com\/index.php?rest_route=%2Fwp%2Fv2%2Fmedia&parent=2122"}],"wp:term":[{"taxonomy":"category","embeddable":true,"href":"https:\/\/torkspor.com\/index.php?rest_route=%2Fwp%2Fv2%2Fcategories&post=2122"},{"taxonomy":"post_tag","embeddable":true,"href":"https:\/\/torkspor.com\/index.php?rest_route=%2Fwp%2Fv2%2Ftags&post=2122"}],"curies":[{"name":"wp","href":"https:\/\/api.w.org\/{rel}","templated":true}]}}