{"id":2135,"date":"2025-01-08T12:46:26","date_gmt":"2025-01-08T09:46:26","guid":{"rendered":"https:\/\/torkspor.com\/?p=2135"},"modified":"2025-01-08T12:46:29","modified_gmt":"2025-01-08T09:46:29","slug":"yuce-auto-skodadan-tarihi-rekor","status":"publish","type":"post","link":"https:\/\/torkspor.com\/?p=2135","title":{"rendered":"Y\u00fcce Auto-\u0160koda\u2019dan Tarihi Rekor"},"content":{"rendered":"\n<p><br>\u0160koda, 2024 y\u0131l\u0131n\u0131 43.972 adetlik sat\u0131\u015f ile tamamlayarak T\u00fcrkiye pazar\u0131ndaki<br>rekorunu k\u0131rd\u0131. Y\u0131l boyunca elde etti\u011fi bu sonu\u00e7larla Y\u00fcce Auto-\u0160koda,<br>markan\u0131n k\u00fcresel sat\u0131\u015f geli\u015fiminde, hacimsel b\u00fcy\u00fcme anlam\u0131nda Almanya ve<br>\u0130ngiltere&#8217;nin aralar\u0131nda bulundu\u011fu en ba\u015far\u0131l\u0131 \u00fc\u00e7 pazardan biri oldu.<br>\u201cHedefimizi a\u015ft\u0131k\u201c<br>Y\u00fcce Auto-\u0160koda Genel M\u00fcd\u00fcr\u00fc Zafer Ba\u015far, &#8220;Belirsizliklerle ba\u015flad\u0131\u011f\u0131m\u0131z<br>2024 y\u0131l\u0131n\u0131 hedeflerimizin \u00f6tesinde sat\u0131\u015f adetleriyle tamamlad\u0131k. Tamam\u0131yla<br>yenilenen ve her kesme hitap eden \u00fcr\u00fcn gam\u0131m\u0131z\u0131n yaratt\u0131\u011f\u0131 yukar\u0131 y\u00f6nl\u00fc<br>ivmeyle y\u0131l boyunca toplamda 43 bin 972 adet otomobilimizi \u0160koda<br>tutkunlar\u0131yla bulu\u015fturduk. Birbiriyle uyum ve y\u00fcksek motivasyonla \u00e7al\u0131\u015fan<br>ekibimiz sayesinde bu ba\u015far\u0131ya ula\u015ft\u0131\u011f\u0131m\u0131z\u0131 belirtmek isterim&#8221; dedi.<br>\u0160koda&#8217;n\u0131n tamamen elektrikli modellerinden Elroq ve makyajl\u0131 Enyaq&#8217;\u0131n yeni<br>y\u0131l\u0131n ilk yar\u0131s\u0131nda sat\u0131\u015fa sunulaca\u011f\u0131n\u0131 belirten Ba\u015far, &#8220;Sat\u0131\u015f adetlerimizi ve<br>buna paralel olarak pazar pay\u0131m\u0131z\u0131 2025&#8217;te de art\u0131rmay\u0131 hedefliyoruz. Makyajl\u0131<br>Enyaq ve Elroq modellerimiz \u015f\u00fcphesiz ki bu amac\u0131m\u0131z\u0131n arkas\u0131ndaki en b\u00fcy\u00fck<br>itici g\u00fcc\u00fcm\u00fcz olacaklar&#8221; diye ekledi.<br>En \u00e7ok Octavia tercih edildi<br>\u0160koda\u2019n\u0131n 2024\u2019te en \u00e7ok tercih edilen modeli 11.616 adet ile yenilenen<br>tasar\u0131m\u0131 ve teknolojileriyle dikkat \u00e7eken Octavia oldu. B-SUV segmentindeki<br>modeli Kamiq ise 9.280 adetle \u0160koda\u2019n\u0131n ikinci en \u00e7ok sat\u0131\u015f yapan modeli<br>olarak \u00f6ne \u00e7\u0131kt\u0131.<br>T\u00fcrkiye&#8217;de segmentinin lideri Superb bu d\u00f6nemde 9.305 adetlik sat\u0131\u015fa<br>ula\u015f\u0131rken, hem filo hem perakende sat\u0131\u015flarda t\u00fcketicinin ilgisini \u00e7eken<br>hatchback model Scala 3.889 adetle y\u0131l\u0131 tamamlad\u0131.<br>SUV segmentinin en \u00e7ok tercih edilen modellerinden olan ve 2024\u2018te<br>yenilenerek T\u00fcrkiye pazar\u0131nda a\u011fustos ay\u0131ndan itibaren sat\u0131\u015fa \u00e7\u0131kan Yeni<br>\u0160koda Kodiaq ise 5 ayl\u0131k s\u00fcrede 3.724 adet tercih edilirken, s\u0131n\u0131f\u0131n\u0131n \u00fcst\u00fcnde<br>sundu\u011fu geni\u015f ya\u015fam alan\u0131 ve dinamik tasar\u0131m\u0131yla \u00f6ne \u00e7\u0131kan \u0160koda Fabia<br>3.255, markan\u0131n kompakt SUV s\u0131n\u0131f\u0131ndaki temsilcisi Karoq ise 2.903 adetlik<br>sat\u0131\u015fa ula\u015ft\u0131.<\/p>\n\n\n\n<p><\/p>\n","protected":false},"excerpt":{"rendered":"<p>\u0160koda, 2024 y\u0131l\u0131n\u0131 43.972 adetlik sat\u0131\u015f ile tamamlayarak T\u00fcrkiye pazar\u0131ndakirekorunu k\u0131rd\u0131. Y\u0131l boyunca elde etti\u011fi bu sonu\u00e7larla Y\u00fcce Auto-\u0160koda,markan\u0131n k\u00fcresel<\/p>\n","protected":false},"author":2,"featured_media":2136,"comment_status":"open","ping_status":"open","sticky":false,"template":"","format":"standard","meta":{"footnotes":""},"categories":[140],"tags":[],"class_list":["post-2135","post","type-post","status-publish","format-standard","has-post-thumbnail","hentry","category-otomobil"],"magazineBlocksPostFeaturedMedia":{"thumbnail":"https:\/\/torkspor.com\/wp-content\/uploads\/2025\/01\/Skoda-Elroq-1-150x150.jpg","medium":"https:\/\/torkspor.com\/wp-content\/uploads\/2025\/01\/Skoda-Elroq-1-300x169.jpg","medium_large":"https:\/\/torkspor.com\/wp-content\/uploads\/2025\/01\/Skoda-Elroq-1-768x432.jpg","large":"https:\/\/torkspor.com\/wp-content\/uploads\/2025\/01\/Skoda-Elroq-1-1024x576.jpg","1536x1536":"https:\/\/torkspor.com\/wp-content\/uploads\/2025\/01\/Skoda-Elroq-1-1536x864.jpg","2048x2048":"https:\/\/torkspor.com\/wp-content\/uploads\/2025\/01\/Skoda-Elroq-1-2048x1152.jpg","colormag-highlighted-post":"https:\/\/torkspor.com\/wp-content\/uploads\/2025\/01\/Skoda-Elroq-1-392x272.jpg","colormag-featured-post-medium":"https:\/\/torkspor.com\/wp-content\/uploads\/2025\/01\/Skoda-Elroq-1-390x205.jpg","colormag-featured-post-small":"https:\/\/torkspor.com\/wp-content\/uploads\/2025\/01\/Skoda-Elroq-1-130x90.jpg","colormag-featured-image":"https:\/\/torkspor.com\/wp-content\/uploads\/2025\/01\/Skoda-Elroq-1-800x445.jpg","colormag-default-news":"https:\/\/torkspor.com\/wp-content\/uploads\/2025\/01\/Skoda-Elroq-1-150x150.jpg","colormag-featured-image-large":"https:\/\/torkspor.com\/wp-content\/uploads\/2025\/01\/Skoda-Elroq-1-1400x600.jpg","colormag-elementor-block-extra-large-thumbnail":"https:\/\/torkspor.com\/wp-content\/uploads\/2025\/01\/Skoda-Elroq-1-1155x480.jpg","colormag-elementor-grid-large-thumbnail":"https:\/\/torkspor.com\/wp-content\/uploads\/2025\/01\/Skoda-Elroq-1-600x417.jpg","colormag-elementor-grid-small-thumbnail":"https:\/\/torkspor.com\/wp-content\/uploads\/2025\/01\/Skoda-Elroq-1-285x450.jpg","colormag-elementor-grid-medium-large-thumbnail":"https:\/\/torkspor.com\/wp-content\/uploads\/2025\/01\/Skoda-Elroq-1-575x198.jpg"},"magazineBlocksPostAuthor":{"name":"Okan \u00c7etiner","avatar":"https:\/\/secure.gravatar.com\/avatar\/0b8d387b873c3962ae491deaf4b94a08a9b0dbc2778155c139691933252f8856?s=96&d=mm&r=g"},"magazineBlocksPostCommentsNumber":"0","magazineBlocksPostExcerpt":"\u0160koda, 2024 y\u0131l\u0131n\u0131 43.972 adetlik sat\u0131\u015f ile tamamlayarak T\u00fcrkiye pazar\u0131ndakirekorunu k\u0131rd\u0131. Y\u0131l boyunca elde etti\u011fi bu sonu\u00e7larla Y\u00fcce Auto-\u0160koda,markan\u0131n k\u00fcresel","magazineBlocksPostCategories":["otomobil"],"magazine_blocks_featured_image_url":{"full":["https:\/\/torkspor.com\/wp-content\/uploads\/2025\/01\/Skoda-Elroq-1-scaled.jpg",2560,1439,false],"medium":["https:\/\/torkspor.com\/wp-content\/uploads\/2025\/01\/Skoda-Elroq-1-300x169.jpg",300,169,true],"thumbnail":["https:\/\/torkspor.com\/wp-content\/uploads\/2025\/01\/Skoda-Elroq-1-150x150.jpg",150,150,true]},"magazine_blocks_author":{"display_name":"Okan \u00c7etiner","author_link":"https:\/\/torkspor.com\/?author=2"},"magazine_blocks_comment":2,"magazine_blocks_author_image":"https:\/\/secure.gravatar.com\/avatar\/0b8d387b873c3962ae491deaf4b94a08a9b0dbc2778155c139691933252f8856?s=96&d=mm&r=g","magazine_blocks_category":"<a href=\"https:\/\/torkspor.com\/?cat=140\" rel=\"category\">otomobil<\/a>","_links":{"self":[{"href":"https:\/\/torkspor.com\/index.php?rest_route=\/wp\/v2\/posts\/2135","targetHints":{"allow":["GET"]}}],"collection":[{"href":"https:\/\/torkspor.com\/index.php?rest_route=\/wp\/v2\/posts"}],"about":[{"href":"https:\/\/torkspor.com\/index.php?rest_route=\/wp\/v2\/types\/post"}],"author":[{"embeddable":true,"href":"https:\/\/torkspor.com\/index.php?rest_route=\/wp\/v2\/users\/2"}],"replies":[{"embeddable":true,"href":"https:\/\/torkspor.com\/index.php?rest_route=%2Fwp%2Fv2%2Fcomments&post=2135"}],"version-history":[{"count":1,"href":"https:\/\/torkspor.com\/index.php?rest_route=\/wp\/v2\/posts\/2135\/revisions"}],"predecessor-version":[{"id":2137,"href":"https:\/\/torkspor.com\/index.php?rest_route=\/wp\/v2\/posts\/2135\/revisions\/2137"}],"wp:featuredmedia":[{"embeddable":true,"href":"https:\/\/torkspor.com\/index.php?rest_route=\/wp\/v2\/media\/2136"}],"wp:attachment":[{"href":"https:\/\/torkspor.com\/index.php?rest_route=%2Fwp%2Fv2%2Fmedia&parent=2135"}],"wp:term":[{"taxonomy":"category","embeddable":true,"href":"https:\/\/torkspor.com\/index.php?rest_route=%2Fwp%2Fv2%2Fcategories&post=2135"},{"taxonomy":"post_tag","embeddable":true,"href":"https:\/\/torkspor.com\/index.php?rest_route=%2Fwp%2Fv2%2Ftags&post=2135"}],"curies":[{"name":"wp","href":"https:\/\/api.w.org\/{rel}","templated":true}]}}