{"id":2151,"date":"2025-01-10T13:06:16","date_gmt":"2025-01-10T10:06:16","guid":{"rendered":"https:\/\/torkspor.com\/?p=2151"},"modified":"2025-01-10T13:06:19","modified_gmt":"2025-01-10T10:06:19","slug":"bmw-ces-2025te-gelecegin-surus-deneyimini-tanittiyeni-bmw-panoramic-idrive-ve-bmw-isletim-sistemi-x","status":"publish","type":"post","link":"https:\/\/torkspor.com\/?p=2151","title":{"rendered":"BMW, CES 2025\u2019te Gelece\u011fin S\u00fcr\u00fc\u015f Deneyimini Tan\u0131tt\u0131:Yeni BMW Panoramic iDrive ve BMW \u0130\u015fletim Sistemi X"},"content":{"rendered":"\n<p>Borusan Otomotiv\u2019in T\u00fcrkiye distrib\u00fct\u00f6rl\u00fc\u011f\u00fcn\u00fc \u00fcstlendi\u011fi BMW, MINI ve BMW<br>Motorrad markalar\u0131n\u0131 b\u00fcnyesinde bar\u0131nd\u0131ran BMW Group, 7 \u2013 11 Ocak tarihleri<br>aras\u0131nda Las Vegas&#8217;ta d\u00fczenlenen T\u00fcketici Elektroni\u011fi Fuar\u0131&#8217;nda (CES), gelece\u011fin<br>s\u00fcr\u00fc\u015f ve kullan\u0131c\u0131 deneyimini tan\u0131mlayan Yeni BMW iDrive ve BMW \u0130\u015fletim Sistemi X\u2019i<br>tan\u0131tt\u0131.<br>BMW Panoramic Vision\u2019\u0131n odak noktas\u0131n\u0131 olu\u015fturdu\u011fu Yeni BMW iDrive, \u00fcretime yak\u0131n<br>versiyonu ile ilk kez CES 2025\u2019te teknoloji merakl\u0131lar\u0131n\u0131n deneyimine sunuldu. Yeni BMW<br>iDrive\u2019\u0131n temelini olu\u015fturan yeni \u0130\u015fletim Sistemi X ise yeni ekran ve i\u015fletim sisteminin<br>merkezindeki beyin olarak g\u00f6rev yap\u0131yor. Modern tasar\u0131m\u0131yla dikkat \u00e7eken b\u00fct\u00fcnsel sistem,<br>2025&#8217;in sonundan itibaren BMW\u2019nin t\u00fcm yeni modellerinde sunulacak.<br>D\u00f6rt \u00d6ge, Tek Hedef: Karakteristik BMW Tarz\u0131nda S\u00fcr\u00fcc\u00fc Odakl\u0131l\u0131k<br>Yeni BMW iDrive; BMW Panoramic Vision, BMW 3D Head-Up Display, Merkezi Ekran ve<br>Yeni \u00c7ok Fonksiyonlu Direksiyon olmak \u00fczere d\u00f6rt merkezi \u00f6geyi e\u015fsiz bir konseptte<br>birle\u015ftiriyor.<br>BMW\u2019nin yeni Head-Up Display konsepti BMW Panoramic Vision, s\u00fcr\u00fc\u015f bilgilerini \u00f6n cam\u0131n<br>alt k\u0131sm\u0131nda k\u00f6\u015feden k\u00f6\u015feye uzanan siyah bir y\u00fczeye, t\u00fcm yolcular\u0131n da g\u00f6rebilece\u011fi \u015fekilde<br>yans\u0131t\u0131yor. En \u00f6nemli s\u00fcr\u00fc\u015f bilgileri ise direksiyon \u00fczerinden, do\u011frudan s\u00fcr\u00fcc\u00fcn\u00fcn g\u00f6r\u00fc\u015f<br>hatt\u0131na veriliyor. S\u00fcr\u00fcc\u00fc, Merkezi Ekran \u00fczerinden orta ve sa\u011f b\u00f6lgede yer alacak i\u00e7eri\u011fi<br>ki\u015fiselle\u015ftirebiliyor. BMW Panoramic Vision\u2019\u0131n entegre g\u00f6r\u00fcnt\u00fcs\u00fc s\u00fcr\u00fcc\u00fc ve yolcular i\u00e7in 3<br>boyutlu bir etki olu\u015fturuyor.<br>Opsiyonel olarak sunulan BMW 3D Head-Up Display, BMW Panoramic Vision&#8217;\u0131n \u00fczerinde<br>yer al\u0131yor. BMW 3D Head-Up Display, s\u00fcr\u00fcc\u00fcn\u00fcn g\u00f6r\u00fc\u015f alan\u0131na do\u011frudan entegre edilmi\u015f<br>navigasyonu ve otomatik s\u00fcr\u00fc\u015f bilgilerini g\u00f6steriyor.<br>Matrix Arka Ayd\u0131nlatma Teknolojisine sahip Merkezi Ekran, dokunmatik olarak i\u015flevlerin ve<br>i\u00e7eri\u011fin optimal \u015fekilde kullan\u0131lmas\u0131n\u0131 sa\u011flayan bir men\u00fc yap\u0131s\u0131 sunuyor. Direksiyonun<br>yak\u0131n\u0131nda ideal bir konumda bulunan ekran \u00f6nemli kullan\u0131m kolayl\u0131\u011f\u0131 sa\u011fl\u0131yor. Se\u00e7ilen<br>i\u00e7erikler, Merkezi Ekran\u2019dan BMW Panoramic Vision&#8217;a bir kayd\u0131rma hareketiyle aktar\u0131labiliyor.<br>BMW&#8217;nin shy-tech yakla\u015f\u0131m\u0131yla Yeni \u00c7ok Fonksiyonlu Direksiyondaki d\u00fc\u011fmeler, mevcut<br>i\u015flevleri vurgulamak i\u00e7in ayd\u0131nlat\u0131l\u0131yor. Uygun fonksiyonlar, ihtiya\u00e7 duyuldu\u011funda butonlarda<br>g\u00f6r\u00fcn\u00fcr hale geliyor. Ana fiziksel kontrol arac\u0131 olan direksiyonun d\u00fc\u011fmeleri aktif dokunsal<br>geri bildirim sa\u011fl\u0131yor. D\u00fc\u011fmelerin kabartmal\u0131 y\u00fczeyleri sayesinde s\u00fcr\u00fcc\u00fcler, dikkatlerini<br>yoldan ay\u0131rmadan kolayl\u0131kla kumanda edebiliyor.<br>Bu d\u00f6rt \u00f6genin kombinasyonu, &#8220;eller direksiyonda, g\u00f6zler yolda&#8221; yakla\u015f\u0131m\u0131n\u0131 yeniden<br>yorumlayarak s\u00fcr\u00fcc\u00fc odakl\u0131l\u0131\u011f\u0131 ile \u00f6ne \u00e7\u0131kan BMW&#8217;nin sezgisel, kullan\u0131c\u0131 dostu ve ergonomik<br>olarak optimize edilmi\u015f i\u015fleyi\u015fine yeni bir boyut kazand\u0131r\u0131yor.<br>BMW\u2019nin i\u015fletim konseptlerindeki \u00e7eyrek as\u0131rl\u0131k \u00f6nc\u00fcl\u00fck ve teknolojik liderli\u011finin Yeni BMW<br>Panoramic iDrive&#8217;a aktar\u0131ld\u0131\u011f\u0131n\u0131 belirten BMW AG Y\u00f6netim Kurulu \u00dcyesi, Geli\u015ftirme<br>Sorumlusu Frank Weber, \u201cY\u00fcksek teknolojiyi, \u00fcst d\u00fczey sezgisellik ile bulu\u015fturduk. <\/p>\n\n\n\n<figure class=\"wp-block-image size-large\"><img fetchpriority=\"high\" decoding=\"async\" width=\"1024\" height=\"576\" src=\"https:\/\/torkspor.com\/wp-content\/uploads\/2025\/01\/Yeni-BMW-Panoramic-iDrive-1-1024x576.jpg\" alt=\"\" class=\"wp-image-2152\" srcset=\"https:\/\/torkspor.com\/wp-content\/uploads\/2025\/01\/Yeni-BMW-Panoramic-iDrive-1-1024x576.jpg 1024w, https:\/\/torkspor.com\/wp-content\/uploads\/2025\/01\/Yeni-BMW-Panoramic-iDrive-1-300x169.jpg 300w, https:\/\/torkspor.com\/wp-content\/uploads\/2025\/01\/Yeni-BMW-Panoramic-iDrive-1-768x432.jpg 768w, https:\/\/torkspor.com\/wp-content\/uploads\/2025\/01\/Yeni-BMW-Panoramic-iDrive-1-1536x864.jpg 1536w, https:\/\/torkspor.com\/wp-content\/uploads\/2025\/01\/Yeni-BMW-Panoramic-iDrive-1-2048x1152.jpg 2048w\" sizes=\"(max-width: 1024px) 100vw, 1024px\" \/><\/figure>\n\n\n\n<p>Bu teknolojinin temellerini olu\u015fturan yeni \u0130\u015fletim Sistemi X ile d\u00fcnyan\u0131n en iyi ve en kapsaml\u0131<br>bilgi-e\u011flence sistemlerinden birine daha da b\u00fcy\u00fck bir yetenek kazand\u0131rarak ve \u00e7ok modlu<br>etkile\u015fimde sekt\u00f6r standard\u0131n\u0131 bir kez daha belirliyoruz. Bu y\u0131l\u0131n sonundaki ilk seri \u00fcretim<br>Neue Klasse modeli ba\u015fta olmak \u00fczere yeni Panoramic iDrive gelecekteki t\u00fcm BMW<br>modellerinin ayr\u0131lmaz bir par\u00e7as\u0131 olacak.&#8221; diyor.<br>S\u00fcr\u00fcc\u00fcye do\u011fru bilgiyi do\u011fru yer ve zamanda sunan BMW Panoramic iDrive, analog ve<br>dijital etkile\u015fimlerin optimal bir kombinasyonu sunma yakla\u015f\u0131m\u0131n\u0131 devam ettiriyor. Silecekler,<br>sinyal lambalar\u0131, d\u0131\u015f dikiz aynalar\u0131, ses kontrol\u00fc, vites se\u00e7icileri ve buz \u00e7\u00f6z\u00fcc\u00fcler dokunsal<br>d\u00fc\u011fmelerle kumanda edilirken medya kontrol, navigasyon, s\u00fcr\u00fc\u015f asistan\u0131, ekran<br>ki\u015fiselle\u015ftirme, MyModes se\u00e7imi gibi di\u011fer i\u015flevler ise dokunma\/ses kontrol\u00fc ya da \u00c7ok<br>Fonksiyonlu Direksiyon arac\u0131l\u0131\u011f\u0131yla optimize ediliyor.<br>BMW Panoramic iDrive&#8217;\u0131n geli\u015ftirilme a\u015famas\u0131nda, 22 milyon ba\u011flant\u0131l\u0131 BMW otomobilden<br>elde edilen veriler \u00fczerinden ger\u00e7ekle\u015fen \u00f6\u011frenme s\u00fcrecinin yan\u0131 s\u0131ra BMW<br>laboratuvarlar\u0131nda yakla\u015f\u0131k 3.000 m\u00fc\u015fterinin kat\u0131ld\u0131\u011f\u0131 say\u0131s\u0131z \u00e7al\u0131\u015fma yap\u0131ld\u0131. Bu sayede<br>i\u015fletim mant\u0131\u011f\u0131na y\u00f6nelik her karar, veriye dayal\u0131 bir \u015fekilde al\u0131narak kullan\u0131c\u0131 deneyimi,<br>m\u00fc\u015fteri tercihleri ve gereksinimleriyle uyumlu hale getirildi.<br>BMW \u0130\u015fletim Sistemi X: Ak\u0131ll\u0131, \u00c7ok Y\u00f6nl\u00fc, Gelece\u011fe Uygun<br>Tamam\u0131 BMW taraf\u0131ndan geli\u015ftirilen Yeni BMW \u0130\u015fletim Sistemi X, BMW modellerinin<br>bir\u00e7o\u011funda kullan\u0131lan mevcut i\u015fletim sisteminin bir g\u00fcncellemesi olarak sunuluyor. Yeni BMW<br>\u0130\u015fletim Sistemi X, bir \u00f6nceki sistemden daha b\u00fcy\u00fck bir g\u00fcncelleme sunmas\u0131yla hem ge\u00e7mi\u015fle<br>uyumlu hem de gelece\u011fe y\u00f6nelik bir altyap\u0131 olarak \u00f6ne \u00e7\u0131k\u0131yor.<br>BMW Group Ba\u011flant\u0131l\u0131 \u015eirketlerden Sorumlu K\u0131demli Ba\u015fkan Yard\u0131mc\u0131s\u0131 Stephan<br>Durach, \u201cYeni BMW Panoramic iDrive&#8217;\u0131n genel konsepti, Yeni BMW \u0130\u015fletim Sistemi X ile<br>gelen b\u00fcy\u00fck bir teknolojik s\u0131\u00e7rama sayesinde m\u00fcmk\u00fcn oldu. Sezgisel bir kullan\u0131m, duygusal<br>a\u00e7\u0131dan etkileyici deneyimler ve m\u00fckemmel derecede ki\u015fiselle\u015ftirme sunan Yeni BMW iDrive;<br>Yeni BMW \u0130\u015fletim Sistemi X sayesinde yaz\u0131l\u0131m tabanl\u0131 bir arac\u0131n potansiyelini ortaya<br>koyuyor.\u201d diyor.<br>BMW \u0130\u015fletim Sistemi X&#8217;in geni\u015fletilmi\u015f zekas\u0131, Merkezi Ekran ve \u00c7ok Fonksiyonlu<br>Direksiyonun fiziksel ve dijital deneyimlerini birle\u015ftirmeyi m\u00fcmk\u00fcn k\u0131l\u0131yor. \u00d6rne\u011fin, gelen bir<br>arama ilk olarak BMW Panoramic Vision&#8217;da g\u00f6steriliyor ve direksiyon \u00fczerindeki butonlar ile<br>aramay\u0131 kabul veya reddetme se\u00e7ene\u011fi sunuluyor.<br>Bir navigasyon hedefi, dokunmatik kontrol veya sesli komutla girildi\u011finde, rota y\u00f6nlendirme<br>uyar\u0131lar\u0131 BMW 3D Head-Up Display&#8217;de; yollar ve kav\u015faklar hakk\u0131ndaki daha fazla bilgi ise<br>BMW Panoramic Vision&#8217;da g\u00f6steriliyor. Bunun yan\u0131 s\u0131ra Merkezi Ekran \u00fczerinde daha geni\u015f<br>\u00f6l\u00e7ekli bir harita g\u00f6r\u00fcn\u00fcm\u00fc de sunulabiliyor.<br>BMW \u0130\u015fletim Sistemi X ile ki\u015fiselle\u015ftirmeyi yeni bir seviyeye ta\u015f\u0131yan BMW Panoramic<br>Vision&#8217;daki ekranlar, ki\u015fisel tercihlere g\u00f6re uyarlanabiliyor. S\u00fcr\u00fcc\u00fcler art\u0131k \u201cMy Mode\u201dda<br>\u00e7e\u015fitli s\u00fcr\u00fc\u015f \u00f6zellikleri i\u00e7in kendi ayarlar\u0131n\u0131 se\u00e7ebiliyor. Ayr\u0131ca, kullan\u0131c\u0131 taraf\u0131ndan se\u00e7ilen<br>g\u00f6rseller, Merkezi Ekran i\u00e7in arka plan olarak y\u00fcklenebiliyor ve Ortam Ayd\u0131nlatmas\u0131 ile<br>kullan\u0131c\u0131 aray\u00fcz\u00fc tasar\u0131m\u0131n\u0131n renkleri, s\u00fcr\u00fcc\u00fcn\u00fcn \u00f6zel tercihlerine g\u00f6re ayarlanabiliyor.<br>BMW Ak\u0131ll\u0131 Ki\u015fisel Asistan\u0131 ile Maksimum Konfor<br>\u00c7ok Fonksiyonlu Direksiyondaki ilgili d\u00fc\u011fmeye bas\u0131larak veya &#8220;Hey BMW&#8221; komutuyla<br>devreye al\u0131nabilen BMW Ak\u0131ll\u0131 Ki\u015fisel Asistan\u0131\u2019n\u0131n yetenekleri s\u00fcrekli olarak geli\u015ftiriliyor. Bu<br>teknolojinin B\u00fcy\u00fck Dil Modellerinin (LLM) entegrasyonu sayesinde Neue Klasse i\u00e7in<br>tamamen yeni bir seviyeye ta\u015f\u0131nmas\u0131 hedefleniyor. BMW Ak\u0131ll\u0131 Ki\u015fisel Asistan\u0131,<br>ba\u015flang\u0131\u00e7ta navigasyona odaklanacak ve m\u00fc\u015fterinin \u201cBeni en yak\u0131n \u015farj istasyonuna g\u00f6t\u00fcr.\u201d,<br>\u201cYak\u0131nda hangi restoran var?&#8221; gibi daha kapsaml\u0131 sesli komutlar vermesini sa\u011flayacak.<br>BMW Ak\u0131ll\u0131 Ki\u015fisel Asistan\u0131, BMW&#8217;nin mevcut bilgi-e\u011flence sistemlerinde oldu\u011fu gibi<br>kullan\u0131c\u0131 davran\u0131\u015f\u0131na dayal\u0131 olarak proaktif \u00f6nerilerde bulunabiliyor. Bu \u00f6zellik, BMW \u0130\u015fletim<br>Sistemi X ile bir \u00fcst seviyeye ta\u015f\u0131narak ilgili durumlarda s\u00fcr\u00fcc\u00fcn\u00fcn nadiren kulland\u0131\u011f\u0131 s\u00fcr\u00fcc\u00fc<br>destek sistemlerini vurguluyor. \u00d6rne\u011fin, s\u00fcr\u00fcc\u00fc daha \u00f6nce ba\u011f\u0131ms\u0131z olarak Spor Modu&#8217;nu<br>etkinle\u015ftirmi\u015fse, sistem uygun rotalarda Spor Modu&#8217;na ge\u00e7meyi \u00f6neriyor. E\u011fer s\u00fcr\u00fcc\u00fc, bu<br>\u00f6nerilere birka\u00e7 kez yan\u0131t vermezse sistem \u00f6neride bulunmay\u0131 sonland\u0131r\u0131yor.<br>Tasar\u0131m\u0131 ve Teknolojisiyle E\u015fsiz Bir Deneyim: BMW Panoramic iDrive<br>S\u00fcr\u00fc\u015f deneyimi \u00f6n planda tutularak s\u00fcr\u00fcc\u00fcn\u00fcn rahat hissetmesi ve ara\u00e7 \u00fczerinde tam kontrol<br>sahibi olmas\u0131 hedeflenen Yeni BMW Panoramic iDrive&#8217;\u0131n tasar\u0131m\u0131 da bu amaca uygun<br>olarak geli\u015ftirildi. Kullan\u0131c\u0131 aray\u00fcz\u00fc, m\u00fcmk\u00fcn oldu\u011funca sezgisel ve uyumlu bir \u015fekilde<br>tasarlanarak kesintisiz etkile\u015fim sa\u011flamak amac\u0131yla detaylara \u00f6zel bir \u00f6nem verildi. Bunun<br>sonucunda ses, \u0131\u015f\u0131k ve yenilik\u00e7i tasar\u0131m\u0131n uyumlu birle\u015fimiyle zenginle\u015ftirilmi\u015f b\u00fct\u00fcnsel bir<br>deneyim ortaya \u00e7\u0131kt\u0131. T\u00fcm yolculuklar\u0131 insan ile ara\u00e7 aras\u0131nda \u00f6zel bir ba\u011f kurma an\u0131na<br>d\u00f6n\u00fc\u015ft\u00fcren Yeni BMW Panoramic iDrive, 2025 sonundan itibaren t\u00fcm yeni BMW<br>modellerine entegre edilebilecek.<br>BMW Group K\u0131demli Tasar\u0131m Ba\u015fkan Yard\u0131mc\u0131s\u0131 Adrian van Hooydonk, &#8220;Teknoloji ve<br>m\u00fc\u015fteri tercihlerinin de\u011fi\u015fimi her zamankinden daha h\u0131zl\u0131. Dijital deneyimlerin ve sesin<br>tasar\u0131m\u0131 giderek daha \u00f6nemli bir rol oynuyor. Yeni BMW Panoramic iDrive, sadece<br>ara\u00e7lar\u0131m\u0131z\u0131 daha ak\u0131ll\u0131 ve kullan\u0131c\u0131 dostu hale getirmekle kalm\u0131yor, ayn\u0131 zamanda \u00e7ok daha<br>geni\u015f ki\u015fiselle\u015ftirme imk\u00e2n\u0131 sunarak her yeni BMW&#8217;yi kullan\u0131c\u0131n\u0131n kendisine ait bir otomobile<br>d\u00f6n\u00fc\u015ft\u00fcr\u00fcyor.\u201d diyor.<br>Yeni HypersonX ses deneyimi, Yeni BMW Panoramic iDrive taraf\u0131ndan sunulan b\u00fct\u00fcnsel<br>deneyimin bir di\u011fer \u00f6gesi olarak \u00f6ne \u00e7\u0131k\u0131yor. BMW Group Ses Tasar\u0131m\u0131 St\u00fcdyosu taraf\u0131ndan<br>geli\u015ftirilen ve Neue Klasse modellerinde bulunan bu sistem, Li3 ses sinyalleri ile Ki\u015fisel Mod<br>ve Spor Modu i\u00e7in \u00f6zel s\u00fcr\u00fc\u015f seslerini i\u00e7eriyor. \u00c7ok boyutlu spektrum, sesleri mevcut s\u00fcr\u00fc\u015f<br>durumuna tam uyarlayarak s\u00fcr\u00fcc\u00fc ile BMW aras\u0131nda duygusal bir etkile\u015fim yarat\u0131yor.<\/p>\n","protected":false},"excerpt":{"rendered":"<p>Borusan Otomotiv\u2019in T\u00fcrkiye distrib\u00fct\u00f6rl\u00fc\u011f\u00fcn\u00fc \u00fcstlendi\u011fi BMW, MINI ve BMWMotorrad markalar\u0131n\u0131 b\u00fcnyesinde bar\u0131nd\u0131ran BMW Group, 7 \u2013 11 Ocak tarihleriaras\u0131nda Las<\/p>\n","protected":false},"author":2,"featured_media":2153,"comment_status":"open","ping_status":"open","sticky":false,"template":"","format":"standard","meta":{"footnotes":""},"categories":[140],"tags":[],"class_list":["post-2151","post","type-post","status-publish","format-standard","has-post-thumbnail","hentry","category-otomobil"],"magazineBlocksPostFeaturedMedia":{"thumbnail":"https:\/\/torkspor.com\/wp-content\/uploads\/2025\/01\/Yeni-BMW-Panoramic-iDrive-5-150x150.jpg","medium":"https:\/\/torkspor.com\/wp-content\/uploads\/2025\/01\/Yeni-BMW-Panoramic-iDrive-5-300x169.jpg","medium_large":"https:\/\/torkspor.com\/wp-content\/uploads\/2025\/01\/Yeni-BMW-Panoramic-iDrive-5-768x432.jpg","large":"https:\/\/torkspor.com\/wp-content\/uploads\/2025\/01\/Yeni-BMW-Panoramic-iDrive-5-1024x576.jpg","1536x1536":"https:\/\/torkspor.com\/wp-content\/uploads\/2025\/01\/Yeni-BMW-Panoramic-iDrive-5-1536x864.jpg","2048x2048":"https:\/\/torkspor.com\/wp-content\/uploads\/2025\/01\/Yeni-BMW-Panoramic-iDrive-5-2048x1152.jpg","colormag-highlighted-post":"https:\/\/torkspor.com\/wp-content\/uploads\/2025\/01\/Yeni-BMW-Panoramic-iDrive-5-392x272.jpg","colormag-featured-post-medium":"https:\/\/torkspor.com\/wp-content\/uploads\/2025\/01\/Yeni-BMW-Panoramic-iDrive-5-390x205.jpg","colormag-featured-post-small":"https:\/\/torkspor.com\/wp-content\/uploads\/2025\/01\/Yeni-BMW-Panoramic-iDrive-5-130x90.jpg","colormag-featured-image":"https:\/\/torkspor.com\/wp-content\/uploads\/2025\/01\/Yeni-BMW-Panoramic-iDrive-5-800x445.jpg","colormag-default-news":"https:\/\/torkspor.com\/wp-content\/uploads\/2025\/01\/Yeni-BMW-Panoramic-iDrive-5-150x150.jpg","colormag-featured-image-large":"https:\/\/torkspor.com\/wp-content\/uploads\/2025\/01\/Yeni-BMW-Panoramic-iDrive-5-1400x600.jpg","colormag-elementor-block-extra-large-thumbnail":"https:\/\/torkspor.com\/wp-content\/uploads\/2025\/01\/Yeni-BMW-Panoramic-iDrive-5-1155x480.jpg","colormag-elementor-grid-large-thumbnail":"https:\/\/torkspor.com\/wp-content\/uploads\/2025\/01\/Yeni-BMW-Panoramic-iDrive-5-600x417.jpg","colormag-elementor-grid-small-thumbnail":"https:\/\/torkspor.com\/wp-content\/uploads\/2025\/01\/Yeni-BMW-Panoramic-iDrive-5-285x450.jpg","colormag-elementor-grid-medium-large-thumbnail":"https:\/\/torkspor.com\/wp-content\/uploads\/2025\/01\/Yeni-BMW-Panoramic-iDrive-5-575x198.jpg"},"magazineBlocksPostAuthor":{"name":"Okan \u00c7etiner","avatar":"https:\/\/secure.gravatar.com\/avatar\/0b8d387b873c3962ae491deaf4b94a08a9b0dbc2778155c139691933252f8856?s=96&d=mm&r=g"},"magazineBlocksPostCommentsNumber":"0","magazineBlocksPostExcerpt":"Borusan Otomotiv\u2019in T\u00fcrkiye distrib\u00fct\u00f6rl\u00fc\u011f\u00fcn\u00fc \u00fcstlendi\u011fi BMW, MINI ve BMWMotorrad markalar\u0131n\u0131 b\u00fcnyesinde bar\u0131nd\u0131ran BMW Group, 7 \u2013 11 Ocak tarihleriaras\u0131nda Las","magazineBlocksPostCategories":["otomobil"],"magazine_blocks_featured_image_url":{"full":["https:\/\/torkspor.com\/wp-content\/uploads\/2025\/01\/Yeni-BMW-Panoramic-iDrive-5-scaled.jpg",2560,1440,false],"medium":["https:\/\/torkspor.com\/wp-content\/uploads\/2025\/01\/Yeni-BMW-Panoramic-iDrive-5-300x169.jpg",300,169,true],"thumbnail":["https:\/\/torkspor.com\/wp-content\/uploads\/2025\/01\/Yeni-BMW-Panoramic-iDrive-5-150x150.jpg",150,150,true]},"magazine_blocks_author":{"display_name":"Okan \u00c7etiner","author_link":"https:\/\/torkspor.com\/?author=2"},"magazine_blocks_comment":1,"magazine_blocks_author_image":"https:\/\/secure.gravatar.com\/avatar\/0b8d387b873c3962ae491deaf4b94a08a9b0dbc2778155c139691933252f8856?s=96&d=mm&r=g","magazine_blocks_category":"<a href=\"https:\/\/torkspor.com\/?cat=140\" rel=\"category\">otomobil<\/a>","_links":{"self":[{"href":"https:\/\/torkspor.com\/index.php?rest_route=\/wp\/v2\/posts\/2151","targetHints":{"allow":["GET"]}}],"collection":[{"href":"https:\/\/torkspor.com\/index.php?rest_route=\/wp\/v2\/posts"}],"about":[{"href":"https:\/\/torkspor.com\/index.php?rest_route=\/wp\/v2\/types\/post"}],"author":[{"embeddable":true,"href":"https:\/\/torkspor.com\/index.php?rest_route=\/wp\/v2\/users\/2"}],"replies":[{"embeddable":true,"href":"https:\/\/torkspor.com\/index.php?rest_route=%2Fwp%2Fv2%2Fcomments&post=2151"}],"version-history":[{"count":1,"href":"https:\/\/torkspor.com\/index.php?rest_route=\/wp\/v2\/posts\/2151\/revisions"}],"predecessor-version":[{"id":2154,"href":"https:\/\/torkspor.com\/index.php?rest_route=\/wp\/v2\/posts\/2151\/revisions\/2154"}],"wp:featuredmedia":[{"embeddable":true,"href":"https:\/\/torkspor.com\/index.php?rest_route=\/wp\/v2\/media\/2153"}],"wp:attachment":[{"href":"https:\/\/torkspor.com\/index.php?rest_route=%2Fwp%2Fv2%2Fmedia&parent=2151"}],"wp:term":[{"taxonomy":"category","embeddable":true,"href":"https:\/\/torkspor.com\/index.php?rest_route=%2Fwp%2Fv2%2Fcategories&post=2151"},{"taxonomy":"post_tag","embeddable":true,"href":"https:\/\/torkspor.com\/index.php?rest_route=%2Fwp%2Fv2%2Ftags&post=2151"}],"curies":[{"name":"wp","href":"https:\/\/api.w.org\/{rel}","templated":true}]}}