{"id":2155,"date":"2025-01-10T13:12:53","date_gmt":"2025-01-10T10:12:53","guid":{"rendered":"https:\/\/torkspor.com\/?p=2155"},"modified":"2025-01-10T13:12:56","modified_gmt":"2025-01-10T10:12:56","slug":"aksaray-fabrikasinda-uretimi-baslayan-mercedes-benz-yeni-actros-l-turkiyede-yollara-cikiyor","status":"publish","type":"post","link":"https:\/\/torkspor.com\/?p=2155","title":{"rendered":"Aksaray Fabrikas\u0131\u2019nda \u00dcretimi Ba\u015flayan Mercedes-Benz Yeni Actros L T\u00fcrkiye\u2019de Yollara \u00c7\u0131k\u0131yor!"},"content":{"rendered":"\n<p>Mercedes-Benz T\u00fcrk, Yeni Actros L\u2019yi yeni tasar\u0131m\u0131yla ocak ay\u0131nda yollara<br>\u00e7\u0131karmaya haz\u0131rlan\u0131yor. Mercedes-Benz T\u00fcrk\u2019\u00fcn Aksaray Fabrikas\u0131\u2019nda<br>\u00fcretimine ba\u015flanan, yenilenen y\u00fcz\u00fc ve teknolojik kabiniyle \u00f6ne \u00e7\u0131kan yerli<br>\u00fcretim yeni Actros L\u2019nin ilk tan\u0131t\u0131m\u0131 Mercedes-Benz T\u00fcrk Kamyon Sat\u0131\u015f<br>Bayilerine ger\u00e7ekle\u015ftirildi. \u201cVerimlili\u011fin Yeni \u015eekli\u201d mottosuyla yollara<br>\u00e7\u0131kmaya ba\u015flayan Mercedes-Benz \u201cYeni Actros L\u201d, y\u00fcksek konforu, son<br>teknoloji donan\u0131mlar\u0131 ve \u00fcst d\u00fczey verimlili\u011fi ile sekt\u00f6r\u00fcnde \u00f6nc\u00fcl\u00fc\u011f\u00fcn\u00fc<br>peki\u015ftirecek ve \u00e7ekici segmentinde yeni standartlar\u0131 belirleyecek.<br>Kusursuz hizmet anlay\u0131\u015f\u0131yla geli\u015ftirdikleri yeni nesil \u00fcr\u00fcnleri en son g\u00fcvenlik<br>standartlar\u0131n\u0131 kapsayacak \u015fekilde yollara \u00e7\u0131kard\u0131klar\u0131n\u0131 s\u00f6yleyen Mercedes-<br>Benz T\u00fcrk Kamyon ve Pazarlama Sat\u0131\u015f Direkt\u00f6r\u00fc Alper Kurt, \u201c\u00dcretimine<br>ba\u015flad\u0131\u011f\u0131m\u0131z yeni Mercedes-Benz Actros L\u2019yi, f\u00fct\u00fcristik ara\u00e7 tasar\u0131m\u0131,<br>optimize edilmi\u015f aerodinamik \u00f6zellikleri, bir dizi konfor \u00f6zelli\u011fi, rakipsiz<br>g\u00fcvenlik \u00f6zellikleri, geli\u015fmi\u015f dinamik s\u00fcr\u00fc\u015f sistemleriyle birlikte<br>m\u00fc\u015fterilerimizin be\u011fenisine sunmaktan b\u00fcy\u00fck mutluluk ve heyecan<br>duyuyoruz. Yeni Actros L modelimiz, devrim niteli\u011finde yeni kabin<br>tasar\u0131m\u0131m\u0131z ProCabin gibi yenilik\u00e7i donan\u0131mlarla yollara \u00e7\u0131k\u0131yor. B\u00f6ylece yeni<br>arac\u0131m\u0131zda y\u00fczde 3\u2019e varan yak\u0131t tasarrufu sa\u011fl\u0131yoruz. Yeni Actros L ile<br>sekt\u00f6r\u00fcn y\u00fck\u00fcn\u00fc daha da hafifletmeyi vadediyor, t\u00fcm m\u00fc\u015fterilerimizi<br>verimlili\u011fin yeni \u015feklini deneyimlemeye davet ediyoruz\u201d dedi.<br>Mercedes-Benz Actros L modeli, 2022\u2019de piyasaya s\u00fcr\u00fclmesinden bu yana, Mercedes-<br>Benz T\u00fcrk \u00e7ekici segmentinin standartlar\u0131n\u0131 belirlemeye devam ediyor. \u201cVerimlili\u011fin Yeni<br>\u015eekli\u201d mottosuyla ocak ay\u0131ndan itibaren yollara \u00e7\u0131kmaya ba\u015flayacak Mercedes-Benz<br>T\u00fcrk\u2019\u00fcn Aksaray Fabrikas\u0131\u2019nda \u00fcretimine ba\u015flanan Mercedes-Benz yeni Actros L, y\u00fcksek<br>konforu, son teknoloji ekipmanlar\u0131 ve \u00fcst d\u00fczey verimlili\u011fiyle sekt\u00f6r\u00fcnde \u00f6nc\u00fcl\u00fc\u011f\u00fcn\u00fc<br>peki\u015ftirmeye devam ediyor. Yenilenen y\u00fcz\u00fc ve teknolojik kabiniyle \u00f6ne \u00e7\u0131kan yeni Actros<br>L, f\u00fct\u00fcristik ProCabin tasar\u0131m\u0131yla \u00e7ekici segmentinde yeni standartlar\u0131 belirliyor. Bu<br>tasar\u0131m sayesinde y\u00fczde 3\u2019e varan yak\u0131t tasarrufu sa\u011flan\u0131rken; Ekim 2022\u2019de devreye<br>al\u0131nan 3\u2019\u00fcnc\u00fc nesil OM 471 motoru ile beraber \u00f6nceki nesle oranla toplamda y\u00fczde 7\u2019ye<br>varan yak\u0131t tasarrufu sa\u011flan\u0131yor. Kusursuz hizmet anlay\u0131\u015f\u0131yla geli\u015ftirdikleri yeni nesil<br>\u00fcr\u00fcnleri en son g\u00fcvenlik standartlar\u0131n\u0131 kapsayacak \u015fekilde yollara \u00e7\u0131kard\u0131klar\u0131n\u0131 s\u00f6yleyen Mercedes-Benz T\u00fcrk Kamyon ve Pazarlama Sat\u0131\u015f Direkt\u00f6r\u00fc Alper Kurt, \u201cBug\u00fcn<br>ba\u015far\u0131s\u0131n\u0131 kan\u0131tlam\u0131\u015f amiral gemisi modelimizi \u015fimdi yeni bir boyuta ta\u015f\u0131yor; f\u00fct\u00fcristik ara\u00e7<br>tasar\u0131m\u0131, optimize edilmi\u015f aerodinamik \u00f6zellikleri, bir dizi konfor \u00f6zelli\u011fi, verimli motorlar\u0131,<br>geli\u015fmi\u015f dinamik s\u00fcr\u00fc\u015f sistemleriyle, \u201cYeni Actros L\u201dyi m\u00fc\u015fterilerimizin be\u011fenisine<br>sunmaktan b\u00fcy\u00fck mutluluk ve heyecan duyuyoruz. Aksaray Fabrikam\u0131zda \u00fcretimine<br>ba\u015flad\u0131\u011f\u0131m\u0131z ve ocak ay\u0131 itibar\u0131yla da sat\u0131\u015fa sundu\u011fumuz Yeni Actros L ile s\u00fcr\u00fc\u015f<br>teknolojileri bak\u0131m\u0131ndan, m\u00fc\u015fterilerimize daima en iyi ara\u00e7 \u00e7\u00f6z\u00fcmlerini sunma s\u00f6z\u00fcm\u00fcz\u00fcn<br>bir kez daha alt\u0131n\u0131 \u00e7iziyoruz. Yeni Actros L modeliyle, test edilip kan\u0131tlanm\u0131\u015f amiral gemisi<br>ara\u00e7 modelimizi bir\u00e7ok a\u00e7\u0131dan \u00e7ok daha verimli hale getirdik. Bunun en iyi \u00f6rne\u011fi, devrim<br>niteli\u011finde yeni kabin tasar\u0131m\u0131m\u0131z. Yeni Actros L modelinde bu tasar\u0131m sayesinde y\u00fczde<br>3\u2019e varan yak\u0131t tasarrufu sa\u011fl\u0131yoruz. Yeni arac\u0131m\u0131zla sekt\u00f6r\u00fcn y\u00fck\u00fcn\u00fc daha da<br>hafifletmeyi vadediyor, t\u00fcm m\u00fc\u015fterilerimizi verimlili\u011fin yeni \u015feklini deneyimlemeye davet<br>ediyoruz\u201d dedi.<br>Verimlilik: Devrim niteli\u011finde yeni kabin tasar\u0131m\u0131!<br>Hayat\u0131na 1996 y\u0131l\u0131nda ba\u015flayan Mercedes-Benz Actros kamyon serisi, m\u00fc\u015fterilerinin ve<br>s\u00fcr\u00fcc\u00fclerinin ihtiya\u00e7lar\u0131n\u0131 en iyi \u015fekilde kar\u015f\u0131lama yetene\u011fiyle k\u0131sa zamanda Mercedes-<br>Benz Trucks\u2019\u0131n g\u00f6zde modellerinden biri olmay\u0131 ba\u015fard\u0131. 80 mm uzat\u0131lm\u0131\u015f aerodinamik<br>tasar\u0131ml\u0131 yeni kabinin \u00f6n k\u0131s\u0131mda kar\u015f\u0131lanan hava ak\u0131m\u0131, m\u00fcmk\u00fcn olan en verimli \u015fekilde<br>arac\u0131n \u00e7evresinden y\u00f6nlendirilerek dola\u015f\u0131ma devam ediyor. Optimize edilmi\u015f hava ak\u0131\u015f\u0131n\u0131<br>sa\u011flamak i\u00e7in, neredeyse hi\u00e7bir bo\u015fluk veya a\u00e7\u0131kl\u0131k b\u0131rak\u0131lmadan olu\u015fturulan aerodinamik<br>tasar\u0131m konsepti, motor b\u00f6lmesini d\u0131\u015f hava ak\u0131m\u0131ndan ay\u0131rmak i\u00e7in kullan\u0131lan kau\u00e7uk<br>par\u00e7alarla tamamland\u0131. B\u00f6ylece Yeni Actros L modelinde bu tasar\u0131m sayesinde y\u00fczde 3\u2019e<br>kadar yak\u0131t tasarrufu sa\u011fland\u0131. Mercedes-Benz T\u00fcrk, aerodinamik optimizasyon<br>uygulamalar\u0131yla birlikte, Yeni Actros L modelinin verimlili\u011fini, 12,8 litre motor hacmine<br>sahip 3\u2019\u00fcnc\u00fc nesil OM 471 dizel motorla daha da art\u0131r\u0131yor. Uzun mesafe ta\u015f\u0131mac\u0131l\u0131k i\u00e7in<br>tasarlanan Yeni Actros L\u2019de m\u00fcmk\u00fcn olan en d\u00fc\u015f\u00fck yak\u0131t t\u00fcketiminin sa\u011flanmas\u0131 \u00fczerine<br>odaklan\u0131ld\u0131. OM 471 dizel motorla beraber ara\u00e7ta \u00f6nceki nesle g\u00f6re maksimum y\u00fczde 4\u2019e<br>kadar yak\u0131t tasarrufu sa\u011flan\u0131yor.<br>Uzun Yol Ta\u015f\u0131mac\u0131l\u0131\u011f\u0131nda \u201cKonforun Yeni \u015eekli\u201d Yeni Actros L!<br>Mercedes-Benz T\u00fcrk, Yeni Actros L ve f\u00fct\u00fcristik kabin tasar\u0131m\u0131yla, verimlilik art\u0131rma ve<br>toplam maliyeti azaltman\u0131n yan\u0131 s\u0131ra, s\u00fcr\u00fcc\u00fc kabininin cazip d\u0131\u015f tasar\u0131m\u0131 ve konforu gibi<br>unsurlar\u0131n da ara\u00e7 al\u0131mlar\u0131nda \u00f6nemli bir rol oynad\u0131\u011f\u0131n\u0131n alt\u0131n\u0131 \u00e7iziyor. Stream, Big veya<br>Giga Space olmak \u00fczere mevcut olan ProCabin i\u00e7 mek\u00e2n\u0131nda; optimize edilmi\u015f koltuk<br>\u0131s\u0131tma, yeni premium Dinamica Star koltuk k\u0131l\u0131flar\u0131, ah\u015fap iskeletli yataklar ve konforu \u00e7ok<br>daha art\u0131r\u0131lm\u0131\u015f Ekstra Premium Konforlu yatak minderi gibi bir\u00e7ok konfor \u00f6zelli\u011fi<br>sunuluyor. Arac\u0131n yeni konfor donan\u0131mlar\u0131 aras\u0131nda, s\u00fcr\u00fcc\u00fc koltu\u011fu i\u00e7in masaj fonksiyonu<br>da yer al\u0131yor. Bu masaj fonksiyonu, koltu\u011fun t\u00fcnel taraf\u0131ndaki bir fonksiyon d\u00fc\u011fmesi<br>arac\u0131l\u0131\u011f\u0131yla etkinle\u015ftiriliyor ve 10 dakika sonra otomatik olarak kapan\u0131yor. Yeni LED<br>ambiyans ayd\u0131nlatmas\u0131, hem mavi LED&#8217;li ortam gece s\u00fcr\u00fc\u015f \u0131\u015f\u0131\u011f\u0131 hem de kehribar ya\u015fam<br>alan\u0131 \u0131\u015f\u0131\u011f\u0131 sayesinde arac\u0131n i\u00e7 mekan\u0131na rahatlat\u0131c\u0131 bir ayd\u0131nlatma sa\u011fl\u0131yor ve b\u00f6ylece<br>daha iyi bir ya\u015fam atmosferi sunuyor. Ayn\u0131 zamanda gece s\u00fcr\u00fc\u015f\u00fc s\u0131ras\u0131nda kabin i\u00e7inde<br>bir y\u00f6nlendirme \u0131\u015f\u0131\u011f\u0131 g\u00f6revi de g\u00f6r\u00fcyor.<\/p>\n\n\n\n<p><br>Mercedes-Benz Yeni Actros L \u201cTeknolojinin Yeni \u015eekli\u201d!<br>1 Ocak 2025\u2019te y\u00fcr\u00fcrl\u00fc\u011fe giren Genel Emniyet Y\u00f6netmeli\u011fi\u2019ne (GSR Faz B) g\u00f6re \u00fcretilen<br>Yeni Actros L modeli, reg\u00fclasyon gerekliliklerinin \u00f6tesinde \u00f6zelikler sunuyor:<br>\u00c7oklu \u015ferit takip \u00f6zelli\u011fiyle Aktif Fren Asistan\u0131 6 (ABA6)<br>ABA 5\u2019in geli\u015fmi\u015f versiyonu olarak tan\u0131mlanabilen ABA 6, Mercedes-Benz kamyon ve<br>\u00e7ekicilerin far ve \u00f6n \u00e7amurluk b\u00f6lgesinde ek radar sens\u00f6rleri ile 270 derece geli\u015fmi\u015f<br>g\u00f6zlem alan\u0131 sunuyor. Geni\u015fletilmi\u015f izleme aral\u0131\u011f\u0131na ek olarak Mercedes-Benz T\u00fcrk<br>m\u00fchendisleri, hareketli yayalara ve bisikletlilere verilen tepkinin 60 km\/s\u2019ye kadar h\u0131z<br>aral\u0131\u011f\u0131na geni\u015fletme imk\u00e2n\u0131 yakalad\u0131. B\u00f6ylece ara\u00e7lar, kar\u015f\u0131dan kar\u015f\u0131ya ge\u00e7en, kar\u015f\u0131dan<br>gelen veya arac\u0131n \u015feridinde y\u00fcr\u00fcyen yayalara otomatik tam frenleme (acil frenleme ad\u0131<br>verilen) ile tepki verebiliyor. Yaya ve bisiklet alg\u0131lama \u00f6zelli\u011fiyle reg\u00fclasyon<br>gerekliliklerinin de \u00f6tesinde geli\u015fmi\u015f bir frenleme \u00f6zelli\u011fi sunan yeni nesil kamyonlar,<br>\u00f6zellikle \u015fehir i\u00e7inde \u00e7al\u0131\u015fan ara\u00e7lar i\u00e7in ay\u0131rt edici bir g\u00fcvenlik \u00f6zelli\u011fi olarak \u00f6ne \u00e7\u0131k\u0131yor.<br>Aktif K\u00f6r Nokta Asistan\u0131 2<br>Sundu\u011fu konfor ve \u015f\u0131kl\u0131\u011f\u0131n yan\u0131 s\u0131ra geli\u015ftirilmi\u015f teknolojik donan\u0131m ile hem g\u00fczel hem de<br>g\u00fcvenli olan Mercedes-Benz kamyonlar her iki taraf\u0131nda bir bisikletli, ara\u00e7, yaya veya<br>herhangi bir nesne alg\u0131lad\u0131\u011f\u0131nda \u00e7arp\u0131\u015fmay\u0131 \u00f6nlemek i\u00e7in s\u00fcr\u00fcc\u00fcye iki a\u015famal\u0131 bir uyar\u0131<br>sistemi sunuyor. Sistem, reg\u00fclasyon gerekliliklerinin \u00f6tesinde olas\u0131 \u00e7arp\u0131\u015fmay\u0131<br>engellemek i\u00e7in frenleme \u00f6zelli\u011fine de sahip.<br>Mercedes-Benz T\u00fcrk, T\u00fcrkiye\u2019nin d\u00f6rt bir yan\u0131nda hizmet veren g\u00fc\u00e7l\u00fc bayi a\u011f\u0131yla birlikte<br>Mercedes-Benz Actros L modelinin segmentindeki ba\u015far\u0131s\u0131n\u0131 ve sekt\u00f6rdeki \u00f6nc\u00fcl\u00fc\u011f\u00fcn\u00fc<br>s\u00fcrd\u00fcrmeye devam edecek.<\/p>\n","protected":false},"excerpt":{"rendered":"<p>Mercedes-Benz T\u00fcrk, Yeni Actros L\u2019yi yeni tasar\u0131m\u0131yla ocak ay\u0131nda yollara\u00e7\u0131karmaya haz\u0131rlan\u0131yor. Mercedes-Benz T\u00fcrk\u2019\u00fcn Aksaray Fabrikas\u0131\u2019nda\u00fcretimine ba\u015flanan, yenilenen y\u00fcz\u00fc ve teknolojik<\/p>\n","protected":false},"author":2,"featured_media":2156,"comment_status":"open","ping_status":"open","sticky":false,"template":"","format":"standard","meta":{"footnotes":""},"categories":[140],"tags":[],"class_list":["post-2155","post","type-post","status-publish","format-standard","has-post-thumbnail","hentry","category-otomobil"],"magazineBlocksPostFeaturedMedia":{"thumbnail":"https:\/\/torkspor.com\/wp-content\/uploads\/2025\/01\/Yeni-Mercedes-Benz-Actros-L-1-150x150.jpg","medium":"https:\/\/torkspor.com\/wp-content\/uploads\/2025\/01\/Yeni-Mercedes-Benz-Actros-L-1-200x300.jpg","medium_large":"https:\/\/torkspor.com\/wp-content\/uploads\/2025\/01\/Yeni-Mercedes-Benz-Actros-L-1-768x1152.jpg","large":"https:\/\/torkspor.com\/wp-content\/uploads\/2025\/01\/Yeni-Mercedes-Benz-Actros-L-1-683x1024.jpg","1536x1536":"https:\/\/torkspor.com\/wp-content\/uploads\/2025\/01\/Yeni-Mercedes-Benz-Actros-L-1-1024x1536.jpg","2048x2048":"https:\/\/torkspor.com\/wp-content\/uploads\/2025\/01\/Yeni-Mercedes-Benz-Actros-L-1-1365x2048.jpg","colormag-highlighted-post":"https:\/\/torkspor.com\/wp-content\/uploads\/2025\/01\/Yeni-Mercedes-Benz-Actros-L-1-392x272.jpg","colormag-featured-post-medium":"https:\/\/torkspor.com\/wp-content\/uploads\/2025\/01\/Yeni-Mercedes-Benz-Actros-L-1-390x205.jpg","colormag-featured-post-small":"https:\/\/torkspor.com\/wp-content\/uploads\/2025\/01\/Yeni-Mercedes-Benz-Actros-L-1-130x90.jpg","colormag-featured-image":"https:\/\/torkspor.com\/wp-content\/uploads\/2025\/01\/Yeni-Mercedes-Benz-Actros-L-1-800x445.jpg","colormag-default-news":"https:\/\/torkspor.com\/wp-content\/uploads\/2025\/01\/Yeni-Mercedes-Benz-Actros-L-1-150x150.jpg","colormag-featured-image-large":"https:\/\/torkspor.com\/wp-content\/uploads\/2025\/01\/Yeni-Mercedes-Benz-Actros-L-1-1400x600.jpg","colormag-elementor-block-extra-large-thumbnail":"https:\/\/torkspor.com\/wp-content\/uploads\/2025\/01\/Yeni-Mercedes-Benz-Actros-L-1-1155x480.jpg","colormag-elementor-grid-large-thumbnail":"https:\/\/torkspor.com\/wp-content\/uploads\/2025\/01\/Yeni-Mercedes-Benz-Actros-L-1-600x417.jpg","colormag-elementor-grid-small-thumbnail":"https:\/\/torkspor.com\/wp-content\/uploads\/2025\/01\/Yeni-Mercedes-Benz-Actros-L-1-285x450.jpg","colormag-elementor-grid-medium-large-thumbnail":"https:\/\/torkspor.com\/wp-content\/uploads\/2025\/01\/Yeni-Mercedes-Benz-Actros-L-1-575x198.jpg"},"magazineBlocksPostAuthor":{"name":"Okan \u00c7etiner","avatar":"https:\/\/secure.gravatar.com\/avatar\/0b8d387b873c3962ae491deaf4b94a08a9b0dbc2778155c139691933252f8856?s=96&d=mm&r=g"},"magazineBlocksPostCommentsNumber":"0","magazineBlocksPostExcerpt":"Mercedes-Benz T\u00fcrk, Yeni Actros L\u2019yi yeni tasar\u0131m\u0131yla ocak ay\u0131nda yollara\u00e7\u0131karmaya haz\u0131rlan\u0131yor. Mercedes-Benz T\u00fcrk\u2019\u00fcn Aksaray Fabrikas\u0131\u2019nda\u00fcretimine ba\u015flanan, yenilenen y\u00fcz\u00fc ve teknolojik","magazineBlocksPostCategories":["otomobil"],"magazine_blocks_featured_image_url":{"full":["https:\/\/torkspor.com\/wp-content\/uploads\/2025\/01\/Yeni-Mercedes-Benz-Actros-L-1-scaled.jpg",1707,2560,false],"medium":["https:\/\/torkspor.com\/wp-content\/uploads\/2025\/01\/Yeni-Mercedes-Benz-Actros-L-1-200x300.jpg",200,300,true],"thumbnail":["https:\/\/torkspor.com\/wp-content\/uploads\/2025\/01\/Yeni-Mercedes-Benz-Actros-L-1-150x150.jpg",150,150,true]},"magazine_blocks_author":{"display_name":"Okan \u00c7etiner","author_link":"https:\/\/torkspor.com\/?author=2"},"magazine_blocks_comment":1,"magazine_blocks_author_image":"https:\/\/secure.gravatar.com\/avatar\/0b8d387b873c3962ae491deaf4b94a08a9b0dbc2778155c139691933252f8856?s=96&d=mm&r=g","magazine_blocks_category":"<a href=\"https:\/\/torkspor.com\/?cat=140\" rel=\"category\">otomobil<\/a>","_links":{"self":[{"href":"https:\/\/torkspor.com\/index.php?rest_route=\/wp\/v2\/posts\/2155","targetHints":{"allow":["GET"]}}],"collection":[{"href":"https:\/\/torkspor.com\/index.php?rest_route=\/wp\/v2\/posts"}],"about":[{"href":"https:\/\/torkspor.com\/index.php?rest_route=\/wp\/v2\/types\/post"}],"author":[{"embeddable":true,"href":"https:\/\/torkspor.com\/index.php?rest_route=\/wp\/v2\/users\/2"}],"replies":[{"embeddable":true,"href":"https:\/\/torkspor.com\/index.php?rest_route=%2Fwp%2Fv2%2Fcomments&post=2155"}],"version-history":[{"count":1,"href":"https:\/\/torkspor.com\/index.php?rest_route=\/wp\/v2\/posts\/2155\/revisions"}],"predecessor-version":[{"id":2157,"href":"https:\/\/torkspor.com\/index.php?rest_route=\/wp\/v2\/posts\/2155\/revisions\/2157"}],"wp:featuredmedia":[{"embeddable":true,"href":"https:\/\/torkspor.com\/index.php?rest_route=\/wp\/v2\/media\/2156"}],"wp:attachment":[{"href":"https:\/\/torkspor.com\/index.php?rest_route=%2Fwp%2Fv2%2Fmedia&parent=2155"}],"wp:term":[{"taxonomy":"category","embeddable":true,"href":"https:\/\/torkspor.com\/index.php?rest_route=%2Fwp%2Fv2%2Fcategories&post=2155"},{"taxonomy":"post_tag","embeddable":true,"href":"https:\/\/torkspor.com\/index.php?rest_route=%2Fwp%2Fv2%2Ftags&post=2155"}],"curies":[{"name":"wp","href":"https:\/\/api.w.org\/{rel}","templated":true}]}}