{"id":2173,"date":"2025-01-27T17:24:09","date_gmt":"2025-01-27T14:24:09","guid":{"rendered":"https:\/\/torkspor.com\/?p=2173"},"modified":"2025-01-27T17:24:14","modified_gmt":"2025-01-27T14:24:14","slug":"ayhancan-guven-sezona-podyumda-basladi","status":"publish","type":"post","link":"https:\/\/torkspor.com\/?p=2173","title":{"rendered":"AYHANCAN G\u00dcVEN SEZONA PODYUM&#8217;DA BA\u015eLADI"},"content":{"rendered":"\n<p>IMSA Spor Otomobiller \u015eampiyonas\u0131\u2019n\u0131n ilk aya\u011f\u0131 Daytona 24 Saat Yar\u0131\u015f\u0131\u2019nda, milli sporcumuz Ayhancan G\u00fcven\u2019in s\u00fcr\u00fcc\u00fcleri aras\u0131nda yer ald\u0131\u011f\u0131 Wright Motorsport tak\u0131m\u0131 ile, GTD s\u0131n\u0131f\u0131nda ikinci olarak podyuma \u00e7\u0131kmay\u0131 ba\u015fard\u0131.<\/p>\n\n\n\n<figure class=\"wp-block-image size-large\"><img fetchpriority=\"high\" decoding=\"async\" width=\"1024\" height=\"682\" src=\"https:\/\/torkspor.com\/wp-content\/uploads\/2025\/01\/Ayhancan_Daytona24h_0003-1024x682.jpg\" alt=\"\" class=\"wp-image-2174\" srcset=\"https:\/\/torkspor.com\/wp-content\/uploads\/2025\/01\/Ayhancan_Daytona24h_0003-1024x682.jpg 1024w, https:\/\/torkspor.com\/wp-content\/uploads\/2025\/01\/Ayhancan_Daytona24h_0003-300x200.jpg 300w, https:\/\/torkspor.com\/wp-content\/uploads\/2025\/01\/Ayhancan_Daytona24h_0003-768x512.jpg 768w, https:\/\/torkspor.com\/wp-content\/uploads\/2025\/01\/Ayhancan_Daytona24h_0003-1536x1024.jpg 1536w, https:\/\/torkspor.com\/wp-content\/uploads\/2025\/01\/Ayhancan_Daytona24h_0003.jpg 2000w\" sizes=\"(max-width: 1024px) 100vw, 1024px\" \/><\/figure>\n\n\n\n<p>Ayhancan G\u00fcven, 2025 Daytona 24 Saat yar\u0131\u015f\u0131nda Wright Motorsports tak\u0131m\u0131yla GTD (GT Daytona) s\u0131n\u0131f\u0131nda yar\u0131\u015ft\u0131. Tak\u0131m arkada\u015flar\u0131 Adam Adelson, Elliott Skeer ve Tom Sargent ile birlikte Porsche 911 GT3 R (992) arac\u0131yla m\u00fccadele eden ekip, yar\u0131\u015fa pole pozisyonundan ba\u015flad\u0131 ve 24 saatlik zorlu yar\u0131\u015f\u0131n ard\u0131ndan s\u0131n\u0131f\u0131nda ikinci olarak podyuma \u00e7\u0131kmay\u0131 ba\u015fard\u0131.<\/p>\n\n\n\n<figure class=\"wp-block-image size-full\"><img decoding=\"async\" width=\"1024\" height=\"682\" src=\"https:\/\/torkspor.com\/wp-content\/uploads\/2025\/01\/Ayhancan_Daytona24h_0001-1024x682-1.jpg\" alt=\"\" class=\"wp-image-2175\" srcset=\"https:\/\/torkspor.com\/wp-content\/uploads\/2025\/01\/Ayhancan_Daytona24h_0001-1024x682-1.jpg 1024w, https:\/\/torkspor.com\/wp-content\/uploads\/2025\/01\/Ayhancan_Daytona24h_0001-1024x682-1-300x200.jpg 300w, https:\/\/torkspor.com\/wp-content\/uploads\/2025\/01\/Ayhancan_Daytona24h_0001-1024x682-1-768x512.jpg 768w\" sizes=\"(max-width: 1024px) 100vw, 1024px\" \/><\/figure>\n\n\n\n<p>Yar\u0131\u015f s\u0131ras\u0131nda, Ayhancan G\u00fcven, Inception Racing tak\u0131m\u0131ndan Frederik Schandorff ile GTD s\u0131n\u0131f\u0131 liderli\u011fi i\u00e7in s\u0131k\u0131 bir m\u00fccadeleye girdi.<\/p>\n\n\n\n<figure class=\"wp-block-image size-large\"><img decoding=\"async\" width=\"1024\" height=\"682\" src=\"https:\/\/torkspor.com\/wp-content\/uploads\/2025\/01\/Ayhancan_Daytona24h_0002-1024x682.jpg\" alt=\"IMSA Spor Otomobiller \u015eampiyonas\u0131\u2019n\u0131n ilk aya\u011f\u0131 Daytona 24 Saat Yar\u0131\u015f\u0131\u2019nda, milli sporcumuz Ayhancan G\u00fcven\u2019in s\u00fcr\u00fcc\u00fcleri aras\u0131nda yer ald\u0131\u011f\u0131 Wright Motorsport tak\u0131m\u0131 ile, GTD s\u0131n\u0131f\u0131nda ikinci olarak podyuma \u00e7\u0131kmay\u0131 ba\u015fard\u0131.\n\nAdam Adelson, Elliott Skeer ve Tom Sargent ile birlikte m\u00fccadele eden temsilcimiz, \u00fcnl\u00fc Daytona pistinde ya\u015fanan m\u00fccadelenin son b\u00f6l\u00fcm\u00fcnde direksiyon ba\u015f\u0131na ge\u00e7ti. Son saatte yap\u0131lan ekstra pit stop ard\u0131ndan dokuzunculu\u011fa gerileyen Ayhancan, yapt\u0131\u011f\u0131 ataklar ile liderin sadece 1.4 saniye gerisinde damal\u0131 bayra\u011f\u0131n alt\u0131ndan ikinci s\u0131rada ge\u00e7meyi ba\u015fard\u0131.\n\nDaytona 24 Saat\u2019te piste \u00e7\u0131kan di\u011fer temsilcimiz  Salih Yolu\u00e7 ise, tak\u0131m arkada\u015f\u0131 Charlie Eastwood direksiyondayken arac\u0131n alev almas\u0131 sonucu yar\u0131\u015f\u0131 tamamlayamad\u0131.\n\n\" class=\"wp-image-2176\" srcset=\"https:\/\/torkspor.com\/wp-content\/uploads\/2025\/01\/Ayhancan_Daytona24h_0002-1024x682.jpg 1024w, https:\/\/torkspor.com\/wp-content\/uploads\/2025\/01\/Ayhancan_Daytona24h_0002-300x200.jpg 300w, https:\/\/torkspor.com\/wp-content\/uploads\/2025\/01\/Ayhancan_Daytona24h_0002-768x512.jpg 768w, https:\/\/torkspor.com\/wp-content\/uploads\/2025\/01\/Ayhancan_Daytona24h_0002-1536x1024.jpg 1536w, https:\/\/torkspor.com\/wp-content\/uploads\/2025\/01\/Ayhancan_Daytona24h_0002.jpg 2000w\" sizes=\"(max-width: 1024px) 100vw, 1024px\" \/><\/figure>\n\n\n\n<p>Bu sonu\u00e7la birlikte, Wright Motorsports tak\u0131m\u0131 ve Ayhancan G\u00fcven, GTD s\u0131n\u0131f\u0131nda \u00f6nemli bir ba\u015far\u0131 elde etmi\u015f oldu.<\/p>\n\n\n\n<p><\/p>\n","protected":false},"excerpt":{"rendered":"<p>IMSA Spor Otomobiller \u015eampiyonas\u0131\u2019n\u0131n ilk aya\u011f\u0131 Daytona 24 Saat Yar\u0131\u015f\u0131\u2019nda, milli sporcumuz Ayhancan G\u00fcven\u2019in s\u00fcr\u00fcc\u00fcleri aras\u0131nda yer ald\u0131\u011f\u0131 Wright Motorsport<\/p>\n","protected":false},"author":2,"featured_media":2178,"comment_status":"open","ping_status":"open","sticky":false,"template":"","format":"standard","meta":{"footnotes":""},"categories":[3,5,2],"tags":[],"class_list":["post-2173","post","type-post","status-publish","format-standard","has-post-thumbnail","hentry","category-dunyadasporcularimiz","category-haberler","category-pist"],"magazineBlocksPostFeaturedMedia":{"thumbnail":"https:\/\/torkspor.com\/wp-content\/uploads\/2025\/01\/Ayhancan_Daytona24h_0001-1024x682-2-150x150.jpg","medium":"https:\/\/torkspor.com\/wp-content\/uploads\/2025\/01\/Ayhancan_Daytona24h_0001-1024x682-2-300x200.jpg","medium_large":"https:\/\/torkspor.com\/wp-content\/uploads\/2025\/01\/Ayhancan_Daytona24h_0001-1024x682-2-768x512.jpg","large":"https:\/\/torkspor.com\/wp-content\/uploads\/2025\/01\/Ayhancan_Daytona24h_0001-1024x682-2.jpg","1536x1536":"https:\/\/torkspor.com\/wp-content\/uploads\/2025\/01\/Ayhancan_Daytona24h_0001-1024x682-2.jpg","2048x2048":"https:\/\/torkspor.com\/wp-content\/uploads\/2025\/01\/Ayhancan_Daytona24h_0001-1024x682-2.jpg","colormag-highlighted-post":"https:\/\/torkspor.com\/wp-content\/uploads\/2025\/01\/Ayhancan_Daytona24h_0001-1024x682-2-392x272.jpg","colormag-featured-post-medium":"https:\/\/torkspor.com\/wp-content\/uploads\/2025\/01\/Ayhancan_Daytona24h_0001-1024x682-2-390x205.jpg","colormag-featured-post-small":"https:\/\/torkspor.com\/wp-content\/uploads\/2025\/01\/Ayhancan_Daytona24h_0001-1024x682-2-130x90.jpg","colormag-featured-image":"https:\/\/torkspor.com\/wp-content\/uploads\/2025\/01\/Ayhancan_Daytona24h_0001-1024x682-2-800x445.jpg","colormag-default-news":"https:\/\/torkspor.com\/wp-content\/uploads\/2025\/01\/Ayhancan_Daytona24h_0001-1024x682-2-150x150.jpg","colormag-featured-image-large":"https:\/\/torkspor.com\/wp-content\/uploads\/2025\/01\/Ayhancan_Daytona24h_0001-1024x682-2-1024x600.jpg","colormag-elementor-block-extra-large-thumbnail":"https:\/\/torkspor.com\/wp-content\/uploads\/2025\/01\/Ayhancan_Daytona24h_0001-1024x682-2-1024x480.jpg","colormag-elementor-grid-large-thumbnail":"https:\/\/torkspor.com\/wp-content\/uploads\/2025\/01\/Ayhancan_Daytona24h_0001-1024x682-2-600x417.jpg","colormag-elementor-grid-small-thumbnail":"https:\/\/torkspor.com\/wp-content\/uploads\/2025\/01\/Ayhancan_Daytona24h_0001-1024x682-2-285x450.jpg","colormag-elementor-grid-medium-large-thumbnail":"https:\/\/torkspor.com\/wp-content\/uploads\/2025\/01\/Ayhancan_Daytona24h_0001-1024x682-2-575x198.jpg"},"magazineBlocksPostAuthor":{"name":"Okan \u00c7etiner","avatar":"https:\/\/secure.gravatar.com\/avatar\/0b8d387b873c3962ae491deaf4b94a08a9b0dbc2778155c139691933252f8856?s=96&d=mm&r=g"},"magazineBlocksPostCommentsNumber":"0","magazineBlocksPostExcerpt":"IMSA Spor Otomobiller \u015eampiyonas\u0131\u2019n\u0131n ilk aya\u011f\u0131 Daytona 24 Saat Yar\u0131\u015f\u0131\u2019nda, milli sporcumuz Ayhancan G\u00fcven\u2019in s\u00fcr\u00fcc\u00fcleri aras\u0131nda yer ald\u0131\u011f\u0131 Wright Motorsport","magazineBlocksPostCategories":["D\u00fcnyada Sporcular\u0131m\u0131z","Haberler","Pist"],"magazine_blocks_featured_image_url":{"full":["https:\/\/torkspor.com\/wp-content\/uploads\/2025\/01\/Ayhancan_Daytona24h_0001-1024x682-2.jpg",1024,682,false],"medium":["https:\/\/torkspor.com\/wp-content\/uploads\/2025\/01\/Ayhancan_Daytona24h_0001-1024x682-2-300x200.jpg",300,200,true],"thumbnail":["https:\/\/torkspor.com\/wp-content\/uploads\/2025\/01\/Ayhancan_Daytona24h_0001-1024x682-2-150x150.jpg",150,150,true]},"magazine_blocks_author":{"display_name":"Okan \u00c7etiner","author_link":"https:\/\/torkspor.com\/?author=2"},"magazine_blocks_comment":5,"magazine_blocks_author_image":"https:\/\/secure.gravatar.com\/avatar\/0b8d387b873c3962ae491deaf4b94a08a9b0dbc2778155c139691933252f8856?s=96&d=mm&r=g","magazine_blocks_category":"<a href=\"https:\/\/torkspor.com\/?cat=3\" rel=\"category\">D\u00fcnyada Sporcular\u0131m\u0131z<\/a> <a href=\"https:\/\/torkspor.com\/?cat=5\" rel=\"category\">Haberler<\/a> <a href=\"https:\/\/torkspor.com\/?cat=2\" rel=\"category\">Pist<\/a>","_links":{"self":[{"href":"https:\/\/torkspor.com\/index.php?rest_route=\/wp\/v2\/posts\/2173","targetHints":{"allow":["GET"]}}],"collection":[{"href":"https:\/\/torkspor.com\/index.php?rest_route=\/wp\/v2\/posts"}],"about":[{"href":"https:\/\/torkspor.com\/index.php?rest_route=\/wp\/v2\/types\/post"}],"author":[{"embeddable":true,"href":"https:\/\/torkspor.com\/index.php?rest_route=\/wp\/v2\/users\/2"}],"replies":[{"embeddable":true,"href":"https:\/\/torkspor.com\/index.php?rest_route=%2Fwp%2Fv2%2Fcomments&post=2173"}],"version-history":[{"count":1,"href":"https:\/\/torkspor.com\/index.php?rest_route=\/wp\/v2\/posts\/2173\/revisions"}],"predecessor-version":[{"id":2179,"href":"https:\/\/torkspor.com\/index.php?rest_route=\/wp\/v2\/posts\/2173\/revisions\/2179"}],"wp:featuredmedia":[{"embeddable":true,"href":"https:\/\/torkspor.com\/index.php?rest_route=\/wp\/v2\/media\/2178"}],"wp:attachment":[{"href":"https:\/\/torkspor.com\/index.php?rest_route=%2Fwp%2Fv2%2Fmedia&parent=2173"}],"wp:term":[{"taxonomy":"category","embeddable":true,"href":"https:\/\/torkspor.com\/index.php?rest_route=%2Fwp%2Fv2%2Fcategories&post=2173"},{"taxonomy":"post_tag","embeddable":true,"href":"https:\/\/torkspor.com\/index.php?rest_route=%2Fwp%2Fv2%2Ftags&post=2173"}],"curies":[{"name":"wp","href":"https:\/\/api.w.org\/{rel}","templated":true}]}}