{"id":2180,"date":"2025-01-27T17:55:59","date_gmt":"2025-01-27T14:55:59","guid":{"rendered":"https:\/\/torkspor.com\/?p=2180"},"modified":"2025-01-27T17:56:01","modified_gmt":"2025-01-27T14:56:01","slug":"fransiz-wrcnin-sezon-acilisinda-10-kez-zafere-ulasarak-rekoru-uzatti","status":"publish","type":"post","link":"https:\/\/torkspor.com\/?p=2180","title":{"rendered":"FRANSIZ, WRC&#8217;N\u0130N SEZON A\u00c7ILI\u015eINDA 10. KEZ ZAFERE ULA\u015eARAK REKORU UZATTI."},"content":{"rendered":"\n<p><a href=\"https:\/\/click.redbullmediapitch.com\/CL0\/https:%2F%2Fwww.redbullcontentpool.com%2Ffiawrc%2FCP-S-19175%3FtcLang=en%26locale=en%26mp=eAEVkQcNA0EMwChlX1I2mfwhVE_Akm01Ol_wJfY0KzBq0MHF18-mfxkrPY8s-1BNtqx5lM04X0j1lW3VsKpOB1ZupV3zhqHlKg-TNMheLrxTQXigdPkMeNswoi3H12RUHlMhD8WKS411iqewMj1_egUCEi07G8-XGV4t-uusi9d4rG-QPAvobVXqsEI70JUlbGU_3B6RvbZyxlIF_CSjaRVpL_sNgPU7mnGv-OhGmUfHxsA7U8gyVsimCXPQiUcYsjVJJFaVrbtEIZ7v4J6dOB7E4GEyXJQTVPq91GpJ5yUJUq9-sqlZ_qW7UIUOv5XtLRQ1L_AIlugwXiZ9TFsB8s0D6ITwvNDoNEk2baS4DjXpyQV08iYZLG-NPzwBjuM%26utm_source=mp_contact_362090%26utm_campaign=mp_version_12359%26utm_medium=mediapitch\/3\/01020194a31e4d77-4c92d579-0c82-4984-8895-aad8d044745a-000000\/QZhdshKp41qrMVKTwcIrsmOHS85hJPtNAFHzQMKfFDI=389\" target=\"_blank\" rel=\"noreferrer noopener\">S\u00e9bastien Ogier Monte-Carlo Rallisi&#8217;nde 10 Numara Yapt\u0131<\/a>. S\u00e9bastien Ogier, 2025 FIA D\u00fcnya Ralli \u015eampiyonas\u0131&#8217;n\u0131n a\u00e7\u0131l\u0131\u015f aya\u011f\u0131 olan Rallye Monte-Carlo&#8217;da 10. galibiyetini alarak rekorunu k\u0131rarak ad\u0131n\u0131 tarihe yazd\u0131rd\u0131.<\/p>\n\n\n\n<figure class=\"wp-block-image size-large is-resized\"><img fetchpriority=\"high\" decoding=\"async\" width=\"1024\" height=\"683\" src=\"https:\/\/torkspor.com\/wp-content\/uploads\/2025\/01\/SI202501250172-1024x683.jpg\" alt=\"\" class=\"wp-image-2181\" style=\"width:1742px;height:auto\" srcset=\"https:\/\/torkspor.com\/wp-content\/uploads\/2025\/01\/SI202501250172-1024x683.jpg 1024w, https:\/\/torkspor.com\/wp-content\/uploads\/2025\/01\/SI202501250172-300x200.jpg 300w, https:\/\/torkspor.com\/wp-content\/uploads\/2025\/01\/SI202501250172-768x512.jpg 768w, https:\/\/torkspor.com\/wp-content\/uploads\/2025\/01\/SI202501250172-1536x1024.jpg 1536w, https:\/\/torkspor.com\/wp-content\/uploads\/2025\/01\/SI202501250172-2048x1365.jpg 2048w\" sizes=\"(max-width: 1024px) 100vw, 1024px\" \/><figcaption class=\"wp-element-caption\">Elfyn Evans (GB) and Scott Martin (GB) of team TOYOTA GAZOO RACING WRT are seen performing during the World Rally Championship Monte-Carlo in Gap, France on January 25, 2025. \/\/ Jaanus Ree \/ Red Bull Content Pool \/\/ SI202501250172 \/\/ Usage for editorial use only \/\/<\/figcaption><\/figure>\n\n\n\n<p>Toyota GR Yaris Rally1 kullanan Ogier, Frans\u0131z Alpleri&#8217;ndeki t\u0131rnak \u0131s\u0131rtan son g\u00fcn\u00fcn ard\u0131ndan Toyota GAZOO Racing&#8217;deki tak\u0131m arkada\u015f\u0131 Elfyn Evans&#8217;\u0131 18,5 saniye geride b\u0131rakarak zafere ula\u015ft\u0131.<\/p>\n\n\n\n<p>Pazar g\u00fcnk\u00fc belirleyici final aya\u011f\u0131 gidi\u015fat\u0131 de\u011fi\u015ftirme tehdidinde bulundu. Ogier ve Toyota GAZOO Racing tak\u0131m arkada\u015f\u0131 Elfyn Evans, d\u00f6rt \u00e7ivili Hankook lasti\u011fi ve sadece iki s\u00fcper yumu\u015fak slick lastik takmay\u0131 tercih etti &#8211; bu yakla\u015f\u0131m Avan\u00e7on &#8211; Notre-Dame du Laus&#8217;un buzlu yollar\u0131nda etkili oldu ancak onlar\u0131 Digne-les-Bains \/ Chaudon-Norante&#8217;deki daha kuru sondan bir \u00f6nceki testte savunmas\u0131z b\u0131rakt\u0131. Orada, Adrien Fourmaux tam slick kurulumunda parlad\u0131, her iki Toyota&#8217;y\u0131 s\u0131ras\u0131yla 23,9 saniye ve 17,8 saniye geride b\u0131rakt\u0131 ve bir an i\u00e7in podyum s\u0131ras\u0131n\u0131 bozmakla tehdit etti.<\/p>\n\n\n\n<figure class=\"wp-block-image size-large is-resized\"><img decoding=\"async\" width=\"1024\" height=\"683\" src=\"https:\/\/torkspor.com\/wp-content\/uploads\/2025\/01\/SI202501260048-1024x683.jpg\" alt=\"\" class=\"wp-image-2182\" style=\"width:1741px;height:auto\" srcset=\"https:\/\/torkspor.com\/wp-content\/uploads\/2025\/01\/SI202501260048-1024x683.jpg 1024w, https:\/\/torkspor.com\/wp-content\/uploads\/2025\/01\/SI202501260048-300x200.jpg 300w, https:\/\/torkspor.com\/wp-content\/uploads\/2025\/01\/SI202501260048-768x512.jpg 768w, https:\/\/torkspor.com\/wp-content\/uploads\/2025\/01\/SI202501260048-1536x1024.jpg 1536w, https:\/\/torkspor.com\/wp-content\/uploads\/2025\/01\/SI202501260048-2048x1365.jpg 2048w\" sizes=\"(max-width: 1024px) 100vw, 1024px\" \/><figcaption class=\"wp-element-caption\">Adrien Fourmaux (FRA) and Alex Coria (BEL) driving their Hyundai i20 N Rally1 during Rallye Monte-Carlo, round one of the 2025 FIA World Rally Championship on 26 January 2025. \/\/ WRC Promoter GmbH \/ Red Bull Content Pool \/\/ SI202501260048 \/\/ Usage for editorial use only \/\/<\/figcaption><\/figure>\n\n\n\n<p>M-Sport Ford&#8217;dan sezon d\u0131\u015f\u0131 ge\u00e7i\u015finin ard\u0131ndan Hyundai WRC&#8217;deki ilk \u00e7\u0131k\u0131\u015f\u0131n\u0131 yapan Fourmaux, ralli sonu Wolf Power Stage&#8217;de kaygan lastik avantaj\u0131n\u0131 en \u00fcst d\u00fczeye \u00e7\u0131karmak i\u00e7in daha kuru ko\u015fullar umuyordu. Bunun yerine buzlu Col de Turini oyun alan\u0131n\u0131 dengeledi ve onu Ogier ve Evans ile ayn\u0131 karma lastik d\u00fczeninde b\u0131rakt\u0131.<\/p>\n\n\n\n<p>Ogier bir etap galibiyetiyle durumu telafi ederken, Evans ise Fourmaux&#8217;un ge\u00e7 ataklar\u0131n\u0131, bir kaya y\u00fczeyine \u00e7arpmas\u0131na ra\u011fmen sadece 7,5 saniyeyle durdurmay\u0131 ba\u015fard\u0131.<\/p>\n\n\n\n<p>&#8220;Ne hafta sonuydu ama&#8221; diye d\u00fc\u015f\u00fcnd\u00fc Ogier. Buradaki ilk zaferini 2009&#8217;da Rallye Monte-Carlo&#8217;nun IRC g\u00fcnlerinde kazanm\u0131\u015ft\u0131.<\/p>\n\n\n\n<figure class=\"wp-block-image size-large is-resized\"><img decoding=\"async\" width=\"1024\" height=\"683\" src=\"https:\/\/torkspor.com\/wp-content\/uploads\/2025\/01\/SI202501260038-1024x683.jpg\" alt=\"\" class=\"wp-image-2183\" style=\"width:1742px;height:auto\" srcset=\"https:\/\/torkspor.com\/wp-content\/uploads\/2025\/01\/SI202501260038-1024x683.jpg 1024w, https:\/\/torkspor.com\/wp-content\/uploads\/2025\/01\/SI202501260038-300x200.jpg 300w, https:\/\/torkspor.com\/wp-content\/uploads\/2025\/01\/SI202501260038-768x512.jpg 768w, https:\/\/torkspor.com\/wp-content\/uploads\/2025\/01\/SI202501260038-1536x1024.jpg 1536w, https:\/\/torkspor.com\/wp-content\/uploads\/2025\/01\/SI202501260038-2048x1365.jpg 2048w\" sizes=\"(max-width: 1024px) 100vw, 1024px\" \/><figcaption class=\"wp-element-caption\">Sebastien Ogier (FRA)  Vincent Landais (FRA) Of team TOYOTA GAZOO RACING WRT are seen performing during the  World Rally Championship Monte-Carlo in Gap, France on  26,January. 2025 \/\/ Jaanus Ree \/ Red Bull Content Pool \/\/ SI202501260038 \/\/ Usage for editorial use only \/\/<\/figcaption><\/figure>\n\n\n\n<p>&#8220;Nereden ba\u015flayaca\u011f\u0131m\u0131 bilmiyorum, ne hafta sonuydu. San\u0131r\u0131m bu hafta sonu \u015fansl\u0131 y\u0131ld\u0131z\u0131m yan\u0131mdayd\u0131 &#8211; bir y\u0131l \u00f6nce kaybetti\u011fimiz amcam. Bana her \u015feyi getirdi\u011finden eminim ve bu onun i\u00e7in. Son [Rallye Monte-Carlo] olup olmad\u0131\u011f\u0131m\u0131 bilmiyorum. Durmak i\u00e7in iyi bir yer olurdu.&#8221;<\/p>\n\n\n\n<p>Dram, podyum m\u00fccadelesinin \u00e7ok \u00f6tesine uzand\u0131, Pazar g\u00fcnk\u00fc tehlikeli ko\u015fullar pistin a\u015fa\u011f\u0131s\u0131nda da tahribata yol a\u00e7t\u0131. Toyota&#8217;dan Sami Pajari ve Takamoto Katsuta, SS17&#8217;de yoldan \u00e7\u0131karken, Gr\u00e9goire Munster&#8217;\u0131n M-Sport Ford Puma Rally1&#8217;i de hemen bir sonraki etapta benzer bir kaderle kar\u015f\u0131la\u015ft\u0131.<\/p>\n\n\n\n<p>Evans&#8217;\u0131n arkas\u0131nda, Hyundai&#8217;den Ott T\u00e4nak, kendi lastik yanl\u0131\u015f de\u011ferlendirmesi nedeniyle son g\u00fcnde d\u00f6rd\u00fcnc\u00fc s\u0131ray\u0131 Toyota&#8217;dan Kalle Rovanper\u00e4&#8217;ya b\u0131rakt\u0131. \u0130kili sadece 4,7 saniye arayla bitirdi ve her iki s\u00fcr\u00fcc\u00fc de kar ve buz fikst\u00fcr\u00fcn\u00fcn \u00f6nceki kazananlar\u0131 olarak gelecek ayki \u0130sve\u00e7 Rallisi&#8217;nde geri d\u00f6nmeye hevesli.<\/p>\n\n\n\n<figure class=\"wp-block-image size-large is-resized\"><img loading=\"lazy\" decoding=\"async\" width=\"1024\" height=\"683\" src=\"https:\/\/torkspor.com\/wp-content\/uploads\/2025\/01\/SI202501260035-1024x683.jpg\" alt=\"\" class=\"wp-image-2184\" style=\"width:1742px;height:auto\" srcset=\"https:\/\/torkspor.com\/wp-content\/uploads\/2025\/01\/SI202501260035-1024x683.jpg 1024w, https:\/\/torkspor.com\/wp-content\/uploads\/2025\/01\/SI202501260035-300x200.jpg 300w, https:\/\/torkspor.com\/wp-content\/uploads\/2025\/01\/SI202501260035-768x512.jpg 768w, https:\/\/torkspor.com\/wp-content\/uploads\/2025\/01\/SI202501260035-1536x1024.jpg 1536w, https:\/\/torkspor.com\/wp-content\/uploads\/2025\/01\/SI202501260035-2048x1365.jpg 2048w\" sizes=\"(max-width: 1024px) 100vw, 1024px\" \/><figcaption class=\"wp-element-caption\">Sebastien Ogier (FRA)  Vincent Landais (FRA) Of team TOYOTA GAZOO RACING WRT   celebrate on the podium in first place after winning the World Rally Championship in Monaco, Monte-Carlo on 26.01.2025  third place \/\/ Jaanus Ree \/ Red Bull Content Pool \/\/ SI202501260035 \/\/ Usage for editorial use only \/\/<\/figcaption><\/figure>\n\n\n\n<p>\u015eampiyonluk unvan\u0131n\u0131 savunan Thierry Neuville, \u00e7alkant\u0131l\u0131 bir olaydan sonra alt\u0131nc\u0131 s\u0131ray\u0131 kurtard\u0131. Erken bir kazadan kaynaklanan k\u0131r\u0131k s\u00fcspansiyon, patlak lastik ve a\u00e7\u0131klanamayan bir elektrik sorunu kombinasyonu, ona be\u015f dakikadan fazla mal oldu ve ge\u00e7en y\u0131lki zaferini koruma umutlar\u0131n\u0131 engelledi.<\/p>\n\n\n\n<p>M-Sport Ford&#8217;dan Josh McErlean, Rally1&#8217;deki ilk yar\u0131\u015f\u0131nda yedinci olarak etkileyici bir performans sergilerken, Rally2&#8217;deki yar\u0131\u015fmac\u0131lar\u0131 Yohan Rossel, Nikolay Gryazin ve Gus Greensmith ilk 10&#8217;u tamamlad\u0131. Rossel&#8217;in ola\u011fan\u00fcst\u00fc performans\u0131, ona WRC2 \u015fampiyonas\u0131nda erken bir liderlik kazand\u0131rd\u0131.<\/p>\n\n\n\n<p>WRC&#8217;nin ikinci turu \u0130sve\u00e7&#8217;in kar ve buzunda ger\u00e7ekle\u015fir. Serinin tek saf k\u0131\u015f fikst\u00fcr\u00fc 13 &#8211; 16 \u015eubat tarihleri aras\u0131nda Ume\u00e5&#8217;da ger\u00e7ekle\u015fir.<\/p>\n\n\n\n<figure class=\"wp-block-image size-large is-resized\"><img loading=\"lazy\" decoding=\"async\" width=\"1024\" height=\"683\" src=\"https:\/\/torkspor.com\/wp-content\/uploads\/2025\/01\/SI202501260024-1024x683.jpg\" alt=\"\" class=\"wp-image-2185\" style=\"width:1742px;height:auto\" srcset=\"https:\/\/torkspor.com\/wp-content\/uploads\/2025\/01\/SI202501260024-1024x683.jpg 1024w, https:\/\/torkspor.com\/wp-content\/uploads\/2025\/01\/SI202501260024-300x200.jpg 300w, https:\/\/torkspor.com\/wp-content\/uploads\/2025\/01\/SI202501260024-768x512.jpg 768w, https:\/\/torkspor.com\/wp-content\/uploads\/2025\/01\/SI202501260024-1536x1024.jpg 1536w, https:\/\/torkspor.com\/wp-content\/uploads\/2025\/01\/SI202501260024-2048x1365.jpg 2048w\" sizes=\"(max-width: 1024px) 100vw, 1024px\" \/><figcaption class=\"wp-element-caption\">Sebastien Ogier (FRA)  Vincent Landais (FRA) Of team TOYOTA GAZOO RACING WRT   celebrate on the podium in first place after winning the World Rally Championship in Monaco, Monte-Carlo on 26.01.2025  third place \/\/ Jaanus Ree \/ Red Bull Content Pool \/\/ SI202501260024 \/\/ Usage for editorial use only \/\/<\/figcaption><\/figure>\n\n\n\n<p><strong>Ralli S\u0131n\u0131fland\u0131rmas\u0131:<\/strong><br>1. S Ogier \/ V Landais FRA Toyota GR Yaris 3s 19dk 6.1s<br>2. E Evans \/ S Martin B\u00fcy\u00fck Britanya Toyota GR Yaris +18.5<br>3. A Fourmaux \/ A Coria FRA Hyundai i20 N +26.0s<br>4. K Rovanper\u00e4 \/ J Halttunen FIN Toyota GR Yaris +54.3s<br>5. O T\u00e4nak \/ M J\u00e4rveoja EST Hyundai i20 N +59.0s<br>6. T Neuville \/ M Wydaeghe BEL Hyundai i20 N +5m 44.6s<br><br><strong>S\u00fcr\u00fcc\u00fcler \u015eampiyonas\u0131 S\u0131ralamas\u0131 (14 Turun 1. Turu Sonras\u0131nda):<\/strong><br>1. S Ogier 33 puan<br>2. E Evans 26 puan<br>3. Bir Fourmaux 20 puan<br><br><strong>\u00dcreticiler \u015eampiyonas\u0131 S\u0131ralamas\u0131 (14 Turun 1. Turu Sonras\u0131nda):<\/strong><br>1. Toyota GAZOO Yar\u0131\u015f WRT 60 puan<br>2. Hyundai Shell Mobis WRT 36 puan<br>3. M-Sport Ford WRT 11 puan<\/p>\n\n\n\n<p><\/p>\n","protected":false},"excerpt":{"rendered":"<p>S\u00e9bastien Ogier Monte-Carlo Rallisi&#8217;nde 10 Numara Yapt\u0131. S\u00e9bastien Ogier, 2025 FIA D\u00fcnya Ralli \u015eampiyonas\u0131&#8217;n\u0131n a\u00e7\u0131l\u0131\u015f aya\u011f\u0131 olan Rallye Monte-Carlo&#8217;da 10.<\/p>\n","protected":false},"author":2,"featured_media":2185,"comment_status":"open","ping_status":"open","sticky":false,"template":"","format":"standard","meta":{"footnotes":""},"categories":[14,5,21],"tags":[],"class_list":["post-2180","post","type-post","status-publish","format-standard","has-post-thumbnail","hentry","category-dunya","category-haberler","category-ralli"],"magazineBlocksPostFeaturedMedia":{"thumbnail":"https:\/\/torkspor.com\/wp-content\/uploads\/2025\/01\/SI202501260024-150x150.jpg","medium":"https:\/\/torkspor.com\/wp-content\/uploads\/2025\/01\/SI202501260024-300x200.jpg","medium_large":"https:\/\/torkspor.com\/wp-content\/uploads\/2025\/01\/SI202501260024-768x512.jpg","large":"https:\/\/torkspor.com\/wp-content\/uploads\/2025\/01\/SI202501260024-1024x683.jpg","1536x1536":"https:\/\/torkspor.com\/wp-content\/uploads\/2025\/01\/SI202501260024-1536x1024.jpg","2048x2048":"https:\/\/torkspor.com\/wp-content\/uploads\/2025\/01\/SI202501260024-2048x1365.jpg","colormag-highlighted-post":"https:\/\/torkspor.com\/wp-content\/uploads\/2025\/01\/SI202501260024-392x272.jpg","colormag-featured-post-medium":"https:\/\/torkspor.com\/wp-content\/uploads\/2025\/01\/SI202501260024-390x205.jpg","colormag-featured-post-small":"https:\/\/torkspor.com\/wp-content\/uploads\/2025\/01\/SI202501260024-130x90.jpg","colormag-featured-image":"https:\/\/torkspor.com\/wp-content\/uploads\/2025\/01\/SI202501260024-800x445.jpg","colormag-default-news":"https:\/\/torkspor.com\/wp-content\/uploads\/2025\/01\/SI202501260024-150x150.jpg","colormag-featured-image-large":"https:\/\/torkspor.com\/wp-content\/uploads\/2025\/01\/SI202501260024-1400x600.jpg","colormag-elementor-block-extra-large-thumbnail":"https:\/\/torkspor.com\/wp-content\/uploads\/2025\/01\/SI202501260024-1155x480.jpg","colormag-elementor-grid-large-thumbnail":"https:\/\/torkspor.com\/wp-content\/uploads\/2025\/01\/SI202501260024-600x417.jpg","colormag-elementor-grid-small-thumbnail":"https:\/\/torkspor.com\/wp-content\/uploads\/2025\/01\/SI202501260024-285x450.jpg","colormag-elementor-grid-medium-large-thumbnail":"https:\/\/torkspor.com\/wp-content\/uploads\/2025\/01\/SI202501260024-575x198.jpg"},"magazineBlocksPostAuthor":{"name":"Okan \u00c7etiner","avatar":"https:\/\/secure.gravatar.com\/avatar\/0b8d387b873c3962ae491deaf4b94a08a9b0dbc2778155c139691933252f8856?s=96&d=mm&r=g"},"magazineBlocksPostCommentsNumber":"0","magazineBlocksPostExcerpt":"S\u00e9bastien Ogier Monte-Carlo Rallisi&#8217;nde 10 Numara Yapt\u0131. S\u00e9bastien Ogier, 2025 FIA D\u00fcnya Ralli \u015eampiyonas\u0131&#8217;n\u0131n a\u00e7\u0131l\u0131\u015f aya\u011f\u0131 olan Rallye Monte-Carlo&#8217;da 10.","magazineBlocksPostCategories":["D\u00fcnya","Haberler","Ralli"],"magazine_blocks_featured_image_url":{"full":["https:\/\/torkspor.com\/wp-content\/uploads\/2025\/01\/SI202501260024-scaled.jpg",2560,1707,false],"medium":["https:\/\/torkspor.com\/wp-content\/uploads\/2025\/01\/SI202501260024-300x200.jpg",300,200,true],"thumbnail":["https:\/\/torkspor.com\/wp-content\/uploads\/2025\/01\/SI202501260024-150x150.jpg",150,150,true]},"magazine_blocks_author":{"display_name":"Okan \u00c7etiner","author_link":"https:\/\/torkspor.com\/?author=2"},"magazine_blocks_comment":1,"magazine_blocks_author_image":"https:\/\/secure.gravatar.com\/avatar\/0b8d387b873c3962ae491deaf4b94a08a9b0dbc2778155c139691933252f8856?s=96&d=mm&r=g","magazine_blocks_category":"<a href=\"https:\/\/torkspor.com\/?cat=14\" rel=\"category\">D\u00fcnya<\/a> <a href=\"https:\/\/torkspor.com\/?cat=5\" rel=\"category\">Haberler<\/a> <a href=\"https:\/\/torkspor.com\/?cat=21\" rel=\"category\">Ralli<\/a>","_links":{"self":[{"href":"https:\/\/torkspor.com\/index.php?rest_route=\/wp\/v2\/posts\/2180","targetHints":{"allow":["GET"]}}],"collection":[{"href":"https:\/\/torkspor.com\/index.php?rest_route=\/wp\/v2\/posts"}],"about":[{"href":"https:\/\/torkspor.com\/index.php?rest_route=\/wp\/v2\/types\/post"}],"author":[{"embeddable":true,"href":"https:\/\/torkspor.com\/index.php?rest_route=\/wp\/v2\/users\/2"}],"replies":[{"embeddable":true,"href":"https:\/\/torkspor.com\/index.php?rest_route=%2Fwp%2Fv2%2Fcomments&post=2180"}],"version-history":[{"count":1,"href":"https:\/\/torkspor.com\/index.php?rest_route=\/wp\/v2\/posts\/2180\/revisions"}],"predecessor-version":[{"id":2186,"href":"https:\/\/torkspor.com\/index.php?rest_route=\/wp\/v2\/posts\/2180\/revisions\/2186"}],"wp:featuredmedia":[{"embeddable":true,"href":"https:\/\/torkspor.com\/index.php?rest_route=\/wp\/v2\/media\/2185"}],"wp:attachment":[{"href":"https:\/\/torkspor.com\/index.php?rest_route=%2Fwp%2Fv2%2Fmedia&parent=2180"}],"wp:term":[{"taxonomy":"category","embeddable":true,"href":"https:\/\/torkspor.com\/index.php?rest_route=%2Fwp%2Fv2%2Fcategories&post=2180"},{"taxonomy":"post_tag","embeddable":true,"href":"https:\/\/torkspor.com\/index.php?rest_route=%2Fwp%2Fv2%2Ftags&post=2180"}],"curies":[{"name":"wp","href":"https:\/\/api.w.org\/{rel}","templated":true}]}}