{"id":2192,"date":"2025-01-29T15:31:31","date_gmt":"2025-01-29T12:31:31","guid":{"rendered":"https:\/\/torkspor.com\/?p=2192"},"modified":"2025-02-02T14:54:21","modified_gmt":"2025-02-02T11:54:21","slug":"kerem-kazaz-2025-sezonunun-ilk-rallisine-hazir","status":"publish","type":"post","link":"https:\/\/torkspor.com\/?p=2192","title":{"rendered":"KEREM KAZAZ 2025 SEZONUNUN \u0130LK RALL\u0130S\u0130NE HAZIR"},"content":{"rendered":"\n<p>Milli sporcumuz Kerem Kazaz, \u015fampiyonluk ile ta\u00e7land\u0131r\u0131lan 2024 sezonunun ard\u0131ndan 2025 y\u0131l\u0131na Finlandiya\u2019da g\u00fc\u00e7l\u00fc bir giri\u015f yap\u0131yor. Kazaz\u2019\u0131n bu sezonki ilk dura\u011f\u0131 Arctic Lapland Rally olacak.<\/p>\n\n\n\n<figure class=\"wp-block-image size-large\"><img fetchpriority=\"high\" decoding=\"async\" width=\"1024\" height=\"683\" src=\"https:\/\/torkspor.com\/wp-content\/uploads\/2025\/01\/1FO09655-1024x683.jpg\" alt=\"\" class=\"wp-image-2194\" srcset=\"https:\/\/torkspor.com\/wp-content\/uploads\/2025\/01\/1FO09655-1024x683.jpg 1024w, https:\/\/torkspor.com\/wp-content\/uploads\/2025\/01\/1FO09655-300x200.jpg 300w, https:\/\/torkspor.com\/wp-content\/uploads\/2025\/01\/1FO09655-768x512.jpg 768w, https:\/\/torkspor.com\/wp-content\/uploads\/2025\/01\/1FO09655-1536x1024.jpg 1536w, https:\/\/torkspor.com\/wp-content\/uploads\/2025\/01\/1FO09655-2048x1365.jpg 2048w\" sizes=\"(max-width: 1024px) 100vw, 1024px\" \/><\/figure>\n\n\n\n<p><strong>Test ve haz\u0131rl\u0131k amac\u0131yla Finlandiya\u2019da m\u00fccadele edecek.<\/strong><\/p>\n\n\n\n<p>Bu sene D\u00fcnya Ralli \u015eampiyonas\u0131nda yar\u0131\u015facak Kerem Kazaz, 13-16 \u015eubat tarihlerinde ger\u00e7ekle\u015fecek \u0130sve\u00e7 Rallisi \u00f6ncesi test ve haz\u0131rl\u0131k amac\u0131yla 31 Ocak-1 \u015eubat tarihlerinde 60.Arctic Lapland Rally\u2019de m\u00fccadele edecek. Petrol Ofisi\u2019nin deste\u011fi ile Team Petrol Ofisi ad\u0131na yar\u0131\u015fan Kazaz\u2019\u0131n hedefi, D\u00fcnya Ralli \u015eampiyonas\u0131 \u00f6ncesi karl\u0131 zemine al\u0131\u015fmak ve uzun s\u00fcre sonra direksiyonu ba\u015f\u0131na ge\u00e7ece\u011fi Ford Fiesta Rally3 otomobiline uyum sa\u011flamak.&nbsp;<\/p>\n\n\n\n<p>Finlandiya Ralli \u015eampiyonas\u0131\u2019n\u0131n 2.aya\u011f\u0131 olan Arctic Lapland Rallisi, Finlandiya\u2019n\u0131n Rovaniemi \u015fehrinde ger\u00e7ekle\u015fecek. Kar zeminde ko\u015fulacak bu ralli 2 g\u00fcn s\u00fcrecek ve toplam 215 km uzunlu\u011fundaki 13 \u00f6zel etaptan olu\u015facak. Kerem\u2019in co-pilotlu\u011funu Corentin Silvestre \u00fcstlenecek.&nbsp;<\/p>\n\n\n\n<figure class=\"wp-block-image size-full\"><img decoding=\"async\" width=\"702\" height=\"468\" src=\"https:\/\/torkspor.com\/wp-content\/uploads\/2025\/01\/image-3.png\" alt=\"\" class=\"wp-image-2196\" srcset=\"https:\/\/torkspor.com\/wp-content\/uploads\/2025\/01\/image-3.png 702w, https:\/\/torkspor.com\/wp-content\/uploads\/2025\/01\/image-3-300x200.png 300w\" sizes=\"(max-width: 702px) 100vw, 702px\" \/><\/figure>\n\n\n\n<p><strong>\u201cHedefimiz Petrol Ofisi ile performans\u0131m\u0131z\u0131 g\u00f6stermek\u201d<\/strong><\/p>\n\n\n\n<p>2025\u2019in ilk rallisi \u00f6ncesi Kerem Kazaz d\u00fc\u015f\u00fcncelerini \u015fu \u015fekilde aktard\u0131:&nbsp;<\/p>\n\n\n\n<p>\u201cUzun ve yorucu ge\u00e7en 2024 ralli sezonunun ard\u0131ndan 2025\u2019e h\u0131zl\u0131 bir giri\u015f yapmak istiyoruz. Finlandiya \u015eampiyonas\u0131\u2019n\u0131n ilk aya\u011f\u0131nda yar\u0131\u015fmam\u0131z\u0131n sebebi \u0130sve\u00e7 \u00f6ncesi benzer etaplara ve zemin ko\u015fullar\u0131na adapte olmak.<\/p>\n\n\n\n<p>Ayr\u0131ca bu yar\u0131\u015fta ilk defa Team Petrol Ofisi ad\u0131na m\u00fccadele edece\u011fim. Onlar\u0131n deste\u011fi ile beraber bu ralliyi kategorimizde en \u00fcstte bitirmek istiyoruz. As\u0131l hedefimiz tabii ki D\u00fcnya Ralli \u015eampiyonas\u0131\u2019n\u0131n ilk aya\u011f\u0131 olan \u0130sve\u00e7 Rallisine haz\u0131rlanmak. Ama burada da yapabilece\u011fimizin en iyisi yap\u0131p Team Petrol Ofisi ile performans\u0131m\u0131z\u0131 g\u00f6stermek istiyoruz. Umuyorum bizim i\u00e7in verimli ve ba\u015far\u0131l\u0131 bir ralli olacak. Ba\u015fta Petrol Ofisi olmak \u00fczere destek olan herkese te\u015fekk\u00fcr ederim.\u201d&nbsp;<\/p>\n\n\n\n<figure class=\"wp-block-image size-large\"><img decoding=\"async\" width=\"1024\" height=\"683\" src=\"https:\/\/torkspor.com\/wp-content\/uploads\/2025\/01\/2024-ESOK-Rally-Kerem-Kazaz-Corentin-Silvestre-172-HSYL4868-1-1024x683.jpg\" alt=\"\" class=\"wp-image-2195\" srcset=\"https:\/\/torkspor.com\/wp-content\/uploads\/2025\/01\/2024-ESOK-Rally-Kerem-Kazaz-Corentin-Silvestre-172-HSYL4868-1-1024x683.jpg 1024w, https:\/\/torkspor.com\/wp-content\/uploads\/2025\/01\/2024-ESOK-Rally-Kerem-Kazaz-Corentin-Silvestre-172-HSYL4868-1-300x200.jpg 300w, https:\/\/torkspor.com\/wp-content\/uploads\/2025\/01\/2024-ESOK-Rally-Kerem-Kazaz-Corentin-Silvestre-172-HSYL4868-1-768x512.jpg 768w, https:\/\/torkspor.com\/wp-content\/uploads\/2025\/01\/2024-ESOK-Rally-Kerem-Kazaz-Corentin-Silvestre-172-HSYL4868-1-1536x1025.jpg 1536w, https:\/\/torkspor.com\/wp-content\/uploads\/2025\/01\/2024-ESOK-Rally-Kerem-Kazaz-Corentin-Silvestre-172-HSYL4868-1-2048x1366.jpg 2048w\" sizes=\"(max-width: 1024px) 100vw, 1024px\" \/><\/figure>\n\n\n\n<p><strong>Kerem Kazaz hakk\u0131nda:<\/strong>&nbsp;<\/p>\n\n\n\n<p>9 Aral\u0131k 2005 do\u011fumlu olan Kerem, motor sporlar\u0131na 4 ya\u015f\u0131nda motokros yar\u0131\u015flar\u0131 ile ba\u015flad\u0131. 2020&#8217;de&nbsp;karting e\u011fitimi alan gen\u00e7 sporcu 15 ya\u015f\u0131ndayken T\u00fcrkiye Pist \u015eampiyonas\u0131\u2019n\u0131n en gen\u00e7 pilotu olarak dikkatleri \u00fczerine \u00e7ekti.&nbsp;2022 y\u0131l\u0131nda Ralli kariyerinin ilk yar\u0131\u015f\u0131na Letonya Ralli Gen\u00e7ler \u015eampiyonas\u0131&#8217;nda kat\u0131lan Kerem Kazaz, 16 ya\u015f\u0131nda \u0130spanya da Renault Clio Rally5 ile yar\u0131\u015ft\u0131\u011f\u0131 ilk rallide ald\u0131\u011f\u0131 d\u00f6rd\u00fcnc\u00fcl\u00fckle Avrupa Ralli Kupas\u0131&#8217;nda finalde yar\u0131\u015fma hakk\u0131n\u0131 elde etti. Ayn\u0131 y\u0131l Fransa&#8217;da ger\u00e7ekle\u015ftirilen FIA Motorsport Games&#8217;de Crosscar Senior klasman\u0131n\u0131n en gen\u00e7 sporcusu olarak ilk kez yar\u0131\u015ft\u0131\u011f\u0131 Crosscar ile d\u00fcnya 10.su oldu.&nbsp;<\/p>\n\n\n\n<p>2024 Avrupa Ralli \u015eampiyonas\u0131 ERC3 kategorisinde ikinci s\u0131rada yer al\u0131rken Fiesta Rally3 Trophy&#8217;de sezonu ikinci olarak tamamlad\u0131. Ayn\u0131 zamanda T\u00fcrkiye Ralli \u015eampiyonas\u0131\u2019nda da m\u00fccadele eden Kazaz, 18 ya\u015f\u0131ndayken \u201cEn Gen\u00e7 Ralli Galibi\u201d ve En Gen\u00e7 T\u00fcrkiye Ralli \u015eampiyonu\u201d unvanlar\u0131n\u0131n da sahibi oldu. Milli sporcumuz 2025 y\u0131l\u0131nda Petrol Ofisi\u2019nin deste\u011fi ile Team Petrol Ofisi ad\u0131na T\u00fcrkiye Ralli \u015eampiyonas\u0131 ve D\u00fcnya Ralli \u015eampiyonas\u0131\u2019nda m\u00fccadele edecek.&nbsp;<\/p>\n\n\n\n<p><a href=\"https:\/\/www.atolyekazaz.com\">https:\/\/www.atolyekazaz.com<\/a><\/p>\n\n\n\n<p><\/p>\n","protected":false},"excerpt":{"rendered":"<p>Milli sporcumuz Kerem Kazaz, \u015fampiyonluk ile ta\u00e7land\u0131r\u0131lan 2024 sezonunun ard\u0131ndan 2025 y\u0131l\u0131na Finlandiya\u2019da g\u00fc\u00e7l\u00fc bir giri\u015f yap\u0131yor. Kazaz\u2019\u0131n bu sezonki<\/p>\n","protected":false},"author":2,"featured_media":2197,"comment_status":"open","ping_status":"open","sticky":false,"template":"","format":"standard","meta":{"footnotes":""},"categories":[3,21],"tags":[],"class_list":["post-2192","post","type-post","status-publish","format-standard","has-post-thumbnail","hentry","category-dunyadasporcularimiz","category-ralli"],"magazineBlocksPostFeaturedMedia":{"thumbnail":"https:\/\/torkspor.com\/wp-content\/uploads\/2025\/01\/1FO09406-150x150.jpg","medium":"https:\/\/torkspor.com\/wp-content\/uploads\/2025\/01\/1FO09406-300x200.jpg","medium_large":"https:\/\/torkspor.com\/wp-content\/uploads\/2025\/01\/1FO09406-768x512.jpg","large":"https:\/\/torkspor.com\/wp-content\/uploads\/2025\/01\/1FO09406-1024x683.jpg","1536x1536":"https:\/\/torkspor.com\/wp-content\/uploads\/2025\/01\/1FO09406-1536x1024.jpg","2048x2048":"https:\/\/torkspor.com\/wp-content\/uploads\/2025\/01\/1FO09406-2048x1365.jpg","colormag-highlighted-post":"https:\/\/torkspor.com\/wp-content\/uploads\/2025\/01\/1FO09406-392x272.jpg","colormag-featured-post-medium":"https:\/\/torkspor.com\/wp-content\/uploads\/2025\/01\/1FO09406-390x205.jpg","colormag-featured-post-small":"https:\/\/torkspor.com\/wp-content\/uploads\/2025\/01\/1FO09406-130x90.jpg","colormag-featured-image":"https:\/\/torkspor.com\/wp-content\/uploads\/2025\/01\/1FO09406-800x445.jpg","colormag-default-news":"https:\/\/torkspor.com\/wp-content\/uploads\/2025\/01\/1FO09406-150x150.jpg","colormag-featured-image-large":"https:\/\/torkspor.com\/wp-content\/uploads\/2025\/01\/1FO09406-1400x600.jpg","colormag-elementor-block-extra-large-thumbnail":"https:\/\/torkspor.com\/wp-content\/uploads\/2025\/01\/1FO09406-1155x480.jpg","colormag-elementor-grid-large-thumbnail":"https:\/\/torkspor.com\/wp-content\/uploads\/2025\/01\/1FO09406-600x417.jpg","colormag-elementor-grid-small-thumbnail":"https:\/\/torkspor.com\/wp-content\/uploads\/2025\/01\/1FO09406-285x450.jpg","colormag-elementor-grid-medium-large-thumbnail":"https:\/\/torkspor.com\/wp-content\/uploads\/2025\/01\/1FO09406-575x198.jpg"},"magazineBlocksPostAuthor":{"name":"Okan \u00c7etiner","avatar":"https:\/\/secure.gravatar.com\/avatar\/0b8d387b873c3962ae491deaf4b94a08a9b0dbc2778155c139691933252f8856?s=96&d=mm&r=g"},"magazineBlocksPostCommentsNumber":"0","magazineBlocksPostExcerpt":"Milli sporcumuz Kerem Kazaz, \u015fampiyonluk ile ta\u00e7land\u0131r\u0131lan 2024 sezonunun ard\u0131ndan 2025 y\u0131l\u0131na Finlandiya\u2019da g\u00fc\u00e7l\u00fc bir giri\u015f yap\u0131yor. Kazaz\u2019\u0131n bu sezonki","magazineBlocksPostCategories":["D\u00fcnyada Sporcular\u0131m\u0131z","Ralli"],"magazine_blocks_featured_image_url":{"full":["https:\/\/torkspor.com\/wp-content\/uploads\/2025\/01\/1FO09406-scaled.jpg",2560,1707,false],"medium":["https:\/\/torkspor.com\/wp-content\/uploads\/2025\/01\/1FO09406-300x200.jpg",300,200,true],"thumbnail":["https:\/\/torkspor.com\/wp-content\/uploads\/2025\/01\/1FO09406-150x150.jpg",150,150,true]},"magazine_blocks_author":{"display_name":"Okan \u00c7etiner","author_link":"https:\/\/torkspor.com\/?author=2"},"magazine_blocks_comment":1,"magazine_blocks_author_image":"https:\/\/secure.gravatar.com\/avatar\/0b8d387b873c3962ae491deaf4b94a08a9b0dbc2778155c139691933252f8856?s=96&d=mm&r=g","magazine_blocks_category":"<a href=\"https:\/\/torkspor.com\/?cat=3\" rel=\"category\">D\u00fcnyada Sporcular\u0131m\u0131z<\/a> <a href=\"https:\/\/torkspor.com\/?cat=21\" rel=\"category\">Ralli<\/a>","_links":{"self":[{"href":"https:\/\/torkspor.com\/index.php?rest_route=\/wp\/v2\/posts\/2192","targetHints":{"allow":["GET"]}}],"collection":[{"href":"https:\/\/torkspor.com\/index.php?rest_route=\/wp\/v2\/posts"}],"about":[{"href":"https:\/\/torkspor.com\/index.php?rest_route=\/wp\/v2\/types\/post"}],"author":[{"embeddable":true,"href":"https:\/\/torkspor.com\/index.php?rest_route=\/wp\/v2\/users\/2"}],"replies":[{"embeddable":true,"href":"https:\/\/torkspor.com\/index.php?rest_route=%2Fwp%2Fv2%2Fcomments&post=2192"}],"version-history":[{"count":1,"href":"https:\/\/torkspor.com\/index.php?rest_route=\/wp\/v2\/posts\/2192\/revisions"}],"predecessor-version":[{"id":2198,"href":"https:\/\/torkspor.com\/index.php?rest_route=\/wp\/v2\/posts\/2192\/revisions\/2198"}],"wp:featuredmedia":[{"embeddable":true,"href":"https:\/\/torkspor.com\/index.php?rest_route=\/wp\/v2\/media\/2197"}],"wp:attachment":[{"href":"https:\/\/torkspor.com\/index.php?rest_route=%2Fwp%2Fv2%2Fmedia&parent=2192"}],"wp:term":[{"taxonomy":"category","embeddable":true,"href":"https:\/\/torkspor.com\/index.php?rest_route=%2Fwp%2Fv2%2Fcategories&post=2192"},{"taxonomy":"post_tag","embeddable":true,"href":"https:\/\/torkspor.com\/index.php?rest_route=%2Fwp%2Fv2%2Ftags&post=2192"}],"curies":[{"name":"wp","href":"https:\/\/api.w.org\/{rel}","templated":true}]}}