{"id":2204,"date":"2025-02-02T13:43:09","date_gmt":"2025-02-02T10:43:09","guid":{"rendered":"https:\/\/torkspor.com\/?p=2204"},"modified":"2025-02-02T14:25:54","modified_gmt":"2025-02-02T11:25:54","slug":"acosta-tam-zamanli-ktm-fabrika-surucusu-olarak-2025-motogp-sampiyonlugu-icin-mucadele-etmekten-heyecanli","status":"publish","type":"post","link":"https:\/\/torkspor.com\/?p=2204","title":{"rendered":"Acosta, Tam Zamanl\u0131 KTM Fabrika S\u00fcr\u00fcc\u00fcs\u00fc Olarak 2025 MotoGP \u015eampiyonlu\u011fu \u0130\u00e7in M\u00fccadele Etmekten Heyecanl\u0131"},"content":{"rendered":"\n<p><strong>\u0130spanyol pilot, Red Bull KTM Factory Racing&#8217;de Binder ile birlikte, Bastianini ve Vi\u00f1ales ise Red Bull KTM Tech3&#8217;te.<\/strong><\/p>\n\n\n\n<figure class=\"wp-block-image size-large\"><img fetchpriority=\"high\" decoding=\"async\" width=\"1024\" height=\"683\" src=\"https:\/\/torkspor.com\/wp-content\/uploads\/2025\/02\/SI202501300069-1024x683.jpg\" alt=\"\" class=\"wp-image-2205\" srcset=\"https:\/\/torkspor.com\/wp-content\/uploads\/2025\/02\/SI202501300069-1024x683.jpg 1024w, https:\/\/torkspor.com\/wp-content\/uploads\/2025\/02\/SI202501300069-300x200.jpg 300w, https:\/\/torkspor.com\/wp-content\/uploads\/2025\/02\/SI202501300069-768x512.jpg 768w, https:\/\/torkspor.com\/wp-content\/uploads\/2025\/02\/SI202501300069-1536x1024.jpg 1536w, https:\/\/torkspor.com\/wp-content\/uploads\/2025\/02\/SI202501300069-2048x1365.jpg 2048w\" sizes=\"(max-width: 1024px) 100vw, 1024px\" \/><figcaption class=\"wp-element-caption\">Pedro Acosta and Brad Binder, of team Red Bull GasGas Tech3, pose for a portrait during team presentation of Season Launch on January 15, 2025. \/\/ Sophie Fleischer \/ Red Bull ContentPool \/\/ SI202501300069 \/\/ Usage for editorial use only \/\/<\/figcaption><\/figure>\n\n\n\n<p>\u0130spanyol Pedro Acosta, ge\u00e7en y\u0131lki muhte\u015fem \u00e7aylak MotoGP D\u00fcnya \u015eampiyonas\u0131 sezonunu geli\u015ftirebilece\u011finden ve tam zamanl\u0131 fabrika s\u00fcr\u00fcc\u00fcs\u00fc olma yolunda ilerlerken, Red Bull KTM Factory Racing tak\u0131m arkada\u015f\u0131 Brad Binder ile 2025 \u015fampiyonlu\u011fu i\u00e7in m\u00fccadele edebilece\u011finden emin.<\/p>\n\n\n\n<p>Acosta, Red Bull GasGas Tech3 ile be\u015f etkileyici podyum, bir pole pozisyonu ve iki en h\u0131zl\u0131 turun ard\u0131ndan 2024 s\u0131ralamas\u0131nda G\u00fcney Afrikal\u0131 Binder&#8217;\u0131n sadece iki puan gerisinde alt\u0131nc\u0131 oldu ve 2021 Moto3 d\u00fcnya \u015fampiyonlu\u011fu ile 2023 Moto2 d\u00fcnya \u015fampiyonlu\u011funa bir yenisini daha ekleyerek Y\u0131l\u0131n \u00c7ayla\u011f\u0131 \u00f6d\u00fcl\u00fcn\u00fc kazand\u0131.<\/p>\n\n\n\n<figure class=\"wp-block-image size-large\"><img decoding=\"async\" width=\"1024\" height=\"683\" src=\"https:\/\/torkspor.com\/wp-content\/uploads\/2025\/02\/SI202501300052-1024x683.jpg\" alt=\"\" class=\"wp-image-2206\" srcset=\"https:\/\/torkspor.com\/wp-content\/uploads\/2025\/02\/SI202501300052-1024x683.jpg 1024w, https:\/\/torkspor.com\/wp-content\/uploads\/2025\/02\/SI202501300052-300x200.jpg 300w, https:\/\/torkspor.com\/wp-content\/uploads\/2025\/02\/SI202501300052-768x512.jpg 768w, https:\/\/torkspor.com\/wp-content\/uploads\/2025\/02\/SI202501300052-1536x1024.jpg 1536w, https:\/\/torkspor.com\/wp-content\/uploads\/2025\/02\/SI202501300052-2048x1365.jpg 2048w\" sizes=\"(max-width: 1024px) 100vw, 1024px\" \/><figcaption class=\"wp-element-caption\">Enea Bastiani and Maverick Vi\u00f1ales, of team Red Bull KTM Tech3, pose for a portrait during team presentation of Season Launch on January 15, 2025. \/\/ Sophie Fleischer \/ Red Bull ContentPool \/\/ SI202501300052 \/\/ Usage for editorial use only \/\/<\/figcaption><\/figure>\n\n\n\n<p>Bu sefer Mazarr\u00f3nlu 20 ya\u015f\u0131ndaki s\u00fcr\u00fcc\u00fc, Red Bull KTM Factory Racing&#8217;de tam zamanl\u0131 fabrika s\u00fcr\u00fcc\u00fcs\u00fc olarak ilk MotoGP zaferini kazanabilece\u011fine inan\u0131yor. 27 ya\u015f\u0131ndaki yetenekli \u0130talyan Enea Bastianini ve 30 ya\u015f\u0131ndaki \u0130spanyol Maverick Vi\u00f1ales, 2025 Red Bull KTM Tech3 s\u00fcr\u00fcc\u00fcleri olarak duyuruldu.<\/p>\n\n\n\n<p>2020&#8217;den bu yana ilk kez d\u00f6rt Red Bull tasar\u0131ml\u0131 KTM, MotoGP alan\u0131na geri d\u00f6n\u00fcyor. 2025 KTM RC16&#8217;lar, \u00fcreticinin mavi kurdele serisindeki dokuzuncu y\u0131l\u0131nda b\u00fcy\u00fck bir etki yaratmaya haz\u0131rlan\u0131yor. S\u00fcr\u00fcc\u00fcler, 2 Mart&#8217;ta Tayland GP&#8217;siyle ba\u015flayacak olan seride, 18 \u00fclkede 22 yar\u0131\u015fa \u00e7\u0131kacak.<\/p>\n\n\n\n<figure class=\"wp-block-image size-large\"><img decoding=\"async\" width=\"1024\" height=\"683\" src=\"https:\/\/torkspor.com\/wp-content\/uploads\/2025\/02\/SI202501300049-1024x683.jpg\" alt=\"\" class=\"wp-image-2207\" srcset=\"https:\/\/torkspor.com\/wp-content\/uploads\/2025\/02\/SI202501300049-1024x683.jpg 1024w, https:\/\/torkspor.com\/wp-content\/uploads\/2025\/02\/SI202501300049-300x200.jpg 300w, https:\/\/torkspor.com\/wp-content\/uploads\/2025\/02\/SI202501300049-768x512.jpg 768w, https:\/\/torkspor.com\/wp-content\/uploads\/2025\/02\/SI202501300049-1536x1024.jpg 1536w, https:\/\/torkspor.com\/wp-content\/uploads\/2025\/02\/SI202501300049-2048x1365.jpg 2048w\" sizes=\"(max-width: 1024px) 100vw, 1024px\" \/><figcaption class=\"wp-element-caption\">Pedro Acosta, of team Red Bull GasGas Tech3, poses for a portrait during team presentation of Season Launch on January 15, 2025. \/\/ Sophie Fleischer \/ Red Bull ContentPool \/\/ SI202501300049 \/\/ Usage for editorial use only \/\/<\/figcaption><\/figure>\n\n\n\n<p>KTM Motorsports Direkt\u00f6r\u00fc Pit Beirer, &#8220;Brad, Pedro, Enea ve Maverick&#8217;in yan\u0131 s\u0131ra pitbox&#8217;lardaki t\u00fcm deneyim ve bilgiyle birlikte ba\u015flamak i\u00e7in \u00e7ok fazla pozitiflik ve adrenalin var. Bu sezon bizim i\u00e7in \u00e7ok b\u00fcy\u00fck olabilir ve umar\u0131m \u00f6yle olur.&#8221; dedi.<\/p>\n\n\n\n<p><strong>Acosta&#8217;n\u0131n 5-7 \u015eubat tarihleri \u200b\u200baras\u0131nda Malezya MotoGP IRTA testi \u00f6ncesinde s\u00f6yledikleri \u015f\u00f6yle:<\/strong><\/p>\n\n\n\n<p><strong>Tam zamanl\u0131 bir fabrika s\u00fcr\u00fcc\u00fcs\u00fc olarak bu y\u0131l turuncu giymekten ne kadar gurur duyuyorsunuz?<\/strong><\/p>\n\n\n\n<p>&#8220;\u00c7ok gururluyum &#8211; ger\u00e7ekle\u015fen bir r\u00fcya. 14 ya\u015f\u0131mdan beri Red Bull MotoGP \u00c7aylaklar Kupas\u0131&#8217;nda turuncuyla yar\u0131\u015ft\u0131\u011f\u0131m\u0131 hat\u0131rlamam\u0131z gerekiyor. Kendimi bir y\u0131l boyunca k\u0131rm\u0131z\u0131yla yar\u0131\u015f\u0131rken g\u00f6rmek kolay de\u011fildi, ancak ge\u00e7en sezondan \u00e7ok \u015fey \u00f6\u011frendim ve \u015fimdi turuncuyla tekrar yar\u0131\u015fmaya \u00e7ok daha haz\u0131r hissediyorum.&#8221;<\/p>\n\n\n\n<figure class=\"wp-block-image size-large\"><img loading=\"lazy\" decoding=\"async\" width=\"1024\" height=\"683\" src=\"https:\/\/torkspor.com\/wp-content\/uploads\/2025\/02\/SI202501300050-1024x683.jpg\" alt=\"\" class=\"wp-image-2208\" srcset=\"https:\/\/torkspor.com\/wp-content\/uploads\/2025\/02\/SI202501300050-1024x683.jpg 1024w, https:\/\/torkspor.com\/wp-content\/uploads\/2025\/02\/SI202501300050-300x200.jpg 300w, https:\/\/torkspor.com\/wp-content\/uploads\/2025\/02\/SI202501300050-768x512.jpg 768w, https:\/\/torkspor.com\/wp-content\/uploads\/2025\/02\/SI202501300050-1536x1024.jpg 1536w, https:\/\/torkspor.com\/wp-content\/uploads\/2025\/02\/SI202501300050-2048x1365.jpg 2048w\" sizes=\"(max-width: 1024px) 100vw, 1024px\" \/><figcaption class=\"wp-element-caption\">Pedro Acosta, of team Red Bull GasGas Tech3, poses for a portrait during team presentation of Season Launch on January 15, 2025. \/\/ Sophie Fleischer \/ Red Bull ContentPool \/\/ SI202501300050 \/\/ Usage for editorial use only \/\/<\/figcaption><\/figure>\n\n\n\n<p><strong>Uydudan fabrika tak\u0131m\u0131na ge\u00e7i\u015fte en b\u00fcy\u00fck fark ne olacak?<\/strong><\/p>\n\n\n\n<p>&#8220;A\u00e7\u0131k\u00e7as\u0131, uydu tak\u0131m\u0131ndayken bile kendimi bir &#8216;fabrika adam\u0131&#8217; gibi hissetti\u011fimi s\u00f6ylemeliyim \u00e7\u00fcnk\u00fc KTM ger\u00e7ekten de b\u00f6yle hissetmeme yard\u0131mc\u0131 oldu ama kariyerim boyunca sahip oldu\u011fum en iyi insan grubunun etraf\u0131mda olmas\u0131ndan \u00e7ok mutluyum.&#8221;<\/p>\n\n\n\n<p><strong>Sezon i\u00e7in geli\u015fim hedefleriniz neler?<\/strong><\/p>\n\n\n\n<p>&#8220;Elbette \u00e7ok fazla geli\u015fmemiz gerekiyor, \u00f6rne\u011fin s\u0131ralama turlar\u0131 sonu\u00e7lar\u0131 ve yar\u0131\u015flar\u0131n ilk turlar\u0131, o zaman zaferler ve podyum pozisyonlar\u0131 i\u00e7in sava\u015facak h\u0131za ve potansiyele sahip olup olmad\u0131\u011f\u0131m\u0131z\u0131 g\u00f6rebiliriz. Belki biraz daha \u00f6nde ba\u015flamak, o podyumlar i\u00e7in sava\u015fmama yard\u0131mc\u0131 olabilir.&#8221;<\/p>\n\n\n\n<p><strong>2024 y\u0131l\u0131nda zihinsel geli\u015fiminizi nas\u0131l de\u011ferlendiriyorsunuz ve 2025&#8217;e nas\u0131l yakla\u015f\u0131yorsunuz?<\/strong><\/p>\n\n\n\n<p>&#8220;\u0130lk galibiyeti veya podyumu almaya haz\u0131r oldu\u011fumuz ancak kaybetti\u011fimiz bir\u00e7ok an oldu. Bu y\u0131l zihinsel olarak daha s\u0131k\u0131 haz\u0131rlanmay\u0131, hatalar\u0131n nerede yap\u0131ld\u0131\u011f\u0131 ve bunlar\u0131 bir daha nas\u0131l yapmayaca\u011f\u0131m konusunda kendime kar\u015f\u0131 net ve d\u00fcr\u00fcst olmay\u0131 hedefliyorum. Ger\u00e7ek \u015fu ki daha fazlas\u0131na sahip olma potansiyelimiz var.&#8221;<\/p>\n\n\n\n<figure class=\"wp-block-image size-large\"><img loading=\"lazy\" decoding=\"async\" width=\"1024\" height=\"683\" src=\"https:\/\/torkspor.com\/wp-content\/uploads\/2025\/02\/SI202501300048-1024x683.jpg\" alt=\"\" class=\"wp-image-2209\" srcset=\"https:\/\/torkspor.com\/wp-content\/uploads\/2025\/02\/SI202501300048-1024x683.jpg 1024w, https:\/\/torkspor.com\/wp-content\/uploads\/2025\/02\/SI202501300048-300x200.jpg 300w, https:\/\/torkspor.com\/wp-content\/uploads\/2025\/02\/SI202501300048-768x512.jpg 768w, https:\/\/torkspor.com\/wp-content\/uploads\/2025\/02\/SI202501300048-1536x1024.jpg 1536w, https:\/\/torkspor.com\/wp-content\/uploads\/2025\/02\/SI202501300048-2048x1365.jpg 2048w\" sizes=\"(max-width: 1024px) 100vw, 1024px\" \/><figcaption class=\"wp-element-caption\">Pedro Acosta, Brad Binder of team Red Bull GasGas Tech3, pose for a portrait together with Enea Bastiani and Maverick Vi\u00f1ales of team Red Bull KTM Tech3 during team presentation of Season Launch on January 14, 2025. \/\/ Sophie Fleischer \/ Red Bull ContentPool \/\/ SI202501300048 \/\/ Usage for editorial use only \/\/<\/figcaption><\/figure>\n\n\n\n<p><strong>Red Bull MotoGP Rookies Kupas\u0131 ile MotoGP aras\u0131ndaki rekabet d\u00fczeyini kar\u015f\u0131la\u015ft\u0131rabilir misiniz?<\/strong><\/p>\n\n\n\n<p>&#8220;\u00c7ok da farkl\u0131 de\u011fil. MotoGP&#8217;de de motosikletlerin oyunda \u00f6nemli bir rol oynad\u0131\u011f\u0131 do\u011fru ancak \u00c7aylaklar Kupas\u0131&#8217;nda kalite de \u00e7ok y\u00fcksek ve sonunda hayalinizi ger\u00e7ekle\u015ftirmek i\u00e7in 22 \u00e7ocukla birlikte m\u00fccadele ediyorsunuz. MotoGP&#8217;den bile daha fazla bask\u0131 var. 16-17 ya\u015f\u0131nda olmak ve bunun i\u00e7in m\u00fccadele etmek olduk\u00e7a zor, belki de \u015fimdi ya da asla oldu\u011funu bilmek. \u00c7aylaklar Kupas\u0131&#8217;nda ba\u015far\u0131l\u0131 olabilirseniz, daha b\u00fcy\u00fck s\u0131n\u0131flara haz\u0131rs\u0131n\u0131z demektir.&#8221;<\/p>\n\n\n\n<p><strong>Brad&#8217;in bu sezon tak\u0131m arkada\u015f\u0131 olmas\u0131 ne kadar \u00f6nemli olacak?<\/strong><\/p>\n\n\n\n<p>&#8220;Moto3 ve Moto2&#8217;de yer ald\u0131ktan sonra fabrika tak\u0131m\u0131na gelmek ger\u00e7ekle\u015fen bir r\u00fcyayd\u0131. Ayr\u0131ca Brad&#8217;in tak\u0131m arkada\u015f\u0131 olmas\u0131 ve motosikletin geli\u015ftirilmesine yard\u0131mc\u0131 olmas\u0131 \u00e7ok iyi bir nokta olacak. S\u0131n\u0131fta \u00e7ok fazla deneyime sahip olmas\u0131 yard\u0131mc\u0131 olacak ve birlikte iyi bir e\u015fle\u015fme yapaca\u011f\u0131m\u0131z\u0131 d\u00fc\u015f\u00fcn\u00fcyorum.&#8221;<\/p>\n\n\n\n<p><strong><u>2025 MotoGP sezon \u00f6ncesi tarihleri<\/u><\/strong><\/p>\n\n\n\n<p>5-7 \u015eubat: Malezya MotoGP IRTA testi (Sepang Uluslararas\u0131 Pisti)<br>9 \u015eubat: 2025 MotoGP Lansman\u0131 (Bangkok)<br>12-13 \u015eubat: Tayland MotoGP IRTA testi (Buriram Uluslararas\u0131 Pisti)<\/p>\n\n\n\n<p><\/p>\n","protected":false},"excerpt":{"rendered":"<p>\u0130spanyol pilot, Red Bull KTM Factory Racing&#8217;de Binder ile birlikte, Bastianini ve Vi\u00f1ales ise Red Bull KTM Tech3&#8217;te. \u0130spanyol Pedro<\/p>\n","protected":false},"author":2,"featured_media":2205,"comment_status":"open","ping_status":"open","sticky":false,"template":"","format":"standard","meta":{"footnotes":""},"categories":[14,5,221],"tags":[95,225,159,227,113,83,223,224,20,42,222,141,226],"class_list":["post-2204","post","type-post","status-publish","format-standard","has-post-thumbnail","hentry","category-dunya","category-haberler","category-motogp","tag-circuit","tag-ducati","tag-honda","tag-ktm","tag-motogp","tag-motor","tag-motors","tag-motorsports","tag-pist","tag-race","tag-redbull","tag-suzuki","tag-yamaha"],"magazineBlocksPostFeaturedMedia":{"thumbnail":"https:\/\/torkspor.com\/wp-content\/uploads\/2025\/02\/SI202501300069-150x150.jpg","medium":"https:\/\/torkspor.com\/wp-content\/uploads\/2025\/02\/SI202501300069-300x200.jpg","medium_large":"https:\/\/torkspor.com\/wp-content\/uploads\/2025\/02\/SI202501300069-768x512.jpg","large":"https:\/\/torkspor.com\/wp-content\/uploads\/2025\/02\/SI202501300069-1024x683.jpg","1536x1536":"https:\/\/torkspor.com\/wp-content\/uploads\/2025\/02\/SI202501300069-1536x1024.jpg","2048x2048":"https:\/\/torkspor.com\/wp-content\/uploads\/2025\/02\/SI202501300069-2048x1365.jpg","colormag-highlighted-post":"https:\/\/torkspor.com\/wp-content\/uploads\/2025\/02\/SI202501300069-392x272.jpg","colormag-featured-post-medium":"https:\/\/torkspor.com\/wp-content\/uploads\/2025\/02\/SI202501300069-390x205.jpg","colormag-featured-post-small":"https:\/\/torkspor.com\/wp-content\/uploads\/2025\/02\/SI202501300069-130x90.jpg","colormag-featured-image":"https:\/\/torkspor.com\/wp-content\/uploads\/2025\/02\/SI202501300069-800x445.jpg","colormag-default-news":"https:\/\/torkspor.com\/wp-content\/uploads\/2025\/02\/SI202501300069-150x150.jpg","colormag-featured-image-large":"https:\/\/torkspor.com\/wp-content\/uploads\/2025\/02\/SI202501300069-1400x600.jpg","colormag-elementor-block-extra-large-thumbnail":"https:\/\/torkspor.com\/wp-content\/uploads\/2025\/02\/SI202501300069-1155x480.jpg","colormag-elementor-grid-large-thumbnail":"https:\/\/torkspor.com\/wp-content\/uploads\/2025\/02\/SI202501300069-600x417.jpg","colormag-elementor-grid-small-thumbnail":"https:\/\/torkspor.com\/wp-content\/uploads\/2025\/02\/SI202501300069-285x450.jpg","colormag-elementor-grid-medium-large-thumbnail":"https:\/\/torkspor.com\/wp-content\/uploads\/2025\/02\/SI202501300069-575x198.jpg"},"magazineBlocksPostAuthor":{"name":"Okan \u00c7etiner","avatar":"https:\/\/secure.gravatar.com\/avatar\/0b8d387b873c3962ae491deaf4b94a08a9b0dbc2778155c139691933252f8856?s=96&d=mm&r=g"},"magazineBlocksPostCommentsNumber":"0","magazineBlocksPostExcerpt":"\u0130spanyol pilot, Red Bull KTM Factory Racing&#8217;de Binder ile birlikte, Bastianini ve Vi\u00f1ales ise Red Bull KTM Tech3&#8217;te. \u0130spanyol Pedro","magazineBlocksPostCategories":["D\u00fcnya","Haberler","MotoGp"],"magazine_blocks_featured_image_url":{"full":["https:\/\/torkspor.com\/wp-content\/uploads\/2025\/02\/SI202501300069-scaled.jpg",2560,1707,false],"medium":["https:\/\/torkspor.com\/wp-content\/uploads\/2025\/02\/SI202501300069-300x200.jpg",300,200,true],"thumbnail":["https:\/\/torkspor.com\/wp-content\/uploads\/2025\/02\/SI202501300069-150x150.jpg",150,150,true]},"magazine_blocks_author":{"display_name":"Okan \u00c7etiner","author_link":"https:\/\/torkspor.com\/?author=2"},"magazine_blocks_comment":0,"magazine_blocks_author_image":"https:\/\/secure.gravatar.com\/avatar\/0b8d387b873c3962ae491deaf4b94a08a9b0dbc2778155c139691933252f8856?s=96&d=mm&r=g","magazine_blocks_category":"<a href=\"https:\/\/torkspor.com\/?cat=14\" rel=\"category\">D\u00fcnya<\/a> <a href=\"https:\/\/torkspor.com\/?cat=5\" rel=\"category\">Haberler<\/a> <a href=\"https:\/\/torkspor.com\/?cat=221\" rel=\"category\">MotoGp<\/a>","_links":{"self":[{"href":"https:\/\/torkspor.com\/index.php?rest_route=\/wp\/v2\/posts\/2204","targetHints":{"allow":["GET"]}}],"collection":[{"href":"https:\/\/torkspor.com\/index.php?rest_route=\/wp\/v2\/posts"}],"about":[{"href":"https:\/\/torkspor.com\/index.php?rest_route=\/wp\/v2\/types\/post"}],"author":[{"embeddable":true,"href":"https:\/\/torkspor.com\/index.php?rest_route=\/wp\/v2\/users\/2"}],"replies":[{"embeddable":true,"href":"https:\/\/torkspor.com\/index.php?rest_route=%2Fwp%2Fv2%2Fcomments&post=2204"}],"version-history":[{"count":2,"href":"https:\/\/torkspor.com\/index.php?rest_route=\/wp\/v2\/posts\/2204\/revisions"}],"predecessor-version":[{"id":2212,"href":"https:\/\/torkspor.com\/index.php?rest_route=\/wp\/v2\/posts\/2204\/revisions\/2212"}],"wp:featuredmedia":[{"embeddable":true,"href":"https:\/\/torkspor.com\/index.php?rest_route=\/wp\/v2\/media\/2205"}],"wp:attachment":[{"href":"https:\/\/torkspor.com\/index.php?rest_route=%2Fwp%2Fv2%2Fmedia&parent=2204"}],"wp:term":[{"taxonomy":"category","embeddable":true,"href":"https:\/\/torkspor.com\/index.php?rest_route=%2Fwp%2Fv2%2Fcategories&post=2204"},{"taxonomy":"post_tag","embeddable":true,"href":"https:\/\/torkspor.com\/index.php?rest_route=%2Fwp%2Fv2%2Ftags&post=2204"}],"curies":[{"name":"wp","href":"https:\/\/api.w.org\/{rel}","templated":true}]}}