{"id":2245,"date":"2025-02-15T01:14:39","date_gmt":"2025-02-14T22:14:39","guid":{"rendered":"https:\/\/torkspor.com\/?p=2245"},"modified":"2025-02-15T01:14:41","modified_gmt":"2025-02-14T22:14:41","slug":"evans-cuma-gunu-yasanan-dramatik-olaylardan-sonra-isvec-rallisindeki-zorlu-mucadelenin-ustesinden-geldi","status":"publish","type":"post","link":"https:\/\/torkspor.com\/?p=2245","title":{"rendered":"EVANS, CUMA G\u00dcN\u00dc YA\u015eANAN DRAMAT\u0130K OLAYLARDAN SONRA \u0130SVE\u00c7 RALL\u0130S\u0130&#8217;NDEK\u0130 ZORLU M\u00dcCADELEN\u0130N \u00dcSTES\u0130NDEN GELD\u0130"},"content":{"rendered":"\n<p><strong><em>Bug\u00fcn, 14 \u015eubat 2025 tarihinde \u0130sve\u00e7&#8217;te devam eden D\u00fcnya Ralli \u015eampiyonas\u0131&#8217;n\u0131n ikinci yar\u0131\u015f\u0131 olan \u0130sve\u00e7 Rallisi&#8217;nde heyecan dolu anlar ya\u015fand\u0131.<\/em><\/strong><\/p>\n\n\n\n<figure class=\"wp-block-image size-large\"><img fetchpriority=\"high\" decoding=\"async\" width=\"1024\" height=\"683\" src=\"https:\/\/torkspor.com\/wp-content\/uploads\/2025\/02\/Elfyn-Evans_CUMA-1024x683.jpg\" alt=\"\" class=\"wp-image-2247\" srcset=\"https:\/\/torkspor.com\/wp-content\/uploads\/2025\/02\/Elfyn-Evans_CUMA-1024x683.jpg 1024w, https:\/\/torkspor.com\/wp-content\/uploads\/2025\/02\/Elfyn-Evans_CUMA-300x200.jpg 300w, https:\/\/torkspor.com\/wp-content\/uploads\/2025\/02\/Elfyn-Evans_CUMA-768x512.jpg 768w, https:\/\/torkspor.com\/wp-content\/uploads\/2025\/02\/Elfyn-Evans_CUMA-1536x1024.jpg 1536w, https:\/\/torkspor.com\/wp-content\/uploads\/2025\/02\/Elfyn-Evans_CUMA-2048x1366.jpg 2048w\" sizes=\"(max-width: 1024px) 100vw, 1024px\" \/><figcaption class=\"wp-element-caption\">Elfyn Evans (GB) Scott Martin (GB) Of team TOYOTA GAZOO RACING WRT are seen performing during the  World Rally Championship Sweden in Umea, Sweden on  14,February. 2025 \/\/ Jaanus Ree \/ Red Bull Content Pool \/\/ SI202502140346 \/\/ Usage for editorial use only \/\/<\/figcaption><\/figure>\n\n\n\n<p>G\u00fcn\u00fcn ilk etab\u0131 Ume\u00e5 Sprint 13 \u015eubat Per\u015fembe gecesi ko\u015fuldu. Toyota s\u00fcr\u00fcc\u00fcs\u00fc Elfyn Evans, bu etab\u0131 3 dakika 21.6 saniyelik derecesiyle birinci s\u0131rada tamamlad\u0131. Evans, bu sonu\u00e7la rallinin liderli\u011fini ele ge\u00e7irdi.<\/p>\n\n\n\n<p>\u0130kinci etap olan SS2&#8217;de de Evans, 13 dakika 58.8 saniyelik derecesiyle birinci oldu. Bu sonu\u00e7la, Evans rallideki liderli\u011fini s\u00fcrd\u00fcrd\u00fc.<\/p>\n\n\n\n<p>\u00dc\u00e7\u00fcnc\u00fc etap olan SS3&#8217;te Hyundai s\u00fcr\u00fcc\u00fcs\u00fc Adrien Fourmaux, 10 dakika 43.8 saniyelik derecesiyle birinci s\u0131ray\u0131 elde etti. Bu etapla birlikte, Fourmaux rallideki iddias\u0131n\u0131 g\u00f6sterdi.<\/p>\n\n\n\n<p>Elfyn Evans, \u0130sve\u00e7 Rallisi&#8217;ndeki heyecan dolu bir Cuma g\u00fcn\u00fcnden, sadece 9.1 saniyelik bir farkla lider olarak \u00e7\u0131kt\u0131. G\u00fcn\u00fcn sonunda, lider konumundaki be\u015f s\u00fcr\u00fcc\u00fc aras\u0131nda yaln\u0131zca 9.1 saniyelik bir fark vard\u0131. FIA D\u00fcnya Ralli \u015eampiyonas\u0131&#8217;n\u0131n tek saf kar rallisi olan bu yar\u0131\u015fta, yedi kar ve buz dolu etab\u0131n her birinde liderlik de\u011fi\u015fti.<\/p>\n\n\n\n<p>Toyota GR Yaris Rally1 pilotu Evans, g\u00fcn\u00fcn ba\u015f\u0131nda h\u0131zl\u0131 bir ba\u015flang\u0131\u00e7 yapt\u0131 ve \u00f6\u011fleden sonra servisinde lider olarak girdi. Ancak \u015fartlar de\u011fi\u015ftik\u00e7e liderlik de de\u011fi\u015fti.<\/p>\n\n\n\n<figure class=\"wp-block-image size-large\"><img decoding=\"async\" width=\"1024\" height=\"683\" src=\"https:\/\/torkspor.com\/wp-content\/uploads\/2025\/02\/Takamoto-Katsuta_CUMA-1024x683.jpg\" alt=\"\" class=\"wp-image-2248\" srcset=\"https:\/\/torkspor.com\/wp-content\/uploads\/2025\/02\/Takamoto-Katsuta_CUMA-1024x683.jpg 1024w, https:\/\/torkspor.com\/wp-content\/uploads\/2025\/02\/Takamoto-Katsuta_CUMA-300x200.jpg 300w, https:\/\/torkspor.com\/wp-content\/uploads\/2025\/02\/Takamoto-Katsuta_CUMA-768x512.jpg 768w, https:\/\/torkspor.com\/wp-content\/uploads\/2025\/02\/Takamoto-Katsuta_CUMA-1536x1024.jpg 1536w, https:\/\/torkspor.com\/wp-content\/uploads\/2025\/02\/Takamoto-Katsuta_CUMA-2048x1366.jpg 2048w\" sizes=\"(max-width: 1024px) 100vw, 1024px\" \/><figcaption class=\"wp-element-caption\">Takamoto Katsuta (JPN) Aaron Johnston (IRL) Of team TOYOTA GAZOO RACING WRT are seen performing during the  World Rally Championship Sweden in Umea, Sweden on  14,February. 2025 \/\/ Jaanus Ree \/ Red Bull Content Pool \/\/ SI202502140351 \/\/ Usage for editorial use only \/\/<\/figcaption><\/figure>\n\n\n\n<p>Takamoto Katsuta, SS5&#8217;te k\u0131sa bir s\u00fcreli\u011fine liderli\u011fi ele ald\u0131, ancak Evans hemen yan\u0131t vererek zirveyi yeniden ald\u0131. Ard\u0131ndan, B\u00e4ck etab\u0131n\u0131n karanl\u0131klar\u0131 i\u00e7inde Ott T\u00e4nak liderli\u011fi ele ald\u0131, fakat son Ume\u00e5 Sprint etab\u0131nda a\u015f\u0131nm\u0131\u015f lastikler y\u00fcz\u00fcnden zaman kaybetti. Evans bu f\u0131rsat\u0131 de\u011ferlendirdi ve en h\u0131zl\u0131 zaman\u0131 elde ederek yeniden liderli\u011fe y\u00fckseldi.<\/p>\n\n\n\n<p>Katsuta, g\u00fc\u00e7l\u00fc temposunu s\u00fcrd\u00fcrerek Evans&#8217;\u0131n sadece 0.6 saniye gerisinde kald\u0131, T\u00e4nak ise 2.5 saniye farkla \u00fc\u00e7\u00fcnc\u00fc s\u0131raya d\u00fc\u015ft\u00fc.<\/p>\n\n\n\n<figure class=\"wp-block-image size-large\"><img decoding=\"async\" width=\"1024\" height=\"683\" src=\"https:\/\/torkspor.com\/wp-content\/uploads\/2025\/02\/ADRIAN_FOURMU_ISVEC_CUMA-1024x683.jpg\" alt=\"\" class=\"wp-image-2246\" srcset=\"https:\/\/torkspor.com\/wp-content\/uploads\/2025\/02\/ADRIAN_FOURMU_ISVEC_CUMA-1024x683.jpg 1024w, https:\/\/torkspor.com\/wp-content\/uploads\/2025\/02\/ADRIAN_FOURMU_ISVEC_CUMA-300x200.jpg 300w, https:\/\/torkspor.com\/wp-content\/uploads\/2025\/02\/ADRIAN_FOURMU_ISVEC_CUMA-768x512.jpg 768w, https:\/\/torkspor.com\/wp-content\/uploads\/2025\/02\/ADRIAN_FOURMU_ISVEC_CUMA-1536x1024.jpg 1536w, https:\/\/torkspor.com\/wp-content\/uploads\/2025\/02\/ADRIAN_FOURMU_ISVEC_CUMA-2048x1365.jpg 2048w\" sizes=\"(max-width: 1024px) 100vw, 1024px\" \/><figcaption class=\"wp-element-caption\">Adrien Fourmaux (FRA) Alexandre Coria (FRA) Of team HYUNDAI SHELL MOBIS WORLD RALLY TEAM are seen performing during the  World Rally Championship Sweden in Umea, Sweden on  14,February. 2025 \/\/ Jaanus Ree \/ Red Bull Content Pool \/\/ SI202502140439 \/\/ Usage for editorial use only \/\/<\/figcaption><\/figure>\n\n\n\n<p>Adrien Fourmaux, sabah seans\u0131nda iki etap birincili\u011fi kazand\u0131 ve ikinci s\u0131raya kadar y\u00fckseldi. \u00d6\u011fleden sonra temposu biraz d\u00fc\u015fse de, Frans\u0131z pilot g\u00fcn\u00fc d\u00f6rd\u00fcnc\u00fc s\u0131rada, T\u00e4nak&#8217;\u0131n 5.4 saniye gerisinde tamamlad\u0131.<\/p>\n\n\n\n<p>D\u00f6rd\u00fcnc\u00fc etap olan SS4&#8217;te de Fourmaux, 5 dakika 54.6 saniyelik derecesiyle birinci oldu. Bu sonu\u00e7la, Fourmaux rallideki performans\u0131n\u0131 peki\u015ftirdi.<\/p>\n\n\n\n<p>Be\u015finci etap olan SS5&#8217;te Toyota s\u00fcr\u00fcc\u00fcs\u00fc Takamoto Katsuta, 13 dakika 50.1 saniyelik derecesiyle birinci s\u0131ray\u0131 elde etti. Bu sonu\u00e7la, Katsuta rallideki iddias\u0131n\u0131 g\u00f6sterdi.<\/p>\n\n\n\n<figure class=\"wp-block-image size-large\"><img loading=\"lazy\" decoding=\"async\" width=\"1024\" height=\"683\" src=\"https:\/\/torkspor.com\/wp-content\/uploads\/2025\/02\/KALLE_CUMA-1024x683.jpg\" alt=\"\" class=\"wp-image-2249\" srcset=\"https:\/\/torkspor.com\/wp-content\/uploads\/2025\/02\/KALLE_CUMA-1024x683.jpg 1024w, https:\/\/torkspor.com\/wp-content\/uploads\/2025\/02\/KALLE_CUMA-300x200.jpg 300w, https:\/\/torkspor.com\/wp-content\/uploads\/2025\/02\/KALLE_CUMA-768x512.jpg 768w, https:\/\/torkspor.com\/wp-content\/uploads\/2025\/02\/KALLE_CUMA-1536x1024.jpg 1536w, https:\/\/torkspor.com\/wp-content\/uploads\/2025\/02\/KALLE_CUMA-2048x1366.jpg 2048w\" sizes=\"(max-width: 1024px) 100vw, 1024px\" \/><figcaption class=\"wp-element-caption\">Kalle Rovanper\u00e4 (FIN) Jonne Halttunen (FIN) Of team TOYOTA GAZOO RACING WRT  are seen performing during the  World Rally Championship Sweden in Umea, Sweden on  14,February. 2025 \/\/ Jaanus Ree \/ Red Bull Content Pool \/\/ SI202502140350 \/\/ Usage for editorial use only \/\/<\/figcaption><\/figure>\n\n\n\n<p>SS5&#8217;te, Kalle Rovanper\u00e4 ve Josh McErlean&#8217;in de sorun ya\u015fad\u0131\u011f\u0131 zorlu bir virajda stop etmesi, en b\u00fcy\u00fck dezavantaj\u0131yd\u0131.<\/p>\n\n\n\n<p>Alt\u0131nc\u0131 etap olan SS6&#8217;da Hyundai s\u00fcr\u00fcc\u00fcs\u00fc Ott T\u00e4nak, 10 dakika 49.2 saniyelik derecesiyle birinci oldu. Bu sonu\u00e7la, T\u00e4nak rallideki iddias\u0131n\u0131 s\u00fcrd\u00fcrd\u00fc.<\/p>\n\n\n\n<p>G\u00fcn\u00fcn sonunda, Elfyn Evans rallinin liderli\u011fini s\u00fcrd\u00fcrd\u00fc. Adrien Fourmaux ikinci, Takamoto Katsuta ise \u00fc\u00e7\u00fcnc\u00fc s\u0131rada yer ald\u0131. Ott T\u00e4nak ise d\u00f6rd\u00fcnc\u00fc s\u0131rada bulunuyor.<\/p>\n\n\n\n<p>Savunma \u015fampiyonu Thierry Neuville, ba\u015flang\u0131\u00e7ta direksiyonun alt\u0131nda kayma problemiyle zorland\u0131, ancak g\u00fcn\u00fcn ilerleyen saatlerinde ritmini buldu. Bir etap birincili\u011fiyle zaman kayb\u0131n\u0131 telafi etti ve g\u00fcn\u00fc Evans\u2019\u0131n 9.1 saniye gerisinde be\u015finci s\u0131rada tamamlad\u0131.<\/p>\n\n\n\n<p>\u0130ki kez d\u00fcnya \u015fampiyonu Kalle Rovanper\u00e4, al\u0131\u015f\u0131lmad\u0131k \u015fekilde d\u00fc\u015f\u00fck tempolu bir g\u00fcn ge\u00e7irdi. SS5\u2019te viraj\u0131 ka\u00e7\u0131ran Finli pilot, hi\u00e7bir etapta ilk \u00fc\u00e7e giremedi ve g\u00fcn\u00fc Neuville\u2019in 16.4 saniye gerisinde tamamlad\u0131.<\/p>\n\n\n\n<figure class=\"wp-block-image size-large\"><img loading=\"lazy\" decoding=\"async\" width=\"1024\" height=\"683\" src=\"https:\/\/torkspor.com\/wp-content\/uploads\/2025\/02\/Martins-Sesks_ISVEC_CUMA-1024x683.jpg\" alt=\"\" class=\"wp-image-2250\" srcset=\"https:\/\/torkspor.com\/wp-content\/uploads\/2025\/02\/Martins-Sesks_ISVEC_CUMA-1024x683.jpg 1024w, https:\/\/torkspor.com\/wp-content\/uploads\/2025\/02\/Martins-Sesks_ISVEC_CUMA-300x200.jpg 300w, https:\/\/torkspor.com\/wp-content\/uploads\/2025\/02\/Martins-Sesks_ISVEC_CUMA-768x512.jpg 768w, https:\/\/torkspor.com\/wp-content\/uploads\/2025\/02\/Martins-Sesks_ISVEC_CUMA-1536x1024.jpg 1536w, https:\/\/torkspor.com\/wp-content\/uploads\/2025\/02\/Martins-Sesks_ISVEC_CUMA-2048x1365.jpg 2048w\" sizes=\"(max-width: 1024px) 100vw, 1024px\" \/><figcaption class=\"wp-element-caption\">Martins Sesks competing at WRC Rally Sweden on 14 February 2025.  \/\/ WRC Promoter GmbH \/ Red Bull Content Pool \/\/ SI202502140459 \/\/ Usage for editorial use only \/\/<\/figcaption><\/figure>\n\n\n\n<p>M\u0101rti\u0146\u0161 Sesks, M-Sport Ford\u2019un Puma Rally1 arac\u0131yla etkileyici bir geri d\u00f6n\u00fc\u015f yapt\u0131. \u0130ki top-3 etap derecesi ile g\u00fcn\u00fc yedinci s\u0131rada tamamlad\u0131. Tak\u0131m arkada\u015f\u0131 Josh McErlean ise, yaln\u0131zca ikinci Rally1 yar\u0131\u015f\u0131nda g\u00fcven kazanarak sekizinci s\u0131rada yer ald\u0131. Toyota\u2019dan Sami Pajari, erken bir zaman kayb\u0131 ya\u015fad\u0131; bir kar bankas\u0131na \u00e7arparak lasti\u011fini \u00e7\u0131kartt\u0131 ve g\u00fcn\u00fc dokuzuncu s\u0131rada tamamlad\u0131. Gr\u00e9goire Munster ise Puma\u2019s\u0131yla ilk 10\u2019da, onuncu s\u0131ray\u0131 ald\u0131.<\/p>\n\n\n\n<p>\u0130sve\u00e7 Rallisi, 16 \u015eubat 2025 tarihinde sona erecek. Yar\u0131\u015f\u0131n son g\u00fcn\u00fcnde, s\u00fcr\u00fcc\u00fcler zorlu etaplarda m\u00fccadele ederek \u015fampiyonluk i\u00e7in k\u0131yas\u0131ya bir yar\u0131\u015f sergileyecekler.<\/p>\n\n\n\n<p>Daha fazla bilgi ve g\u00fcncel sonu\u00e7lar i\u00e7in WRC&#8217;nin resmi web sitesini ziyaret edebilirsiniz.<\/p>\n\n\n\n<p><a href=\"https:\/\/www.wrc.com\">https:\/\/www.wrc.com<\/a><\/p>\n\n\n\n<p>\u0130sve\u00e7 Rallisi&#8217;nin ilk g\u00fcn\u00fcne ait \u00f6zet g\u00f6r\u00fcnt\u00fcler i\u00e7in a\u015fa\u011f\u0131daki videoyu izleyebilirsiniz:<\/p>\n\n\n\n<figure class=\"wp-block-embed is-type-video is-provider-youtube wp-block-embed-youtube wp-embed-aspect-16-9 wp-has-aspect-ratio\"><div class=\"wp-block-embed__wrapper\">\n<iframe title=\"Day 2 Highlights | WRC Rally Sweden 2025\" width=\"800\" height=\"450\" src=\"https:\/\/www.youtube.com\/embed\/lQuwKtvHLaE?start=1&#038;feature=oembed\" frameborder=\"0\" allow=\"accelerometer; autoplay; clipboard-write; encrypted-media; gyroscope; picture-in-picture; web-share\" referrerpolicy=\"strict-origin-when-cross-origin\" allowfullscreen><\/iframe>\n<\/div><\/figure>\n","protected":false},"excerpt":{"rendered":"<p>Bug\u00fcn, 14 \u015eubat 2025 tarihinde \u0130sve\u00e7&#8217;te devam eden D\u00fcnya Ralli \u015eampiyonas\u0131&#8217;n\u0131n ikinci yar\u0131\u015f\u0131 olan \u0130sve\u00e7 Rallisi&#8217;nde heyecan dolu anlar ya\u015fand\u0131.<\/p>\n","protected":false},"author":2,"featured_media":2250,"comment_status":"open","ping_status":"open","sticky":false,"template":"","format":"standard","meta":{"footnotes":""},"categories":[14,1,5,21],"tags":[],"class_list":["post-2245","post","type-post","status-publish","format-standard","has-post-thumbnail","hentry","category-dunya","category-genel","category-haberler","category-ralli"],"magazineBlocksPostFeaturedMedia":{"thumbnail":"https:\/\/torkspor.com\/wp-content\/uploads\/2025\/02\/Martins-Sesks_ISVEC_CUMA-150x150.jpg","medium":"https:\/\/torkspor.com\/wp-content\/uploads\/2025\/02\/Martins-Sesks_ISVEC_CUMA-300x200.jpg","medium_large":"https:\/\/torkspor.com\/wp-content\/uploads\/2025\/02\/Martins-Sesks_ISVEC_CUMA-768x512.jpg","large":"https:\/\/torkspor.com\/wp-content\/uploads\/2025\/02\/Martins-Sesks_ISVEC_CUMA-1024x683.jpg","1536x1536":"https:\/\/torkspor.com\/wp-content\/uploads\/2025\/02\/Martins-Sesks_ISVEC_CUMA-1536x1024.jpg","2048x2048":"https:\/\/torkspor.com\/wp-content\/uploads\/2025\/02\/Martins-Sesks_ISVEC_CUMA-2048x1365.jpg","colormag-highlighted-post":"https:\/\/torkspor.com\/wp-content\/uploads\/2025\/02\/Martins-Sesks_ISVEC_CUMA-392x272.jpg","colormag-featured-post-medium":"https:\/\/torkspor.com\/wp-content\/uploads\/2025\/02\/Martins-Sesks_ISVEC_CUMA-390x205.jpg","colormag-featured-post-small":"https:\/\/torkspor.com\/wp-content\/uploads\/2025\/02\/Martins-Sesks_ISVEC_CUMA-130x90.jpg","colormag-featured-image":"https:\/\/torkspor.com\/wp-content\/uploads\/2025\/02\/Martins-Sesks_ISVEC_CUMA-800x445.jpg","colormag-default-news":"https:\/\/torkspor.com\/wp-content\/uploads\/2025\/02\/Martins-Sesks_ISVEC_CUMA-150x150.jpg","colormag-featured-image-large":"https:\/\/torkspor.com\/wp-content\/uploads\/2025\/02\/Martins-Sesks_ISVEC_CUMA-1400x600.jpg","colormag-elementor-block-extra-large-thumbnail":"https:\/\/torkspor.com\/wp-content\/uploads\/2025\/02\/Martins-Sesks_ISVEC_CUMA-1155x480.jpg","colormag-elementor-grid-large-thumbnail":"https:\/\/torkspor.com\/wp-content\/uploads\/2025\/02\/Martins-Sesks_ISVEC_CUMA-600x417.jpg","colormag-elementor-grid-small-thumbnail":"https:\/\/torkspor.com\/wp-content\/uploads\/2025\/02\/Martins-Sesks_ISVEC_CUMA-285x450.jpg","colormag-elementor-grid-medium-large-thumbnail":"https:\/\/torkspor.com\/wp-content\/uploads\/2025\/02\/Martins-Sesks_ISVEC_CUMA-575x198.jpg"},"magazineBlocksPostAuthor":{"name":"Okan \u00c7etiner","avatar":"https:\/\/secure.gravatar.com\/avatar\/0b8d387b873c3962ae491deaf4b94a08a9b0dbc2778155c139691933252f8856?s=96&d=mm&r=g"},"magazineBlocksPostCommentsNumber":"0","magazineBlocksPostExcerpt":"Bug\u00fcn, 14 \u015eubat 2025 tarihinde \u0130sve\u00e7&#8217;te devam eden D\u00fcnya Ralli \u015eampiyonas\u0131&#8217;n\u0131n ikinci yar\u0131\u015f\u0131 olan \u0130sve\u00e7 Rallisi&#8217;nde heyecan dolu anlar ya\u015fand\u0131.","magazineBlocksPostCategories":["D\u00fcnya","Genel","Haberler","Ralli"],"magazine_blocks_featured_image_url":{"full":["https:\/\/torkspor.com\/wp-content\/uploads\/2025\/02\/Martins-Sesks_ISVEC_CUMA-scaled.jpg",2560,1707,false],"medium":["https:\/\/torkspor.com\/wp-content\/uploads\/2025\/02\/Martins-Sesks_ISVEC_CUMA-300x200.jpg",300,200,true],"thumbnail":["https:\/\/torkspor.com\/wp-content\/uploads\/2025\/02\/Martins-Sesks_ISVEC_CUMA-150x150.jpg",150,150,true]},"magazine_blocks_author":{"display_name":"Okan \u00c7etiner","author_link":"https:\/\/torkspor.com\/?author=2"},"magazine_blocks_comment":4,"magazine_blocks_author_image":"https:\/\/secure.gravatar.com\/avatar\/0b8d387b873c3962ae491deaf4b94a08a9b0dbc2778155c139691933252f8856?s=96&d=mm&r=g","magazine_blocks_category":"<a href=\"https:\/\/torkspor.com\/?cat=14\" rel=\"category\">D\u00fcnya<\/a> <a href=\"https:\/\/torkspor.com\/?cat=1\" rel=\"category\">Genel<\/a> <a href=\"https:\/\/torkspor.com\/?cat=5\" rel=\"category\">Haberler<\/a> <a href=\"https:\/\/torkspor.com\/?cat=21\" rel=\"category\">Ralli<\/a>","_links":{"self":[{"href":"https:\/\/torkspor.com\/index.php?rest_route=\/wp\/v2\/posts\/2245","targetHints":{"allow":["GET"]}}],"collection":[{"href":"https:\/\/torkspor.com\/index.php?rest_route=\/wp\/v2\/posts"}],"about":[{"href":"https:\/\/torkspor.com\/index.php?rest_route=\/wp\/v2\/types\/post"}],"author":[{"embeddable":true,"href":"https:\/\/torkspor.com\/index.php?rest_route=\/wp\/v2\/users\/2"}],"replies":[{"embeddable":true,"href":"https:\/\/torkspor.com\/index.php?rest_route=%2Fwp%2Fv2%2Fcomments&post=2245"}],"version-history":[{"count":1,"href":"https:\/\/torkspor.com\/index.php?rest_route=\/wp\/v2\/posts\/2245\/revisions"}],"predecessor-version":[{"id":2251,"href":"https:\/\/torkspor.com\/index.php?rest_route=\/wp\/v2\/posts\/2245\/revisions\/2251"}],"wp:featuredmedia":[{"embeddable":true,"href":"https:\/\/torkspor.com\/index.php?rest_route=\/wp\/v2\/media\/2250"}],"wp:attachment":[{"href":"https:\/\/torkspor.com\/index.php?rest_route=%2Fwp%2Fv2%2Fmedia&parent=2245"}],"wp:term":[{"taxonomy":"category","embeddable":true,"href":"https:\/\/torkspor.com\/index.php?rest_route=%2Fwp%2Fv2%2Fcategories&post=2245"},{"taxonomy":"post_tag","embeddable":true,"href":"https:\/\/torkspor.com\/index.php?rest_route=%2Fwp%2Fv2%2Ftags&post=2245"}],"curies":[{"name":"wp","href":"https:\/\/api.w.org\/{rel}","templated":true}]}}