{"id":2253,"date":"2025-02-15T01:52:58","date_gmt":"2025-02-14T22:52:58","guid":{"rendered":"https:\/\/torkspor.com\/?p=2253"},"modified":"2025-02-15T18:49:49","modified_gmt":"2025-02-15T15:49:49","slug":"vatanen-wrc3te-liderligi-ele-gecirdi-turkkan-yedinci-kazaz-ise-8-sirada","status":"publish","type":"post","link":"https:\/\/torkspor.com\/?p=2253","title":{"rendered":"VATANEN, WRC3\u2019TE L\u0130DERL\u0130\u011e\u0130 ELE GE\u00c7\u0130RD\u0130 \u2013 T\u00dcRKKAN YED\u0130NC\u0130, KAZAZ \u0130SE 8. SIRADA"},"content":{"rendered":"\n<p><em><strong>JWRC (Gen\u00e7ler D\u00fcnya Ralli Kupas\u0131) kategorisinde m\u00fccadele eden T\u00fcrk ekibimiz Castrol Ford Team T\u00fcrkiye tak\u0131m\u0131n\u0131n gen\u00e7 pilotu Ali T\u00fcrkkan ve yard\u0131mc\u0131 pilotu Oytun Albayrak g\u00fcn\u00fc yedinci s\u0131rada tamamlad\u0131. Bir di\u011fer ekibimiz Team Petrol Ofisi\u2019nin gen\u00e7 Milli Sporcusu Kerem Kazaz ise 2. Etapta spin att\u0131 ve 20 saniye kayb\u0131 olunca g\u00fcn\u00fc sekizinci s\u0131rada tamamlad\u0131. Her iki ekibimizde etaplar\u0131n baz\u0131lar\u0131nda sorun ya\u015fayarak zaman kaybettiler ama fini\u015fe ula\u015fmay\u0131 ba\u015fard\u0131lar.<\/strong><\/em><\/p>\n\n\n\n<figure class=\"wp-block-image size-large\"><img fetchpriority=\"high\" decoding=\"async\" width=\"1024\" height=\"683\" src=\"https:\/\/torkspor.com\/wp-content\/uploads\/2025\/02\/vatanen2-1024x683.jpg\" alt=\"\" class=\"wp-image-2254\" srcset=\"https:\/\/torkspor.com\/wp-content\/uploads\/2025\/02\/vatanen2-1024x683.jpg 1024w, https:\/\/torkspor.com\/wp-content\/uploads\/2025\/02\/vatanen2-300x200.jpg 300w, https:\/\/torkspor.com\/wp-content\/uploads\/2025\/02\/vatanen2-768x512.jpg 768w, https:\/\/torkspor.com\/wp-content\/uploads\/2025\/02\/vatanen2-1536x1024.jpg 1536w, https:\/\/torkspor.com\/wp-content\/uploads\/2025\/02\/vatanen2.jpg 2048w\" sizes=\"(max-width: 1024px) 100vw, 1024px\" \/><\/figure>\n\n\n\n<p>Rally Sweden\u2019de WRC3 m\u00fccadelesi Cuma g\u00fcn\u00fc b\u00fcy\u00fck bir \u00e7eki\u015fmeye sahne oldu. Finlandiyal\u0131 Ville Vatanen, Renault Clio Rally3 ile etkileyici bir performans sergileyerek g\u00fcn\u00fc lider tamamlad\u0131. Sabah etaplar\u0131n\u0131 domine eden Vatanen, ilk iki etap zaferinin ard\u0131ndan Per\u015fembe gecesi kazand\u0131\u011f\u0131 Ume\u00e5 Sprint ile avantaj\u0131n\u0131 per\u00e7inledi. 10.6 saniyelik farkla liderli\u011fi eline alan gen\u00e7 pilot, g\u00fcn sonunda 8.1 saniyelik avantaj\u0131n\u0131 koruyarak Cumartesiye iddial\u0131 girdi.<\/p>\n\n\n\n<figure class=\"wp-block-image size-large\"><img decoding=\"async\" width=\"1024\" height=\"682\" src=\"https:\/\/torkspor.com\/wp-content\/uploads\/2025\/02\/levi_lasila-1-1024x682.jpg\" alt=\"\" class=\"wp-image-2255\" srcset=\"https:\/\/torkspor.com\/wp-content\/uploads\/2025\/02\/levi_lasila-1-1024x682.jpg 1024w, https:\/\/torkspor.com\/wp-content\/uploads\/2025\/02\/levi_lasila-1-300x200.jpg 300w, https:\/\/torkspor.com\/wp-content\/uploads\/2025\/02\/levi_lasila-1-768x511.jpg 768w, https:\/\/torkspor.com\/wp-content\/uploads\/2025\/02\/levi_lasila-1.jpg 1364w\" sizes=\"(max-width: 1024px) 100vw, 1024px\" \/><\/figure>\n\n\n\n<p>Onu en yak\u0131ndan takip eden isim ise bir di\u011fer Fin pilot Leevi Lassila oldu. Sabah etaplar\u0131nda Vatanen\u2019in serisini kesintiye u\u011fratabilen tek isim olan Lassila, SS3\u2019\u00fc kazanarak rakibine g\u00f6zda\u011f\u0131 verdi. \u00d6\u011fleden sonra temposunu daha da art\u0131ran Lassila, iki etap zaferi daha kazansa da liderli\u011fi ele ge\u00e7iremedi.<\/p>\n\n\n\n<figure class=\"wp-block-image size-large\"><img decoding=\"async\" width=\"1024\" height=\"683\" src=\"https:\/\/torkspor.com\/wp-content\/uploads\/2025\/02\/WRC_SWE_25_atmosphere_214-1024x683.jpg\" alt=\"\" class=\"wp-image-2256\" srcset=\"https:\/\/torkspor.com\/wp-content\/uploads\/2025\/02\/WRC_SWE_25_atmosphere_214-1024x683.jpg 1024w, https:\/\/torkspor.com\/wp-content\/uploads\/2025\/02\/WRC_SWE_25_atmosphere_214-300x200.jpg 300w, https:\/\/torkspor.com\/wp-content\/uploads\/2025\/02\/WRC_SWE_25_atmosphere_214-768x512.jpg 768w, https:\/\/torkspor.com\/wp-content\/uploads\/2025\/02\/WRC_SWE_25_atmosphere_214-1536x1024.jpg 1536w, https:\/\/torkspor.com\/wp-content\/uploads\/2025\/02\/WRC_SWE_25_atmosphere_214-2048x1365.jpg 2048w\" sizes=\"(max-width: 1024px) 100vw, 1024px\" \/><\/figure>\n\n\n\n<p>Avustralyal\u0131 Taylor Gill ise WRC\u2019nin gen\u00e7 yetenekleri destekleme program\u0131 olan FIA Rally Star kapsam\u0131nda yar\u0131\u015fmaya devam ederken, 26.7 saniyelik farkla \u00fc\u00e7\u00fcnc\u00fc s\u0131ray\u0131 ald\u0131. Gill, Frans\u0131z Tristan Charpentier\u2019in SS5\u2019te yoldan \u00e7\u0131kmas\u0131n\u0131n ard\u0131ndan d\u00f6rd\u00fcnc\u00fcl\u00fc\u011fe y\u00fckselen Japon pilot Shotaro Goto\u2019nun 40.2 saniye \u00f6n\u00fcnde yer ald\u0131.<\/p>\n\n\n\n<figure class=\"wp-block-image size-large\"><img loading=\"lazy\" decoding=\"async\" width=\"1024\" height=\"684\" src=\"https:\/\/torkspor.com\/wp-content\/uploads\/2025\/02\/takumi-1024x684.jpg\" alt=\"\" class=\"wp-image-2257\" srcset=\"https:\/\/torkspor.com\/wp-content\/uploads\/2025\/02\/takumi-1024x684.jpg 1024w, https:\/\/torkspor.com\/wp-content\/uploads\/2025\/02\/takumi-300x200.jpg 300w, https:\/\/torkspor.com\/wp-content\/uploads\/2025\/02\/takumi-768x513.jpg 768w, https:\/\/torkspor.com\/wp-content\/uploads\/2025\/02\/takumi.jpg 1198w\" sizes=\"(max-width: 1024px) 100vw, 1024px\" \/><\/figure>\n\n\n\n<p>Japonya\u2019n\u0131n Toyota GAZOO Racing Challenge Programme s\u00fcr\u00fcc\u00fcs\u00fc Takumi Matsushita, Goto\u2019yu sadece 5.5 saniye farkla takip ederken, \u0130talyan Matteo Fontana da rekabete dahil oldu ve alt\u0131nc\u0131 s\u0131rada yer ald\u0131.<\/p>\n\n\n\n<figure class=\"wp-block-image size-large\"><img loading=\"lazy\" decoding=\"async\" width=\"1024\" height=\"683\" src=\"https:\/\/torkspor.com\/wp-content\/uploads\/2025\/02\/WRC_SWE_25__740-1024x683.jpg\" alt=\"\" class=\"wp-image-2258\" srcset=\"https:\/\/torkspor.com\/wp-content\/uploads\/2025\/02\/WRC_SWE_25__740-1024x683.jpg 1024w, https:\/\/torkspor.com\/wp-content\/uploads\/2025\/02\/WRC_SWE_25__740-300x200.jpg 300w, https:\/\/torkspor.com\/wp-content\/uploads\/2025\/02\/WRC_SWE_25__740-768x512.jpg 768w, https:\/\/torkspor.com\/wp-content\/uploads\/2025\/02\/WRC_SWE_25__740-1536x1024.jpg 1536w, https:\/\/torkspor.com\/wp-content\/uploads\/2025\/02\/WRC_SWE_25__740-2048x1365.jpg 2048w\" sizes=\"(max-width: 1024px) 100vw, 1024px\" \/><\/figure>\n\n\n\n<p>T\u00fcrk ekibimiz Ali T\u00fcrkkan \u2013 Oytun Albayrak ve Kerem Kazaz \u2013 Corentin Silvestre ise g\u00fcn\u00fc yedinci ve sekizinci s\u0131rada tamamlad\u0131. Sabah saatlerinde T\u00fcrkkan, SS2\u2019de bir\u00e7ok s\u00fcr\u00fcc\u00fcy\u00fc zorlayan bir virajda zaman kayb\u0131 ya\u015fad\u0131 ancak istikrarl\u0131 temposuyla ilk sekizde kalmay\u0131 ba\u015fard\u0131. Kerem Kazaz da ayn\u0131 etapta spin atarak 20 saniye zaman kaybetti. Buna ra\u011fmen ekiplerimiz 18 yar\u0131\u015fmac\u0131n\u0131n aras\u0131ndan g\u00fcn\u00fc 7 ve 8. S\u0131rada tamamlayarak yar\u0131n i\u00e7in umut verdiler.<\/p>\n\n\n\n<figure class=\"wp-block-image size-large\"><img loading=\"lazy\" decoding=\"async\" width=\"1024\" height=\"683\" src=\"https:\/\/torkspor.com\/wp-content\/uploads\/2025\/02\/WRC_SWE_25_atmosphere_216-1024x683.jpg\" alt=\"\" class=\"wp-image-2259\" srcset=\"https:\/\/torkspor.com\/wp-content\/uploads\/2025\/02\/WRC_SWE_25_atmosphere_216-1024x683.jpg 1024w, https:\/\/torkspor.com\/wp-content\/uploads\/2025\/02\/WRC_SWE_25_atmosphere_216-300x200.jpg 300w, https:\/\/torkspor.com\/wp-content\/uploads\/2025\/02\/WRC_SWE_25_atmosphere_216-768x512.jpg 768w, https:\/\/torkspor.com\/wp-content\/uploads\/2025\/02\/WRC_SWE_25_atmosphere_216-1536x1024.jpg 1536w, https:\/\/torkspor.com\/wp-content\/uploads\/2025\/02\/WRC_SWE_25_atmosphere_216-2048x1365.jpg 2048w\" sizes=\"(max-width: 1024px) 100vw, 1024px\" \/><\/figure>\n\n\n\n<p>G\u00fcney Afrikal\u0131 Max Smart dokuzuncu s\u0131rada yer al\u0131rken, sabah b\u00f6l\u00fcmlerinde ya\u015fad\u0131\u011f\u0131 kayma ve motor stop etme sorunlar\u0131na ra\u011fmen g\u00fcn\u00fcn ilerleyen saatlerinde temposunu toparlad\u0131.<\/p>\n\n\n\n<p>G\u00fcn\u00fcn en b\u00fcy\u00fck kay\u0131plar\u0131ndan biri ise Frans\u0131z Matteo Chatillon\u2019un yar\u0131\u015f d\u0131\u015f\u0131 kalmas\u0131 oldu. Ayr\u0131ca, Alman s\u00fcr\u00fcc\u00fc Claire Sch\u00f6nborn SS2\u2019de spin atarak \u00f6nemli zaman kaybetti. \u0130svi\u00e7reli Lyssia Baudet ise kaputunun gev\u015femesi nedeniyle g\u00f6r\u00fc\u015f problemi ya\u015fad\u0131 ancak g\u00fcn\u00fcn ilerleyen saatlerinde h\u0131z kazand\u0131.<\/p>\n\n\n\n<p>Cumartesi g\u00fcn\u00fcn\u00fcn son etab\u0131, 101.96 km&#8217;lik yedi h\u0131zl\u0131 etapla heyecan dolu olacak ve s\u0131ralamada daha fazla de\u011fi\u015fiklik olma ihtimali var.<\/p>\n\n\n\n<p>Rally Sweden\u2019de WRC3 m\u00fccadelesi Cumartesi g\u00fcn\u00fc de t\u00fcm heyecan\u0131yla devam edecek.<\/p>\n\n\n\n<p><\/p>\n","protected":false},"excerpt":{"rendered":"<p>JWRC (Gen\u00e7ler D\u00fcnya Ralli Kupas\u0131) kategorisinde m\u00fccadele eden T\u00fcrk ekibimiz Castrol Ford Team T\u00fcrkiye tak\u0131m\u0131n\u0131n gen\u00e7 pilotu Ali T\u00fcrkkan ve<\/p>\n","protected":false},"author":2,"featured_media":2291,"comment_status":"open","ping_status":"open","sticky":false,"template":"","format":"standard","meta":{"footnotes":""},"categories":[14,3,1,21],"tags":[],"class_list":["post-2253","post","type-post","status-publish","format-standard","has-post-thumbnail","hentry","category-dunya","category-dunyadasporcularimiz","category-genel","category-ralli"],"magazineBlocksPostFeaturedMedia":{"thumbnail":"https:\/\/torkspor.com\/wp-content\/uploads\/2025\/02\/vatanen3-150x150.jpg","medium":"https:\/\/torkspor.com\/wp-content\/uploads\/2025\/02\/vatanen3-300x200.jpg","medium_large":"https:\/\/torkspor.com\/wp-content\/uploads\/2025\/02\/vatanen3-768x513.jpg","large":"https:\/\/torkspor.com\/wp-content\/uploads\/2025\/02\/vatanen3-1024x684.jpg","1536x1536":"https:\/\/torkspor.com\/wp-content\/uploads\/2025\/02\/vatanen3-1536x1025.jpg","2048x2048":"https:\/\/torkspor.com\/wp-content\/uploads\/2025\/02\/vatanen3.jpg","colormag-highlighted-post":"https:\/\/torkspor.com\/wp-content\/uploads\/2025\/02\/vatanen3-392x272.jpg","colormag-featured-post-medium":"https:\/\/torkspor.com\/wp-content\/uploads\/2025\/02\/vatanen3-390x205.jpg","colormag-featured-post-small":"https:\/\/torkspor.com\/wp-content\/uploads\/2025\/02\/vatanen3-130x90.jpg","colormag-featured-image":"https:\/\/torkspor.com\/wp-content\/uploads\/2025\/02\/vatanen3-800x445.jpg","colormag-default-news":"https:\/\/torkspor.com\/wp-content\/uploads\/2025\/02\/vatanen3-150x150.jpg","colormag-featured-image-large":"https:\/\/torkspor.com\/wp-content\/uploads\/2025\/02\/vatanen3-1400x600.jpg","colormag-elementor-block-extra-large-thumbnail":"https:\/\/torkspor.com\/wp-content\/uploads\/2025\/02\/vatanen3-1155x480.jpg","colormag-elementor-grid-large-thumbnail":"https:\/\/torkspor.com\/wp-content\/uploads\/2025\/02\/vatanen3-600x417.jpg","colormag-elementor-grid-small-thumbnail":"https:\/\/torkspor.com\/wp-content\/uploads\/2025\/02\/vatanen3-285x450.jpg","colormag-elementor-grid-medium-large-thumbnail":"https:\/\/torkspor.com\/wp-content\/uploads\/2025\/02\/vatanen3-575x198.jpg"},"magazineBlocksPostAuthor":{"name":"Okan \u00c7etiner","avatar":"https:\/\/secure.gravatar.com\/avatar\/0b8d387b873c3962ae491deaf4b94a08a9b0dbc2778155c139691933252f8856?s=96&d=mm&r=g"},"magazineBlocksPostCommentsNumber":"0","magazineBlocksPostExcerpt":"JWRC (Gen\u00e7ler D\u00fcnya Ralli Kupas\u0131) kategorisinde m\u00fccadele eden T\u00fcrk ekibimiz Castrol Ford Team T\u00fcrkiye tak\u0131m\u0131n\u0131n gen\u00e7 pilotu Ali T\u00fcrkkan ve","magazineBlocksPostCategories":["D\u00fcnya","D\u00fcnyada Sporcular\u0131m\u0131z","Genel","Ralli"],"magazine_blocks_featured_image_url":{"full":["https:\/\/torkspor.com\/wp-content\/uploads\/2025\/02\/vatanen3.jpg",2048,1367,false],"medium":["https:\/\/torkspor.com\/wp-content\/uploads\/2025\/02\/vatanen3-300x200.jpg",300,200,true],"thumbnail":["https:\/\/torkspor.com\/wp-content\/uploads\/2025\/02\/vatanen3-150x150.jpg",150,150,true]},"magazine_blocks_author":{"display_name":"Okan \u00c7etiner","author_link":"https:\/\/torkspor.com\/?author=2"},"magazine_blocks_comment":0,"magazine_blocks_author_image":"https:\/\/secure.gravatar.com\/avatar\/0b8d387b873c3962ae491deaf4b94a08a9b0dbc2778155c139691933252f8856?s=96&d=mm&r=g","magazine_blocks_category":"<a href=\"https:\/\/torkspor.com\/?cat=14\" rel=\"category\">D\u00fcnya<\/a> <a href=\"https:\/\/torkspor.com\/?cat=3\" rel=\"category\">D\u00fcnyada Sporcular\u0131m\u0131z<\/a> <a href=\"https:\/\/torkspor.com\/?cat=1\" rel=\"category\">Genel<\/a> <a href=\"https:\/\/torkspor.com\/?cat=21\" rel=\"category\">Ralli<\/a>","_links":{"self":[{"href":"https:\/\/torkspor.com\/index.php?rest_route=\/wp\/v2\/posts\/2253","targetHints":{"allow":["GET"]}}],"collection":[{"href":"https:\/\/torkspor.com\/index.php?rest_route=\/wp\/v2\/posts"}],"about":[{"href":"https:\/\/torkspor.com\/index.php?rest_route=\/wp\/v2\/types\/post"}],"author":[{"embeddable":true,"href":"https:\/\/torkspor.com\/index.php?rest_route=\/wp\/v2\/users\/2"}],"replies":[{"embeddable":true,"href":"https:\/\/torkspor.com\/index.php?rest_route=%2Fwp%2Fv2%2Fcomments&post=2253"}],"version-history":[{"count":1,"href":"https:\/\/torkspor.com\/index.php?rest_route=\/wp\/v2\/posts\/2253\/revisions"}],"predecessor-version":[{"id":2261,"href":"https:\/\/torkspor.com\/index.php?rest_route=\/wp\/v2\/posts\/2253\/revisions\/2261"}],"wp:featuredmedia":[{"embeddable":true,"href":"https:\/\/torkspor.com\/index.php?rest_route=\/wp\/v2\/media\/2291"}],"wp:attachment":[{"href":"https:\/\/torkspor.com\/index.php?rest_route=%2Fwp%2Fv2%2Fmedia&parent=2253"}],"wp:term":[{"taxonomy":"category","embeddable":true,"href":"https:\/\/torkspor.com\/index.php?rest_route=%2Fwp%2Fv2%2Fcategories&post=2253"},{"taxonomy":"post_tag","embeddable":true,"href":"https:\/\/torkspor.com\/index.php?rest_route=%2Fwp%2Fv2%2Ftags&post=2253"}],"curies":[{"name":"wp","href":"https:\/\/api.w.org\/{rel}","templated":true}]}}