{"id":2268,"date":"2025-02-15T02:48:23","date_gmt":"2025-02-14T23:48:23","guid":{"rendered":"https:\/\/torkspor.com\/?p=2268"},"modified":"2025-02-15T02:58:37","modified_gmt":"2025-02-14T23:58:37","slug":"ali-turkkan-oytun-albayrak-2025-wrc-isvec-rallisine-hizli-basladilar","status":"publish","type":"post","link":"https:\/\/torkspor.com\/?p=2268","title":{"rendered":"Castrol Ford Team T\u00fcrkiye, Ali T\u00fcrkkan ile JWRC Sezonun \u0130lk Rallisine \u0130sve\u00e7\u2019te  \u00c7\u0131kt\u0131"},"content":{"rendered":"\n<figure class=\"wp-block-image size-large\"><img fetchpriority=\"high\" decoding=\"async\" width=\"1024\" height=\"681\" src=\"https:\/\/torkspor.com\/wp-content\/uploads\/2025\/02\/WRC_SWE_25_atmosphere_037-1024x681.jpg\" alt=\"\" class=\"wp-image-2270\" srcset=\"https:\/\/torkspor.com\/wp-content\/uploads\/2025\/02\/WRC_SWE_25_atmosphere_037-1024x681.jpg 1024w, https:\/\/torkspor.com\/wp-content\/uploads\/2025\/02\/WRC_SWE_25_atmosphere_037-300x200.jpg 300w, https:\/\/torkspor.com\/wp-content\/uploads\/2025\/02\/WRC_SWE_25_atmosphere_037-768x511.jpg 768w, https:\/\/torkspor.com\/wp-content\/uploads\/2025\/02\/WRC_SWE_25_atmosphere_037-1536x1022.jpg 1536w, https:\/\/torkspor.com\/wp-content\/uploads\/2025\/02\/WRC_SWE_25_atmosphere_037-2048x1363.jpg 2048w\" sizes=\"(max-width: 1024px) 100vw, 1024px\" \/><\/figure>\n\n\n\n<p><em><strong>JWRC (Gen\u00e7ler D\u00fcnya Ralli Kupas\u0131) kategorisinde m\u00fccadele eden T\u00fcrk ekibimiz Castrol Ford Team T\u00fcrkiye tak\u0131m\u0131n\u0131n gen\u00e7 pilotu Ali T\u00fcrkkan ve yard\u0131mc\u0131 pilotu Oytun Albayrak g\u00fcn\u00fc yedinci s\u0131rada tamamlad\u0131.<\/strong><\/em><\/p>\n\n\n\n<p><strong>Castrol Ford Team T\u00fcrkiye, 2025 D\u00fcnya Gen\u00e7ler Ralli \u015eampiyonas\u0131\u2019n\u0131n ilk aya\u011f\u0131n\u0131n ko\u015fuldu\u011fu \u0130sve\u00e7 Ralli\u2019sine h\u0131zl\u0131 ba\u015flad\u0131lar. 2024 sezonunu T\u00fcrkiye motor sporlar\u0131 tarihinde bir ilki ba\u015fararak Ali T\u00fcrkkan ile D\u00fcnya \u00dc\u00e7\u00fcnc\u00fcs\u00fc olarak tamamlayan Castrol Ford Team T\u00fcrkiye\u2019nin 2025 hedefi ise \u015fampiyonluk. Be\u015f ralliden olu\u015facak sezonun ilk aya\u011f\u0131 karl\u0131 ve buzlu bir zeminde \u0130sve\u00e7\u2019te 13-16 \u015eubat 2025 tarihleri aras\u0131nda ko\u015fulacak.<\/strong><\/p>\n\n\n\n<figure class=\"wp-block-image size-large\"><img decoding=\"async\" width=\"1024\" height=\"683\" src=\"https:\/\/torkspor.com\/wp-content\/uploads\/2025\/02\/WRC_SWE_25_A_TURKKAN_412-1024x683.jpg\" alt=\"\" class=\"wp-image-2269\" srcset=\"https:\/\/torkspor.com\/wp-content\/uploads\/2025\/02\/WRC_SWE_25_A_TURKKAN_412-1024x683.jpg 1024w, https:\/\/torkspor.com\/wp-content\/uploads\/2025\/02\/WRC_SWE_25_A_TURKKAN_412-300x200.jpg 300w, https:\/\/torkspor.com\/wp-content\/uploads\/2025\/02\/WRC_SWE_25_A_TURKKAN_412-768x512.jpg 768w, https:\/\/torkspor.com\/wp-content\/uploads\/2025\/02\/WRC_SWE_25_A_TURKKAN_412-1536x1024.jpg 1536w, https:\/\/torkspor.com\/wp-content\/uploads\/2025\/02\/WRC_SWE_25_A_TURKKAN_412-2048x1365.jpg 2048w\" sizes=\"(max-width: 1024px) 100vw, 1024px\" \/><\/figure>\n\n\n\n<p>D\u00fcnya Gen\u00e7ler Ralli \u015eampiyonas\u0131, daha \u00f6nce bir\u00e7ok D\u00fcnya \u015eampiyonu unvan\u0131 elde etmi\u015f ralli pilotunun ilk podyuma \u00e7\u0131kt\u0131\u011f\u0131 \u00f6nemli bir etkinlik olarak g\u00f6r\u00fcl\u00fcyor. Adlar\u0131n\u0131 ralli tarihine yazd\u0131ran Sebastian Loeb, Sebastian Ogier gibi isimler, kendilerini JWRC\u2019de elde ettikleri ba\u015far\u0131larla duyurmu\u015ftu.<\/p>\n\n\n\n<p>\u0130sve\u00e7 Rallisi \u00f6ncesi tak\u0131m\u0131n durumu ve sezon hedefleriyle ilgili konu\u015fan Castrol Ford Team T\u00fcrkiye Tak\u0131m Ko\u00e7u Murat Bostanc\u0131, \u201cGe\u00e7en y\u0131l bu seride elde etti\u011fimiz D\u00fcnya \u00dc\u00e7\u00fcnc\u00fcl\u00fc\u011f\u00fc ile T\u00fcrkiye motor sporlar\u0131 tarihinde bir ilki ba\u015farm\u0131\u015ft\u0131k. Bu sene yeni bir ilki daha ba\u015far\u0131p, \u015fampiyon olmak istiyoruz. Be\u015f rallilik bu ser\u00fcvenin ilk ad\u0131m\u0131n\u0131, \u0130sve\u00e7\u2019te karl\u0131 ve buzlu bir zeminde at\u0131yor olmak \u00e7ok heyecan verici. Tak\u0131m olarak haz\u0131r\u0131z. Elimizden gelenin en iyisini yapaca\u011f\u0131z\u201d dedi.<\/p>\n\n\n\n<p><strong>\u0130\u015eTE 2025 \u0130SVE\u00c7 RALL\u0130S\u0130 \u0130LK G\u00dcN  AL\u0130 T\u00dcRKKAN VE OYTUN ALBAYRAK&#8217;IN H\u0130KAYES\u0130;<\/strong><\/p>\n\n\n\n<p>\u0130sve\u00e7\u2019in karl\u0131 ve zorlu etaplar\u0131nda motorun g\u00fc\u00e7l\u00fc sesi yank\u0131lan\u0131yordu. 2025 WRC \u0130sve\u00e7 Rallisi\u2019nin ilk g\u00fcn\u00fc, gecenin karanl\u0131\u011f\u0131nda \u0131\u015f\u0131ldayan farlar\u0131n aras\u0131nda h\u0131zla ilerleyen Ali T\u00fcrkkan ve co-pilotu Oytun Albayrak, nefes kesen bir performans sergiliyordu. Gen\u00e7 pilotlar, Castrol Ford Team T\u00fcrkiye ad\u0131na m\u00fccadele ettikleri Junior WRC\u2019de rakiplerine meydan okuyordu.<\/p>\n\n\n\n<p>\u0130lk etaplar geride kal\u0131rken, T\u00fcrkkan ve Albayrak adeta buzun \u00fczerinde dans ediyordu. Gecenin zifiri karanl\u0131\u011f\u0131nda, karl\u0131 yollarda ustal\u0131kla ilerleyerek WRC3 klasman\u0131nda d\u00f6rd\u00fcnc\u00fc, Junior WRC\u2019de ise ikinci s\u0131raya y\u00fckseldiler. Bu g\u00fc\u00e7l\u00fc ba\u015flang\u0131\u00e7, onlar\u0131n sadece bir yar\u0131\u015fmac\u0131 de\u011fil, podyum aday\u0131 olduklar\u0131n\u0131 g\u00f6steriyordu. \u0130lk g\u00fcn\u00fc tamamlad\u0131klar\u0131nda, adlar\u0131 en iddial\u0131lar aras\u0131na yaz\u0131lm\u0131\u015ft\u0131.<\/p>\n\n\n\n<figure class=\"wp-block-image size-large\"><img decoding=\"async\" width=\"1024\" height=\"683\" src=\"https:\/\/torkspor.com\/wp-content\/uploads\/2025\/02\/WRC_SWE_25_A_TURKKAN_587-1024x683.jpg\" alt=\"\" class=\"wp-image-2271\" srcset=\"https:\/\/torkspor.com\/wp-content\/uploads\/2025\/02\/WRC_SWE_25_A_TURKKAN_587-1024x683.jpg 1024w, https:\/\/torkspor.com\/wp-content\/uploads\/2025\/02\/WRC_SWE_25_A_TURKKAN_587-300x200.jpg 300w, https:\/\/torkspor.com\/wp-content\/uploads\/2025\/02\/WRC_SWE_25_A_TURKKAN_587-768x512.jpg 768w, https:\/\/torkspor.com\/wp-content\/uploads\/2025\/02\/WRC_SWE_25_A_TURKKAN_587-1536x1024.jpg 1536w, https:\/\/torkspor.com\/wp-content\/uploads\/2025\/02\/WRC_SWE_25_A_TURKKAN_587-2048x1365.jpg 2048w\" sizes=\"(max-width: 1024px) 100vw, 1024px\" \/><\/figure>\n\n\n\n<p>Ancak rallinin ikinci g\u00fcn\u00fc, t\u00fcm ekipler i\u00e7in olduk\u00e7a zorluydu. Karl\u0131 virajlar, kaygan yollar hata affetmiyordu. Ali ve Oytun da bu zorlu\u011fun kurban\u0131 oldu ve g\u00fcn\u00fcn ilk etab\u0131nda zaman kaybettiler. Fakat pes etmek onlar\u0131n do\u011fas\u0131nda yoktu. Bir sonraki etapta gaza bast\u0131lar ve s\u0131ras\u0131yla alt\u0131nc\u0131 ve yedinci en iyi zamanlar\u0131 kaydettiler. G\u00f6zler onlar\u0131n \u00fczerindeydi; h\u0131zlar\u0131, cesaretleri ve kararl\u0131l\u0131klar\u0131yla adeta bir f\u0131rt\u0131na gibi esiyorlard\u0131.<\/p>\n\n\n\n<figure class=\"wp-block-image size-large\"><img loading=\"lazy\" decoding=\"async\" width=\"1024\" height=\"683\" src=\"https:\/\/torkspor.com\/wp-content\/uploads\/2025\/02\/WRC_SWE_25_A_TURKKAN_667-1-1024x683.jpg\" alt=\"\" class=\"wp-image-2272\" srcset=\"https:\/\/torkspor.com\/wp-content\/uploads\/2025\/02\/WRC_SWE_25_A_TURKKAN_667-1-1024x683.jpg 1024w, https:\/\/torkspor.com\/wp-content\/uploads\/2025\/02\/WRC_SWE_25_A_TURKKAN_667-1-300x200.jpg 300w, https:\/\/torkspor.com\/wp-content\/uploads\/2025\/02\/WRC_SWE_25_A_TURKKAN_667-1-768x512.jpg 768w, https:\/\/torkspor.com\/wp-content\/uploads\/2025\/02\/WRC_SWE_25_A_TURKKAN_667-1-1536x1024.jpg 1536w, https:\/\/torkspor.com\/wp-content\/uploads\/2025\/02\/WRC_SWE_25_A_TURKKAN_667-1-2048x1365.jpg 2048w\" sizes=\"(max-width: 1024px) 100vw, 1024px\" \/><\/figure>\n\n\n\n<p>Be\u015finci etap geldi\u011finde, Castrol Ford Team T\u00fcrkiye ekibi, Junior WRC\u2019de ikinci en iyi zaman\u0131 yaparak bir kez daha iddias\u0131n\u0131 ortaya koydu. WRC3 klasman\u0131nda ise be\u015finci s\u0131radayd\u0131lar. Etaplar ilerledik\u00e7e, istikrarl\u0131 s\u00fcr\u00fc\u015fleri onlara b\u00fcy\u00fck avantaj sa\u011fl\u0131yordu. Karl\u0131 yollar, zorlu rakipler ve bitmek bilmeyen virajlara ra\u011fmen m\u00fccadeleye devam ettiler. Son \u00fc\u00e7 etapta da temposunu koruyan ekip, ikinci g\u00fcn\u00fc WRC3 klasman\u0131nda yedinci, Junior WRC\u2019de ise d\u00f6rd\u00fcnc\u00fc s\u0131rada tamamlad\u0131.<\/p>\n\n\n\n<figure class=\"wp-block-image size-large\"><img loading=\"lazy\" decoding=\"async\" width=\"1024\" height=\"683\" src=\"https:\/\/torkspor.com\/wp-content\/uploads\/2025\/02\/WRC_SWE_25__740-1-1024x683.jpg\" alt=\"\" class=\"wp-image-2273\" srcset=\"https:\/\/torkspor.com\/wp-content\/uploads\/2025\/02\/WRC_SWE_25__740-1-1024x683.jpg 1024w, https:\/\/torkspor.com\/wp-content\/uploads\/2025\/02\/WRC_SWE_25__740-1-300x200.jpg 300w, https:\/\/torkspor.com\/wp-content\/uploads\/2025\/02\/WRC_SWE_25__740-1-768x512.jpg 768w, https:\/\/torkspor.com\/wp-content\/uploads\/2025\/02\/WRC_SWE_25__740-1-1536x1024.jpg 1536w, https:\/\/torkspor.com\/wp-content\/uploads\/2025\/02\/WRC_SWE_25__740-1-2048x1365.jpg 2048w\" sizes=\"(max-width: 1024px) 100vw, 1024px\" \/><\/figure>\n\n\n\n<p>\u015eimdi ise g\u00f6zler yar\u0131na \u00e7evrilmi\u015fti. Ali T\u00fcrkkan ve Oytun Albayrak\u2019\u0131n temposu, onlar\u0131 zirveye ta\u015f\u0131maya haz\u0131rd\u0131. Podyuma ula\u015fmalar\u0131 i\u00e7in sadece d\u00f6rt saniye kalm\u0131\u015ft\u0131! 3. G\u00fcn, onlar\u0131n kaderini belirleyecekti. H\u0131z, teknik ve dayan\u0131kl\u0131l\u0131k; her \u015fey bir araya geldi\u011finde zafer ka\u00e7\u0131n\u0131lmaz olabilir.<\/p>\n\n\n\n<p>Castrol Ford Team T\u00fcrkiye\u2019nin gen\u00e7 yeteneklerine ba\u015far\u0131lar diliyoruz. R\u00fczg\u00e2r arkalar\u0131nda, yollar \u00f6nlerinde a\u00e7\u0131k olsun!<\/p>\n\n\n\n<p><\/p>\n","protected":false},"excerpt":{"rendered":"<p>JWRC (Gen\u00e7ler D\u00fcnya Ralli Kupas\u0131) kategorisinde m\u00fccadele eden T\u00fcrk ekibimiz Castrol Ford Team T\u00fcrkiye tak\u0131m\u0131n\u0131n gen\u00e7 pilotu Ali T\u00fcrkkan ve<\/p>\n","protected":false},"author":2,"featured_media":2272,"comment_status":"open","ping_status":"open","sticky":false,"template":"","format":"standard","meta":{"footnotes":""},"categories":[3,1,5,21],"tags":[],"class_list":["post-2268","post","type-post","status-publish","format-standard","has-post-thumbnail","hentry","category-dunyadasporcularimiz","category-genel","category-haberler","category-ralli"],"magazineBlocksPostFeaturedMedia":{"thumbnail":"https:\/\/torkspor.com\/wp-content\/uploads\/2025\/02\/WRC_SWE_25_A_TURKKAN_667-1-150x150.jpg","medium":"https:\/\/torkspor.com\/wp-content\/uploads\/2025\/02\/WRC_SWE_25_A_TURKKAN_667-1-300x200.jpg","medium_large":"https:\/\/torkspor.com\/wp-content\/uploads\/2025\/02\/WRC_SWE_25_A_TURKKAN_667-1-768x512.jpg","large":"https:\/\/torkspor.com\/wp-content\/uploads\/2025\/02\/WRC_SWE_25_A_TURKKAN_667-1-1024x683.jpg","1536x1536":"https:\/\/torkspor.com\/wp-content\/uploads\/2025\/02\/WRC_SWE_25_A_TURKKAN_667-1-1536x1024.jpg","2048x2048":"https:\/\/torkspor.com\/wp-content\/uploads\/2025\/02\/WRC_SWE_25_A_TURKKAN_667-1-2048x1365.jpg","colormag-highlighted-post":"https:\/\/torkspor.com\/wp-content\/uploads\/2025\/02\/WRC_SWE_25_A_TURKKAN_667-1-392x272.jpg","colormag-featured-post-medium":"https:\/\/torkspor.com\/wp-content\/uploads\/2025\/02\/WRC_SWE_25_A_TURKKAN_667-1-390x205.jpg","colormag-featured-post-small":"https:\/\/torkspor.com\/wp-content\/uploads\/2025\/02\/WRC_SWE_25_A_TURKKAN_667-1-130x90.jpg","colormag-featured-image":"https:\/\/torkspor.com\/wp-content\/uploads\/2025\/02\/WRC_SWE_25_A_TURKKAN_667-1-800x445.jpg","colormag-default-news":"https:\/\/torkspor.com\/wp-content\/uploads\/2025\/02\/WRC_SWE_25_A_TURKKAN_667-1-150x150.jpg","colormag-featured-image-large":"https:\/\/torkspor.com\/wp-content\/uploads\/2025\/02\/WRC_SWE_25_A_TURKKAN_667-1-1400x600.jpg","colormag-elementor-block-extra-large-thumbnail":"https:\/\/torkspor.com\/wp-content\/uploads\/2025\/02\/WRC_SWE_25_A_TURKKAN_667-1-1155x480.jpg","colormag-elementor-grid-large-thumbnail":"https:\/\/torkspor.com\/wp-content\/uploads\/2025\/02\/WRC_SWE_25_A_TURKKAN_667-1-600x417.jpg","colormag-elementor-grid-small-thumbnail":"https:\/\/torkspor.com\/wp-content\/uploads\/2025\/02\/WRC_SWE_25_A_TURKKAN_667-1-285x450.jpg","colormag-elementor-grid-medium-large-thumbnail":"https:\/\/torkspor.com\/wp-content\/uploads\/2025\/02\/WRC_SWE_25_A_TURKKAN_667-1-575x198.jpg"},"magazineBlocksPostAuthor":{"name":"Okan \u00c7etiner","avatar":"https:\/\/secure.gravatar.com\/avatar\/0b8d387b873c3962ae491deaf4b94a08a9b0dbc2778155c139691933252f8856?s=96&d=mm&r=g"},"magazineBlocksPostCommentsNumber":"0","magazineBlocksPostExcerpt":"JWRC (Gen\u00e7ler D\u00fcnya Ralli Kupas\u0131) kategorisinde m\u00fccadele eden T\u00fcrk ekibimiz Castrol Ford Team T\u00fcrkiye tak\u0131m\u0131n\u0131n gen\u00e7 pilotu Ali T\u00fcrkkan ve","magazineBlocksPostCategories":["D\u00fcnyada Sporcular\u0131m\u0131z","Genel","Haberler","Ralli"],"magazine_blocks_featured_image_url":{"full":["https:\/\/torkspor.com\/wp-content\/uploads\/2025\/02\/WRC_SWE_25_A_TURKKAN_667-1-scaled.jpg",2560,1707,false],"medium":["https:\/\/torkspor.com\/wp-content\/uploads\/2025\/02\/WRC_SWE_25_A_TURKKAN_667-1-300x200.jpg",300,200,true],"thumbnail":["https:\/\/torkspor.com\/wp-content\/uploads\/2025\/02\/WRC_SWE_25_A_TURKKAN_667-1-150x150.jpg",150,150,true]},"magazine_blocks_author":{"display_name":"Okan \u00c7etiner","author_link":"https:\/\/torkspor.com\/?author=2"},"magazine_blocks_comment":0,"magazine_blocks_author_image":"https:\/\/secure.gravatar.com\/avatar\/0b8d387b873c3962ae491deaf4b94a08a9b0dbc2778155c139691933252f8856?s=96&d=mm&r=g","magazine_blocks_category":"<a href=\"https:\/\/torkspor.com\/?cat=3\" rel=\"category\">D\u00fcnyada Sporcular\u0131m\u0131z<\/a> <a href=\"https:\/\/torkspor.com\/?cat=1\" rel=\"category\">Genel<\/a> <a href=\"https:\/\/torkspor.com\/?cat=5\" rel=\"category\">Haberler<\/a> <a href=\"https:\/\/torkspor.com\/?cat=21\" rel=\"category\">Ralli<\/a>","_links":{"self":[{"href":"https:\/\/torkspor.com\/index.php?rest_route=\/wp\/v2\/posts\/2268","targetHints":{"allow":["GET"]}}],"collection":[{"href":"https:\/\/torkspor.com\/index.php?rest_route=\/wp\/v2\/posts"}],"about":[{"href":"https:\/\/torkspor.com\/index.php?rest_route=\/wp\/v2\/types\/post"}],"author":[{"embeddable":true,"href":"https:\/\/torkspor.com\/index.php?rest_route=\/wp\/v2\/users\/2"}],"replies":[{"embeddable":true,"href":"https:\/\/torkspor.com\/index.php?rest_route=%2Fwp%2Fv2%2Fcomments&post=2268"}],"version-history":[{"count":2,"href":"https:\/\/torkspor.com\/index.php?rest_route=\/wp\/v2\/posts\/2268\/revisions"}],"predecessor-version":[{"id":2276,"href":"https:\/\/torkspor.com\/index.php?rest_route=\/wp\/v2\/posts\/2268\/revisions\/2276"}],"wp:featuredmedia":[{"embeddable":true,"href":"https:\/\/torkspor.com\/index.php?rest_route=\/wp\/v2\/media\/2272"}],"wp:attachment":[{"href":"https:\/\/torkspor.com\/index.php?rest_route=%2Fwp%2Fv2%2Fmedia&parent=2268"}],"wp:term":[{"taxonomy":"category","embeddable":true,"href":"https:\/\/torkspor.com\/index.php?rest_route=%2Fwp%2Fv2%2Fcategories&post=2268"},{"taxonomy":"post_tag","embeddable":true,"href":"https:\/\/torkspor.com\/index.php?rest_route=%2Fwp%2Fv2%2Ftags&post=2268"}],"curies":[{"name":"wp","href":"https:\/\/api.w.org\/{rel}","templated":true}]}}