{"id":2277,"date":"2025-02-15T11:02:12","date_gmt":"2025-02-15T08:02:12","guid":{"rendered":"https:\/\/torkspor.com\/?p=2277"},"modified":"2025-02-15T11:02:14","modified_gmt":"2025-02-15T08:02:14","slug":"2025-wrc-isvec-rallisi-cuma-gununu-ugur-soylu-master-cupta-4-sirada-tamamladi","status":"publish","type":"post","link":"https:\/\/torkspor.com\/?p=2277","title":{"rendered":"2025 WRC \u0130SVE\u00c7 RALL\u0130S\u0130 CUMA G\u00dcN\u00dcN\u00dc U\u011eUR SOYLU MASTER CUP&#8217;TA 4. SIRADA TAMAMLADI"},"content":{"rendered":"\n<figure class=\"wp-block-image size-large\"><img decoding=\"async\" src=\"https:\/\/torkspor.com\/wp-content\/uploads\/2025\/02\/ugur_soylu-819x1024.jpg\" alt=\"\" class=\"wp-image-2278\"\/><\/figure>\n\n\n\n<p>2025 WRC \u0130sve\u00e7 Rallisi&#8217;nin Cuma g\u00fcn\u00fc etaplar\u0131 sonunda, T\u00fcrk ekibimiz EVOFONE Racing Ream pilotlar\u0131 U\u011fur Soylu \u2013 \u015eener G\u00fcray, GP Garage My Team ad\u0131na yar\u0131\u015farak WRC2 S\u0131n\u0131f\u0131nda genel klasman 17. s\u0131ras\u0131nda yer ald\u0131. Soylu, Skoda Fabia RS Rally2 arac\u0131yla toplamda 1 saat 25 dakika 24.8 saniyelik bir s\u00fcre elde etti. Bu sonu\u00e7la, Master Cup kategorisinde 4. s\u0131rada yer ald\u0131.<\/p>\n\n\n\n<figure class=\"wp-block-image size-large\"><img fetchpriority=\"high\" decoding=\"async\" width=\"928\" height=\"1024\" src=\"https:\/\/torkspor.com\/wp-content\/uploads\/2025\/02\/ugur_soylu-4-928x1024.jpg\" alt=\"\" class=\"wp-image-2279\" srcset=\"https:\/\/torkspor.com\/wp-content\/uploads\/2025\/02\/ugur_soylu-4-928x1024.jpg 928w, https:\/\/torkspor.com\/wp-content\/uploads\/2025\/02\/ugur_soylu-4-272x300.jpg 272w, https:\/\/torkspor.com\/wp-content\/uploads\/2025\/02\/ugur_soylu-4-768x847.jpg 768w, https:\/\/torkspor.com\/wp-content\/uploads\/2025\/02\/ugur_soylu-4.jpg 1079w\" sizes=\"(max-width: 928px) 100vw, 928px\" \/><\/figure>\n\n\n\n<p>U\u011fur Soylu 2021 y\u0131l\u0131nda Balkan Trophy Kupas\u0131\u2019n\u0131n \u00fc\u00e7\u00fcnc\u00fc aya\u011f\u0131 Bulgaristan\u2019\u0131n Siliven Rallisi\u2019nde lider giderken son y\u0131llar\u0131n en b\u00fcy\u00fck kazas\u0131n\u0131 yapt\u0131.&nbsp; Ard\u0131ndan uzun bir s\u00fcre yar\u0131\u015flardan ayr\u0131 kalan Soylu 2023\u2019te yeniden etaplara geri d\u00f6nd\u00fc. Ge\u00e7en sezon WRC Master Cup\u2019ta D\u00fcnya \u00fc\u00e7\u00fcnc\u00fcl\u00fc\u011f\u00fcn\u00fc elde etti. Bu sezon ise hedefi birincilik. D\u00fcn ba\u015far\u0131l\u0131 g\u00fc\u00e7l\u00fc bir performans ortaya koyan U\u011fur Soylu \u2013 \u015eener G\u00fcray ikilisine bug\u00fcnk\u00fc etaplarda da ba\u015far\u0131lar diliyoruz.<\/p>\n","protected":false},"excerpt":{"rendered":"<p>2025 WRC \u0130sve\u00e7 Rallisi&#8217;nin Cuma g\u00fcn\u00fc etaplar\u0131 sonunda, T\u00fcrk ekibimiz EVOFONE Racing Ream pilotlar\u0131 U\u011fur Soylu \u2013 \u015eener G\u00fcray, GP<\/p>\n","protected":false},"author":2,"featured_media":2278,"comment_status":"open","ping_status":"open","sticky":false,"template":"","format":"standard","meta":{"footnotes":""},"categories":[3,1,5,21],"tags":[],"class_list":["post-2277","post","type-post","status-publish","format-standard","has-post-thumbnail","hentry","category-dunyadasporcularimiz","category-genel","category-haberler","category-ralli"],"magazineBlocksPostFeaturedMedia":{"thumbnail":"https:\/\/torkspor.com\/wp-content\/uploads\/2025\/02\/ugur_soylu-e1739606468279-150x150.jpg","medium":"https:\/\/torkspor.com\/wp-content\/uploads\/2025\/02\/ugur_soylu-e1739606468279-300x193.jpg","medium_large":"https:\/\/torkspor.com\/wp-content\/uploads\/2025\/02\/ugur_soylu-e1739606468279-768x495.jpg","large":"https:\/\/torkspor.com\/wp-content\/uploads\/2025\/02\/ugur_soylu-e1739606468279-1024x660.jpg","1536x1536":"https:\/\/torkspor.com\/wp-content\/uploads\/2025\/02\/ugur_soylu-1229x1536.jpg","2048x2048":"https:\/\/torkspor.com\/wp-content\/uploads\/2025\/02\/ugur_soylu-e1739606468279.jpg","colormag-highlighted-post":"https:\/\/torkspor.com\/wp-content\/uploads\/2025\/02\/ugur_soylu-e1739606468279-392x272.jpg","colormag-featured-post-medium":"https:\/\/torkspor.com\/wp-content\/uploads\/2025\/02\/ugur_soylu-e1739606468279-390x205.jpg","colormag-featured-post-small":"https:\/\/torkspor.com\/wp-content\/uploads\/2025\/02\/ugur_soylu-e1739606468279-130x90.jpg","colormag-featured-image":"https:\/\/torkspor.com\/wp-content\/uploads\/2025\/02\/ugur_soylu-e1739606468279-800x445.jpg","colormag-default-news":"https:\/\/torkspor.com\/wp-content\/uploads\/2025\/02\/ugur_soylu-e1739606468279-150x150.jpg","colormag-featured-image-large":"https:\/\/torkspor.com\/wp-content\/uploads\/2025\/02\/ugur_soylu-e1739606468279-1350x600.jpg","colormag-elementor-block-extra-large-thumbnail":"https:\/\/torkspor.com\/wp-content\/uploads\/2025\/02\/ugur_soylu-e1739606468279-1155x480.jpg","colormag-elementor-grid-large-thumbnail":"https:\/\/torkspor.com\/wp-content\/uploads\/2025\/02\/ugur_soylu-e1739606468279-600x417.jpg","colormag-elementor-grid-small-thumbnail":"https:\/\/torkspor.com\/wp-content\/uploads\/2025\/02\/ugur_soylu-e1739606468279-285x450.jpg","colormag-elementor-grid-medium-large-thumbnail":"https:\/\/torkspor.com\/wp-content\/uploads\/2025\/02\/ugur_soylu-e1739606468279-575x198.jpg"},"magazineBlocksPostAuthor":{"name":"Okan \u00c7etiner","avatar":"https:\/\/secure.gravatar.com\/avatar\/0b8d387b873c3962ae491deaf4b94a08a9b0dbc2778155c139691933252f8856?s=96&d=mm&r=g"},"magazineBlocksPostCommentsNumber":"0","magazineBlocksPostExcerpt":"2025 WRC \u0130sve\u00e7 Rallisi&#8217;nin Cuma g\u00fcn\u00fc etaplar\u0131 sonunda, T\u00fcrk ekibimiz EVOFONE Racing Ream pilotlar\u0131 U\u011fur Soylu \u2013 \u015eener G\u00fcray, GP","magazineBlocksPostCategories":["D\u00fcnyada Sporcular\u0131m\u0131z","Genel","Haberler","Ralli"],"magazine_blocks_featured_image_url":{"full":["https:\/\/torkspor.com\/wp-content\/uploads\/2025\/02\/ugur_soylu-e1739606468279.jpg",1350,870,false],"medium":["https:\/\/torkspor.com\/wp-content\/uploads\/2025\/02\/ugur_soylu-e1739606468279-300x193.jpg",300,193,true],"thumbnail":["https:\/\/torkspor.com\/wp-content\/uploads\/2025\/02\/ugur_soylu-e1739606468279-150x150.jpg",150,150,true]},"magazine_blocks_author":{"display_name":"Okan \u00c7etiner","author_link":"https:\/\/torkspor.com\/?author=2"},"magazine_blocks_comment":3,"magazine_blocks_author_image":"https:\/\/secure.gravatar.com\/avatar\/0b8d387b873c3962ae491deaf4b94a08a9b0dbc2778155c139691933252f8856?s=96&d=mm&r=g","magazine_blocks_category":"<a href=\"https:\/\/torkspor.com\/?cat=3\" rel=\"category\">D\u00fcnyada Sporcular\u0131m\u0131z<\/a> <a href=\"https:\/\/torkspor.com\/?cat=1\" rel=\"category\">Genel<\/a> <a href=\"https:\/\/torkspor.com\/?cat=5\" rel=\"category\">Haberler<\/a> <a href=\"https:\/\/torkspor.com\/?cat=21\" rel=\"category\">Ralli<\/a>","_links":{"self":[{"href":"https:\/\/torkspor.com\/index.php?rest_route=\/wp\/v2\/posts\/2277","targetHints":{"allow":["GET"]}}],"collection":[{"href":"https:\/\/torkspor.com\/index.php?rest_route=\/wp\/v2\/posts"}],"about":[{"href":"https:\/\/torkspor.com\/index.php?rest_route=\/wp\/v2\/types\/post"}],"author":[{"embeddable":true,"href":"https:\/\/torkspor.com\/index.php?rest_route=\/wp\/v2\/users\/2"}],"replies":[{"embeddable":true,"href":"https:\/\/torkspor.com\/index.php?rest_route=%2Fwp%2Fv2%2Fcomments&post=2277"}],"version-history":[{"count":1,"href":"https:\/\/torkspor.com\/index.php?rest_route=\/wp\/v2\/posts\/2277\/revisions"}],"predecessor-version":[{"id":2280,"href":"https:\/\/torkspor.com\/index.php?rest_route=\/wp\/v2\/posts\/2277\/revisions\/2280"}],"wp:featuredmedia":[{"embeddable":true,"href":"https:\/\/torkspor.com\/index.php?rest_route=\/wp\/v2\/media\/2278"}],"wp:attachment":[{"href":"https:\/\/torkspor.com\/index.php?rest_route=%2Fwp%2Fv2%2Fmedia&parent=2277"}],"wp:term":[{"taxonomy":"category","embeddable":true,"href":"https:\/\/torkspor.com\/index.php?rest_route=%2Fwp%2Fv2%2Fcategories&post=2277"},{"taxonomy":"post_tag","embeddable":true,"href":"https:\/\/torkspor.com\/index.php?rest_route=%2Fwp%2Fv2%2Ftags&post=2277"}],"curies":[{"name":"wp","href":"https:\/\/api.w.org\/{rel}","templated":true}]}}