{"id":2281,"date":"2025-02-15T11:23:32","date_gmt":"2025-02-15T08:23:32","guid":{"rendered":"https:\/\/torkspor.com\/?p=2281"},"modified":"2025-02-15T11:23:35","modified_gmt":"2025-02-15T08:23:35","slug":"demir-sancakli-ilk-ralli-sezonuna-hazirlaniyor","status":"publish","type":"post","link":"https:\/\/torkspor.com\/?p=2281","title":{"rendered":"DEM\u0130R SANCAKLI \u0130LK RALL\u0130 SEZONUNA HAZIRLANIYOR!"},"content":{"rendered":"\n<p><strong><em>Motor sporlar\u0131na tutkuyla ba\u011fl\u0131 bir aileden gelen Demir Sancakl\u0131, karting ve otokros yar\u0131\u015flar\u0131n\u0131n ard\u0131ndan ralli kariyerine ad\u0131m at\u0131yor. Tuncer ve Asena Sancakl\u0131 \u00e7iftinin b\u00fcy\u00fck o\u011flu olan Demir, ailesinin izinden giderek bu sezon ralli parkurlar\u0131nda m\u00fccadele edecek.<\/em><\/strong><\/p>\n\n\n\n<p>Bu y\u0131l&nbsp; ailenin gen\u00e7 yetene\u011fi Demir Sancakl\u0131,&nbsp; Renault Clio Rally5 ile Sancakl\u0131 Metal sponsorlu\u011funda T\u00fcrkiye Ralli ve T\u0131rmanma \u015eampiyonas\u0131nda m\u00fccadele edecek. Deneyimli Co-Pilot Aras Din\u00e7er ile yar\u0131\u015facak olan Demir, ilk sezonunda tecr\u00fcbe kazanmay\u0131 ve S\u0131n\u0131f 5\u2019te ilk \u00fc\u00e7 i\u00e7inde yer almay\u0131 hedefliyor.<\/p>\n\n\n\n<figure class=\"wp-block-gallery has-nested-images columns-default is-cropped wp-block-gallery-1 is-layout-flex wp-block-gallery-is-layout-flex\">\n<figure class=\"wp-block-image size-large\"><img fetchpriority=\"high\" decoding=\"async\" width=\"683\" height=\"1024\" data-id=\"2284\" src=\"https:\/\/torkspor.com\/wp-content\/uploads\/2025\/02\/demir-1-1-683x1024.jpg\" alt=\"\" class=\"wp-image-2284\" srcset=\"https:\/\/torkspor.com\/wp-content\/uploads\/2025\/02\/demir-1-1-683x1024.jpg 683w, https:\/\/torkspor.com\/wp-content\/uploads\/2025\/02\/demir-1-1-200x300.jpg 200w, https:\/\/torkspor.com\/wp-content\/uploads\/2025\/02\/demir-1-1-768x1151.jpg 768w, https:\/\/torkspor.com\/wp-content\/uploads\/2025\/02\/demir-1-1-1025x1536.jpg 1025w, https:\/\/torkspor.com\/wp-content\/uploads\/2025\/02\/demir-1-1-1366x2048.jpg 1366w, https:\/\/torkspor.com\/wp-content\/uploads\/2025\/02\/demir-1-1-scaled.jpg 1708w\" sizes=\"(max-width: 683px) 100vw, 683px\" \/><\/figure>\n\n\n\n<figure class=\"wp-block-image size-large\"><img decoding=\"async\" width=\"683\" height=\"1024\" data-id=\"2285\" src=\"https:\/\/torkspor.com\/wp-content\/uploads\/2025\/02\/2024-ESOK-Rally-Omer-Gur-Aras-Dincer-167-HSYL5439-683x1024.jpg\" alt=\"\" class=\"wp-image-2285\" srcset=\"https:\/\/torkspor.com\/wp-content\/uploads\/2025\/02\/2024-ESOK-Rally-Omer-Gur-Aras-Dincer-167-HSYL5439-683x1024.jpg 683w, https:\/\/torkspor.com\/wp-content\/uploads\/2025\/02\/2024-ESOK-Rally-Omer-Gur-Aras-Dincer-167-HSYL5439-200x300.jpg 200w, https:\/\/torkspor.com\/wp-content\/uploads\/2025\/02\/2024-ESOK-Rally-Omer-Gur-Aras-Dincer-167-HSYL5439-768x1151.jpg 768w, https:\/\/torkspor.com\/wp-content\/uploads\/2025\/02\/2024-ESOK-Rally-Omer-Gur-Aras-Dincer-167-HSYL5439-1025x1536.jpg 1025w, https:\/\/torkspor.com\/wp-content\/uploads\/2025\/02\/2024-ESOK-Rally-Omer-Gur-Aras-Dincer-167-HSYL5439-1366x2048.jpg 1366w, https:\/\/torkspor.com\/wp-content\/uploads\/2025\/02\/2024-ESOK-Rally-Omer-Gur-Aras-Dincer-167-HSYL5439-scaled.jpg 1708w\" sizes=\"(max-width: 683px) 100vw, 683px\" \/><\/figure>\n<\/figure>\n\n\n\n<p><strong>Motorsporlar\u0131na Tutkuyla Ba\u011fl\u0131 Bir Gen\u00e7 Yetenek<\/strong><\/p>\n\n\n\n<p>16 ya\u015f\u0131nda karting sporuna ba\u015flayan Demir Sancakl\u0131, \u00e7ocuklu\u011fundan itibaren ailesinin yar\u0131\u015flar\u0131n\u0131 takip ederek motor sporlar\u0131n\u0131n i\u00e7inde b\u00fcy\u00fcd\u00fc. \u015eimdi ise kendi kariyerinde \u00f6nemli bir ad\u0131m atarak ralli d\u00fcnyas\u0131na giri\u015f yap\u0131yor. Bu sezon teknik deste\u011fi MRT Garaj\u2019dan alacak olan gen\u00e7 sporcu, ilerleyen y\u0131llarda T\u00fcrkiye \u015eampiyonu olmay\u0131 hedefliyor.<\/p>\n\n\n\n<figure class=\"wp-block-image size-large\"><img decoding=\"async\" width=\"1024\" height=\"670\" src=\"https:\/\/torkspor.com\/wp-content\/uploads\/2025\/02\/demir-3-1024x670.jpg\" alt=\"\" class=\"wp-image-2286\" srcset=\"https:\/\/torkspor.com\/wp-content\/uploads\/2025\/02\/demir-3-1024x670.jpg 1024w, https:\/\/torkspor.com\/wp-content\/uploads\/2025\/02\/demir-3-300x196.jpg 300w, https:\/\/torkspor.com\/wp-content\/uploads\/2025\/02\/demir-3-768x503.jpg 768w, https:\/\/torkspor.com\/wp-content\/uploads\/2025\/02\/demir-3-1536x1006.jpg 1536w, https:\/\/torkspor.com\/wp-content\/uploads\/2025\/02\/demir-3-2048x1341.jpg 2048w\" sizes=\"(max-width: 1024px) 100vw, 1024px\" \/><\/figure>\n\n\n\n<p><strong>Deneyimli Co-Pilot Aras Din\u00e7er ile G\u00fc\u00e7l\u00fc Bir \u0130kili<\/strong><\/p>\n\n\n\n<p>Demir Sancakl\u0131\u2019n\u0131n Co-Pilot koltu\u011funda oturacak olan Aras Din\u00e7er, T\u00fcrkiye\u2019de tan\u0131nm\u0131\u015f bir ralli Co-Pilotu ve motor sporlar\u0131 yazar\u0131. Kariyerine 1999 Ye\u015fil Bursa Rallisi ile ba\u015flayan Din\u00e7er, ilk birincili\u011fini 2010 Mezopotamya Rallisi\u2019nde kazand\u0131. Y\u0131llar i\u00e7inde T\u00fcrkiye Ralli \u015eampiyonas\u0131\u2019nda ve uluslararas\u0131 arenada bir\u00e7ok ba\u015far\u0131ya imza att\u0131. 1999 da Ka Challenge Cup\u2019ta 3&#8217;\u00fcnc\u00fc oldu. 2001 T\u00fcrkiye Ralli \u015eampiyonas\u0131 S\u0131n\u0131f N2 birincili\u011fini elde etti. 2004 T\u00fcrkiye gen\u00e7ler Ralli CO-Pilot \u015eampiyonlu\u011funu kazand\u0131. 2004 sezonunda T\u00fcrkiye ralli \u015fampiyonas\u0131 A6 birincisi olan Din\u00e7er, 2010\u2019da&nbsp; \u0130stanbul Ralli CO-Pilot \u015fampiyonlu\u011funu elde etti.&nbsp; En son 2023 T\u00fcrkiye Ralli Co-Pilot \u015eampiyonas\u0131\u2019nda \u00fc\u00e7\u00fcnc\u00fc olarak \u00f6nemli bir derece elde etti.<\/p>\n\n\n\n<p>Aras Din\u00e7er\u2019in kariyerine dair baz\u0131 \u00f6nemli istatistikler:<\/p>\n\n\n\n<ul class=\"wp-block-list\">\n<li><strong>Yar\u0131\u015f say\u0131s\u0131:<\/strong> 155<\/li>\n\n\n\n<li><strong>Kazand\u0131\u011f\u0131 yar\u0131\u015f:<\/strong> 5<\/li>\n\n\n\n<li><strong>Yar\u0131\u015ft\u0131\u011f\u0131 \u00fclke:<\/strong> 12<\/li>\n\n\n\n<li><strong>Yar\u0131\u015ft\u0131\u011f\u0131 otomobiller:<\/strong> Ford, Fiat, Citro\u00ebn, Mitsubishi, Subaru, Peugeot, Renault, Opel, Mini, Skoda, Lancia<\/li>\n<\/ul>\n\n\n\n<p>Ge\u00e7ti\u011fimiz sezon gen\u00e7 pilot \u00d6mer G\u00fcr ile tam sezon yar\u0131\u015farak ona deneyim kazand\u0131ran Din\u00e7er, bu y\u0131l da Demir Sancakl\u0131\u2019ya hem mentor hem Co-Pilot hem de ko\u00e7 olarak destek verecek.<\/p>\n\n\n\n<figure class=\"wp-block-image size-large\"><img loading=\"lazy\" decoding=\"async\" width=\"1024\" height=\"683\" src=\"https:\/\/torkspor.com\/wp-content\/uploads\/2025\/02\/demir-4-1024x683.jpg\" alt=\"\" class=\"wp-image-2287\" srcset=\"https:\/\/torkspor.com\/wp-content\/uploads\/2025\/02\/demir-4-1024x683.jpg 1024w, https:\/\/torkspor.com\/wp-content\/uploads\/2025\/02\/demir-4-300x200.jpg 300w, https:\/\/torkspor.com\/wp-content\/uploads\/2025\/02\/demir-4-768x512.jpg 768w, https:\/\/torkspor.com\/wp-content\/uploads\/2025\/02\/demir-4-1536x1024.jpg 1536w, https:\/\/torkspor.com\/wp-content\/uploads\/2025\/02\/demir-4.jpg 1600w\" sizes=\"(max-width: 1024px) 100vw, 1024px\" \/><\/figure>\n\n\n\n<p><strong>T\u00fcrk Rallisinde Gen\u00e7le\u015fen Kadro<\/strong><\/p>\n\n\n\n<p>2020 itibari ile T\u00fcrk Ralli Sporu gen\u00e7 jenerasyon ile eski pop\u00fclaritesini yakalamaya ba\u015flad\u0131. Ali T\u00fcrkkan, Efehan Yaz\u0131c\u0131, Kerem Kazaz, Can Alako\u00e7, Mert Yudulmaz ve Fatih Selim G\u00f6\u00e7er gibi gen\u00e7 yeteneklerin aras\u0131na bu sezon Demir Sancakl\u0131 da kat\u0131l\u0131yor.<\/p>\n\n\n\n<p>Tork Spor ekibi olarak, Demir Sancakl\u0131 ve Aras Din\u00e7er\u2019e 2025 sezonunda ba\u015far\u0131lar diliyoruz!<\/p>\n","protected":false},"excerpt":{"rendered":"<p>Motor sporlar\u0131na tutkuyla ba\u011fl\u0131 bir aileden gelen Demir Sancakl\u0131, karting ve otokros yar\u0131\u015flar\u0131n\u0131n ard\u0131ndan ralli kariyerine ad\u0131m at\u0131yor. Tuncer ve<\/p>\n","protected":false},"author":2,"featured_media":2288,"comment_status":"open","ping_status":"open","sticky":false,"template":"","format":"standard","meta":{"footnotes":""},"categories":[5,21],"tags":[],"class_list":["post-2281","post","type-post","status-publish","format-standard","has-post-thumbnail","hentry","category-haberler","category-ralli"],"magazineBlocksPostFeaturedMedia":{"thumbnail":"https:\/\/torkspor.com\/wp-content\/uploads\/2025\/02\/demir-2-scaled-e1739607754949-150x150.jpg","medium":"https:\/\/torkspor.com\/wp-content\/uploads\/2025\/02\/demir-2-scaled-e1739607754949-300x214.jpg","medium_large":"https:\/\/torkspor.com\/wp-content\/uploads\/2025\/02\/demir-2-scaled-e1739607754949-768x548.jpg","large":"https:\/\/torkspor.com\/wp-content\/uploads\/2025\/02\/demir-2-scaled-e1739607754949-1024x730.jpg","1536x1536":"https:\/\/torkspor.com\/wp-content\/uploads\/2025\/02\/demir-2-864x1536.jpg","2048x2048":"https:\/\/torkspor.com\/wp-content\/uploads\/2025\/02\/demir-2-1152x2048.jpg","colormag-highlighted-post":"https:\/\/torkspor.com\/wp-content\/uploads\/2025\/02\/demir-2-scaled-e1739607754949-392x272.jpg","colormag-featured-post-medium":"https:\/\/torkspor.com\/wp-content\/uploads\/2025\/02\/demir-2-scaled-e1739607754949-390x205.jpg","colormag-featured-post-small":"https:\/\/torkspor.com\/wp-content\/uploads\/2025\/02\/demir-2-scaled-e1739607754949-130x90.jpg","colormag-featured-image":"https:\/\/torkspor.com\/wp-content\/uploads\/2025\/02\/demir-2-scaled-e1739607754949-800x445.jpg","colormag-default-news":"https:\/\/torkspor.com\/wp-content\/uploads\/2025\/02\/demir-2-scaled-e1739607754949-150x150.jpg","colormag-featured-image-large":"https:\/\/torkspor.com\/wp-content\/uploads\/2025\/02\/demir-2-scaled-e1739607754949-1220x600.jpg","colormag-elementor-block-extra-large-thumbnail":"https:\/\/torkspor.com\/wp-content\/uploads\/2025\/02\/demir-2-scaled-e1739607754949-1155x480.jpg","colormag-elementor-grid-large-thumbnail":"https:\/\/torkspor.com\/wp-content\/uploads\/2025\/02\/demir-2-scaled-e1739607754949-600x417.jpg","colormag-elementor-grid-small-thumbnail":"https:\/\/torkspor.com\/wp-content\/uploads\/2025\/02\/demir-2-scaled-e1739607754949-285x450.jpg","colormag-elementor-grid-medium-large-thumbnail":"https:\/\/torkspor.com\/wp-content\/uploads\/2025\/02\/demir-2-scaled-e1739607754949-575x198.jpg"},"magazineBlocksPostAuthor":{"name":"Okan \u00c7etiner","avatar":"https:\/\/secure.gravatar.com\/avatar\/0b8d387b873c3962ae491deaf4b94a08a9b0dbc2778155c139691933252f8856?s=96&d=mm&r=g"},"magazineBlocksPostCommentsNumber":"0","magazineBlocksPostExcerpt":"Motor sporlar\u0131na tutkuyla ba\u011fl\u0131 bir aileden gelen Demir Sancakl\u0131, karting ve otokros yar\u0131\u015flar\u0131n\u0131n ard\u0131ndan ralli kariyerine ad\u0131m at\u0131yor. Tuncer ve","magazineBlocksPostCategories":["Haberler","Ralli"],"magazine_blocks_featured_image_url":{"full":["https:\/\/torkspor.com\/wp-content\/uploads\/2025\/02\/demir-2-scaled-e1739607754949.jpg",1220,870,false],"medium":["https:\/\/torkspor.com\/wp-content\/uploads\/2025\/02\/demir-2-scaled-e1739607754949-300x214.jpg",300,214,true],"thumbnail":["https:\/\/torkspor.com\/wp-content\/uploads\/2025\/02\/demir-2-scaled-e1739607754949-150x150.jpg",150,150,true]},"magazine_blocks_author":{"display_name":"Okan \u00c7etiner","author_link":"https:\/\/torkspor.com\/?author=2"},"magazine_blocks_comment":0,"magazine_blocks_author_image":"https:\/\/secure.gravatar.com\/avatar\/0b8d387b873c3962ae491deaf4b94a08a9b0dbc2778155c139691933252f8856?s=96&d=mm&r=g","magazine_blocks_category":"<a href=\"https:\/\/torkspor.com\/?cat=5\" rel=\"category\">Haberler<\/a> <a href=\"https:\/\/torkspor.com\/?cat=21\" rel=\"category\">Ralli<\/a>","_links":{"self":[{"href":"https:\/\/torkspor.com\/index.php?rest_route=\/wp\/v2\/posts\/2281","targetHints":{"allow":["GET"]}}],"collection":[{"href":"https:\/\/torkspor.com\/index.php?rest_route=\/wp\/v2\/posts"}],"about":[{"href":"https:\/\/torkspor.com\/index.php?rest_route=\/wp\/v2\/types\/post"}],"author":[{"embeddable":true,"href":"https:\/\/torkspor.com\/index.php?rest_route=\/wp\/v2\/users\/2"}],"replies":[{"embeddable":true,"href":"https:\/\/torkspor.com\/index.php?rest_route=%2Fwp%2Fv2%2Fcomments&post=2281"}],"version-history":[{"count":1,"href":"https:\/\/torkspor.com\/index.php?rest_route=\/wp\/v2\/posts\/2281\/revisions"}],"predecessor-version":[{"id":2289,"href":"https:\/\/torkspor.com\/index.php?rest_route=\/wp\/v2\/posts\/2281\/revisions\/2289"}],"wp:featuredmedia":[{"embeddable":true,"href":"https:\/\/torkspor.com\/index.php?rest_route=\/wp\/v2\/media\/2288"}],"wp:attachment":[{"href":"https:\/\/torkspor.com\/index.php?rest_route=%2Fwp%2Fv2%2Fmedia&parent=2281"}],"wp:term":[{"taxonomy":"category","embeddable":true,"href":"https:\/\/torkspor.com\/index.php?rest_route=%2Fwp%2Fv2%2Fcategories&post=2281"},{"taxonomy":"post_tag","embeddable":true,"href":"https:\/\/torkspor.com\/index.php?rest_route=%2Fwp%2Fv2%2Ftags&post=2281"}],"curies":[{"name":"wp","href":"https:\/\/api.w.org\/{rel}","templated":true}]}}