{"id":2303,"date":"2025-02-15T22:56:08","date_gmt":"2025-02-15T19:56:08","guid":{"rendered":"https:\/\/torkspor.com\/?p=2303"},"modified":"2025-02-15T22:56:12","modified_gmt":"2025-02-15T19:56:12","slug":"gill-johanssonun-isvecteki-hayal-kirikligi-sonrasi-junior-wrc-liderligini-ele-gecirdi","status":"publish","type":"post","link":"https:\/\/torkspor.com\/?p=2303","title":{"rendered":"G\u0130LL, JOHANSSON\u2019UN \u0130SVE\u00c7\u2019TEK\u0130 HAYAL KIRIKLI\u011eI SONRASI JUN\u0130OR WRC L\u0130DERL\u0130\u011e\u0130N\u0130 ELE GE\u00c7\u0130RD\u0130"},"content":{"rendered":"\n<p><em><strong>Kelly podyumda kalma m\u00fccadelesi verirken, T\u00fcrkkan 1.2 saniye gerisinde s\u0131k\u0131 takipte. Kazaz lastik sorununa ra\u011fmen temposunu art\u0131rd\u0131. Smart ard\u0131 ard\u0131na gelen hatalarla yar\u0131\u015ftan \u00e7ekildi. Sch\u00f6nborn ve Baudet zorlu \u015fartlara ra\u011fmen m\u00fccadeleyi s\u00fcrd\u00fcrd\u00fc. N\u00f5gene SS15\u2019te h\u0131z\u0131n\u0131 konu\u015ftururken, Dom\u00ednguez yar\u0131\u015fta kalmay\u0131 ba\u015fard\u0131. Pazar g\u00fcn\u00fc \u00fc\u00e7 etap ve 70 km\u2019lik m\u00fccadele sonras\u0131 \u015fampiyon belli olacak!<\/strong><\/em><\/p>\n\n\n\n<figure class=\"wp-block-image size-large\"><img fetchpriority=\"high\" decoding=\"async\" width=\"1024\" height=\"683\" src=\"https:\/\/torkspor.com\/wp-content\/uploads\/2025\/02\/Gill-1024x683.jpg\" alt=\"\" class=\"wp-image-2304\" srcset=\"https:\/\/torkspor.com\/wp-content\/uploads\/2025\/02\/Gill-1024x683.jpg 1024w, https:\/\/torkspor.com\/wp-content\/uploads\/2025\/02\/Gill-300x200.jpg 300w, https:\/\/torkspor.com\/wp-content\/uploads\/2025\/02\/Gill-768x512.jpg 768w, https:\/\/torkspor.com\/wp-content\/uploads\/2025\/02\/Gill-1536x1024.jpg 1536w, https:\/\/torkspor.com\/wp-content\/uploads\/2025\/02\/Gill-2048x1365.jpg 2048w\" sizes=\"(max-width: 1024px) 100vw, 1024px\" \/><figcaption class=\"wp-element-caption\">Gill Taylor seen performing during the  World Rally Championship Sweden in Umea, Sweden on  15,February. 2025 \/\/ Jaanus Ree \/ Red Bull Content Pool \/\/ SI202502150225 \/\/ Usage for editorial use only \/\/<\/figcaption><\/figure>\n\n\n\n<p>Taylor Gill, FIA Junior WRC\u2019nin a\u00e7\u0131l\u0131\u015f aya\u011f\u0131nda zafere bir ad\u0131m daha yakla\u015ft\u0131. Ancak bu zaferin yolu, yerel favori Mille Johansson\u2019un ya\u015fad\u0131\u011f\u0131 b\u00fcy\u00fck hayal k\u0131r\u0131kl\u0131\u011f\u0131yla a\u00e7\u0131ld\u0131. Johansson\u2019un \u00fcst \u00fcste ikinci Rally Sweden zaferi hayalleri, Cumartesi g\u00fcn\u00fc d\u00fczenlenen sondan bir \u00f6nceki etapta adeta tuzla buz oldu.<\/p>\n\n\n\n<p><strong>&#8220;JOHANSSON\u2019UN HATASI L\u0130DERL\u0130\u011e\u0130 G\u0130LL\u2019E HED\u0130YE ETT\u0130&#8221;<\/strong><\/p>\n\n\n\n<p>Ge\u00e7en y\u0131l\u0131n \u015fampiyonu Johansson, kendi evindeki topraklarda m\u00fckemmel bir performans sergiliyordu. \u00d6zellikle Sarsj\u00f6liden etab\u0131nda rakiplerine b\u00fcy\u00fck bir fark atan \u0130sve\u00e7li pilot, geceyi yakla\u015f\u0131k bir dakikal\u0131k avantajla tamamlam\u0131\u015ft\u0131. Ancak Kolksele etab\u0131n\u0131n ilk ge\u00e7i\u015finde her \u015fey tersine d\u00f6nd\u00fc. Hatal\u0131 bir \u00e7izgi izleyen Johansson, M-Sport Poland Ford Fiesta Rally3\u2019\u00fcn\u00fc derin bir kar y\u0131\u011f\u0131n\u0131na g\u00f6merek yakla\u015f\u0131k \u00fc\u00e7 dakika kaybetti.<\/p>\n\n\n\n<p>Bu f\u0131rsat\u0131 ka\u00e7\u0131rmayan FIA Rally Star pilotu Taylor Gill, liderli\u011fi ele ge\u00e7irdi. Avustralyal\u0131 s\u00fcr\u00fcc\u00fc, kalan d\u00f6rt buzlu \u00f6zel etapta hatas\u0131z bir s\u00fcr\u00fc\u015f sergileyerek Ume\u00e5\u2019ya vard\u0131\u011f\u0131nda 1 dakika 11.4 saniyelik bir avantaj elde etti.<\/p>\n\n\n\n<figure class=\"wp-block-image size-large\"><img decoding=\"async\" width=\"1024\" height=\"683\" src=\"https:\/\/torkspor.com\/wp-content\/uploads\/2025\/02\/Johansson-Mille-1024x683.jpg\" alt=\"\" class=\"wp-image-2306\" srcset=\"https:\/\/torkspor.com\/wp-content\/uploads\/2025\/02\/Johansson-Mille-1024x683.jpg 1024w, https:\/\/torkspor.com\/wp-content\/uploads\/2025\/02\/Johansson-Mille-300x200.jpg 300w, https:\/\/torkspor.com\/wp-content\/uploads\/2025\/02\/Johansson-Mille-768x512.jpg 768w, https:\/\/torkspor.com\/wp-content\/uploads\/2025\/02\/Johansson-Mille-1536x1024.jpg 1536w, https:\/\/torkspor.com\/wp-content\/uploads\/2025\/02\/Johansson-Mille-2048x1365.jpg 2048w\" sizes=\"(max-width: 1024px) 100vw, 1024px\" \/><figcaption class=\"wp-element-caption\">Johansson Mille seen performing during the  World Rally Championship Sweden in Umea, Sweden on  15,February. 2025 \/\/ Jaanus Ree \/ Red Bull Content Pool \/\/ SI202502150223 \/\/ Usage for editorial use only \/\/<\/figcaption><\/figure>\n\n\n\n<p>Hata sonras\u0131 motivasyonunu kaybetmeyen Johansson, inan\u0131lmaz bir geri d\u00f6n\u00fc\u015f yapt\u0131. \u0130lk olarak d\u00f6rd\u00fcnc\u00fcl\u00fc\u011fe kadar gerilese de, h\u0131z rekorlar\u0131 k\u0131rarak yeniden ikincili\u011fe y\u00fckseldi. Bu s\u00fcre\u00e7te Eamonn Kelly ve Ali T\u00fcrkkan\u2019\u0131 geride b\u0131rakmay\u0131 ba\u015fard\u0131.<\/p>\n\n\n\n<figure class=\"wp-block-image size-large\"><img decoding=\"async\" width=\"1024\" height=\"683\" src=\"https:\/\/torkspor.com\/wp-content\/uploads\/2025\/02\/Ali_Turkkan-1-1-1024x683.jpg\" alt=\"\" class=\"wp-image-2307\" srcset=\"https:\/\/torkspor.com\/wp-content\/uploads\/2025\/02\/Ali_Turkkan-1-1-1024x683.jpg 1024w, https:\/\/torkspor.com\/wp-content\/uploads\/2025\/02\/Ali_Turkkan-1-1-300x200.jpg 300w, https:\/\/torkspor.com\/wp-content\/uploads\/2025\/02\/Ali_Turkkan-1-1-768x512.jpg 768w, https:\/\/torkspor.com\/wp-content\/uploads\/2025\/02\/Ali_Turkkan-1-1-1536x1024.jpg 1536w, https:\/\/torkspor.com\/wp-content\/uploads\/2025\/02\/Ali_Turkkan-1-1-2048x1365.jpg 2048w\" sizes=\"(max-width: 1024px) 100vw, 1024px\" \/><figcaption class=\"wp-element-caption\">T\u00fcrkkan Ali seen performing during the  World Rally Championship Sweden in Umea, Sweden on  15,February. 2025 \/\/ Jaanus Ree \/ Red Bull Content Pool \/\/ SI202502150226 \/\/ Usage for editorial use only \/\/<\/figcaption><\/figure>\n\n\n\n<p><strong>&#8220;T\u00dcRKKAN, JUN\u0130OR WRC\u2019DE PODYUM \u0130\u00c7\u0130N NEFES KESEN TAK\u0130PTE!&#8221;<\/strong><\/p>\n\n\n\n<p>Motorsport Ireland Rally Academy ad\u0131na yar\u0131\u015fan Kelly, podyumda kalmak i\u00e7in m\u00fccadele ederken, T\u00fcrkkan sadece 1.2 saniye gerisinde s\u0131k\u0131 bir takip s\u00fcrd\u00fcr\u00fcyordu. Ali T\u00fcrkkan &#8211; Oytun Albayrak ikilisi g\u00fcn\u00fcn ikinci b\u00f6l\u00fcm\u00fcnde JWRC&#8217;de ikincili\u011fe kadar y\u00fckselmeyi ba\u015fard\u0131. B\u00f6ylelikle \u00dc\u00e7\u00fcnc\u00fcl\u00fck m\u00fccadelesi b\u00fcy\u00fck bir heyecana sahne olurken, Bel\u00e7ikal\u0131 \u00e7aylak Thomas Martens de Junior WRC\u2019deki ilk yar\u0131\u015f\u0131nda g\u00fc\u00e7l\u00fc bir h\u0131z sergiledi.<\/p>\n\n\n\n<figure class=\"wp-block-image size-large\"><img loading=\"lazy\" decoding=\"async\" width=\"1024\" height=\"683\" src=\"https:\/\/torkspor.com\/wp-content\/uploads\/2025\/02\/Kerem_Kazaz-3-1024x683.jpg\" alt=\"\" class=\"wp-image-2309\" srcset=\"https:\/\/torkspor.com\/wp-content\/uploads\/2025\/02\/Kerem_Kazaz-3-1024x683.jpg 1024w, https:\/\/torkspor.com\/wp-content\/uploads\/2025\/02\/Kerem_Kazaz-3-300x200.jpg 300w, https:\/\/torkspor.com\/wp-content\/uploads\/2025\/02\/Kerem_Kazaz-3-768x512.jpg 768w, https:\/\/torkspor.com\/wp-content\/uploads\/2025\/02\/Kerem_Kazaz-3-1536x1024.jpg 1536w, https:\/\/torkspor.com\/wp-content\/uploads\/2025\/02\/Kerem_Kazaz-3-2048x1365.jpg 2048w\" sizes=\"(max-width: 1024px) 100vw, 1024px\" \/><\/figure>\n\n\n\n<p><strong>&#8220;KAZAZ, LAST\u0130K SORUNUNA RA\u011eMEN M\u00dcCADELEDEN VAZGE\u00c7MED\u0130!&#8221;<\/strong><\/p>\n\n\n\n<p>Sabah saatlerinde be\u015finci s\u0131radaki Kerem Kazaz ile aras\u0131ndaki fark\u0131 5.4 saniyeye kadar indirdi. Ancak Kazaz, SS10\u2019da lastik hasar\u0131 nedeniyle zaman kaybetmesine ra\u011fmen g\u00fcn\u00fcn ikinci yar\u0131s\u0131nda tempoyu art\u0131rarak fark\u0131 12.1 saniyeye \u00e7\u0131kard\u0131.<\/p>\n\n\n\n<p><strong>&#8220;SMART, PE\u015e PE\u015eE GELEN HATALARLA YARI\u015eI BIRAKMAK ZORUNDA KALDI&#8221;<\/strong><\/p>\n\n\n\n<p>Alt\u0131nc\u0131 s\u0131rada yer alan Max Smart, SS10\u2019da yoldan \u00e7\u0131karak Martens\u2019in gerisine d\u00fc\u015ft\u00fc. G\u00fcney Afrikal\u0131 s\u00fcr\u00fcc\u00fc daha sonra su pompas\u0131 ar\u0131zas\u0131 nedeniyle g\u00fcn\u00fc tamamlayamadan yar\u0131\u015ftan \u00e7ekilmek zorunda kald\u0131.<\/p>\n\n\n\n<figure class=\"wp-block-image size-large\"><img loading=\"lazy\" decoding=\"async\" width=\"1024\" height=\"683\" src=\"https:\/\/torkspor.com\/wp-content\/uploads\/2025\/02\/Schonborn-Claire-1024x683.jpg\" alt=\"\" class=\"wp-image-2310\" srcset=\"https:\/\/torkspor.com\/wp-content\/uploads\/2025\/02\/Schonborn-Claire-1024x683.jpg 1024w, https:\/\/torkspor.com\/wp-content\/uploads\/2025\/02\/Schonborn-Claire-300x200.jpg 300w, https:\/\/torkspor.com\/wp-content\/uploads\/2025\/02\/Schonborn-Claire-768x512.jpg 768w, https:\/\/torkspor.com\/wp-content\/uploads\/2025\/02\/Schonborn-Claire-1536x1024.jpg 1536w, https:\/\/torkspor.com\/wp-content\/uploads\/2025\/02\/Schonborn-Claire-2048x1365.jpg 2048w\" sizes=\"(max-width: 1024px) 100vw, 1024px\" \/><figcaption class=\"wp-element-caption\">Sch\u00f6nborn Claire seen performing during the  World Rally Championship Sweden in Umea, Sweden on  15,February. 2025 \/\/ Jaanus Ree \/ Red Bull Content Pool \/\/ SI202502150168 \/\/ Usage for editorial use only \/\/<\/figcaption><\/figure>\n\n\n\n<p><strong>&#8220;SCH\u00d6NBORN VE BAUDET, ZORLU \u015eARTLARDA M\u00dcCADELEY\u0130 BIRAKMADI!&#8221;<\/strong><\/p>\n\n\n\n<p>WRC Young Driver Team\u2019in gen\u00e7 yetenekleri Claire Sch\u00f6nborn ve Lyssia Baudet s\u0131ras\u0131yla yedinci ve sekizinci s\u0131ray\u0131 ald\u0131. Cuma g\u00fcnk\u00fc aksiliklerinden sonra geri d\u00f6n\u00fc\u015f yapan Frans\u0131z pilot Tristan Charpentier ise dokuzuncu s\u0131rada yer ald\u0131 ve SS11\u2019in en h\u0131zl\u0131 zaman\u0131n\u0131 kaydederek potansiyelini g\u00f6sterdi.<\/p>\n\n\n\n<figure class=\"wp-block-image size-large\"><img loading=\"lazy\" decoding=\"async\" width=\"1024\" height=\"683\" src=\"https:\/\/torkspor.com\/wp-content\/uploads\/2025\/02\/Baudet-Lyssia-1024x683.jpg\" alt=\"\" class=\"wp-image-2311\" srcset=\"https:\/\/torkspor.com\/wp-content\/uploads\/2025\/02\/Baudet-Lyssia-1024x683.jpg 1024w, https:\/\/torkspor.com\/wp-content\/uploads\/2025\/02\/Baudet-Lyssia-300x200.jpg 300w, https:\/\/torkspor.com\/wp-content\/uploads\/2025\/02\/Baudet-Lyssia-768x512.jpg 768w, https:\/\/torkspor.com\/wp-content\/uploads\/2025\/02\/Baudet-Lyssia-1536x1024.jpg 1536w, https:\/\/torkspor.com\/wp-content\/uploads\/2025\/02\/Baudet-Lyssia-2048x1365.jpg 2048w\" sizes=\"(max-width: 1024px) 100vw, 1024px\" \/><figcaption class=\"wp-element-caption\">Baudet Lyssia seen performing during the  World Rally Championship Sweden in Umea, Sweden on  15,February. 2025 \/\/ Jaanus Ree \/ Red Bull Content Pool \/\/ SI202502150170 \/\/ Usage for editorial use only \/\/<\/figcaption><\/figure>\n\n\n\n<p><strong>&#8220;N\u00d5GENE, SS15\u2019TE HIZINI KONU\u015eTURDU, DOM\u00cdNGUEZ M\u00dcCADELEY\u0130 S\u00dcRD\u00dcRD\u00dc!&#8221;<\/strong><\/p>\n\n\n\n<p>Diego Dom\u00ednguez ve Joosep N\u00f5gene, yeniden ba\u015flama kurallar\u0131 \u00e7er\u00e7evesinde yar\u0131\u015fa d\u00f6nd\u00fcler. N\u00f5gene, g\u00fcn\u00fc SS15\u2019te \u00fc\u00e7\u00fcnc\u00fc en h\u0131zl\u0131 zaman\u0131 kaydederek tamamlad\u0131.<\/p>\n\n\n\n<p>Pazar g\u00fcn\u00fc sadece \u00fc\u00e7 etap ve yakla\u015f\u0131k 70 km\u2019lik m\u00fccadele kald\u0131. Rally Sweden zaferi i\u00e7in son sava\u015f\u0131n ard\u0131ndan \u015fampiyon belli olacak.<\/p>\n\n\n\n<p><em>D\u00fcnya Ralli \u015eampiyonas\u0131 (WRC), FIA&#8217;n\u0131n premium ralli serisidir. \u0130sve\u00e7&#8217;in dondurucu k\u0131\u015f\u0131ndan Kenya&#8217;n\u0131n s\u0131ca\u011f\u0131na ve kayal\u0131k pistlere kadar uzanan dramatik ortamlarda yar\u0131\u015fan y\u00fcksek performansl\u0131 otomobilleri ve d\u00fcnyan\u0131n en iyi s\u00fcr\u00fcc\u00fclerini sergiler. Kat\u0131l\u0131mc\u0131lar 14 rallide s\u00fcr\u00fcc\u00fcler ve \u00fcreticiler \u015fampiyonluklar\u0131 i\u00e7in m\u00fccadele eder. Daha detayl\u0131 bilgiye\u00a0<br><a href=\"http:\/\/click.redbullmediapitch.com\/CL0\/http:%2F%2Fwww.wrc.coma%2F\/1\/010201950af17328-56196ced-6469-4e90-ba28-107d10e6edff-000000\/qh6rGXdKTZdg-YVhPi9eyuSezvJT4RwjJJEnB7Ks0b4=392\" target=\"_blank\" rel=\"noreferrer noopener\">www.wrc.com<\/a>\u00a0adresinden ula\u015fabilirsiniz\u00a0<br>.<\/em><\/p>\n\n\n\n<p><\/p>\n","protected":false},"excerpt":{"rendered":"<p>Kelly podyumda kalma m\u00fccadelesi verirken, T\u00fcrkkan 1.2 saniye gerisinde s\u0131k\u0131 takipte. Kazaz lastik sorununa ra\u011fmen temposunu art\u0131rd\u0131. Smart ard\u0131 ard\u0131na<\/p>\n","protected":false},"author":2,"featured_media":2312,"comment_status":"open","ping_status":"open","sticky":false,"template":"","format":"standard","meta":{"footnotes":""},"categories":[14,3,5,21,228],"tags":[],"class_list":["post-2303","post","type-post","status-publish","format-standard","has-post-thumbnail","hentry","category-dunya","category-dunyadasporcularimiz","category-haberler","category-ralli","category-wrc"],"magazineBlocksPostFeaturedMedia":{"thumbnail":"https:\/\/torkspor.com\/wp-content\/uploads\/2025\/02\/Gill-2-150x150.jpg","medium":"https:\/\/torkspor.com\/wp-content\/uploads\/2025\/02\/Gill-2-300x200.jpg","medium_large":"https:\/\/torkspor.com\/wp-content\/uploads\/2025\/02\/Gill-2-768x512.jpg","large":"https:\/\/torkspor.com\/wp-content\/uploads\/2025\/02\/Gill-2-1024x683.jpg","1536x1536":"https:\/\/torkspor.com\/wp-content\/uploads\/2025\/02\/Gill-2-1536x1024.jpg","2048x2048":"https:\/\/torkspor.com\/wp-content\/uploads\/2025\/02\/Gill-2-2048x1365.jpg","colormag-highlighted-post":"https:\/\/torkspor.com\/wp-content\/uploads\/2025\/02\/Gill-2-392x272.jpg","colormag-featured-post-medium":"https:\/\/torkspor.com\/wp-content\/uploads\/2025\/02\/Gill-2-390x205.jpg","colormag-featured-post-small":"https:\/\/torkspor.com\/wp-content\/uploads\/2025\/02\/Gill-2-130x90.jpg","colormag-featured-image":"https:\/\/torkspor.com\/wp-content\/uploads\/2025\/02\/Gill-2-800x445.jpg","colormag-default-news":"https:\/\/torkspor.com\/wp-content\/uploads\/2025\/02\/Gill-2-150x150.jpg","colormag-featured-image-large":"https:\/\/torkspor.com\/wp-content\/uploads\/2025\/02\/Gill-2-1400x600.jpg","colormag-elementor-block-extra-large-thumbnail":"https:\/\/torkspor.com\/wp-content\/uploads\/2025\/02\/Gill-2-1155x480.jpg","colormag-elementor-grid-large-thumbnail":"https:\/\/torkspor.com\/wp-content\/uploads\/2025\/02\/Gill-2-600x417.jpg","colormag-elementor-grid-small-thumbnail":"https:\/\/torkspor.com\/wp-content\/uploads\/2025\/02\/Gill-2-285x450.jpg","colormag-elementor-grid-medium-large-thumbnail":"https:\/\/torkspor.com\/wp-content\/uploads\/2025\/02\/Gill-2-575x198.jpg"},"magazineBlocksPostAuthor":{"name":"Okan \u00c7etiner","avatar":"https:\/\/secure.gravatar.com\/avatar\/0b8d387b873c3962ae491deaf4b94a08a9b0dbc2778155c139691933252f8856?s=96&d=mm&r=g"},"magazineBlocksPostCommentsNumber":"0","magazineBlocksPostExcerpt":"Kelly podyumda kalma m\u00fccadelesi verirken, T\u00fcrkkan 1.2 saniye gerisinde s\u0131k\u0131 takipte. Kazaz lastik sorununa ra\u011fmen temposunu art\u0131rd\u0131. Smart ard\u0131 ard\u0131na","magazineBlocksPostCategories":["D\u00fcnya","D\u00fcnyada Sporcular\u0131m\u0131z","Haberler","Ralli","WRC"],"magazine_blocks_featured_image_url":{"full":["https:\/\/torkspor.com\/wp-content\/uploads\/2025\/02\/Gill-2-scaled.jpg",2560,1706,false],"medium":["https:\/\/torkspor.com\/wp-content\/uploads\/2025\/02\/Gill-2-300x200.jpg",300,200,true],"thumbnail":["https:\/\/torkspor.com\/wp-content\/uploads\/2025\/02\/Gill-2-150x150.jpg",150,150,true]},"magazine_blocks_author":{"display_name":"Okan \u00c7etiner","author_link":"https:\/\/torkspor.com\/?author=2"},"magazine_blocks_comment":0,"magazine_blocks_author_image":"https:\/\/secure.gravatar.com\/avatar\/0b8d387b873c3962ae491deaf4b94a08a9b0dbc2778155c139691933252f8856?s=96&d=mm&r=g","magazine_blocks_category":"<a href=\"https:\/\/torkspor.com\/?cat=14\" rel=\"category\">D\u00fcnya<\/a> <a href=\"https:\/\/torkspor.com\/?cat=3\" rel=\"category\">D\u00fcnyada Sporcular\u0131m\u0131z<\/a> <a href=\"https:\/\/torkspor.com\/?cat=5\" rel=\"category\">Haberler<\/a> <a href=\"https:\/\/torkspor.com\/?cat=21\" rel=\"category\">Ralli<\/a> <a href=\"https:\/\/torkspor.com\/?cat=228\" rel=\"category\">WRC<\/a>","_links":{"self":[{"href":"https:\/\/torkspor.com\/index.php?rest_route=\/wp\/v2\/posts\/2303","targetHints":{"allow":["GET"]}}],"collection":[{"href":"https:\/\/torkspor.com\/index.php?rest_route=\/wp\/v2\/posts"}],"about":[{"href":"https:\/\/torkspor.com\/index.php?rest_route=\/wp\/v2\/types\/post"}],"author":[{"embeddable":true,"href":"https:\/\/torkspor.com\/index.php?rest_route=\/wp\/v2\/users\/2"}],"replies":[{"embeddable":true,"href":"https:\/\/torkspor.com\/index.php?rest_route=%2Fwp%2Fv2%2Fcomments&post=2303"}],"version-history":[{"count":1,"href":"https:\/\/torkspor.com\/index.php?rest_route=\/wp\/v2\/posts\/2303\/revisions"}],"predecessor-version":[{"id":2313,"href":"https:\/\/torkspor.com\/index.php?rest_route=\/wp\/v2\/posts\/2303\/revisions\/2313"}],"wp:featuredmedia":[{"embeddable":true,"href":"https:\/\/torkspor.com\/index.php?rest_route=\/wp\/v2\/media\/2312"}],"wp:attachment":[{"href":"https:\/\/torkspor.com\/index.php?rest_route=%2Fwp%2Fv2%2Fmedia&parent=2303"}],"wp:term":[{"taxonomy":"category","embeddable":true,"href":"https:\/\/torkspor.com\/index.php?rest_route=%2Fwp%2Fv2%2Fcategories&post=2303"},{"taxonomy":"post_tag","embeddable":true,"href":"https:\/\/torkspor.com\/index.php?rest_route=%2Fwp%2Fv2%2Ftags&post=2303"}],"curies":[{"name":"wp","href":"https:\/\/api.w.org\/{rel}","templated":true}]}}