{"id":2315,"date":"2025-02-17T15:51:49","date_gmt":"2025-02-17T12:51:49","guid":{"rendered":"https:\/\/torkspor.com\/?p=2315"},"modified":"2025-02-17T15:51:54","modified_gmt":"2025-02-17T12:51:54","slug":"ugur-soylu-2025-wrc-masters-cup-isvec-rallisinde-5-oldu","status":"publish","type":"post","link":"https:\/\/torkspor.com\/?p=2315","title":{"rendered":"U\u011eUR SOYLU 2025 WRC MASTERS CUP \u0130SVE\u00c7 RALL\u0130S\u0130\u2019NDE 5. OLDU"},"content":{"rendered":"\n<p><em><strong>GP Garage My Team\u2019den U\u011fur Soylu-\u015eener G\u00fcray, master kategorisinde son \u00f6zel etab\u0131 kazand\u0131\u011f\u0131 \u0130sve\u00e7 Rallisi\u2019ni, master cup be\u015fincisi olarak\u00a0tamamlad\u0131.<\/strong><\/em><\/p>\n\n\n\n<figure class=\"wp-block-image size-large\"><img fetchpriority=\"high\" decoding=\"async\" width=\"1024\" height=\"684\" src=\"https:\/\/torkspor.com\/wp-content\/uploads\/2025\/02\/WRC_2025_SWEDEN_GM_038A-1024x684.jpg\" alt=\"\" class=\"wp-image-2320\" srcset=\"https:\/\/torkspor.com\/wp-content\/uploads\/2025\/02\/WRC_2025_SWEDEN_GM_038A-1024x684.jpg 1024w, https:\/\/torkspor.com\/wp-content\/uploads\/2025\/02\/WRC_2025_SWEDEN_GM_038A-300x200.jpg 300w, https:\/\/torkspor.com\/wp-content\/uploads\/2025\/02\/WRC_2025_SWEDEN_GM_038A-768x513.jpg 768w, https:\/\/torkspor.com\/wp-content\/uploads\/2025\/02\/WRC_2025_SWEDEN_GM_038A.jpg 1200w\" sizes=\"(max-width: 1024px) 100vw, 1024px\" \/><\/figure>\n\n\n\n<p>2025 D\u00fcnya Ralli \u015eampiyonas\u0131&#8217;n\u0131n ikinci aya\u011f\u0131 olan \u0130sve\u00e7 Rallisi, 13-16 \u015eubat tarihleri aras\u0131nda ger\u00e7ekle\u015ftirildi. T\u00fcrkiye&#8217;yi temsilen yar\u0131\u015fan Evofone Racing Team ekibi U\u011fur Soylu ve co-pilotu \u015eener G\u00fcray, GP Garage My Team ad\u0131na \u0160koda Fabia RS Rally2 ara\u00e7lar\u0131yla Masters kategorisinde yar\u0131\u015ft\u0131lar.<\/p>\n\n\n\n<p>Yar\u0131\u015f boyunca zorlu kar ve buz ko\u015fullar\u0131yla m\u00fccadele eden Soylu ve G\u00fcray ikilisi, etaplarda istikrarl\u0131 bir performans sergilediler.<\/p>\n\n\n\n<figure class=\"wp-block-image size-large\"><img decoding=\"async\" width=\"1024\" height=\"683\" src=\"https:\/\/torkspor.com\/wp-content\/uploads\/2025\/02\/WRC_2025_SWEDEN_GM_039A-1024x683.jpg\" alt=\"\" class=\"wp-image-2321\" srcset=\"https:\/\/torkspor.com\/wp-content\/uploads\/2025\/02\/WRC_2025_SWEDEN_GM_039A-1024x683.jpg 1024w, https:\/\/torkspor.com\/wp-content\/uploads\/2025\/02\/WRC_2025_SWEDEN_GM_039A-300x200.jpg 300w, https:\/\/torkspor.com\/wp-content\/uploads\/2025\/02\/WRC_2025_SWEDEN_GM_039A-768x512.jpg 768w, https:\/\/torkspor.com\/wp-content\/uploads\/2025\/02\/WRC_2025_SWEDEN_GM_039A.jpg 1250w\" sizes=\"(max-width: 1024px) 100vw, 1024px\" \/><\/figure>\n\n\n\n<p>Soylu \u2013 \u015eener ikilisi 2. Ve 3. etaplarda 3. Zaman\u0131 yapt\u0131lar. Ard\u0131ndan 4. Etapta bir s\u0131ra daha kazanarak 2. oldular. Bu sonu\u00e7larla ilk g\u00fcn\u00fc Masters Cup\u2019ta 4. S\u0131rada tamamlarlarken WRC2 s\u0131n\u0131f\u0131nda ise, eski WRC\u2019nin deneyimli pilotlar\u0131n\u0131n da aralar\u0131nda oldu\u011fu 19 rakibi ile s\u0131k\u0131 bir rekabete girdiler ve bu s\u0131n\u0131fta da 2. G\u00fcn\u00fc 17. S\u0131rada tamamlad\u0131lar.<\/p>\n\n\n\n<p>EVOFONE Racing Team ekibi yar\u0131\u015f\u0131n 3. G\u00fcn\u00fcne tempolu ba\u015flad\u0131. U\u011fur Soylu-\u015eener G\u00fcray g\u00fcn\u00fcn ilk iki etab\u0131nda 4. Zaman\u0131 yapt\u0131lar. Ancak yar\u0131\u015f\u0131n 11. Etab\u0131 onlar\u0131n k\u00e2busu oldu. T\u00fcrk seyircilerin oldu\u011fu yerde kar y\u0131\u011f\u0131n\u0131na saplanan ara\u00e7lar\u0131n\u0131, seyircilerimiz sayesinde yola sokmay\u0131 ba\u015fard\u0131lar ama burada 40 dakika civar\u0131 zaman kaybettiler. Yar\u0131\u015fta kald\u0131lar ama kaybedilen zamanlar\u0131 geri kazanmak olduk\u00e7a zordu. U\u011fur Soylu 12. Etapta gaza y\u00fcklendi ve 15 kilometrelik bu etapta en iyi 3. Zaman\u0131 yaparak 30 saniye kazand\u0131. G\u00fcn\u00fcn kalan etaplar\u0131nda da g\u00fc\u00e7l\u00fc bir performans sergileyen ekibimiz 3. Zamanlar\u0131 yaparak \u0130sve\u00e7 Rallisi Masters Cup\u2019ta g\u00fcn\u00fc 6. S\u0131rada tamamlad\u0131.<\/p>\n\n\n\n<figure class=\"wp-block-image size-large\"><img decoding=\"async\" width=\"1024\" height=\"683\" src=\"https:\/\/torkspor.com\/wp-content\/uploads\/2025\/02\/WRC_2025_SWEDEN_GM_048A-1024x683.jpg\" alt=\"\" class=\"wp-image-2322\" srcset=\"https:\/\/torkspor.com\/wp-content\/uploads\/2025\/02\/WRC_2025_SWEDEN_GM_048A-1024x683.jpg 1024w, https:\/\/torkspor.com\/wp-content\/uploads\/2025\/02\/WRC_2025_SWEDEN_GM_048A-300x200.jpg 300w, https:\/\/torkspor.com\/wp-content\/uploads\/2025\/02\/WRC_2025_SWEDEN_GM_048A-768x512.jpg 768w, https:\/\/torkspor.com\/wp-content\/uploads\/2025\/02\/WRC_2025_SWEDEN_GM_048A.jpg 1250w\" sizes=\"(max-width: 1024px) 100vw, 1024px\" \/><\/figure>\n\n\n\n<p>PAZAR G\u00dcN\u00dc U\u011eUR SOYLU\u2019NUN KEND\u0130N\u0130 BULMA G\u00dcN\u00dcYD\u00dc<\/p>\n\n\n\n<p>Gp Garage My Team ekibi Pazar g\u00fcn\u00fcne vites y\u00fckselterek ba\u015flad\u0131lar. G\u00fcn\u00fcn ilk iki etaplar\u0131nda 4. ve \u00a03. Zamanlar\u0131 yaparak yar\u0131\u015fa geri d\u00f6nd\u00fcler. Soylu \u2013 \u015eener patlamay\u0131 rallinin son Power Stage etab\u0131nda yapt\u0131. M\u00fckemmel performans sergileyen ekip etapta best time yaparak yar\u0131\u015fa noktay\u0131 koydu. Burada elde ettikleri ba\u015far\u0131 sayesinde bir nebze de olsa k\u00e2bus dolu 11. Etab\u0131 unuttular.<\/p>\n\n\n\n<p>U\u011fur Soylu-\u015eener G\u00fcray, son \u00f6zel etab\u0131 kazand\u0131\u011f\u0131 \u0130sve\u00e7 Rallisi\u2019ni, masters cup be\u015fincisi olarak&nbsp;tamamlad\u0131.<\/p>\n\n\n\n<p>U\u011fur Soylu ve \u015eener G\u00fcray&#8217;\u0131n \u0130sve\u00e7 Rallisi&#8217;ndeki performans\u0131, T\u00fcrkiye ralli camias\u0131 i\u00e7in \u00f6nemli bir deneyim ve gurur kayna\u011f\u0131 oldu.<\/p>\n\n\n\n<p><\/p>\n","protected":false},"excerpt":{"rendered":"<p>GP Garage My Team\u2019den U\u011fur Soylu-\u015eener G\u00fcray, master kategorisinde son \u00f6zel etab\u0131 kazand\u0131\u011f\u0131 \u0130sve\u00e7 Rallisi\u2019ni, master cup be\u015fincisi olarak\u00a0tamamlad\u0131. 2025<\/p>\n","protected":false},"author":2,"featured_media":2323,"comment_status":"open","ping_status":"open","sticky":false,"template":"","format":"standard","meta":{"footnotes":""},"categories":[3,1,5,21,228],"tags":[],"class_list":["post-2315","post","type-post","status-publish","format-standard","has-post-thumbnail","hentry","category-dunyadasporcularimiz","category-genel","category-haberler","category-ralli","category-wrc"],"magazineBlocksPostFeaturedMedia":{"thumbnail":"https:\/\/torkspor.com\/wp-content\/uploads\/2025\/02\/WRC_2025_SWEDEN_GM_044A-150x150.jpg","medium":"https:\/\/torkspor.com\/wp-content\/uploads\/2025\/02\/WRC_2025_SWEDEN_GM_044A-300x200.jpg","medium_large":"https:\/\/torkspor.com\/wp-content\/uploads\/2025\/02\/WRC_2025_SWEDEN_GM_044A-768x512.jpg","large":"https:\/\/torkspor.com\/wp-content\/uploads\/2025\/02\/WRC_2025_SWEDEN_GM_044A-1024x683.jpg","1536x1536":"https:\/\/torkspor.com\/wp-content\/uploads\/2025\/02\/WRC_2025_SWEDEN_GM_044A.jpg","2048x2048":"https:\/\/torkspor.com\/wp-content\/uploads\/2025\/02\/WRC_2025_SWEDEN_GM_044A.jpg","colormag-highlighted-post":"https:\/\/torkspor.com\/wp-content\/uploads\/2025\/02\/WRC_2025_SWEDEN_GM_044A-392x272.jpg","colormag-featured-post-medium":"https:\/\/torkspor.com\/wp-content\/uploads\/2025\/02\/WRC_2025_SWEDEN_GM_044A-390x205.jpg","colormag-featured-post-small":"https:\/\/torkspor.com\/wp-content\/uploads\/2025\/02\/WRC_2025_SWEDEN_GM_044A-130x90.jpg","colormag-featured-image":"https:\/\/torkspor.com\/wp-content\/uploads\/2025\/02\/WRC_2025_SWEDEN_GM_044A-800x445.jpg","colormag-default-news":"https:\/\/torkspor.com\/wp-content\/uploads\/2025\/02\/WRC_2025_SWEDEN_GM_044A-150x150.jpg","colormag-featured-image-large":"https:\/\/torkspor.com\/wp-content\/uploads\/2025\/02\/WRC_2025_SWEDEN_GM_044A-1250x600.jpg","colormag-elementor-block-extra-large-thumbnail":"https:\/\/torkspor.com\/wp-content\/uploads\/2025\/02\/WRC_2025_SWEDEN_GM_044A-1155x480.jpg","colormag-elementor-grid-large-thumbnail":"https:\/\/torkspor.com\/wp-content\/uploads\/2025\/02\/WRC_2025_SWEDEN_GM_044A-600x417.jpg","colormag-elementor-grid-small-thumbnail":"https:\/\/torkspor.com\/wp-content\/uploads\/2025\/02\/WRC_2025_SWEDEN_GM_044A-285x450.jpg","colormag-elementor-grid-medium-large-thumbnail":"https:\/\/torkspor.com\/wp-content\/uploads\/2025\/02\/WRC_2025_SWEDEN_GM_044A-575x198.jpg"},"magazineBlocksPostAuthor":{"name":"Okan \u00c7etiner","avatar":"https:\/\/secure.gravatar.com\/avatar\/0b8d387b873c3962ae491deaf4b94a08a9b0dbc2778155c139691933252f8856?s=96&d=mm&r=g"},"magazineBlocksPostCommentsNumber":"0","magazineBlocksPostExcerpt":"GP Garage My Team\u2019den U\u011fur Soylu-\u015eener G\u00fcray, master kategorisinde son \u00f6zel etab\u0131 kazand\u0131\u011f\u0131 \u0130sve\u00e7 Rallisi\u2019ni, master cup be\u015fincisi olarak\u00a0tamamlad\u0131. 2025","magazineBlocksPostCategories":["D\u00fcnyada Sporcular\u0131m\u0131z","Genel","Haberler","Ralli","WRC"],"magazine_blocks_featured_image_url":{"full":["https:\/\/torkspor.com\/wp-content\/uploads\/2025\/02\/WRC_2025_SWEDEN_GM_044A.jpg",1250,834,false],"medium":["https:\/\/torkspor.com\/wp-content\/uploads\/2025\/02\/WRC_2025_SWEDEN_GM_044A-300x200.jpg",300,200,true],"thumbnail":["https:\/\/torkspor.com\/wp-content\/uploads\/2025\/02\/WRC_2025_SWEDEN_GM_044A-150x150.jpg",150,150,true]},"magazine_blocks_author":{"display_name":"Okan \u00c7etiner","author_link":"https:\/\/torkspor.com\/?author=2"},"magazine_blocks_comment":1,"magazine_blocks_author_image":"https:\/\/secure.gravatar.com\/avatar\/0b8d387b873c3962ae491deaf4b94a08a9b0dbc2778155c139691933252f8856?s=96&d=mm&r=g","magazine_blocks_category":"<a href=\"https:\/\/torkspor.com\/?cat=3\" rel=\"category\">D\u00fcnyada Sporcular\u0131m\u0131z<\/a> <a href=\"https:\/\/torkspor.com\/?cat=1\" rel=\"category\">Genel<\/a> <a href=\"https:\/\/torkspor.com\/?cat=5\" rel=\"category\">Haberler<\/a> <a href=\"https:\/\/torkspor.com\/?cat=21\" rel=\"category\">Ralli<\/a> <a href=\"https:\/\/torkspor.com\/?cat=228\" rel=\"category\">WRC<\/a>","_links":{"self":[{"href":"https:\/\/torkspor.com\/index.php?rest_route=\/wp\/v2\/posts\/2315","targetHints":{"allow":["GET"]}}],"collection":[{"href":"https:\/\/torkspor.com\/index.php?rest_route=\/wp\/v2\/posts"}],"about":[{"href":"https:\/\/torkspor.com\/index.php?rest_route=\/wp\/v2\/types\/post"}],"author":[{"embeddable":true,"href":"https:\/\/torkspor.com\/index.php?rest_route=\/wp\/v2\/users\/2"}],"replies":[{"embeddable":true,"href":"https:\/\/torkspor.com\/index.php?rest_route=%2Fwp%2Fv2%2Fcomments&post=2315"}],"version-history":[{"count":1,"href":"https:\/\/torkspor.com\/index.php?rest_route=\/wp\/v2\/posts\/2315\/revisions"}],"predecessor-version":[{"id":2324,"href":"https:\/\/torkspor.com\/index.php?rest_route=\/wp\/v2\/posts\/2315\/revisions\/2324"}],"wp:featuredmedia":[{"embeddable":true,"href":"https:\/\/torkspor.com\/index.php?rest_route=\/wp\/v2\/media\/2323"}],"wp:attachment":[{"href":"https:\/\/torkspor.com\/index.php?rest_route=%2Fwp%2Fv2%2Fmedia&parent=2315"}],"wp:term":[{"taxonomy":"category","embeddable":true,"href":"https:\/\/torkspor.com\/index.php?rest_route=%2Fwp%2Fv2%2Fcategories&post=2315"},{"taxonomy":"post_tag","embeddable":true,"href":"https:\/\/torkspor.com\/index.php?rest_route=%2Fwp%2Fv2%2Ftags&post=2315"}],"curies":[{"name":"wp","href":"https:\/\/api.w.org\/{rel}","templated":true}]}}