{"id":2337,"date":"2025-02-17T18:42:16","date_gmt":"2025-02-17T15:42:16","guid":{"rendered":"https:\/\/torkspor.com\/?p=2337"},"modified":"2025-02-17T19:03:00","modified_gmt":"2025-02-17T16:03:00","slug":"gill-isvecte-zaferi-kazandi-ancak-johansson-erken-junior-wrc-liderligini-ele-gecirdi","status":"publish","type":"post","link":"https:\/\/torkspor.com\/?p=2337","title":{"rendered":"Gill, \u0130sve\u00e7&#8217;te Zaferi Kazand\u0131, Ancak Johansson Erken Junior WRC Liderli\u011fini Ele Ge\u00e7irdi"},"content":{"rendered":"\n<p><em>Avustralyal\u0131 Taylor Gill, so\u011fuk hava \u015fartlar\u0131na ra\u011fmen Johansson\u2019a kar\u015f\u0131 zafer kazand\u0131. Ancak ev sahibi Mille Johansson, etaplardaki ola\u011fan\u00fcst\u00fc performans\u0131yla Junior WRC liderli\u011fini ele ge\u00e7irdi. Johansson, yar\u0131\u015f s\u0131ras\u0131nda kaza yaparak zaman kaybetse de 12 etapta en h\u0131zl\u0131 zamanlar\u0131 yaparak genel s\u0131ralamada lider konumuna y\u00fckseldi. \u0130rlandal\u0131 Eamonn Kelly \u00fc\u00e7\u00fcnc\u00fc olurken, T\u00fcrk pilot Ali T\u00fcrkkan ve Oytun Albayrak Power Stage\u2019de en iyi zaman\u0131 yaparak ekstra puan kazand\u0131. Junior WRC\u2019ye ilk kez kat\u0131lan Kerem Kazaz, baz\u0131 zaman kay\u0131plar\u0131na ra\u011fmen 5. s\u0131rada bitirdi ve gelecek i\u00e7in umut verdi. Bir sonraki yar\u0131\u015f 15-18 May\u0131s\u2019ta Vodafone Rally de Portugal\u2019da yap\u0131lacak. Gill ve Johansson bu kez toprak zeminde rekabet edecek.<\/em><\/p>\n\n\n\n<figure class=\"wp-block-image size-large\"><img fetchpriority=\"high\" decoding=\"async\" width=\"1024\" height=\"683\" src=\"https:\/\/torkspor.com\/wp-content\/uploads\/2025\/02\/WRC_SWE_25__1049-1024x683.jpg\" alt=\"\" class=\"wp-image-2339\" srcset=\"https:\/\/torkspor.com\/wp-content\/uploads\/2025\/02\/WRC_SWE_25__1049-1024x683.jpg 1024w, https:\/\/torkspor.com\/wp-content\/uploads\/2025\/02\/WRC_SWE_25__1049-300x200.jpg 300w, https:\/\/torkspor.com\/wp-content\/uploads\/2025\/02\/WRC_SWE_25__1049-768x512.jpg 768w, https:\/\/torkspor.com\/wp-content\/uploads\/2025\/02\/WRC_SWE_25__1049-1536x1024.jpg 1536w, https:\/\/torkspor.com\/wp-content\/uploads\/2025\/02\/WRC_SWE_25__1049-2048x1365.jpg 2048w\" sizes=\"(max-width: 1024px) 100vw, 1024px\" \/><\/figure>\n\n\n\n<p><strong>\u0130sve\u00e7\u2019te Kar \u00dczerinde K\u0131ran K\u0131rana M\u00fccadele<\/strong><\/p>\n\n\n\n<p>Bir so\u011fuk k\u0131\u015f sabah\u0131, \u0130sve\u00e7\u2019in derin ormanlar\u0131nda karlar \u00fczerinde yar\u0131\u015fa ba\u015flayan gen\u00e7 Taylor Gill, Avustralya\u2019n\u0131n s\u0131cak g\u00fcne\u015finden sonra zorlu bir de\u011fi\u015fim ya\u015fasa da so\u011fukkanl\u0131l\u0131\u011f\u0131n\u0131 koruyarak hedefe odakland\u0131. Rakiplerinden biri, ev sahibi Mille Johansson ise, s\u0131f\u0131r\u0131n alt\u0131ndaki s\u0131cakl\u0131klarda, do\u011fdu\u011fu topraklarda zafer hayalleri kuruyordu. Ancak ne yaz\u0131k ki, bir sabah kar y\u0131\u011f\u0131n\u0131na saplanarak b\u00fcy\u00fck bir zaman kayb\u0131 ya\u015fad\u0131. Bu aksilik, Johansson\u2019\u0131n zafer i\u00e7in \u015fans\u0131n\u0131 azaltm\u0131\u015f olsa da, karakterini ve azmini ortaya koyarak yar\u0131\u015fa devam etti.<\/p>\n\n\n\n<figure class=\"wp-block-image size-large\"><img decoding=\"async\" width=\"1024\" height=\"683\" src=\"https:\/\/torkspor.com\/wp-content\/uploads\/2025\/02\/Johansson-Mille-1-1024x683.jpg\" alt=\"\" class=\"wp-image-2341\" srcset=\"https:\/\/torkspor.com\/wp-content\/uploads\/2025\/02\/Johansson-Mille-1-1024x683.jpg 1024w, https:\/\/torkspor.com\/wp-content\/uploads\/2025\/02\/Johansson-Mille-1-300x200.jpg 300w, https:\/\/torkspor.com\/wp-content\/uploads\/2025\/02\/Johansson-Mille-1-768x512.jpg 768w, https:\/\/torkspor.com\/wp-content\/uploads\/2025\/02\/Johansson-Mille-1-1536x1024.jpg 1536w, https:\/\/torkspor.com\/wp-content\/uploads\/2025\/02\/Johansson-Mille-1-2048x1365.jpg 2048w\" sizes=\"(max-width: 1024px) 100vw, 1024px\" \/><figcaption class=\"wp-element-caption\">Johansson Mille seen performing during the  World Rally Championship Sweden in Umea, Sweden on  \/ Red Bull Content Pool \/\/ SI202502150223 \/\/ Usage for editorial use only \/\/<\/figcaption><\/figure>\n\n\n\n<p><strong>Johansson\u2019un B\u00fcy\u00fck M\u00fccadelesi ve Liderli\u011fi<\/strong><\/p>\n\n\n\n<p>Gill, Johansson\u2019\u0131n kaybetti\u011fi zaman\u0131 g\u00f6z \u00f6n\u00fcnde bulundurarak h\u0131z\u0131n\u0131 art\u0131rd\u0131 ve rakibine 22.8 saniye fark atarak galip geldi. Ancak zafer sadece etaplar\u0131 kazanmaktan ibaret de\u011fildi; Johansson\u2019\u0131n h\u0131z\u0131n\u0131 ve so\u011fukkanl\u0131l\u0131\u011f\u0131n\u0131 g\u00f6zlemleyerek her hareketini dikkatle izledi. Johansson, karla kapl\u0131 etaplardaki zorlu ko\u015fullarda m\u00fcthi\u015f bir geri d\u00f6n\u00fc\u015f yaparak 12 etapta en h\u0131zl\u0131 zamanlar\u0131 yapmay\u0131 ba\u015fard\u0131. Bu ola\u011fan\u00fcst\u00fc h\u0131z onu, sezonun ba\u015f\u0131nda liderli\u011fe ta\u015f\u0131d\u0131.<\/p>\n\n\n\n<p>\u00d6nde bitiren di\u011fer isimler, bu m\u00fccadeleye tan\u0131kl\u0131k edenlerin haf\u0131zas\u0131na kaz\u0131nd\u0131: \u0130rlandal\u0131 Eamonn Kelly, sa\u011flam bir performans g\u00f6stererek \u00fc\u00e7\u00fcnc\u00fc s\u0131rada tamamlad\u0131.<\/p>\n\n\n\n<figure class=\"wp-block-gallery has-nested-images columns-default is-cropped wp-block-gallery-1 is-layout-flex wp-block-gallery-is-layout-flex\">\n<figure class=\"wp-block-image size-large\"><img decoding=\"async\" width=\"1024\" height=\"683\" data-id=\"2342\" src=\"https:\/\/torkspor.com\/wp-content\/uploads\/2025\/02\/WRC_SWE_25__997-1024x683.jpg\" alt=\"\" class=\"wp-image-2342\" srcset=\"https:\/\/torkspor.com\/wp-content\/uploads\/2025\/02\/WRC_SWE_25__997-1024x683.jpg 1024w, https:\/\/torkspor.com\/wp-content\/uploads\/2025\/02\/WRC_SWE_25__997-300x200.jpg 300w, https:\/\/torkspor.com\/wp-content\/uploads\/2025\/02\/WRC_SWE_25__997-768x512.jpg 768w, https:\/\/torkspor.com\/wp-content\/uploads\/2025\/02\/WRC_SWE_25__997-1536x1024.jpg 1536w, https:\/\/torkspor.com\/wp-content\/uploads\/2025\/02\/WRC_SWE_25__997-2048x1365.jpg 2048w\" sizes=\"(max-width: 1024px) 100vw, 1024px\" \/><\/figure>\n\n\n\n<figure class=\"wp-block-image size-large\"><img loading=\"lazy\" decoding=\"async\" width=\"1024\" height=\"685\" data-id=\"2350\" src=\"https:\/\/torkspor.com\/wp-content\/uploads\/2025\/02\/54_Turkkan_Albayrak_Sweden25-005-1024x685.jpg\" alt=\"\" class=\"wp-image-2350\" srcset=\"https:\/\/torkspor.com\/wp-content\/uploads\/2025\/02\/54_Turkkan_Albayrak_Sweden25-005-1024x685.jpg 1024w, https:\/\/torkspor.com\/wp-content\/uploads\/2025\/02\/54_Turkkan_Albayrak_Sweden25-005-300x201.jpg 300w, https:\/\/torkspor.com\/wp-content\/uploads\/2025\/02\/54_Turkkan_Albayrak_Sweden25-005-768x514.jpg 768w, https:\/\/torkspor.com\/wp-content\/uploads\/2025\/02\/54_Turkkan_Albayrak_Sweden25-005-1536x1027.jpg 1536w, https:\/\/torkspor.com\/wp-content\/uploads\/2025\/02\/54_Turkkan_Albayrak_Sweden25-005-2048x1369.jpg 2048w\" sizes=\"(max-width: 1024px) 100vw, 1024px\" \/><\/figure>\n<\/figure>\n\n\n\n<p><strong>Gen\u00e7 T\u00fcrk Pilotlardan Umut Veren Sonu\u00e7lar<\/strong><\/p>\n\n\n\n<p>T\u00fcrk ekibimiz Castrol Ford Team T\u00fcrkiye tak\u0131m pilotlar Ali T\u00fcrkkan \u2013 Oytun Albayrak Pazar g\u00fcn\u00fcne temkinli ba\u015flad\u0131lar. G\u00fcn\u00fcn ilk etab\u0131nda \u00fc\u00e7\u00fcnc\u00fcl\u00fck i\u00e7in \u00e7eki\u015fti\u011fi rakibine 10 saniye kapt\u0131ran T\u00fcrkkan \u2013 Albayrak, bu etab\u0131n ikinci ge\u00e7ili\u015finde risk ald\u0131lar ve en iyi 2. Zaman\u0131 yapt\u0131lar. Yar\u0131\u015f\u0131n son etab\u0131 ekstra puan veren Power Stage etab\u0131nda ise best time yaparak etap zaferini elde ettiler ve ekstra puan\u0131n sahibi oldular. Ali T\u00fcrkkan, podyum i\u00e7in m\u00fccadele ederken, biraz daha fazla \u015fans yan\u0131nda olsayd\u0131 podyumu kazanmas\u0131 an meselesiydi. Olsun bu zorlu 18 etapta al\u0131nan b\u00fcy\u00fck bir ba\u015far\u0131d\u0131r. Eme\u011fi ge\u00e7en herkesi kutluyoruz. &nbsp;<\/p>\n\n\n\n<p>Yar\u0131\u015f\u0131n sonunda, kazananlar ve kaybedenler belirlendi, ancak herkesin akl\u0131nda tek bir soru vard\u0131: Gill mi, yoksa Johansson m\u0131, sezon sonunda zirveye ula\u015facak? Bizim temellimiz tabi ki T\u00fcrk sporcular\u0131m\u0131z\u0131n \u015fampiyon olmas\u0131. Daha bu ba\u015flang\u0131\u00e7, bir \u015fey bitmi\u015f de\u011fil. \u00d6yle hemen havalara girmek yok, T\u00fcrk\u2019\u00fcn g\u00fcc\u00fcn\u00fc ve ne yapacaklar\u0131n\u0131 sizlere g\u00f6sterecek bizim gen\u00e7ler diyor ve devam ediyoruz.<\/p>\n\n\n\n<figure class=\"wp-block-gallery has-nested-images columns-default is-cropped wp-block-gallery-2 is-layout-flex wp-block-gallery-is-layout-flex\">\n<figure class=\"wp-block-image size-large\"><img loading=\"lazy\" decoding=\"async\" width=\"1024\" height=\"683\" data-id=\"2345\" src=\"https:\/\/torkspor.com\/wp-content\/uploads\/2025\/02\/WRC_SWE_25_K_KAZAZ_675-1-1024x683.jpg\" alt=\"\" class=\"wp-image-2345\" srcset=\"https:\/\/torkspor.com\/wp-content\/uploads\/2025\/02\/WRC_SWE_25_K_KAZAZ_675-1-1024x683.jpg 1024w, https:\/\/torkspor.com\/wp-content\/uploads\/2025\/02\/WRC_SWE_25_K_KAZAZ_675-1-300x200.jpg 300w, https:\/\/torkspor.com\/wp-content\/uploads\/2025\/02\/WRC_SWE_25_K_KAZAZ_675-1-768x512.jpg 768w, https:\/\/torkspor.com\/wp-content\/uploads\/2025\/02\/WRC_SWE_25_K_KAZAZ_675-1-1536x1024.jpg 1536w, https:\/\/torkspor.com\/wp-content\/uploads\/2025\/02\/WRC_SWE_25_K_KAZAZ_675-1-2048x1365.jpg 2048w\" sizes=\"(max-width: 1024px) 100vw, 1024px\" \/><\/figure>\n\n\n\n<figure class=\"wp-block-image size-large\"><img loading=\"lazy\" decoding=\"async\" width=\"1024\" height=\"683\" data-id=\"2351\" src=\"https:\/\/torkspor.com\/wp-content\/uploads\/2025\/02\/WRC_SWE_25_K_KAZAZ_591-1-1024x683.jpg\" alt=\"\" class=\"wp-image-2351\" srcset=\"https:\/\/torkspor.com\/wp-content\/uploads\/2025\/02\/WRC_SWE_25_K_KAZAZ_591-1-1024x683.jpg 1024w, https:\/\/torkspor.com\/wp-content\/uploads\/2025\/02\/WRC_SWE_25_K_KAZAZ_591-1-300x200.jpg 300w, https:\/\/torkspor.com\/wp-content\/uploads\/2025\/02\/WRC_SWE_25_K_KAZAZ_591-1-768x512.jpg 768w, https:\/\/torkspor.com\/wp-content\/uploads\/2025\/02\/WRC_SWE_25_K_KAZAZ_591-1-1536x1024.jpg 1536w, https:\/\/torkspor.com\/wp-content\/uploads\/2025\/02\/WRC_SWE_25_K_KAZAZ_591-1-2048x1365.jpg 2048w\" sizes=\"(max-width: 1024px) 100vw, 1024px\" \/><\/figure>\n<\/figure>\n\n\n\n<p>T\u00fcrk pilotlardan Junior WRC\u2019ye ilk kez kat\u0131lan Kerem Kazaz Pazar g\u00fcn\u00fc ge\u00e7ilen t\u00fcm etaplarda 5. S\u0131rada fini\u015f g\u00f6rd\u00fc. 2. G\u00fcn att\u0131\u011f\u0131 spin de kaybedilen 20 saniye ve Cumartesi g\u00fcn\u00fc lastik hasar\u0131nda giden zamanlarla geriye d\u00fc\u015fen gen\u00e7 Kazaz, her \u015feye ra\u011fmen ba\u015far\u0131l\u0131 bir yar\u0131\u015f \u00e7\u0131kartarak 19 rakibi aras\u0131nda 13 ki\u015fiyi ge\u00e7erek gelecek i\u00e7in umut verdi. Kerem Kazaz \u2013 Korentin Silvestre yar\u0131\u015fta 5. s\u0131rada yer al\u0131rken, Bel\u00e7ikal\u0131 yeni kat\u0131l\u0131mc\u0131 Thomas Martens ise 15.9 saniye farkla 6. s\u0131ray\u0131 elde etti.<\/p>\n\n\n\n<figure class=\"wp-block-image size-large\"><img loading=\"lazy\" decoding=\"async\" width=\"1024\" height=\"683\" src=\"https:\/\/torkspor.com\/wp-content\/uploads\/2025\/02\/SI202502160302-1024x683.jpg\" alt=\"\" class=\"wp-image-2346\" srcset=\"https:\/\/torkspor.com\/wp-content\/uploads\/2025\/02\/SI202502160302-1024x683.jpg 1024w, https:\/\/torkspor.com\/wp-content\/uploads\/2025\/02\/SI202502160302-300x200.jpg 300w, https:\/\/torkspor.com\/wp-content\/uploads\/2025\/02\/SI202502160302-768x512.jpg 768w, https:\/\/torkspor.com\/wp-content\/uploads\/2025\/02\/SI202502160302-1536x1024.jpg 1536w, https:\/\/torkspor.com\/wp-content\/uploads\/2025\/02\/SI202502160302-2048x1365.jpg 2048w\" sizes=\"(max-width: 1024px) 100vw, 1024px\" \/><figcaption class=\"wp-element-caption\">Claire Sch\u00f6nborn (right) and co-driver Jara Hain celebrate on the WRC Rally Sweden podium on 16 February 2025.  \/\/ WRC Promoter GmbH \/ Red Bull Content Pool \/\/ SI202502160302 \/\/ Usage for editorial use only \/\/<\/figcaption><\/figure>\n\n\n\n<p>WRC Gen\u00e7 Pilotlar Tak\u0131m\u0131\u2019ndan Claire Sch\u00f6nborn, 7. s\u0131rada yer alarak tak\u0131m\u0131n\u0131n en iyi derecesini elde etti, tak\u0131m arkada\u015f\u0131 Lyssia Baudet ise 3 dakikadan fazla geride 8. s\u0131rada bitirdi. Frans\u0131z Tristan Charpentier ise erken umut verici performans\u0131na ra\u011fmen, Cuma g\u00fcn\u00fc yapt\u0131\u011f\u0131 off-road kazas\u0131 sonras\u0131nda s\u0131ralamada geriye d\u00fc\u015ferek 9. s\u0131rada tamamlad\u0131.<\/p>\n\n\n\n<p>Diego Dominguez, pazar g\u00fcn\u00fc yeniden piste \u00e7\u0131kt\u0131 ve 10. s\u0131rada bitirirken, Max Smart ve Joosep N\u00f5gene de \u00f6nceki aksiliklere ra\u011fmen sonu\u00e7 almay\u0131 ba\u015fard\u0131lar.<\/p>\n\n\n\n<p>Bu heyecanl\u0131 yar\u0131\u015f, sadece sonu\u00e7larla de\u011fil, pilotlar\u0131n birbirleriyle olan rekabetiyle de haf\u0131zalara kaz\u0131nd\u0131. Gill ve Johansson aras\u0131ndaki bu amans\u0131z m\u00fccadele, FIA Junior WRC\u2019de \u00f6n\u00fcm\u00fczdeki yar\u0131\u015flarda daha da b\u00fcy\u00fcyecek gibi g\u00f6r\u00fcn\u00fcyor.<\/p>\n\n\n\n<p><strong>FIA Junior WRC\u2019de M\u00fccadele Devam Ediyor<\/strong><\/p>\n\n\n\n<p>FIA Junior WRC, s\u0131radaki yar\u0131\u015f\u0131na Vodafone Rally de Portugal\u2019da (15-18 May\u0131s) devam edecek. Gill ve Johansson, bu kez toprak yolda bir kez daha m\u00fccadele edecek.<\/p>\n\n\n\n<p><\/p>\n","protected":false},"excerpt":{"rendered":"<p>Avustralyal\u0131 Taylor Gill, so\u011fuk hava \u015fartlar\u0131na ra\u011fmen Johansson\u2019a kar\u015f\u0131 zafer kazand\u0131. Ancak ev sahibi Mille Johansson, etaplardaki ola\u011fan\u00fcst\u00fc performans\u0131yla Junior<\/p>\n","protected":false},"author":2,"featured_media":2349,"comment_status":"open","ping_status":"open","sticky":false,"template":"","format":"standard","meta":{"footnotes":""},"categories":[14,3,1,5,21,228],"tags":[95,227,83,49,61,20,42,141,34,226],"class_list":["post-2337","post","type-post","status-publish","format-standard","has-post-thumbnail","hentry","category-dunya","category-dunyadasporcularimiz","category-genel","category-haberler","category-ralli","category-wrc","tag-circuit","tag-ktm","tag-motor","tag-motorsporlari","tag-otomobil","tag-pist","tag-race","tag-suzuki","tag-tosfed","tag-yamaha"],"magazineBlocksPostFeaturedMedia":{"thumbnail":"https:\/\/torkspor.com\/wp-content\/uploads\/2025\/02\/54_Turkkan_Albayrak_Sweden25-002AA-150x150.jpg","medium":"https:\/\/torkspor.com\/wp-content\/uploads\/2025\/02\/54_Turkkan_Albayrak_Sweden25-002AA-300x200.jpg","medium_large":"https:\/\/torkspor.com\/wp-content\/uploads\/2025\/02\/54_Turkkan_Albayrak_Sweden25-002AA-768x512.jpg","large":"https:\/\/torkspor.com\/wp-content\/uploads\/2025\/02\/54_Turkkan_Albayrak_Sweden25-002AA-1024x683.jpg","1536x1536":"https:\/\/torkspor.com\/wp-content\/uploads\/2025\/02\/54_Turkkan_Albayrak_Sweden25-002AA-1536x1024.jpg","2048x2048":"https:\/\/torkspor.com\/wp-content\/uploads\/2025\/02\/54_Turkkan_Albayrak_Sweden25-002AA.jpg","colormag-highlighted-post":"https:\/\/torkspor.com\/wp-content\/uploads\/2025\/02\/54_Turkkan_Albayrak_Sweden25-002AA-392x272.jpg","colormag-featured-post-medium":"https:\/\/torkspor.com\/wp-content\/uploads\/2025\/02\/54_Turkkan_Albayrak_Sweden25-002AA-390x205.jpg","colormag-featured-post-small":"https:\/\/torkspor.com\/wp-content\/uploads\/2025\/02\/54_Turkkan_Albayrak_Sweden25-002AA-130x90.jpg","colormag-featured-image":"https:\/\/torkspor.com\/wp-content\/uploads\/2025\/02\/54_Turkkan_Albayrak_Sweden25-002AA-800x445.jpg","colormag-default-news":"https:\/\/torkspor.com\/wp-content\/uploads\/2025\/02\/54_Turkkan_Albayrak_Sweden25-002AA-150x150.jpg","colormag-featured-image-large":"https:\/\/torkspor.com\/wp-content\/uploads\/2025\/02\/54_Turkkan_Albayrak_Sweden25-002AA-1400x600.jpg","colormag-elementor-block-extra-large-thumbnail":"https:\/\/torkspor.com\/wp-content\/uploads\/2025\/02\/54_Turkkan_Albayrak_Sweden25-002AA-1155x480.jpg","colormag-elementor-grid-large-thumbnail":"https:\/\/torkspor.com\/wp-content\/uploads\/2025\/02\/54_Turkkan_Albayrak_Sweden25-002AA-600x417.jpg","colormag-elementor-grid-small-thumbnail":"https:\/\/torkspor.com\/wp-content\/uploads\/2025\/02\/54_Turkkan_Albayrak_Sweden25-002AA-285x450.jpg","colormag-elementor-grid-medium-large-thumbnail":"https:\/\/torkspor.com\/wp-content\/uploads\/2025\/02\/54_Turkkan_Albayrak_Sweden25-002AA-575x198.jpg"},"magazineBlocksPostAuthor":{"name":"Okan \u00c7etiner","avatar":"https:\/\/secure.gravatar.com\/avatar\/0b8d387b873c3962ae491deaf4b94a08a9b0dbc2778155c139691933252f8856?s=96&d=mm&r=g"},"magazineBlocksPostCommentsNumber":"0","magazineBlocksPostExcerpt":"Avustralyal\u0131 Taylor Gill, so\u011fuk hava \u015fartlar\u0131na ra\u011fmen Johansson\u2019a kar\u015f\u0131 zafer kazand\u0131. Ancak ev sahibi Mille Johansson, etaplardaki ola\u011fan\u00fcst\u00fc performans\u0131yla Junior","magazineBlocksPostCategories":["D\u00fcnya","D\u00fcnyada Sporcular\u0131m\u0131z","Genel","Haberler","Ralli","WRC"],"magazine_blocks_featured_image_url":{"full":["https:\/\/torkspor.com\/wp-content\/uploads\/2025\/02\/54_Turkkan_Albayrak_Sweden25-002AA.jpg",1548,1032,false],"medium":["https:\/\/torkspor.com\/wp-content\/uploads\/2025\/02\/54_Turkkan_Albayrak_Sweden25-002AA-300x200.jpg",300,200,true],"thumbnail":["https:\/\/torkspor.com\/wp-content\/uploads\/2025\/02\/54_Turkkan_Albayrak_Sweden25-002AA-150x150.jpg",150,150,true]},"magazine_blocks_author":{"display_name":"Okan \u00c7etiner","author_link":"https:\/\/torkspor.com\/?author=2"},"magazine_blocks_comment":1,"magazine_blocks_author_image":"https:\/\/secure.gravatar.com\/avatar\/0b8d387b873c3962ae491deaf4b94a08a9b0dbc2778155c139691933252f8856?s=96&d=mm&r=g","magazine_blocks_category":"<a href=\"https:\/\/torkspor.com\/?cat=14\" rel=\"category\">D\u00fcnya<\/a> <a href=\"https:\/\/torkspor.com\/?cat=3\" rel=\"category\">D\u00fcnyada Sporcular\u0131m\u0131z<\/a> <a href=\"https:\/\/torkspor.com\/?cat=1\" rel=\"category\">Genel<\/a> <a href=\"https:\/\/torkspor.com\/?cat=5\" rel=\"category\">Haberler<\/a> <a href=\"https:\/\/torkspor.com\/?cat=21\" rel=\"category\">Ralli<\/a> <a href=\"https:\/\/torkspor.com\/?cat=228\" rel=\"category\">WRC<\/a>","_links":{"self":[{"href":"https:\/\/torkspor.com\/index.php?rest_route=\/wp\/v2\/posts\/2337","targetHints":{"allow":["GET"]}}],"collection":[{"href":"https:\/\/torkspor.com\/index.php?rest_route=\/wp\/v2\/posts"}],"about":[{"href":"https:\/\/torkspor.com\/index.php?rest_route=\/wp\/v2\/types\/post"}],"author":[{"embeddable":true,"href":"https:\/\/torkspor.com\/index.php?rest_route=\/wp\/v2\/users\/2"}],"replies":[{"embeddable":true,"href":"https:\/\/torkspor.com\/index.php?rest_route=%2Fwp%2Fv2%2Fcomments&post=2337"}],"version-history":[{"count":2,"href":"https:\/\/torkspor.com\/index.php?rest_route=\/wp\/v2\/posts\/2337\/revisions"}],"predecessor-version":[{"id":2352,"href":"https:\/\/torkspor.com\/index.php?rest_route=\/wp\/v2\/posts\/2337\/revisions\/2352"}],"wp:featuredmedia":[{"embeddable":true,"href":"https:\/\/torkspor.com\/index.php?rest_route=\/wp\/v2\/media\/2349"}],"wp:attachment":[{"href":"https:\/\/torkspor.com\/index.php?rest_route=%2Fwp%2Fv2%2Fmedia&parent=2337"}],"wp:term":[{"taxonomy":"category","embeddable":true,"href":"https:\/\/torkspor.com\/index.php?rest_route=%2Fwp%2Fv2%2Fcategories&post=2337"},{"taxonomy":"post_tag","embeddable":true,"href":"https:\/\/torkspor.com\/index.php?rest_route=%2Fwp%2Fv2%2Ftags&post=2337"}],"curies":[{"name":"wp","href":"https:\/\/api.w.org\/{rel}","templated":true}]}}