{"id":2392,"date":"2025-02-19T19:07:53","date_gmt":"2025-02-19T16:07:53","guid":{"rendered":"https:\/\/torkspor.com\/?p=2392"},"modified":"2025-02-19T19:07:56","modified_gmt":"2025-02-19T16:07:56","slug":"uc-porsche-ikinci-cidde-yarisinda-puan-kazandi","status":"publish","type":"post","link":"https:\/\/torkspor.com\/?p=2392","title":{"rendered":"\u00dc\u00c7 PORSCHE, \u0130K\u0130NC\u0130 C\u0130DDE YARI\u015eINDA PUAN KAZANDI"},"content":{"rendered":"\n<p><strong>D\u00fcnya \u015eampiyonu Pascal Wehrlein 8. s\u0131ray\u0131 ald\u0131.<\/strong> <strong>Ant\u00f3nio F\u00e9lix da Costa ilk turda yar\u0131\u015f d\u0131\u015f\u0131 kald\u0131<\/strong>.<br><strong>Jake Dennis, Porsche\u2019ye \u00fcreticiler puan\u0131 kazand\u0131rd\u0131 ve 4. oldu<\/strong>.<\/p>\n\n\n\n<figure class=\"wp-block-image size-large\"><img fetchpriority=\"high\" decoding=\"async\" width=\"1024\" height=\"576\" src=\"https:\/\/torkspor.com\/wp-content\/uploads\/2025\/02\/img_1-1024x576.jpg\" alt=\"\" class=\"wp-image-2393\" srcset=\"https:\/\/torkspor.com\/wp-content\/uploads\/2025\/02\/img_1-1024x576.jpg 1024w, https:\/\/torkspor.com\/wp-content\/uploads\/2025\/02\/img_1-300x169.jpg 300w, https:\/\/torkspor.com\/wp-content\/uploads\/2025\/02\/img_1-768x432.jpg 768w, https:\/\/torkspor.com\/wp-content\/uploads\/2025\/02\/img_1-1536x864.jpg 1536w, https:\/\/torkspor.com\/wp-content\/uploads\/2025\/02\/img_1-2048x1152.jpg 2048w\" sizes=\"(max-width: 1024px) 100vw, 1024px\" \/><\/figure>\n\n\n\n<p>Stuttgart. Pascal Wehrlein, Porsche 99X Electric arac\u0131yla Cumartesi g\u00fcn\u00fc hafta sonunun ikinci Cidde E-Prix yar\u0131\u015f\u0131na 13. s\u0131radan ba\u015flayarak 8. s\u0131rada tamamlad\u0131. TAG Heuer Porsche Formula E tak\u0131m\u0131ndaki tak\u0131m arkada\u015f\u0131 Ant\u00f3nio F\u00e9lix da Costa, 4. s\u0131radan start ald\u0131 ancak ilk turda bir rakibi taraf\u0131ndan yar\u0131\u015f d\u0131\u015f\u0131 b\u0131rak\u0131ld\u0131. Yar\u0131\u015f\u0131 en \u00fcst s\u0131rada tamamlayan Porsche 99X Electric ise Andretti Formula E pilotu Jake Dennis\u2019in arac\u0131yd\u0131. Yar\u0131\u015fta k\u0131sa bir s\u00fcre liderlik eden Dennis, 4. s\u0131ray\u0131 elde etti. Cupra Kiro pilotu Dan Ticktum (Porsche 99X Electric WCG3) ise 9. s\u0131rada fini\u015f g\u00f6rd\u00fc ve b\u00f6ylece ilk ona giren \u00fc\u00e7 Porsche arac\u0131 oldu. Porsche m\u00fc\u015fteri tak\u0131m\u0131n\u0131n eski d\u00fcnya \u015fampiyonu Dennis\u2019ten ald\u0131\u011f\u0131 puanlar ile mevcut d\u00fcnya \u015fampiyonu Wehrlein\u2019\u0131n kazand\u0131\u011f\u0131 puanlar, \u00fcreticiler klasman\u0131na dahil edildi.<\/p>\n\n\n\n<figure class=\"wp-block-image size-large\"><img decoding=\"async\" width=\"1024\" height=\"576\" src=\"https:\/\/torkspor.com\/wp-content\/uploads\/2025\/02\/img_2-1024x576.jpg\" alt=\"\" class=\"wp-image-2394\" srcset=\"https:\/\/torkspor.com\/wp-content\/uploads\/2025\/02\/img_2-1024x576.jpg 1024w, https:\/\/torkspor.com\/wp-content\/uploads\/2025\/02\/img_2-300x169.jpg 300w, https:\/\/torkspor.com\/wp-content\/uploads\/2025\/02\/img_2-768x432.jpg 768w, https:\/\/torkspor.com\/wp-content\/uploads\/2025\/02\/img_2-1536x864.jpg 1536w, https:\/\/torkspor.com\/wp-content\/uploads\/2025\/02\/img_2-2048x1152.jpg 2048w\" sizes=\"(max-width: 1024px) 100vw, 1024px\" \/><\/figure>\n\n\n\n<p><strong>Cidde E-Prix Yar\u0131\u015f\u0131 Hakk\u0131nda Yorumlar<\/strong><\/p>\n\n\n\n<p><strong>Florian Modlinger, Porsche Fabrika Motor Sporlar\u0131 Formula E Direkt\u00f6r\u00fc:<\/strong><br>\u201cCidde\u2019de yine hayal k\u0131r\u0131kl\u0131\u011f\u0131 yaratan bir yar\u0131\u015f g\u00fcn\u00fcyd\u00fc. Ant\u00f3nio\u2019nun 4. s\u0131radan ba\u015flamas\u0131 ve bir rakibi taraf\u0131ndan arkadan \u00e7arp\u0131larak yar\u0131\u015f d\u0131\u015f\u0131 kalmas\u0131 ger\u00e7ekten talihsiz bir durumdu. \u00dcst s\u0131ralarda yer almak i\u00e7in iyi bir f\u0131rsat\u0131 vard\u0131. Pascal ise 13. s\u0131radan ba\u015flad\u0131 ve yar\u0131\u015f boyunca ilerleyerek 8. s\u0131rada bitirdi. De\u011ferli puanlar toplad\u0131k ama daha fazlas\u0131n\u0131 elde edebilirdik. \u015eimdi toparlan\u0131p her \u015feyi analiz edece\u011fiz ve Miami\u2019de daha g\u00fc\u00e7l\u00fc geri d\u00f6nmeye \u00e7al\u0131\u015faca\u011f\u0131z.\u201d<\/p>\n\n\n\n<figure class=\"wp-block-image size-large\"><img decoding=\"async\" width=\"1024\" height=\"576\" src=\"https:\/\/torkspor.com\/wp-content\/uploads\/2025\/02\/img_6-1024x576.jpg\" alt=\"\" class=\"wp-image-2395\" srcset=\"https:\/\/torkspor.com\/wp-content\/uploads\/2025\/02\/img_6-1024x576.jpg 1024w, https:\/\/torkspor.com\/wp-content\/uploads\/2025\/02\/img_6-300x169.jpg 300w, https:\/\/torkspor.com\/wp-content\/uploads\/2025\/02\/img_6-768x432.jpg 768w, https:\/\/torkspor.com\/wp-content\/uploads\/2025\/02\/img_6-1536x864.jpg 1536w, https:\/\/torkspor.com\/wp-content\/uploads\/2025\/02\/img_6-2048x1152.jpg 2048w\" sizes=\"(max-width: 1024px) 100vw, 1024px\" \/><\/figure>\n\n\n\n<p><strong>Pascal Wehrlein, Porsche fabrika pilotu (#1):<\/strong><br>\u201cS\u0131ralama turlar\u0131nda bir yaz\u0131l\u0131m sorunu ya\u015fad\u0131k ve bu performans\u0131m\u0131za mal oldu. Yar\u0131\u015f\u0131n bir noktas\u0131nda olduk\u00e7a iyi hissediyordum ancak sonunda o kadar da iyi hissetmedim. Neden bu kadar \u00e7ok s\u0131ra kaybetti\u011fimizi anlamak biraz zor.\u201d<\/p>\n\n\n\n<figure class=\"wp-block-image size-large\"><img loading=\"lazy\" decoding=\"async\" width=\"1024\" height=\"576\" src=\"https:\/\/torkspor.com\/wp-content\/uploads\/2025\/02\/img_14-1024x576.jpg\" alt=\"\" class=\"wp-image-2396\" srcset=\"https:\/\/torkspor.com\/wp-content\/uploads\/2025\/02\/img_14-1024x576.jpg 1024w, https:\/\/torkspor.com\/wp-content\/uploads\/2025\/02\/img_14-300x169.jpg 300w, https:\/\/torkspor.com\/wp-content\/uploads\/2025\/02\/img_14-768x432.jpg 768w, https:\/\/torkspor.com\/wp-content\/uploads\/2025\/02\/img_14-1536x864.jpg 1536w, https:\/\/torkspor.com\/wp-content\/uploads\/2025\/02\/img_14-2048x1152.jpg 2048w\" sizes=\"(max-width: 1024px) 100vw, 1024px\" \/><\/figure>\n\n\n\n<p><strong>Ant\u00f3nio F\u00e9lix da Costa, Porsche fabrika pilotu (#13):<\/strong><br>\u201cHafta sonu boyunca yanl\u0131\u015f zamanda yanl\u0131\u015f yerde oldu\u011fumu hissediyorum. \u0130ki yar\u0131\u015fta da a\u00e7\u0131l\u0131\u015f turunda \u00e7ok sert darbe ald\u0131m. Bug\u00fcn ya\u015fad\u0131\u011f\u0131m \u00e7arp\u0131\u015fma arac\u0131mda ciddi hasara yol a\u00e7t\u0131 ve yar\u0131\u015f\u0131m daha \u00fc\u00e7\u00fcnc\u00fc virajda sona erdi. 4. s\u0131radan ba\u015flam\u0131\u015ft\u0131k ve galibiyet i\u00e7in m\u00fccadele edebilirdik. Bu sonu\u00e7 bizi hem mental olarak hem de \u015fampiyonada zorlayacak, ancak \u00f6n\u00fcm\u00fczde uzun bir sezon var. S\u00fcper g\u00fc\u00e7l\u00fc bir tak\u0131m\u0131z, sava\u015fmaya devam edece\u011fiz.\u201d<\/p>\n\n\n\n<p><\/p>\n","protected":false},"excerpt":{"rendered":"<p>D\u00fcnya \u015eampiyonu Pascal Wehrlein 8. s\u0131ray\u0131 ald\u0131. Ant\u00f3nio F\u00e9lix da Costa ilk turda yar\u0131\u015f d\u0131\u015f\u0131 kald\u0131.Jake Dennis, Porsche\u2019ye \u00fcreticiler puan\u0131<\/p>\n","protected":false},"author":2,"featured_media":2397,"comment_status":"open","ping_status":"open","sticky":false,"template":"","format":"standard","meta":{"footnotes":""},"categories":[14,251,5,2,9],"tags":[],"class_list":["post-2392","post","type-post","status-publish","format-standard","has-post-thumbnail","hentry","category-dunya","category-e-prix","category-haberler","category-pist","category-sports"],"magazineBlocksPostFeaturedMedia":{"thumbnail":"https:\/\/torkspor.com\/wp-content\/uploads\/2025\/02\/img_3-150x150.jpg","medium":"https:\/\/torkspor.com\/wp-content\/uploads\/2025\/02\/img_3-300x169.jpg","medium_large":"https:\/\/torkspor.com\/wp-content\/uploads\/2025\/02\/img_3-768x432.jpg","large":"https:\/\/torkspor.com\/wp-content\/uploads\/2025\/02\/img_3-1024x576.jpg","1536x1536":"https:\/\/torkspor.com\/wp-content\/uploads\/2025\/02\/img_3-1536x864.jpg","2048x2048":"https:\/\/torkspor.com\/wp-content\/uploads\/2025\/02\/img_3-2048x1153.jpg","colormag-highlighted-post":"https:\/\/torkspor.com\/wp-content\/uploads\/2025\/02\/img_3-392x272.jpg","colormag-featured-post-medium":"https:\/\/torkspor.com\/wp-content\/uploads\/2025\/02\/img_3-390x205.jpg","colormag-featured-post-small":"https:\/\/torkspor.com\/wp-content\/uploads\/2025\/02\/img_3-130x90.jpg","colormag-featured-image":"https:\/\/torkspor.com\/wp-content\/uploads\/2025\/02\/img_3-800x445.jpg","colormag-default-news":"https:\/\/torkspor.com\/wp-content\/uploads\/2025\/02\/img_3-150x150.jpg","colormag-featured-image-large":"https:\/\/torkspor.com\/wp-content\/uploads\/2025\/02\/img_3-1400x600.jpg","colormag-elementor-block-extra-large-thumbnail":"https:\/\/torkspor.com\/wp-content\/uploads\/2025\/02\/img_3-1155x480.jpg","colormag-elementor-grid-large-thumbnail":"https:\/\/torkspor.com\/wp-content\/uploads\/2025\/02\/img_3-600x417.jpg","colormag-elementor-grid-small-thumbnail":"https:\/\/torkspor.com\/wp-content\/uploads\/2025\/02\/img_3-285x450.jpg","colormag-elementor-grid-medium-large-thumbnail":"https:\/\/torkspor.com\/wp-content\/uploads\/2025\/02\/img_3-575x198.jpg"},"magazineBlocksPostAuthor":{"name":"Okan \u00c7etiner","avatar":"https:\/\/secure.gravatar.com\/avatar\/0b8d387b873c3962ae491deaf4b94a08a9b0dbc2778155c139691933252f8856?s=96&d=mm&r=g"},"magazineBlocksPostCommentsNumber":"0","magazineBlocksPostExcerpt":"D\u00fcnya \u015eampiyonu Pascal Wehrlein 8. s\u0131ray\u0131 ald\u0131. Ant\u00f3nio F\u00e9lix da Costa ilk turda yar\u0131\u015f d\u0131\u015f\u0131 kald\u0131.Jake Dennis, Porsche\u2019ye \u00fcreticiler puan\u0131","magazineBlocksPostCategories":["D\u00fcnya","E-Prix","Haberler","Pist","Sports"],"magazine_blocks_featured_image_url":{"full":["https:\/\/torkspor.com\/wp-content\/uploads\/2025\/02\/img_3-scaled.jpg",2560,1441,false],"medium":["https:\/\/torkspor.com\/wp-content\/uploads\/2025\/02\/img_3-300x169.jpg",300,169,true],"thumbnail":["https:\/\/torkspor.com\/wp-content\/uploads\/2025\/02\/img_3-150x150.jpg",150,150,true]},"magazine_blocks_author":{"display_name":"Okan \u00c7etiner","author_link":"https:\/\/torkspor.com\/?author=2"},"magazine_blocks_comment":0,"magazine_blocks_author_image":"https:\/\/secure.gravatar.com\/avatar\/0b8d387b873c3962ae491deaf4b94a08a9b0dbc2778155c139691933252f8856?s=96&d=mm&r=g","magazine_blocks_category":"<a href=\"https:\/\/torkspor.com\/?cat=14\" rel=\"category\">D\u00fcnya<\/a> <a href=\"https:\/\/torkspor.com\/?cat=251\" rel=\"category\">E-Prix<\/a> <a href=\"https:\/\/torkspor.com\/?cat=5\" rel=\"category\">Haberler<\/a> <a href=\"https:\/\/torkspor.com\/?cat=2\" rel=\"category\">Pist<\/a> <a href=\"https:\/\/torkspor.com\/?cat=9\" rel=\"category\">Sports<\/a>","_links":{"self":[{"href":"https:\/\/torkspor.com\/index.php?rest_route=\/wp\/v2\/posts\/2392","targetHints":{"allow":["GET"]}}],"collection":[{"href":"https:\/\/torkspor.com\/index.php?rest_route=\/wp\/v2\/posts"}],"about":[{"href":"https:\/\/torkspor.com\/index.php?rest_route=\/wp\/v2\/types\/post"}],"author":[{"embeddable":true,"href":"https:\/\/torkspor.com\/index.php?rest_route=\/wp\/v2\/users\/2"}],"replies":[{"embeddable":true,"href":"https:\/\/torkspor.com\/index.php?rest_route=%2Fwp%2Fv2%2Fcomments&post=2392"}],"version-history":[{"count":1,"href":"https:\/\/torkspor.com\/index.php?rest_route=\/wp\/v2\/posts\/2392\/revisions"}],"predecessor-version":[{"id":2398,"href":"https:\/\/torkspor.com\/index.php?rest_route=\/wp\/v2\/posts\/2392\/revisions\/2398"}],"wp:featuredmedia":[{"embeddable":true,"href":"https:\/\/torkspor.com\/index.php?rest_route=\/wp\/v2\/media\/2397"}],"wp:attachment":[{"href":"https:\/\/torkspor.com\/index.php?rest_route=%2Fwp%2Fv2%2Fmedia&parent=2392"}],"wp:term":[{"taxonomy":"category","embeddable":true,"href":"https:\/\/torkspor.com\/index.php?rest_route=%2Fwp%2Fv2%2Fcategories&post=2392"},{"taxonomy":"post_tag","embeddable":true,"href":"https:\/\/torkspor.com\/index.php?rest_route=%2Fwp%2Fv2%2Ftags&post=2392"}],"curies":[{"name":"wp","href":"https:\/\/api.w.org\/{rel}","templated":true}]}}