{"id":2428,"date":"2025-02-23T15:40:44","date_gmt":"2025-02-23T12:40:44","guid":{"rendered":"https:\/\/torkspor.com\/?p=2428"},"modified":"2025-02-23T15:40:48","modified_gmt":"2025-02-23T12:40:48","slug":"ds-automobiles-ciddeden-mukemmel-bir-zaferle-donerken-her-iki-gunde-de-puan-kazanmayi-basardi","status":"publish","type":"post","link":"https:\/\/torkspor.com\/?p=2428","title":{"rendered":"DS AUTOMOBILES, C\u0130DDE\u2019DEN M\u00dcKEMMEL B\u0130R ZAFERLE D\u00d6NERKEN HER \u0130K\u0130 G\u00dcNDE DE PUAN KAZANMAYI BA\u015eARDI!"},"content":{"rendered":"\n<p><strong>DS Automobiles ve pilotlar\u0131, ABB FIA Formula E D\u00fcnya \u015eampiyonas\u0131\u2019nda sezonun d\u00f6rd\u00fcnc\u00fc yar\u0131\u015f\u0131 i\u00e7in Cidde\u2019de piste \u00e7\u0131kt\u0131. Cidde\u2019de d\u00fczenlenen ve atmosferiyle m\u00fckemmel bir seyir zevki sunan Cidde E-PRIX\u2019sinde DS Automobiles ad\u0131na daha fazla puan kazanan Jean-\u00c9ric Vergne, podyum i\u00e7in verdi\u011fi uzun s\u00fcreli m\u00fccadeleden sonra yar\u0131\u015f\u0131 yedinci s\u0131rada tamamlad\u0131. Maximilian G\u00fcnther ise bir \u00f6nceki etapta m\u00fckemmel bir performans sergileyerek sezonun ilk galibiyetini DS Automobiles\u2019e getirmi\u015f oldu. B\u00f6ylece DS Automobiles sezona \u00e7ok g\u00fc\u00e7l\u00fc bir ba\u015flang\u0131\u00e7 yaparak hem pilot kadrosu, hem teknolojileri hem de stratejik yeteneklerini kan\u0131tlam\u0131\u015f oldu!<\/strong><\/p>\n\n\n\n<figure class=\"wp-block-image size-large\"><img fetchpriority=\"high\" decoding=\"async\" width=\"1024\" height=\"683\" src=\"https:\/\/torkspor.com\/wp-content\/uploads\/2025\/02\/Maximilian-Gunther-1024x683.jpeg\" alt=\"\" class=\"wp-image-2430\" srcset=\"https:\/\/torkspor.com\/wp-content\/uploads\/2025\/02\/Maximilian-Gunther-1024x683.jpeg 1024w, https:\/\/torkspor.com\/wp-content\/uploads\/2025\/02\/Maximilian-Gunther-300x200.jpeg 300w, https:\/\/torkspor.com\/wp-content\/uploads\/2025\/02\/Maximilian-Gunther-768x512.jpeg 768w, https:\/\/torkspor.com\/wp-content\/uploads\/2025\/02\/Maximilian-Gunther-1536x1024.jpeg 1536w, https:\/\/torkspor.com\/wp-content\/uploads\/2025\/02\/Maximilian-Gunther-2048x1365.jpeg 2048w\" sizes=\"(max-width: 1024px) 100vw, 1024px\" \/><figcaption class=\"wp-element-caption\">ROWLAND Oliver (gbr), Nissan Formula E Team, Nissan e-4ORCE, portrait, GUNTHER Maximilian (ger), DS Penske, DS E-Tense FE25, portrait, BARNARD Taylor (gbr), NEOM McLaren Formula E Team, Nissan e-4ORCE 05, portrait, celebrations, podium, portrait during the Jeddah City ePrix, 3rd and 4th round of the 2024-25 ABB FIA Formula E World Championship, on the Jeddah Corniche Circuit from February 13 to 15, 2024 in Jeddah, Saudi Arabia &#8211; Photo Fabrizio Boldoni \/ DPPI<\/figcaption><\/figure>\n\n\n\n<p>ABB FIA Formula E D\u00fcnya \u015eampiyonas\u0131 tak\u0131mlar\u0131 ve pilotlar\u0131, sezonun d\u00f6rd\u00fcnc\u00fc yar\u0131\u015f\u0131 i\u00e7in Cidde E-PRIX\u2019si i\u00e7in tekrar piste \u00e7\u0131kt\u0131. \u0130lk g\u00fcn yar\u0131\u015f\u0131nda Maximilian G\u00fcnther taraf\u0131ndan DS Automobiles i\u00e7in al\u0131nan sezonun ilk pol pozisyonu ve ilk zaferinden sonra, ikinci g\u00fcn\u00fcn yar\u0131\u015f\u0131nda , DS Automobiles bayra\u011f\u0131n\u0131 ta\u015f\u0131yan isim Jean-\u00c9ric Vergne oldu. Gridde 12. s\u0131rada yer ald\u0131ktan sonra liderli\u011fe y\u00fckselen Frans\u0131z pilot, yar\u0131\u015f\u0131n yar\u0131s\u0131nda d\u00f6rd\u00fcnc\u00fc s\u0131rada yer ald\u0131. Bununla birlikte \u00f6nceki g\u00fcn\u00fcn aksine, 31 tur boyunca ekstra enerji sa\u011flamak i\u00e7in PIT BOOST bulunmuyordu.<\/p>\n\n\n\n<p>Enerji y\u00f6netimi ba\u015far\u0131n\u0131n anahtarlar\u0131ndan biri olurken, seyirciler \u00e7ok stratejik bir yar\u0131\u015fa tan\u0131kl\u0131k etti. Yar\u0131\u015f\u0131n sonuna kadar alt\u0131 dakikadan uzun bir &#8220;Atak Modu&#8221; kullanmay\u0131 tercih eden JEV, neredeyse biti\u015f \u00e7izgisine kadar podyumda yer almak i\u00e7in m\u00fccadele etti. Yine de aksiyon dolu ge\u00e7en son tur, JEV\u2019i son metrelerde d\u00f6rd\u00fcnc\u00fc s\u0131radan yedinci s\u0131raya d\u00fc\u015f\u00fcrd\u00fc. Bu alanda iki kez d\u00fcnya \u015fampiyonu olan tek pilot olarak bu yar\u0131\u015fta da DS PENSKE tak\u0131m\u0131 i\u00e7in \u00f6nemli puanlar kazanmay\u0131 da ba\u015fard\u0131. JEV, toplam 16 yar\u0131\u015ftan d\u00f6rd\u00fcn\u00fcn sonunda, ge\u00e7ici s\u0131ralamada alt\u0131nc\u0131 s\u0131rada yer al\u0131yor.<\/p>\n\n\n\n<figure class=\"wp-block-image size-large\"><img decoding=\"async\" width=\"1024\" height=\"683\" src=\"https:\/\/torkspor.com\/wp-content\/uploads\/2025\/02\/DS-Automobiles-1024x683.jpeg\" alt=\"\" class=\"wp-image-2429\" srcset=\"https:\/\/torkspor.com\/wp-content\/uploads\/2025\/02\/DS-Automobiles-1024x683.jpeg 1024w, https:\/\/torkspor.com\/wp-content\/uploads\/2025\/02\/DS-Automobiles-300x200.jpeg 300w, https:\/\/torkspor.com\/wp-content\/uploads\/2025\/02\/DS-Automobiles-768x512.jpeg 768w, https:\/\/torkspor.com\/wp-content\/uploads\/2025\/02\/DS-Automobiles-1536x1024.jpeg 1536w, https:\/\/torkspor.com\/wp-content\/uploads\/2025\/02\/DS-Automobiles-2048x1365.jpeg 2048w\" sizes=\"(max-width: 1024px) 100vw, 1024px\" \/><figcaption class=\"wp-element-caption\">25 VERGNE Jean-Eric (fra), DS Penske, DS E-Tense FE25, action during the Jeddah City ePrix, 3rd and 4th round of the 2024-25 ABB FIA Formula E World Championship, on the Jeddah Corniche Circuit from February 13 to 15, 2024 in Jeddah, Saudi Arabia &#8211; Photo Julien Delfosse \/ DPPI<\/figcaption><\/figure>\n\n\n\n<p>Maximilian G\u00fcnther ise ikinci g\u00fcn yar\u0131\u015fa &nbsp;alt\u0131nc\u0131 s\u0131radan ba\u015flad\u0131 ancak \u00fc\u00e7\u00fcnc\u00fc virajda ya\u015fad\u0131\u011f\u0131 bir arbedenin ard\u0131ndan yar\u0131\u015ftan \u00e7ekilmek zorunda kald\u0131. Cuma g\u00fcn\u00fc pol pozisyonu ard\u0131ndan yar\u0131\u015f zaferi ve en h\u0131zl\u0131 tur rekoru sayesinde maksimum puan alan Alman pilot, \u00fcst\u00fcn yetenekleriyle otomobili tam kapasitesiyle kullanarak DS Automobiles\u2019e Cidde E-PRIX\u2019sinin ilk aya\u011f\u0131nda tam puan kazand\u0131rmay\u0131 ba\u015farm\u0131\u015ft\u0131.<\/p>\n\n\n\n<p>ABB FIA Formula E D\u00fcnya \u015eampiyonas\u0131 Suudi Arabistan&#8217;dan sonra Miami&#8217;de devam edecek. Birle\u015fik Devletler\u2019in do\u011fu k\u0131y\u0131s\u0131nda yer alan bu g\u00f6zde metropol, sezonun be\u015finci yar\u0131\u015f\u0131na 12 Nisan tarihinde ev sahipli\u011fi yapacak.<\/p>\n\n\n\n<p>Yar\u0131\u015fla ilgili fikirlerini aktaran <strong>DS Performance Direkt\u00f6r\u00fc Eugenio Franzetti<\/strong>, &#8220;Bug\u00fcnk\u00fc yar\u0131\u015f d\u00fcne g\u00f6re daha farkl\u0131yd\u0131, bizim i\u00e7in daha zordu. \u0130lk turda ya\u015fanan s\u0131cak temas\u0131n ard\u0131ndan Max, arac\u0131n\u0131n devam edemeyecek kadar a\u011f\u0131r hasar g\u00f6rmesinden dolay\u0131 yar\u0131\u015ftan \u00e7ekilmek zorunda kald\u0131. JEV m\u00fcthi\u015f bir yar\u0131\u015f sergileyerek gridde 12. s\u0131radayken bayrakta yedinci s\u0131raya y\u00fckseldi. Yine de d\u00fcr\u00fcst olmak gerekirse, fini\u015fe birka\u00e7 viraj kala hala podyuma \u00e7\u0131kmak i\u00e7in m\u00fccadele etti\u011finden dolay\u0131 daha fazlas\u0131n\u0131 bekliyorduk. Yine de her iki \u015fampiyonada da (tak\u0131mlar ve s\u00fcr\u00fcc\u00fcler) ilerleme g\u00f6sterdi\u011fimiz ve liderlerle aram\u0131zdaki fark \u00e7ok az oldu\u011fu i\u00e7in Cidde&#8217;den mutlu ayr\u0131l\u0131yoruz. Miami&#8217;de yap\u0131lacak olan bir sonraki yar\u0131\u015fa \u00e7ok iyi haz\u0131rlanaca\u011f\u0131m\u0131zdan &nbsp;emin olabilirsiniz&#8221; dedi.<\/p>\n\n\n\n<p><strong>2018 ve 2019 Formula E D\u00fcnya \u015eampiyonu, Jean-\u00c9ric Vergne ise \u015funlar\u0131 s\u00f6yledi:<\/strong> &#8220;T\u00fcm yar\u0131\u015f boyunca lider grupta olmama ra\u011fmen son turda birka\u00e7 s\u0131ra kaybettim. Yine de 12. s\u0131radan ba\u015flay\u0131p yar\u0131\u015f\u0131n \u00e7o\u011funda ilk 3 i\u00e7in m\u00fccadele ederek \u00e7ok iyi bir ilerleme kaydettik. Olumlu olan, bir ekip olarak \u00e7ok iyi \u00e7al\u0131\u015fm\u0131\u015f olmam\u0131zd\u0131. Max de ben de tak\u0131m\u0131m\u0131za \u00f6nemli puanlar getirdik. Bug\u00fcn d\u00f6rt yar\u0131\u015fta ald\u0131\u011f\u0131m d\u00f6rd\u00fcnc\u00fc puan. Bundan \u00f6nce de hep yapt\u0131\u011f\u0131m\u0131z gibi daha fazla \u00e7al\u0131\u015faca\u011f\u0131z ve eminim ki ilerideki yar\u0131\u015flarda geli\u015fme g\u00f6stermeye devam edece\u011fiz.&#8221;<\/p>\n\n\n\n<p><strong>Maximilian G\u00fcnther ise de\u011ferlendirmesinde<\/strong>, &#8220;Her \u015feyi bir b\u00fct\u00fcn olarak ele ald\u0131\u011f\u0131m\u0131zda s\u00f6yleyebilirim ki bizim i\u00e7in olumlu bir hafta sonuydu. \u0130ki g\u00fcn boyunca \u00fcst d\u00fczey performans g\u00f6sterdik. En \u00f6nemlisi tak\u0131m\u0131n rekabet\u00e7i olmas\u0131 ve birlikte iyi \u00e7al\u0131\u015f\u0131yor olmam\u0131z. Hafta sonu boyunca bunu kan\u0131tlad\u0131k, \u00f6n\u00fcm\u00fczdeki yar\u0131\u015flar i\u00e7in de bunu g\u00f6stermeye devam etmek i\u00e7in sab\u0131rs\u0131zl\u0131kla bekliyorum&#8221; ifadelerinde bulundu.<\/p>\n\n\n\n<p><strong>DS Automobiles\u2019in Formula E\u2019ye kat\u0131lmas\u0131ndan bu yana elde edilen \u00f6nemli ba\u015far\u0131lar:<\/strong><\/p>\n\n\n\n<p>&#8211;&nbsp;&nbsp;&nbsp;&nbsp;&nbsp;&nbsp;&nbsp;&nbsp;&nbsp;&nbsp; 125 yar\u0131\u015f<\/p>\n\n\n\n<p>&#8211;&nbsp;&nbsp;&nbsp;&nbsp;&nbsp;&nbsp;&nbsp;&nbsp;&nbsp;&nbsp; 4 \u015fampiyonluk<\/p>\n\n\n\n<p>&#8211;&nbsp;&nbsp;&nbsp;&nbsp;&nbsp;&nbsp;&nbsp;&nbsp;&nbsp;&nbsp; 17 zafer<\/p>\n\n\n\n<p>&#8211;&nbsp;&nbsp;&nbsp;&nbsp;&nbsp;&nbsp;&nbsp;&nbsp;&nbsp;&nbsp; 52 podyum<\/p>\n\n\n\n<p>&#8211;&nbsp;&nbsp;&nbsp;&nbsp;&nbsp;&nbsp;&nbsp;&nbsp;&nbsp;&nbsp; 25 pol pozisyonu<\/p>\n\n\n\n<h2 class=\"wp-block-heading\">DS AUTOMOBILES hakk\u0131nda<\/h2>\n\n\n\n<p>2014&#8217;te Paris&#8217;te kurulan DS Automobiles, Frans\u0131z seyahat sanat\u0131n\u0131 somutla\u015ft\u0131rmay\u0131 hedefleyen \u00fcst s\u0131n\u0131f bir markad\u0131r. DS Automobiles, 1955 DS \u00f6rne\u011fiyle ortaya koyulan ve Frans\u0131z k\u00fclt\u00fcr\u00fcn\u00fcn zenginli\u011fiyle harmanlanan ola\u011fan\u00fcst\u00fc miras\u0131 sayesinde DS 3, DS 4, DS 7 ve DS 9 modellerini i\u00e7eren k\u00fcresel ve \u00e7e\u015fitli bir \u00fcr\u00fcn yelpazesi sunmaktad\u0131r. Farkl\u0131 bir \u015feyler arayan, d\u00fcnyay\u0131 gezmeyi ve her an\u0131n tad\u0131n\u0131 \u00e7\u0131karmay\u0131 arzulayan bir m\u00fc\u015fteri kitlesine y\u00f6nelik olarak tasarlanan DS modelleri, karizmatik tarz\u0131, i\u00e7 tasar\u0131m\u0131nda ortaya koyduklar\u0131 zarafet, sofistike teknoloji ve birinci s\u0131n\u0131f konfor teklifiyle \u00f6ne \u00e7\u0131kmaktad\u0131r. Ki\u015fiye \u00f6zel hizmetlerden olu\u015fan bir paketle sunulan modelleri, her yolculuk \u00f6ncesinde, yolculuk esnas\u0131nda ve sonras\u0131nda benzersiz bir marka deneyimi ya\u015fanmas\u0131n\u0131 sa\u011flamaktad\u0131r. 2015&#8217;te Formula E&#8217;ye giri\u015finden bu yana, iki adet \u00e7ifte Tak\u0131m ve S\u00fcr\u00fcc\u00fc \u015fampiyonlu\u011fu da dahil olmak \u00fczere \u00e7ok say\u0131da rekora imza atan ve her bir modelinin elektrikli versiyonunu sat\u0131\u015fa sunan DS Automobiles, elektrifikasyon alan\u0131nda \u00f6n saflarda yer al\u0131yor. Marka, %100 elektrikli aktarma sistemlerinin yan\u0131 s\u0131ra 360 beygir g\u00fcc\u00fc ve 4 tekerlekten \u00e7eki\u015fe kadar donat\u0131larak sunulan, otomatik \u015farj edilebilen ve prize tak\u0131labilen hibrit ara\u00e7 se\u00e7enekleri de sunmaktad\u0131r. DS Automobiles, 2024 y\u0131l\u0131nda 750 km&#8217;ye kadar menzil sunan yeni DS N\u00b08 modeliyle tamamen elektrikli ara\u00e7lara ge\u00e7i\u015fi h\u0131zland\u0131r\u0131yor. 40 \u00fclkede faaliyet g\u00f6steren DS markas\u0131, d\u00fcnya \u00e7ap\u0131nda 450&#8217;den fazla DS STORES ma\u011fazas\u0131ndan olu\u015fan \u00f6zel bir da\u011f\u0131t\u0131m a\u011f\u0131na sahiptir.<\/p>\n","protected":false},"excerpt":{"rendered":"<p>DS Automobiles ve pilotlar\u0131, ABB FIA Formula E D\u00fcnya \u015eampiyonas\u0131\u2019nda sezonun d\u00f6rd\u00fcnc\u00fc yar\u0131\u015f\u0131 i\u00e7in Cidde\u2019de piste \u00e7\u0131kt\u0131. Cidde\u2019de d\u00fczenlenen ve<\/p>\n","protected":false},"author":2,"featured_media":2429,"comment_status":"open","ping_status":"open","sticky":false,"template":"","format":"standard","meta":{"footnotes":""},"categories":[14,251,2],"tags":[],"class_list":["post-2428","post","type-post","status-publish","format-standard","has-post-thumbnail","hentry","category-dunya","category-e-prix","category-pist"],"magazineBlocksPostFeaturedMedia":{"thumbnail":"https:\/\/torkspor.com\/wp-content\/uploads\/2025\/02\/DS-Automobiles-150x150.jpeg","medium":"https:\/\/torkspor.com\/wp-content\/uploads\/2025\/02\/DS-Automobiles-300x200.jpeg","medium_large":"https:\/\/torkspor.com\/wp-content\/uploads\/2025\/02\/DS-Automobiles-768x512.jpeg","large":"https:\/\/torkspor.com\/wp-content\/uploads\/2025\/02\/DS-Automobiles-1024x683.jpeg","1536x1536":"https:\/\/torkspor.com\/wp-content\/uploads\/2025\/02\/DS-Automobiles-1536x1024.jpeg","2048x2048":"https:\/\/torkspor.com\/wp-content\/uploads\/2025\/02\/DS-Automobiles-2048x1365.jpeg","colormag-highlighted-post":"https:\/\/torkspor.com\/wp-content\/uploads\/2025\/02\/DS-Automobiles-392x272.jpeg","colormag-featured-post-medium":"https:\/\/torkspor.com\/wp-content\/uploads\/2025\/02\/DS-Automobiles-390x205.jpeg","colormag-featured-post-small":"https:\/\/torkspor.com\/wp-content\/uploads\/2025\/02\/DS-Automobiles-130x90.jpeg","colormag-featured-image":"https:\/\/torkspor.com\/wp-content\/uploads\/2025\/02\/DS-Automobiles-800x445.jpeg","colormag-default-news":"https:\/\/torkspor.com\/wp-content\/uploads\/2025\/02\/DS-Automobiles-150x150.jpeg","colormag-featured-image-large":"https:\/\/torkspor.com\/wp-content\/uploads\/2025\/02\/DS-Automobiles-1400x600.jpeg","colormag-elementor-block-extra-large-thumbnail":"https:\/\/torkspor.com\/wp-content\/uploads\/2025\/02\/DS-Automobiles-1155x480.jpeg","colormag-elementor-grid-large-thumbnail":"https:\/\/torkspor.com\/wp-content\/uploads\/2025\/02\/DS-Automobiles-600x417.jpeg","colormag-elementor-grid-small-thumbnail":"https:\/\/torkspor.com\/wp-content\/uploads\/2025\/02\/DS-Automobiles-285x450.jpeg","colormag-elementor-grid-medium-large-thumbnail":"https:\/\/torkspor.com\/wp-content\/uploads\/2025\/02\/DS-Automobiles-575x198.jpeg"},"magazineBlocksPostAuthor":{"name":"Okan \u00c7etiner","avatar":"https:\/\/secure.gravatar.com\/avatar\/0b8d387b873c3962ae491deaf4b94a08a9b0dbc2778155c139691933252f8856?s=96&d=mm&r=g"},"magazineBlocksPostCommentsNumber":"0","magazineBlocksPostExcerpt":"DS Automobiles ve pilotlar\u0131, ABB FIA Formula E D\u00fcnya \u015eampiyonas\u0131\u2019nda sezonun d\u00f6rd\u00fcnc\u00fc yar\u0131\u015f\u0131 i\u00e7in Cidde\u2019de piste \u00e7\u0131kt\u0131. Cidde\u2019de d\u00fczenlenen ve","magazineBlocksPostCategories":["D\u00fcnya","E-Prix","Pist"],"magazine_blocks_featured_image_url":{"full":["https:\/\/torkspor.com\/wp-content\/uploads\/2025\/02\/DS-Automobiles-scaled.jpeg",2560,1707,false],"medium":["https:\/\/torkspor.com\/wp-content\/uploads\/2025\/02\/DS-Automobiles-300x200.jpeg",300,200,true],"thumbnail":["https:\/\/torkspor.com\/wp-content\/uploads\/2025\/02\/DS-Automobiles-150x150.jpeg",150,150,true]},"magazine_blocks_author":{"display_name":"Okan \u00c7etiner","author_link":"https:\/\/torkspor.com\/?author=2"},"magazine_blocks_comment":4,"magazine_blocks_author_image":"https:\/\/secure.gravatar.com\/avatar\/0b8d387b873c3962ae491deaf4b94a08a9b0dbc2778155c139691933252f8856?s=96&d=mm&r=g","magazine_blocks_category":"<a href=\"https:\/\/torkspor.com\/?cat=14\" rel=\"category\">D\u00fcnya<\/a> <a href=\"https:\/\/torkspor.com\/?cat=251\" rel=\"category\">E-Prix<\/a> <a href=\"https:\/\/torkspor.com\/?cat=2\" rel=\"category\">Pist<\/a>","_links":{"self":[{"href":"https:\/\/torkspor.com\/index.php?rest_route=\/wp\/v2\/posts\/2428","targetHints":{"allow":["GET"]}}],"collection":[{"href":"https:\/\/torkspor.com\/index.php?rest_route=\/wp\/v2\/posts"}],"about":[{"href":"https:\/\/torkspor.com\/index.php?rest_route=\/wp\/v2\/types\/post"}],"author":[{"embeddable":true,"href":"https:\/\/torkspor.com\/index.php?rest_route=\/wp\/v2\/users\/2"}],"replies":[{"embeddable":true,"href":"https:\/\/torkspor.com\/index.php?rest_route=%2Fwp%2Fv2%2Fcomments&post=2428"}],"version-history":[{"count":1,"href":"https:\/\/torkspor.com\/index.php?rest_route=\/wp\/v2\/posts\/2428\/revisions"}],"predecessor-version":[{"id":2431,"href":"https:\/\/torkspor.com\/index.php?rest_route=\/wp\/v2\/posts\/2428\/revisions\/2431"}],"wp:featuredmedia":[{"embeddable":true,"href":"https:\/\/torkspor.com\/index.php?rest_route=\/wp\/v2\/media\/2429"}],"wp:attachment":[{"href":"https:\/\/torkspor.com\/index.php?rest_route=%2Fwp%2Fv2%2Fmedia&parent=2428"}],"wp:term":[{"taxonomy":"category","embeddable":true,"href":"https:\/\/torkspor.com\/index.php?rest_route=%2Fwp%2Fv2%2Fcategories&post=2428"},{"taxonomy":"post_tag","embeddable":true,"href":"https:\/\/torkspor.com\/index.php?rest_route=%2Fwp%2Fv2%2Ftags&post=2428"}],"curies":[{"name":"wp","href":"https:\/\/api.w.org\/{rel}","templated":true}]}}