{"id":2503,"date":"2025-02-28T21:44:11","date_gmt":"2025-02-28T18:44:11","guid":{"rendered":"https:\/\/torkspor.com\/?p=2503"},"modified":"2025-02-28T23:19:30","modified_gmt":"2025-02-28T20:19:30","slug":"ayce-cebi-f1-academy-yolunda","status":"publish","type":"post","link":"https:\/\/torkspor.com\/?p=2503","title":{"rendered":"Ay\u00e7e \u00c7ebi F1 Academy Yolunda!"},"content":{"rendered":"\n<p><strong><em>Gelecek vaat eden yetenekleri ke\u015ffetmeyi hedeflenen Champions of the Future Academy (Gelece\u011fin \u015eampiyonlar\u0131 Akademisi) serisinde yar\u0131\u015fmaya haz\u0131rlanan ba\u015far\u0131l\u0131 Milli karting sporcusu Ay\u015fe \u00c7ebi, ilk s\u0131nav\u0131na \u00e7\u0131k\u0131yor. Bu hafta sonu Portekiz\u2019de ilk s\u0131nav\u0131n\u0131 verecek.<\/em><\/strong><\/p>\n\n\n\n<p>2023 ve 2024 sezonlar\u0131nda \u00fclkemizi Avrupa pistlerinde ba\u015far\u0131yla temsil eden 16 ya\u015f\u0131ndaki Milli Sporcu Ay\u015fe \u00c7ebi, bu sezon F1 Academy taraf\u0131ndan desteklenen Champions of the Future Academy (Gelece\u011fin \u015eampiyonlar\u0131 Akademisi) serisini takip ediyor.<\/p>\n\n\n\n<figure class=\"wp-block-image size-large\"><img fetchpriority=\"high\" decoding=\"async\" width=\"819\" height=\"1024\" src=\"https:\/\/torkspor.com\/wp-content\/uploads\/2025\/02\/RGMMC_0365-819x1024.jpg\" alt=\"\" class=\"wp-image-2504\" srcset=\"https:\/\/torkspor.com\/wp-content\/uploads\/2025\/02\/RGMMC_0365-819x1024.jpg 819w, https:\/\/torkspor.com\/wp-content\/uploads\/2025\/02\/RGMMC_0365-240x300.jpg 240w, https:\/\/torkspor.com\/wp-content\/uploads\/2025\/02\/RGMMC_0365-768x960.jpg 768w, https:\/\/torkspor.com\/wp-content\/uploads\/2025\/02\/RGMMC_0365-1229x1536.jpg 1229w, https:\/\/torkspor.com\/wp-content\/uploads\/2025\/02\/RGMMC_0365-1638x2048.jpg 1638w, https:\/\/torkspor.com\/wp-content\/uploads\/2025\/02\/RGMMC_0365.jpg 2000w\" sizes=\"(max-width: 819px) 100vw, 819px\" \/><\/figure>\n\n\n\n<p>28 ayr\u0131 \u00fclkeden 10&#8217;u kad\u0131n toplam 36 sporcunun yer ald\u0131\u011f\u0131 OK-N Senior kategorisinde m\u00fccadele edecek temsilcimiz, ilk olarak 28 \u015eubat-02 Mart tarihlerinde Portekiz&#8217;de Portimao pistine \u00e7\u0131k\u0131yor.<\/p>\n\n\n\n<p><strong>6 Ayr\u0131 \u00dclkede 6 Yar\u0131\u015f<\/strong><\/p>\n\n\n\n<p>D\u00fcnyan\u0131n d\u00f6rt bir yan\u0131ndaki \u00fcst d\u00fczey pistlerde ko\u015fulacak 6 ayaktan olu\u015fan seri, Portekiz&#8217;in ard\u0131ndan \u0130spanya, \u0130talya, Macaristan, Katar ve Birle\u015fik Arap Emirlikleri&#8217;nde devam edecek. T\u00fcm yar\u0131\u015flar\u0131 global motorsporlar\u0131 platformu Motorsport TV \u00fczerinden canl\u0131 olarak yay\u0131nlanacak olan seri, sporculara e\u015fit \u015fartlarda yar\u0131\u015fma ve gruplar\u0131nda en yetenekleri isimleri belirleme f\u0131rsat\u0131 sunuyor.<\/p>\n\n\n\n<figure class=\"wp-block-gallery has-nested-images columns-default is-cropped wp-block-gallery-1 is-layout-flex wp-block-gallery-is-layout-flex\">\n<figure class=\"wp-block-image size-large\"><img decoding=\"async\" width=\"683\" height=\"1024\" data-id=\"2508\" src=\"https:\/\/torkspor.com\/wp-content\/uploads\/2025\/02\/cotfacademy_portimao_250227_183434_AL2_7411-683x1024.jpg\" alt=\"\" class=\"wp-image-2508\" srcset=\"https:\/\/torkspor.com\/wp-content\/uploads\/2025\/02\/cotfacademy_portimao_250227_183434_AL2_7411-683x1024.jpg 683w, https:\/\/torkspor.com\/wp-content\/uploads\/2025\/02\/cotfacademy_portimao_250227_183434_AL2_7411-200x300.jpg 200w, https:\/\/torkspor.com\/wp-content\/uploads\/2025\/02\/cotfacademy_portimao_250227_183434_AL2_7411-768x1152.jpg 768w, https:\/\/torkspor.com\/wp-content\/uploads\/2025\/02\/cotfacademy_portimao_250227_183434_AL2_7411-1024x1536.jpg 1024w, https:\/\/torkspor.com\/wp-content\/uploads\/2025\/02\/cotfacademy_portimao_250227_183434_AL2_7411-1365x2048.jpg 1365w, https:\/\/torkspor.com\/wp-content\/uploads\/2025\/02\/cotfacademy_portimao_250227_183434_AL2_7411-scaled.jpg 1707w\" sizes=\"(max-width: 683px) 100vw, 683px\" \/><figcaption class=\"wp-element-caption\">#226 Ayse Cebi, OKN, Champions Of The Future Academy Program, Kart\u00f3dromo Internacional do Algarve, 28\/02-02\/03\/2025<\/figcaption><\/figure>\n\n\n\n<figure class=\"wp-block-image size-large\"><img decoding=\"async\" width=\"683\" height=\"1024\" data-id=\"2509\" src=\"https:\/\/torkspor.com\/wp-content\/uploads\/2025\/02\/cotfacademy_portimao_250227_183810_AL2_7466-683x1024.jpg\" alt=\"\" class=\"wp-image-2509\" srcset=\"https:\/\/torkspor.com\/wp-content\/uploads\/2025\/02\/cotfacademy_portimao_250227_183810_AL2_7466-683x1024.jpg 683w, https:\/\/torkspor.com\/wp-content\/uploads\/2025\/02\/cotfacademy_portimao_250227_183810_AL2_7466-200x300.jpg 200w, https:\/\/torkspor.com\/wp-content\/uploads\/2025\/02\/cotfacademy_portimao_250227_183810_AL2_7466-768x1152.jpg 768w, https:\/\/torkspor.com\/wp-content\/uploads\/2025\/02\/cotfacademy_portimao_250227_183810_AL2_7466-1024x1536.jpg 1024w, https:\/\/torkspor.com\/wp-content\/uploads\/2025\/02\/cotfacademy_portimao_250227_183810_AL2_7466-1365x2048.jpg 1365w, https:\/\/torkspor.com\/wp-content\/uploads\/2025\/02\/cotfacademy_portimao_250227_183810_AL2_7466-scaled.jpg 1707w\" sizes=\"(max-width: 683px) 100vw, 683px\" \/><figcaption class=\"wp-element-caption\">#226 Ayse Cebi, OKN, Champions Of The Future Academy Program, Kart\u00f3dromo Internacional do Algarve, 28\/02-02\/03\/2025<\/figcaption><\/figure>\n<\/figure>\n\n\n\n<p><\/p>\n\n\n\n<p><strong>F1 Tak\u0131mlar\u0131 Takip Edecek<\/strong><\/p>\n\n\n\n<p>3 ayr\u0131 kategoride farkl\u0131 \u00fclkelerden toplam 108 s\u00fcr\u00fcc\u00fcn\u00fcn kat\u0131ld\u0131\u011f\u0131 serinin en \u00f6nemli \u00f6zelli\u011fi ise F1 Academy ve Formula 1 tak\u0131mlar\u0131n\u0131n y\u00f6neticilerinin t\u00fcm sezonu takip edecek olmas\u0131&#8230; Gelecek vaat eden yetenekleri ke\u015ffetmeyi hedeflenen projede, kad\u0131n s\u00fcr\u00fcc\u00fcler F1 Academy testlerine kat\u0131lma ve tak\u0131mlara kendilerini kan\u0131tlama \u015fans\u0131 da bulacaklar.<\/p>\n\n\n\n<figure class=\"wp-block-image size-large\"><img loading=\"lazy\" decoding=\"async\" width=\"819\" height=\"1024\" src=\"https:\/\/torkspor.com\/wp-content\/uploads\/2025\/02\/RGMMC_0366-819x1024.jpg\" alt=\"\" class=\"wp-image-2505\" srcset=\"https:\/\/torkspor.com\/wp-content\/uploads\/2025\/02\/RGMMC_0366-819x1024.jpg 819w, https:\/\/torkspor.com\/wp-content\/uploads\/2025\/02\/RGMMC_0366-240x300.jpg 240w, https:\/\/torkspor.com\/wp-content\/uploads\/2025\/02\/RGMMC_0366-768x960.jpg 768w, https:\/\/torkspor.com\/wp-content\/uploads\/2025\/02\/RGMMC_0366-1229x1536.jpg 1229w, https:\/\/torkspor.com\/wp-content\/uploads\/2025\/02\/RGMMC_0366-1638x2048.jpg 1638w, https:\/\/torkspor.com\/wp-content\/uploads\/2025\/02\/RGMMC_0366.jpg 2000w\" sizes=\"(max-width: 819px) 100vw, 819px\" \/><\/figure>\n\n\n\n<p><strong>Hedef \u0130lk 10 \u0130\u00e7erisinde Bitirmek<\/strong><\/p>\n\n\n\n<p>Ay\u015fe bu zorlu m\u00fccadele \u00f6ncesinde serinin kendisi i\u00e7in \u00e7ok b\u00fcy\u00fck bir deneyim olaca\u011f\u0131n\u0131 belirterek, \u201cBu seride Fausto \u0130ppoliti\u2019nin ba\u015f\u0131nda oldu\u011fu tecr\u00fcbeli bir ekip ile \u00e7al\u0131\u015faca\u011f\u0131m ve iyi i\u015fler \u00e7\u0131karaca\u011f\u0131m\u0131z\u0131 d\u00fc\u015f\u00fcn\u00fcyorum. Kat\u0131l\u0131mc\u0131 listesi a\u00e7\u0131kland\u0131 ve \u00e7ok \u00fcst d\u00fczey pilotlar var. Bug\u00fcne kadar farkl\u0131 yar\u0131\u015flarda yar\u0131\u015ft\u0131\u011f\u0131m pilotlar, ama \u015fimdi hepimiz ayn\u0131 seride bulu\u015ftuk. Daha \u00f6nce hi\u00e7 yar\u0131\u015fmad\u0131\u011f\u0131m pistlerde yar\u0131\u015fma imk\u00e2n\u0131 da bulaca\u011f\u0131m serideki hedefim sezonu ilk on i\u00e7inde tamamlamak.\u201d&nbsp;dedi.<\/p>\n\n\n\n<figure class=\"wp-block-image size-large\"><img decoding=\"async\" src=\"https:\/\/torkspor.com\/wp-content\/uploads\/2025\/02\/cotfacademy_portimao_250228_202231_AL2_4885-683x1024.jpg\" alt=\"\" class=\"wp-image-2511\"\/><figcaption class=\"wp-element-caption\">#226 Ayse Cebi, OKN#226 Ayse Cebi, OKN, Champions Of The Future Academy Program, Kart\u00f3dromo Internacional do Algarve, 28\/02-02\/03\/2025<\/figcaption><\/figure>\n","protected":false},"excerpt":{"rendered":"<p>Gelecek vaat eden yetenekleri ke\u015ffetmeyi hedeflenen Champions of the Future Academy (Gelece\u011fin \u015eampiyonlar\u0131 Akademisi) serisinde yar\u0131\u015fmaya haz\u0131rlanan ba\u015far\u0131l\u0131 Milli karting<\/p>\n","protected":false},"author":2,"featured_media":2506,"comment_status":"open","ping_status":"open","sticky":false,"template":"","format":"standard","meta":{"footnotes":""},"categories":[3,1,5,25],"tags":[],"class_list":["post-2503","post","type-post","status-publish","format-standard","has-post-thumbnail","hentry","category-dunyadasporcularimiz","category-genel","category-haberler","category-karting"],"magazineBlocksPostFeaturedMedia":{"thumbnail":"https:\/\/torkspor.com\/wp-content\/uploads\/2025\/02\/RGMMC_0366-2-150x150.jpg","medium":"https:\/\/torkspor.com\/wp-content\/uploads\/2025\/02\/RGMMC_0366-2-300x220.jpg","medium_large":"https:\/\/torkspor.com\/wp-content\/uploads\/2025\/02\/RGMMC_0366-2-768x563.jpg","large":"https:\/\/torkspor.com\/wp-content\/uploads\/2025\/02\/RGMMC_0366-2-1024x751.jpg","1536x1536":"https:\/\/torkspor.com\/wp-content\/uploads\/2025\/02\/RGMMC_0366-2-1536x1126.jpg","2048x2048":"https:\/\/torkspor.com\/wp-content\/uploads\/2025\/02\/RGMMC_0366-2.jpg","colormag-highlighted-post":"https:\/\/torkspor.com\/wp-content\/uploads\/2025\/02\/RGMMC_0366-2-392x272.jpg","colormag-featured-post-medium":"https:\/\/torkspor.com\/wp-content\/uploads\/2025\/02\/RGMMC_0366-2-390x205.jpg","colormag-featured-post-small":"https:\/\/torkspor.com\/wp-content\/uploads\/2025\/02\/RGMMC_0366-2-130x90.jpg","colormag-featured-image":"https:\/\/torkspor.com\/wp-content\/uploads\/2025\/02\/RGMMC_0366-2-800x445.jpg","colormag-default-news":"https:\/\/torkspor.com\/wp-content\/uploads\/2025\/02\/RGMMC_0366-2-150x150.jpg","colormag-featured-image-large":"https:\/\/torkspor.com\/wp-content\/uploads\/2025\/02\/RGMMC_0366-2-1400x600.jpg","colormag-elementor-block-extra-large-thumbnail":"https:\/\/torkspor.com\/wp-content\/uploads\/2025\/02\/RGMMC_0366-2-1155x480.jpg","colormag-elementor-grid-large-thumbnail":"https:\/\/torkspor.com\/wp-content\/uploads\/2025\/02\/RGMMC_0366-2-600x417.jpg","colormag-elementor-grid-small-thumbnail":"https:\/\/torkspor.com\/wp-content\/uploads\/2025\/02\/RGMMC_0366-2-285x450.jpg","colormag-elementor-grid-medium-large-thumbnail":"https:\/\/torkspor.com\/wp-content\/uploads\/2025\/02\/RGMMC_0366-2-575x198.jpg"},"magazineBlocksPostAuthor":{"name":"Okan \u00c7etiner","avatar":"https:\/\/secure.gravatar.com\/avatar\/0b8d387b873c3962ae491deaf4b94a08a9b0dbc2778155c139691933252f8856?s=96&d=mm&r=g"},"magazineBlocksPostCommentsNumber":"0","magazineBlocksPostExcerpt":"Gelecek vaat eden yetenekleri ke\u015ffetmeyi hedeflenen Champions of the Future Academy (Gelece\u011fin \u015eampiyonlar\u0131 Akademisi) serisinde yar\u0131\u015fmaya haz\u0131rlanan ba\u015far\u0131l\u0131 Milli karting","magazineBlocksPostCategories":["D\u00fcnyada Sporcular\u0131m\u0131z","Genel","Haberler","Karting"],"magazine_blocks_featured_image_url":{"full":["https:\/\/torkspor.com\/wp-content\/uploads\/2025\/02\/RGMMC_0366-2.jpg",2000,1466,false],"medium":["https:\/\/torkspor.com\/wp-content\/uploads\/2025\/02\/RGMMC_0366-2-300x220.jpg",300,220,true],"thumbnail":["https:\/\/torkspor.com\/wp-content\/uploads\/2025\/02\/RGMMC_0366-2-150x150.jpg",150,150,true]},"magazine_blocks_author":{"display_name":"Okan \u00c7etiner","author_link":"https:\/\/torkspor.com\/?author=2"},"magazine_blocks_comment":6,"magazine_blocks_author_image":"https:\/\/secure.gravatar.com\/avatar\/0b8d387b873c3962ae491deaf4b94a08a9b0dbc2778155c139691933252f8856?s=96&d=mm&r=g","magazine_blocks_category":"<a href=\"https:\/\/torkspor.com\/?cat=3\" rel=\"category\">D\u00fcnyada Sporcular\u0131m\u0131z<\/a> <a href=\"https:\/\/torkspor.com\/?cat=1\" rel=\"category\">Genel<\/a> <a href=\"https:\/\/torkspor.com\/?cat=5\" rel=\"category\">Haberler<\/a> <a href=\"https:\/\/torkspor.com\/?cat=25\" rel=\"category\">Karting<\/a>","_links":{"self":[{"href":"https:\/\/torkspor.com\/index.php?rest_route=\/wp\/v2\/posts\/2503","targetHints":{"allow":["GET"]}}],"collection":[{"href":"https:\/\/torkspor.com\/index.php?rest_route=\/wp\/v2\/posts"}],"about":[{"href":"https:\/\/torkspor.com\/index.php?rest_route=\/wp\/v2\/types\/post"}],"author":[{"embeddable":true,"href":"https:\/\/torkspor.com\/index.php?rest_route=\/wp\/v2\/users\/2"}],"replies":[{"embeddable":true,"href":"https:\/\/torkspor.com\/index.php?rest_route=%2Fwp%2Fv2%2Fcomments&post=2503"}],"version-history":[{"count":2,"href":"https:\/\/torkspor.com\/index.php?rest_route=\/wp\/v2\/posts\/2503\/revisions"}],"predecessor-version":[{"id":2512,"href":"https:\/\/torkspor.com\/index.php?rest_route=\/wp\/v2\/posts\/2503\/revisions\/2512"}],"wp:featuredmedia":[{"embeddable":true,"href":"https:\/\/torkspor.com\/index.php?rest_route=\/wp\/v2\/media\/2506"}],"wp:attachment":[{"href":"https:\/\/torkspor.com\/index.php?rest_route=%2Fwp%2Fv2%2Fmedia&parent=2503"}],"wp:term":[{"taxonomy":"category","embeddable":true,"href":"https:\/\/torkspor.com\/index.php?rest_route=%2Fwp%2Fv2%2Fcategories&post=2503"},{"taxonomy":"post_tag","embeddable":true,"href":"https:\/\/torkspor.com\/index.php?rest_route=%2Fwp%2Fv2%2Ftags&post=2503"}],"curies":[{"name":"wp","href":"https:\/\/api.w.org\/{rel}","templated":true}]}}