{"id":2516,"date":"2025-03-04T12:20:04","date_gmt":"2025-03-04T09:20:04","guid":{"rendered":"https:\/\/torkspor.com\/?p=2516"},"modified":"2025-03-04T12:22:47","modified_gmt":"2025-03-04T09:22:47","slug":"opel-iaa-mobility-2025e-katilacagini-duyurdu","status":"publish","type":"post","link":"https:\/\/torkspor.com\/?p=2516","title":{"rendered":"Opel IAA Mobility 2025\u2019e Kat\u0131laca\u011f\u0131n\u0131 Duyurdu!"},"content":{"rendered":"\n<p><strong>Opel Yenilik\u00e7i \u00dcr\u00fcn Gam\u0131yla IAA Mobility 2025\u2019e \u00c7\u0131karma Yapacak!<\/strong><\/p>\n\n\n\n<p><strong><em>Alman otomotiv \u00fcreticisi Opel, yenilik\u00e7i \u00fcr\u00fcn gam\u0131 ile IAA Mobility 2025\u2019te yer almaya haz\u0131rlan\u0131yor. D\u00fcnyan\u0131n en b\u00fcy\u00fck mobilite etkinliklerinden biri olan ve 9-14 Eyl\u00fcl tarihlerinde M\u00fcnih\u2019te ger\u00e7ekle\u015ftirilecek etkinlikte, Blitz logosuyla boy g\u00f6sterece\u011fini a\u00e7\u0131klayan Opel\u2019in CEO&#8217;su Florian Huettl, \u201cBuras\u0131, elektrikli ve yenilik\u00e7i modellerimizi g\u00f6stermek i\u00e7in m\u00fckemmel bir platform\u201d de\u011ferlendirmesini yapt\u0131. IAA&#8217;da k\u00f6kl\u00fc bir ge\u00e7mi\u015fe sahip Opel&#8217;in ilk Avrupal\u0131 tasar\u0131m \u00e7al\u0131\u015fmas\u0131n\u0131 sergilemesinin \u00fczerinden tam 60 y\u0131l ge\u00e7ti.<\/em><\/strong><\/p>\n\n\n\n<figure class=\"wp-block-image size-large\"><img fetchpriority=\"high\" decoding=\"async\" width=\"1024\" height=\"683\" src=\"https:\/\/torkspor.com\/wp-content\/uploads\/2025\/03\/Yeni-Opel-Grandland-1024x683.jpg\" alt=\"\" class=\"wp-image-2517\" srcset=\"https:\/\/torkspor.com\/wp-content\/uploads\/2025\/03\/Yeni-Opel-Grandland-1024x683.jpg 1024w, https:\/\/torkspor.com\/wp-content\/uploads\/2025\/03\/Yeni-Opel-Grandland-300x200.jpg 300w, https:\/\/torkspor.com\/wp-content\/uploads\/2025\/03\/Yeni-Opel-Grandland-768x512.jpg 768w, https:\/\/torkspor.com\/wp-content\/uploads\/2025\/03\/Yeni-Opel-Grandland-1536x1024.jpg 1536w, https:\/\/torkspor.com\/wp-content\/uploads\/2025\/03\/Yeni-Opel-Grandland-2048x1365.jpg 2048w\" sizes=\"(max-width: 1024px) 100vw, 1024px\" \/><\/figure>\n\n\n\n<p>\u00dcst\u00fcn s\u00fcr\u00fc\u015f keyfiyle Alman kalitesini birle\u015ftiren Opel, d\u00fcnyan\u0131n en \u00f6nemli etkinliklerinde yer almaya devam ediyor. Bu kapsamda Opel, IAA Mobility 2025 etkinli\u011fine kat\u0131laca\u011f\u0131n\u0131 resmen a\u00e7\u0131klad\u0131. D\u00fcnyan\u0131n en b\u00fcy\u00fck mobilite etkinliklerinden biri olarak kabul edilen IAA Mobility, bu y\u0131l 9-14 Eyl\u00fcl 2025 tarihleri aras\u0131nda M\u00fcnih&#8217;te ger\u00e7ekle\u015ftirilecek. 2 y\u0131l \u00f6nceki IAA Mobility etkinli\u011finde g\u00f6z al\u0131c\u0131 Opel Experimental modelini g\u00f6r\u00fcc\u00fcye \u00e7\u0131karan ikonik Blitz logolu marka, d\u00fcnya bas\u0131n\u0131nda man\u015fetlerde yer alm\u0131\u015f ve markan\u0131n gelece\u011fine dair net bir \u00f6ng\u00f6r\u00fc sunmu\u015ftu.<\/p>\n\n\n\n<p><strong>Opel Experimental ile tan\u0131t\u0131ld\u0131 yeni Grandland ile yollara \u00e7\u0131kt\u0131!<\/strong><\/p>\n\n\n\n<p>IAA Mobility 2025\u2019in, duyulara hitap eden yeni ve elektrikli Opel modellerini sergilemek i\u00e7in m\u00fckemmel bir platform sa\u011flad\u0131\u011f\u0131n\u0131 s\u00f6yleyen <strong>Opel CEO&#8217;su Florian Huettl<\/strong>, \u201cHalihaz\u0131rda, \u00fcr\u00fcn yelpazemizin her modelinin elektrikli versiyonunu sunuyoruz. Ayr\u0131ca, Vivaro ve Movano hafif ticari ara\u00e7lar\u0131m\u0131zda hidrojen yak\u0131t h\u00fccreli s\u00fcr\u00fc\u015f gibi emisyonsuz \u00e7\u00f6z\u00fcmler de sa\u011fl\u0131yoruz. Uzun y\u0131llard\u0131r IAA etkinli\u011fine kat\u0131l\u0131yoruz. Tam 60 y\u0131l \u00f6nceki etkinlikte konsept bir otomobil sergileyen ilk Avrupal\u0131 marka bizdik. Bu seneki s\u00fcrprizlerimiz i\u00e7in beklemede kal\u0131n\u201d dedi. IAA Mobility 2023&#8217;te \u00e7\u0131\u011f\u0131r a\u00e7an Opel Experimental modelini d\u00fcnyaya tan\u0131tan Opel, R\u00fcsselsheim tasar\u0131m merkezinden \u00e7\u0131kan bu konsept otomobilde, &nbsp;bir\u00e7ok yeni tasar\u0131m unsuru ve teknolojik yenili\u011fi tan\u0131tm\u0131\u015ft\u0131. \u00d6yle ki Opel Blitz logosunu entegre eden ve ilk kez ayd\u0131nlat\u0131lan yeni 3D Viz\u00f6r ve yenilik\u00e7i &#8220;Edge Light&#8221; teknolojisi gibi yenilikler k\u0131sa bir s\u00fcre \u00f6nce yollara \u00e7\u0131kmaya ba\u015flayan yeni Opel Grandland modelinde de yer alm\u0131\u015ft\u0131. Yeni Grandland ayn\u0131 zamanda Opel Experimental \u00e7al\u0131\u015fmas\u0131n\u0131n &#8220;Opel Compass&#8221; tasar\u0131m\u0131n\u0131 da bar\u0131nd\u0131r\u0131yor. Bu g\u00f6z al\u0131c\u0131 \u00e7al\u0131\u015fma, dikey k\u0131vr\u0131mlar ve yatay viz\u00f6r\u00fc, merkezde ayd\u0131nlat\u0131lm\u0131\u015f Opel \u201c\u015eim\u015fek\u201d logosunu olu\u015fturacak \u015fekilde bir araya getiriyor. Bunlar\u0131n yan\u0131 s\u0131ra yeni Opel Grandland&#8217;in arkadan g\u00f6r\u00fcn\u00fc\u015f\u00fc de bir ilke imza at\u0131yor. Opel&#8217;in kendine \u00f6zg\u00fc pusula ayd\u0131nlatmas\u0131n\u0131n merkezine, Experimental modelinden ilham alarak ayd\u0131nlat\u0131lm\u0131\u015f OPEL harflerini yerle\u015ftiren yeni Grandland, Opel\u2019in bunu yapan ilk seri \u00fcretim modeli olarak dikkat \u00e7ekiyor.<\/p>\n\n\n\n<p><strong>Opel hakk\u0131nda<\/strong><\/p>\n\n\n\n<p>Avrupa\u2019n\u0131n en b\u00fcy\u00fck otomobil \u00fcreticilerinden biri olan Opel, kapsaml\u0131 elektrikliye ge\u00e7i\u015f hamlesiyle CO2 emisyonlar\u0131n\u0131n azalt\u0131lmas\u0131nda \u00f6nc\u00fc bir rol \u00fcstleniyor. \u015eirket 1862 y\u0131l\u0131nda Almanya\u2019n\u0131n R\u00fcsselsheim kentinde Adam Opel taraf\u0131ndan kuruldu ve 1899 y\u0131l\u0131nda otomobil \u00fcretimine ba\u015flad\u0131. Opel, Ocak 2021\u2019de Groupe PSA ve FCA Group aras\u0131ndaki birle\u015fmeyle yeni s\u00fcrd\u00fcr\u00fclebilir ula\u015f\u0131m d\u00f6neminin k\u00fcresel lideri olarak kurulan Stellantis NV\u2019nin bir par\u00e7as\u0131. \u015eirket, \u0130ngiliz karde\u015f marka Vauxhall ile birlikte d\u00fcnya genelinde 60\u2019\u0131n \u00fczerinde \u00fclkede temsil ediliyor. Opel, s\u00fcrd\u00fcr\u00fclebilir bir ba\u015far\u0131 tesis etmek \u00fczere m\u00fc\u015fterilerin gelecekteki ula\u015f\u0131m taleplerinin kar\u015f\u0131lanmas\u0131n\u0131 sa\u011flamak i\u00e7in elektrikliye ge\u00e7i\u015f stratejisini uyguluyor. Bu strateji, Opel\u2019in s\u00fcrd\u00fcr\u00fclebilir k\u00e2rl\u0131, k\u00fcresel ve elektrikli bir gelecek olu\u015fturmak i\u00e7in uygulad\u0131\u011f\u0131 PACE plan\u0131n\u0131n bir par\u00e7as\u0131.<\/p>\n\n\n\n<p>Opel, d\u00fcnyan\u0131n \u00f6nde gelen otomobil \u00fcreticisi ve mobilite sa\u011flay\u0131c\u0131s\u0131 Stellantis taraf\u0131ndan sunulan marka portf\u00f6y\u00fcn\u00fcn bir par\u00e7as\u0131d\u0131r. Stellantis (NYSE: STLA) hakk\u0131nda daha fazla bilgi i\u00e7in <a href=\"http:\/\/www.stellantis.com\"><em>www.stellantis.com<\/em><\/a> adresini ziyaret edebilirsiniz.<\/p>\n\n\n\n<p><\/p>\n","protected":false},"excerpt":{"rendered":"<p>Opel Yenilik\u00e7i \u00dcr\u00fcn Gam\u0131yla IAA Mobility 2025\u2019e \u00c7\u0131karma Yapacak! Alman otomotiv \u00fcreticisi Opel, yenilik\u00e7i \u00fcr\u00fcn gam\u0131 ile IAA Mobility 2025\u2019te<\/p>\n","protected":false},"author":2,"featured_media":2518,"comment_status":"open","ping_status":"open","sticky":false,"template":"","format":"standard","meta":{"footnotes":""},"categories":[5,140],"tags":[63],"class_list":["post-2516","post","type-post","status-publish","format-standard","has-post-thumbnail","hentry","category-haberler","category-otomobil","tag-gaz"],"magazineBlocksPostFeaturedMedia":{"thumbnail":"https:\/\/torkspor.com\/wp-content\/uploads\/2025\/03\/Yeni-Opel-Grandland-Opel-Experimental-150x150.jpg","medium":"https:\/\/torkspor.com\/wp-content\/uploads\/2025\/03\/Yeni-Opel-Grandland-Opel-Experimental-300x174.jpg","medium_large":"https:\/\/torkspor.com\/wp-content\/uploads\/2025\/03\/Yeni-Opel-Grandland-Opel-Experimental-768x444.jpg","large":"https:\/\/torkspor.com\/wp-content\/uploads\/2025\/03\/Yeni-Opel-Grandland-Opel-Experimental-1024x593.jpg","1536x1536":"https:\/\/torkspor.com\/wp-content\/uploads\/2025\/03\/Yeni-Opel-Grandland-Opel-Experimental-1536x889.jpg","2048x2048":"https:\/\/torkspor.com\/wp-content\/uploads\/2025\/03\/Yeni-Opel-Grandland-Opel-Experimental-2048x1185.jpg","colormag-highlighted-post":"https:\/\/torkspor.com\/wp-content\/uploads\/2025\/03\/Yeni-Opel-Grandland-Opel-Experimental-392x272.jpg","colormag-featured-post-medium":"https:\/\/torkspor.com\/wp-content\/uploads\/2025\/03\/Yeni-Opel-Grandland-Opel-Experimental-390x205.jpg","colormag-featured-post-small":"https:\/\/torkspor.com\/wp-content\/uploads\/2025\/03\/Yeni-Opel-Grandland-Opel-Experimental-130x90.jpg","colormag-featured-image":"https:\/\/torkspor.com\/wp-content\/uploads\/2025\/03\/Yeni-Opel-Grandland-Opel-Experimental-800x445.jpg","colormag-default-news":"https:\/\/torkspor.com\/wp-content\/uploads\/2025\/03\/Yeni-Opel-Grandland-Opel-Experimental-150x150.jpg","colormag-featured-image-large":"https:\/\/torkspor.com\/wp-content\/uploads\/2025\/03\/Yeni-Opel-Grandland-Opel-Experimental-1400x600.jpg","colormag-elementor-block-extra-large-thumbnail":"https:\/\/torkspor.com\/wp-content\/uploads\/2025\/03\/Yeni-Opel-Grandland-Opel-Experimental-1155x480.jpg","colormag-elementor-grid-large-thumbnail":"https:\/\/torkspor.com\/wp-content\/uploads\/2025\/03\/Yeni-Opel-Grandland-Opel-Experimental-600x417.jpg","colormag-elementor-grid-small-thumbnail":"https:\/\/torkspor.com\/wp-content\/uploads\/2025\/03\/Yeni-Opel-Grandland-Opel-Experimental-285x450.jpg","colormag-elementor-grid-medium-large-thumbnail":"https:\/\/torkspor.com\/wp-content\/uploads\/2025\/03\/Yeni-Opel-Grandland-Opel-Experimental-575x198.jpg"},"magazineBlocksPostAuthor":{"name":"Okan \u00c7etiner","avatar":"https:\/\/secure.gravatar.com\/avatar\/0b8d387b873c3962ae491deaf4b94a08a9b0dbc2778155c139691933252f8856?s=96&d=mm&r=g"},"magazineBlocksPostCommentsNumber":"0","magazineBlocksPostExcerpt":"Opel Yenilik\u00e7i \u00dcr\u00fcn Gam\u0131yla IAA Mobility 2025\u2019e \u00c7\u0131karma Yapacak! Alman otomotiv \u00fcreticisi Opel, yenilik\u00e7i \u00fcr\u00fcn gam\u0131 ile IAA Mobility 2025\u2019te","magazineBlocksPostCategories":["Haberler","otomobil"],"magazine_blocks_featured_image_url":{"full":["https:\/\/torkspor.com\/wp-content\/uploads\/2025\/03\/Yeni-Opel-Grandland-Opel-Experimental-scaled.jpg",2560,1481,false],"medium":["https:\/\/torkspor.com\/wp-content\/uploads\/2025\/03\/Yeni-Opel-Grandland-Opel-Experimental-300x174.jpg",300,174,true],"thumbnail":["https:\/\/torkspor.com\/wp-content\/uploads\/2025\/03\/Yeni-Opel-Grandland-Opel-Experimental-150x150.jpg",150,150,true]},"magazine_blocks_author":{"display_name":"Okan \u00c7etiner","author_link":"https:\/\/torkspor.com\/?author=2"},"magazine_blocks_comment":0,"magazine_blocks_author_image":"https:\/\/secure.gravatar.com\/avatar\/0b8d387b873c3962ae491deaf4b94a08a9b0dbc2778155c139691933252f8856?s=96&d=mm&r=g","magazine_blocks_category":"<a href=\"https:\/\/torkspor.com\/?cat=5\" rel=\"category\">Haberler<\/a> <a href=\"https:\/\/torkspor.com\/?cat=140\" rel=\"category\">otomobil<\/a>","_links":{"self":[{"href":"https:\/\/torkspor.com\/index.php?rest_route=\/wp\/v2\/posts\/2516","targetHints":{"allow":["GET"]}}],"collection":[{"href":"https:\/\/torkspor.com\/index.php?rest_route=\/wp\/v2\/posts"}],"about":[{"href":"https:\/\/torkspor.com\/index.php?rest_route=\/wp\/v2\/types\/post"}],"author":[{"embeddable":true,"href":"https:\/\/torkspor.com\/index.php?rest_route=\/wp\/v2\/users\/2"}],"replies":[{"embeddable":true,"href":"https:\/\/torkspor.com\/index.php?rest_route=%2Fwp%2Fv2%2Fcomments&post=2516"}],"version-history":[{"count":1,"href":"https:\/\/torkspor.com\/index.php?rest_route=\/wp\/v2\/posts\/2516\/revisions"}],"predecessor-version":[{"id":2519,"href":"https:\/\/torkspor.com\/index.php?rest_route=\/wp\/v2\/posts\/2516\/revisions\/2519"}],"wp:featuredmedia":[{"embeddable":true,"href":"https:\/\/torkspor.com\/index.php?rest_route=\/wp\/v2\/media\/2518"}],"wp:attachment":[{"href":"https:\/\/torkspor.com\/index.php?rest_route=%2Fwp%2Fv2%2Fmedia&parent=2516"}],"wp:term":[{"taxonomy":"category","embeddable":true,"href":"https:\/\/torkspor.com\/index.php?rest_route=%2Fwp%2Fv2%2Fcategories&post=2516"},{"taxonomy":"post_tag","embeddable":true,"href":"https:\/\/torkspor.com\/index.php?rest_route=%2Fwp%2Fv2%2Ftags&post=2516"}],"curies":[{"name":"wp","href":"https:\/\/api.w.org\/{rel}","templated":true}]}}