{"id":2520,"date":"2025-03-04T12:32:32","date_gmt":"2025-03-04T09:32:32","guid":{"rendered":"https:\/\/torkspor.com\/?p=2520"},"modified":"2025-03-04T12:32:34","modified_gmt":"2025-03-04T09:32:34","slug":"bmw-7-serisinden-ilham-alan-metafoldartankarada-ziyaretcilere-essiz-bir-deneyim-sundu","status":"publish","type":"post","link":"https:\/\/torkspor.com\/?p=2520","title":{"rendered":"BMW 7 Serisi\u2019nden \u0130lham Alan &#8220;Metafold\u201dARTAnkara\u2019da Ziyaret\u00e7ilere E\u015fsiz Bir Deneyim Sundu"},"content":{"rendered":"\n<p><strong><em>Borusan Otomotiv Yetkili Sat\u0131c\u0131s\u0131 ve Yetkili Servisi Borusan Oto ile Borusan Contemporary, 19 \u2013 23 \u015eubat tarihleri aras\u0131nda d\u00fczenlenen 11. Uluslararas\u0131 \u00c7a\u011fda\u015f Sanat Fuar\u0131 ARTAnkara\u2019da sanat ve otomotivi bir araya getirdi. Fuarda, \u00fcnl\u00fc g\u00f6rsel sanat\u00e7\u0131 Can B\u00fcy\u00fckberber\u2019in BMW 7 Serisi\u2019nden ald\u0131\u011f\u0131 ilhamla \u00f6zel olarak derledi\u011fi dijital sanat koleksiyonu \u201cMetafold\u201d sanatseverler ile bulu\u015ftu.<\/em><\/strong><\/p>\n\n\n\n<figure class=\"wp-block-image size-large\"><img fetchpriority=\"high\" decoding=\"async\" width=\"1024\" height=\"684\" src=\"https:\/\/torkspor.com\/wp-content\/uploads\/2025\/03\/BMW-740d-xDrive-1024x684.jpg\" alt=\"\" class=\"wp-image-2522\" srcset=\"https:\/\/torkspor.com\/wp-content\/uploads\/2025\/03\/BMW-740d-xDrive-1024x684.jpg 1024w, https:\/\/torkspor.com\/wp-content\/uploads\/2025\/03\/BMW-740d-xDrive-300x200.jpg 300w, https:\/\/torkspor.com\/wp-content\/uploads\/2025\/03\/BMW-740d-xDrive-768x513.jpg 768w, https:\/\/torkspor.com\/wp-content\/uploads\/2025\/03\/BMW-740d-xDrive-1536x1026.jpg 1536w, https:\/\/torkspor.com\/wp-content\/uploads\/2025\/03\/BMW-740d-xDrive-2048x1368.jpg 2048w\" sizes=\"(max-width: 1024px) 100vw, 1024px\" \/><\/figure>\n\n\n\n<p>BMW 7 Serisi\u2019nin &#8220;nefes almak, d\u00fc\u015f\u00fcnmek ve geli\u015fmek&#8221; i\u00e7in sundu\u011fu alan\u0131 ilham verici bir duyusal deneyim olarak yorumlayan Can B\u00fcy\u00fckberber, Metafold ile sanat ve teknolojiyi bir araya getirdi\u011fi eseriyle ziyaret\u00e7ilere e\u015fsiz bir perspektif sundu.<\/p>\n\n\n\n<p>Fuar kapsam\u0131nda ger\u00e7ekle\u015fen &#8220;Metafold: 21. Y\u00fczy\u0131lda Yarat\u0131c\u0131l\u0131k ve Anlat\u0131lar\u0131&#8221; ba\u015fl\u0131kl\u0131 panelde, <strong>Borusan Contemporary Direkt\u00f6r\u00fc Dr. Kumru Eren<\/strong> ve <strong>G\u00f6rsel Sanat\u00e7\u0131 Can B\u00fcy\u00fckberber<\/strong>, sanat, yarat\u0131c\u0131l\u0131k, teknoloji ve deneyim odakl\u0131 anlat\u0131lar\u0131n g\u00fcn\u00fcm\u00fcz sanat d\u00fcnyas\u0131nda nas\u0131l bir yer edindi\u011fini ele ald\u0131.<\/p>\n\n\n\n<figure class=\"wp-block-image size-large\"><img decoding=\"async\" width=\"684\" height=\"1024\" src=\"https:\/\/torkspor.com\/wp-content\/uploads\/2025\/03\/Borusan-Contemporary-Direktoru-Dr.-Kumru-Eren-684x1024.jpg\" alt=\"\" class=\"wp-image-2523\" srcset=\"https:\/\/torkspor.com\/wp-content\/uploads\/2025\/03\/Borusan-Contemporary-Direktoru-Dr.-Kumru-Eren-684x1024.jpg 684w, https:\/\/torkspor.com\/wp-content\/uploads\/2025\/03\/Borusan-Contemporary-Direktoru-Dr.-Kumru-Eren-200x300.jpg 200w, https:\/\/torkspor.com\/wp-content\/uploads\/2025\/03\/Borusan-Contemporary-Direktoru-Dr.-Kumru-Eren-768x1150.jpg 768w, https:\/\/torkspor.com\/wp-content\/uploads\/2025\/03\/Borusan-Contemporary-Direktoru-Dr.-Kumru-Eren-1026x1536.jpg 1026w, https:\/\/torkspor.com\/wp-content\/uploads\/2025\/03\/Borusan-Contemporary-Direktoru-Dr.-Kumru-Eren-1368x2048.jpg 1368w, https:\/\/torkspor.com\/wp-content\/uploads\/2025\/03\/Borusan-Contemporary-Direktoru-Dr.-Kumru-Eren-scaled.jpg 1710w\" sizes=\"(max-width: 684px) 100vw, 684px\" \/><\/figure>\n\n\n\n<p><strong>Borusan Contemporary Direkt\u00f6r\u00fc Dr. Kumru Eren, <\/strong>&#8220;Sanat, g\u00fcn\u00fcm\u00fczde farkl\u0131 topluluklar\u0131n seslerini duyurabildi\u011fi, e\u015fitlik\u00e7i bir platforma d\u00f6n\u00fc\u015f\u00fcrken teknoloji ve ta\u015f\u0131nabilir k\u00fclt\u00fcr ortamlar\u0131yla birlikte pasif ve elitist modelin yerini aktif ve ki\u015fiselle\u015ftirilmi\u015f bir yap\u0131ya b\u0131rakt\u0131\u011f\u0131na \u015fahit oluyoruz. \u00c7a\u011fda\u015f bir sanat kurumu olarak, bulundu\u011fumuz co\u011frafyay\u0131 k\u00fclt\u00fcrel a\u00e7\u0131dan d\u00f6n\u00fc\u015ft\u00fcrmeyi, sanat izleyicisini yeti\u015ftirmeyi ve sanat okuryazarl\u0131\u011f\u0131n\u0131 art\u0131rmay\u0131 hedefleyen programlar d\u00fczenlerken; sanat\u00e7\u0131lar\u0131n yeni ifade bi\u00e7imlerini g\u00fcncel d\u00fc\u015f\u00fcnsel bir izlekte ele ald\u0131\u011f\u0131 projelere de yer vermeye \u00e7al\u0131\u015f\u0131yoruz.\u201d dedi.<\/p>\n\n\n\n<figure class=\"wp-block-image size-large\"><img decoding=\"async\" width=\"1024\" height=\"684\" src=\"https:\/\/torkspor.com\/wp-content\/uploads\/2025\/03\/Gorsel-Sanatci-Can-Buyukberber-1-1024x684.jpg\" alt=\"\" class=\"wp-image-2524\" srcset=\"https:\/\/torkspor.com\/wp-content\/uploads\/2025\/03\/Gorsel-Sanatci-Can-Buyukberber-1-1024x684.jpg 1024w, https:\/\/torkspor.com\/wp-content\/uploads\/2025\/03\/Gorsel-Sanatci-Can-Buyukberber-1-300x200.jpg 300w, https:\/\/torkspor.com\/wp-content\/uploads\/2025\/03\/Gorsel-Sanatci-Can-Buyukberber-1-768x513.jpg 768w, https:\/\/torkspor.com\/wp-content\/uploads\/2025\/03\/Gorsel-Sanatci-Can-Buyukberber-1-1536x1026.jpg 1536w, https:\/\/torkspor.com\/wp-content\/uploads\/2025\/03\/Gorsel-Sanatci-Can-Buyukberber-1-2048x1368.jpg 2048w\" sizes=\"(max-width: 1024px) 100vw, 1024px\" \/><\/figure>\n\n\n\n<p><strong>G\u00f6rsel Sanat\u00e7\u0131 Can B\u00fcy\u00fckberber, <\/strong>\u201cMetafold\u2019un yarat\u0131m s\u00fcrecinde hem matematiksel d\u00fc\u015f\u00fcnce sistemlerinden hem de organik formlardan ilham ald\u0131m. BMW T\u00fcrkiye ile olan i\u015f birli\u011fimiz, bu projeyi daha yenilik\u00e7i bir noktaya ta\u015f\u0131d\u0131. BMW\u2019nin mobilite ve teknolojiyi sanatsal bir ifadeyle bulu\u015fturma vizyonu, Metafold\u2019un hareket, dinamizm ve d\u00f6n\u00fc\u015f\u00fcme odaklanmas\u0131n\u0131 sa\u011flad\u0131. Sonu\u00e7 olarak, izleyiciyle interaktif bir diyalog kuran ve teknolojiyle sanat\u0131n s\u0131n\u0131rlar\u0131n\u0131 zorlayan bir eser ortaya \u00e7\u0131kt\u0131.\u201d dedi.<\/p>\n\n\n\n<p>Ziyaret\u00e7iler, fuar boyunca Borusan Oto stand\u0131nda BMW 740d xDrive modelini yak\u0131ndan inceleme f\u0131rsat\u0131 buldu.<\/p>\n\n\n\n<p><strong>Metafold Hakk\u0131nda<\/strong><\/p>\n\n\n\n<p>BMW 7 Serisine \u00f6zel olarak haz\u0131rlanan \u201cMetafold\u201d koleksiyonu; fizik, f\u00fct\u00fcrizm, y\u00fcksek boyutlu geometri ve organik yap\u0131lardan ilham al\u0131yor. &nbsp;B\u00fcy\u00fckberber&#8217;in bilim, sanat ve tasar\u0131m\u0131 birbirine ba\u011flayan disiplinler aras\u0131 \u00e7al\u0131\u015fmalar\u0131yla \u015fekillenen Metafold deneyimi, sanat\u00e7\u0131 taraf\u0131ndan limitli say\u0131da \u00fcretilmi\u015f bask\u0131lar ve art\u0131r\u0131lm\u0131\u015f ger\u00e7eklik uzant\u0131s\u0131yla ziyaret\u00e7ilere \u00f6zel etkile\u015fimli, kal\u0131c\u0131 bir haf\u0131za olarak devam etmeyi hedefliyor.<\/p>\n\n\n\n<figure class=\"wp-block-image size-large\"><img loading=\"lazy\" decoding=\"async\" width=\"1024\" height=\"684\" src=\"https:\/\/torkspor.com\/wp-content\/uploads\/2025\/03\/Metafold-21.-Yuzyilda-Yaraticilik-ve-Anlatilari-Paneli-1024x684.jpg\" alt=\"\" class=\"wp-image-2525\" srcset=\"https:\/\/torkspor.com\/wp-content\/uploads\/2025\/03\/Metafold-21.-Yuzyilda-Yaraticilik-ve-Anlatilari-Paneli-1024x684.jpg 1024w, https:\/\/torkspor.com\/wp-content\/uploads\/2025\/03\/Metafold-21.-Yuzyilda-Yaraticilik-ve-Anlatilari-Paneli-300x200.jpg 300w, https:\/\/torkspor.com\/wp-content\/uploads\/2025\/03\/Metafold-21.-Yuzyilda-Yaraticilik-ve-Anlatilari-Paneli-768x513.jpg 768w, https:\/\/torkspor.com\/wp-content\/uploads\/2025\/03\/Metafold-21.-Yuzyilda-Yaraticilik-ve-Anlatilari-Paneli-1536x1026.jpg 1536w, https:\/\/torkspor.com\/wp-content\/uploads\/2025\/03\/Metafold-21.-Yuzyilda-Yaraticilik-ve-Anlatilari-Paneli-2048x1368.jpg 2048w\" sizes=\"(max-width: 1024px) 100vw, 1024px\" \/><\/figure>\n\n\n\n<p><strong>BMW 740d xDrive Hakk\u0131nda<\/strong><\/p>\n\n\n\n<p>BMW 7 Serisi\u2019nin dizel motora sahip versiyonu BMW 740d xDrive, 3 litre hacmindeki s\u0131ral\u0131 6 silindirli motoruyla 300 beygir g\u00fc\u00e7 \u00fcreterek 0&#8217;dan 100 km\/s h\u0131za 6,3 saniyede ula\u015f\u0131yor. WLTP normlar\u0131na g\u00f6re ortalama yak\u0131t t\u00fcketimiyse 5,9 ile 6,9 litre\/100 km aras\u0131nda de\u011fi\u015fiyor. &nbsp;<\/p>\n\n\n\n<p>BMW 7 Serisi&#8217;nin monolitik y\u00fczey tasar\u0131m\u0131, birbirine uyumlu olarak geni\u015fleyen d\u0131\u015f \u00f6l\u00e7\u00fcler ve yan taraftan bak\u0131ld\u0131\u011f\u0131nda \u00f6ne do\u011fru hareket eden bir g\u00f6r\u00fcn\u00fcm\u00fc yans\u0131t\u0131yor. Otomobil, b\u00fcy\u00fck ve heybetli g\u00f6vdesine ra\u011fmen sahip oldu\u011fu dinamik siluetle dikkat \u00e7ekiyor. G\u00fcnd\u00fcz farlar\u0131ndan stoplara uzanan omuz \u00e7izgisi, BMW 7 Serisi\u2019nin g\u00f6vdesini alt b\u00f6l\u00fcmden ay\u0131r\u0131yor.<\/p>\n\n\n\n<p>\u0130lk nesil BMW 7 Serisi\u2019nin yollara \u00e7\u0131k\u0131\u015f\u0131ndan yakla\u015f\u0131k yar\u0131m as\u0131r sonra, BMW\u2019nin amiral gemisi, yedinci nesliyle segmentinin en geli\u015fmi\u015f ve inovatif otomobili olarak kar\u015f\u0131m\u0131za \u00e7\u0131k\u0131yor. \u201cGelece\u011fin \u0130lerisinde\u201d slogan\u0131yla yollara \u00e7\u0131kan Yeni BMW 7 Serisi Sedan modern sanattan ilham al\u0131nan tasar\u0131m\u0131yla f\u00fct\u00fcrizmi teknolojiyle harmanl\u0131yor.<\/p>\n\n\n\n<p>Yeni BMW 7 Serisi Sedan; BMW Iconic Glow Kristal \u00d6n Farlar ve BMW Iconic Glow B\u00f6brek Izgaralar\u0131 donan\u0131mlar\u0131 ile entegre \u201cKar\u015f\u0131lama Senaryolar\u0131\u201d sayesinde her yolculuk \u00f6ncesi e\u015fsiz bir deneyim ya\u015fat\u0131yor. Otomobilin d\u0131\u015f\u0131nda ba\u015flayan kar\u015f\u0131lama senaryosu i\u00e7 mekanda kristal y\u00fczeyli BMW Interaction Bar ile devam ederek s\u00fcr\u00fcc\u00fc ile otomobil aras\u0131ndaki etkile\u015fimi bir sonraki seviyeye ta\u015f\u0131yor.&nbsp;<\/p>\n\n\n\n<p>BMW Kavisli Ekran ve yeni nesil BMW Touch Command kontrol paneli ile \u00fcst d\u00fczey dijital deneyim sunan Yeni BMW 7 Serisi; Executive Lounge Koltuk, Executive Lounge Arka Konsol, CraftedClarity Kristal Tasar\u0131m \u00d6geleri&nbsp;ve ambiyans ayd\u0131nlatmas\u0131na sahip Sky Lounge Panoramik Cam Tavan ile arka yolcular i\u00e7in de benzersiz bir lounge atmosferi yarat\u0131yor.\u201d<\/p>\n\n\n\n<p>www.borusanoto.com<\/p>\n\n\n\n<p><\/p>\n\n\n\n<p><\/p>\n","protected":false},"excerpt":{"rendered":"<p>Borusan Otomotiv Yetkili Sat\u0131c\u0131s\u0131 ve Yetkili Servisi Borusan Oto ile Borusan Contemporary, 19 \u2013 23 \u015eubat tarihleri aras\u0131nda d\u00fczenlenen 11.<\/p>\n","protected":false},"author":2,"featured_media":2526,"comment_status":"open","ping_status":"open","sticky":false,"template":"","format":"standard","meta":{"footnotes":""},"categories":[1,5,140],"tags":[],"class_list":["post-2520","post","type-post","status-publish","format-standard","has-post-thumbnail","hentry","category-genel","category-haberler","category-otomobil"],"magazineBlocksPostFeaturedMedia":{"thumbnail":"https:\/\/torkspor.com\/wp-content\/uploads\/2025\/03\/Metafold-150x150.jpg","medium":"https:\/\/torkspor.com\/wp-content\/uploads\/2025\/03\/Metafold-300x200.jpg","medium_large":"https:\/\/torkspor.com\/wp-content\/uploads\/2025\/03\/Metafold-768x513.jpg","large":"https:\/\/torkspor.com\/wp-content\/uploads\/2025\/03\/Metafold-1024x684.jpg","1536x1536":"https:\/\/torkspor.com\/wp-content\/uploads\/2025\/03\/Metafold-1536x1026.jpg","2048x2048":"https:\/\/torkspor.com\/wp-content\/uploads\/2025\/03\/Metafold-2048x1368.jpg","colormag-highlighted-post":"https:\/\/torkspor.com\/wp-content\/uploads\/2025\/03\/Metafold-392x272.jpg","colormag-featured-post-medium":"https:\/\/torkspor.com\/wp-content\/uploads\/2025\/03\/Metafold-390x205.jpg","colormag-featured-post-small":"https:\/\/torkspor.com\/wp-content\/uploads\/2025\/03\/Metafold-130x90.jpg","colormag-featured-image":"https:\/\/torkspor.com\/wp-content\/uploads\/2025\/03\/Metafold-800x445.jpg","colormag-default-news":"https:\/\/torkspor.com\/wp-content\/uploads\/2025\/03\/Metafold-150x150.jpg","colormag-featured-image-large":"https:\/\/torkspor.com\/wp-content\/uploads\/2025\/03\/Metafold-1400x600.jpg","colormag-elementor-block-extra-large-thumbnail":"https:\/\/torkspor.com\/wp-content\/uploads\/2025\/03\/Metafold-1155x480.jpg","colormag-elementor-grid-large-thumbnail":"https:\/\/torkspor.com\/wp-content\/uploads\/2025\/03\/Metafold-600x417.jpg","colormag-elementor-grid-small-thumbnail":"https:\/\/torkspor.com\/wp-content\/uploads\/2025\/03\/Metafold-285x450.jpg","colormag-elementor-grid-medium-large-thumbnail":"https:\/\/torkspor.com\/wp-content\/uploads\/2025\/03\/Metafold-575x198.jpg"},"magazineBlocksPostAuthor":{"name":"Okan \u00c7etiner","avatar":"https:\/\/secure.gravatar.com\/avatar\/0b8d387b873c3962ae491deaf4b94a08a9b0dbc2778155c139691933252f8856?s=96&d=mm&r=g"},"magazineBlocksPostCommentsNumber":"0","magazineBlocksPostExcerpt":"Borusan Otomotiv Yetkili Sat\u0131c\u0131s\u0131 ve Yetkili Servisi Borusan Oto ile Borusan Contemporary, 19 \u2013 23 \u015eubat tarihleri aras\u0131nda d\u00fczenlenen 11.","magazineBlocksPostCategories":["Genel","Haberler","otomobil"],"magazine_blocks_featured_image_url":{"full":["https:\/\/torkspor.com\/wp-content\/uploads\/2025\/03\/Metafold-scaled.jpg",2560,1710,false],"medium":["https:\/\/torkspor.com\/wp-content\/uploads\/2025\/03\/Metafold-300x200.jpg",300,200,true],"thumbnail":["https:\/\/torkspor.com\/wp-content\/uploads\/2025\/03\/Metafold-150x150.jpg",150,150,true]},"magazine_blocks_author":{"display_name":"Okan \u00c7etiner","author_link":"https:\/\/torkspor.com\/?author=2"},"magazine_blocks_comment":0,"magazine_blocks_author_image":"https:\/\/secure.gravatar.com\/avatar\/0b8d387b873c3962ae491deaf4b94a08a9b0dbc2778155c139691933252f8856?s=96&d=mm&r=g","magazine_blocks_category":"<a href=\"https:\/\/torkspor.com\/?cat=1\" rel=\"category\">Genel<\/a> <a href=\"https:\/\/torkspor.com\/?cat=5\" rel=\"category\">Haberler<\/a> <a href=\"https:\/\/torkspor.com\/?cat=140\" rel=\"category\">otomobil<\/a>","_links":{"self":[{"href":"https:\/\/torkspor.com\/index.php?rest_route=\/wp\/v2\/posts\/2520","targetHints":{"allow":["GET"]}}],"collection":[{"href":"https:\/\/torkspor.com\/index.php?rest_route=\/wp\/v2\/posts"}],"about":[{"href":"https:\/\/torkspor.com\/index.php?rest_route=\/wp\/v2\/types\/post"}],"author":[{"embeddable":true,"href":"https:\/\/torkspor.com\/index.php?rest_route=\/wp\/v2\/users\/2"}],"replies":[{"embeddable":true,"href":"https:\/\/torkspor.com\/index.php?rest_route=%2Fwp%2Fv2%2Fcomments&post=2520"}],"version-history":[{"count":1,"href":"https:\/\/torkspor.com\/index.php?rest_route=\/wp\/v2\/posts\/2520\/revisions"}],"predecessor-version":[{"id":2527,"href":"https:\/\/torkspor.com\/index.php?rest_route=\/wp\/v2\/posts\/2520\/revisions\/2527"}],"wp:featuredmedia":[{"embeddable":true,"href":"https:\/\/torkspor.com\/index.php?rest_route=\/wp\/v2\/media\/2526"}],"wp:attachment":[{"href":"https:\/\/torkspor.com\/index.php?rest_route=%2Fwp%2Fv2%2Fmedia&parent=2520"}],"wp:term":[{"taxonomy":"category","embeddable":true,"href":"https:\/\/torkspor.com\/index.php?rest_route=%2Fwp%2Fv2%2Fcategories&post=2520"},{"taxonomy":"post_tag","embeddable":true,"href":"https:\/\/torkspor.com\/index.php?rest_route=%2Fwp%2Fv2%2Ftags&post=2520"}],"curies":[{"name":"wp","href":"https:\/\/api.w.org\/{rel}","templated":true}]}}