{"id":2533,"date":"2025-03-04T12:44:14","date_gmt":"2025-03-04T09:44:14","guid":{"rendered":"https:\/\/torkspor.com\/?p=2533"},"modified":"2025-03-04T12:44:17","modified_gmt":"2025-03-04T09:44:17","slug":"lexus-milano-tasarim-haftasinda-kokpit-teknolojisinden-ilham-alan-sanat-enstalasyonlarini-sergileyecek","status":"publish","type":"post","link":"https:\/\/torkspor.com\/?p=2533","title":{"rendered":"Lexus Milano Tasar\u0131m Haftas\u0131\u2019nda Kokpit Teknolojisinden \u0130lham Alan Sanat Enstalasyonlar\u0131n\u0131 Sergileyecek"},"content":{"rendered":"\n<p><strong><em>Premium otomobil \u00fcreticisi Lexus, moda ve sanat d\u00fcnyas\u0131nda ses getiren i\u015flere imza atmaya devam ediyor. Lexus, 8-13 Nisan tarihleri aras\u0131nda ger\u00e7ekle\u015ftirilecek Milano Tasar\u0131m Haftas\u0131\u2019nda yenilik\u00e7i \u201cBlack Butterfly\u201d kokpitinden ilham alan etkileyici sanat ve tasar\u0131m enstalasyonlar\u0131n\u0131 sergileyecek. LF-ZC konsept arac\u0131 i\u00e7in geli\u015ftirilen bu \u00e7ift aray\u00fczl\u00fc sistem, insan, makine ve mobilite aras\u0131ndaki etkile\u015fimi yeni bir boyuta ta\u015f\u0131yor.<\/em><\/strong><\/p>\n\n\n\n<p>Lexus\u2019un Tokyo merkezli kreatif ajans\u0131 SIX Inc. ve tasar\u0131m st\u00fcdyosu STUDEO i\u015f birli\u011fiyle geli\u015ftirdi\u011fi \u201cA-Un\u201d interaktif enstalasyonu, Black Butterfly konseptini geleneksel Japon felsefesiyle birle\u015ftiriyor. Enstalasyon, Aun no kokyo (uyum i\u00e7inde nefes alma) anlay\u0131\u015f\u0131n\u0131 temel alarak insan ve mobilite aras\u0131ndaki kusursuz etkile\u015fimi vurguluyor.<\/p>\n\n\n\n<figure class=\"wp-block-image size-large\"><img fetchpriority=\"high\" decoding=\"async\" width=\"1024\" height=\"683\" src=\"https:\/\/torkspor.com\/wp-content\/uploads\/2025\/03\/Lexus-Milano-Tasarim-Haftasinda-Sanat-Enstalasyonlarini-Sergileyecek-1-1024x683.jpg\" alt=\"\" class=\"wp-image-2535\" srcset=\"https:\/\/torkspor.com\/wp-content\/uploads\/2025\/03\/Lexus-Milano-Tasarim-Haftasinda-Sanat-Enstalasyonlarini-Sergileyecek-1-1024x683.jpg 1024w, https:\/\/torkspor.com\/wp-content\/uploads\/2025\/03\/Lexus-Milano-Tasarim-Haftasinda-Sanat-Enstalasyonlarini-Sergileyecek-1-300x200.jpg 300w, https:\/\/torkspor.com\/wp-content\/uploads\/2025\/03\/Lexus-Milano-Tasarim-Haftasinda-Sanat-Enstalasyonlarini-Sergileyecek-1-768x512.jpg 768w, https:\/\/torkspor.com\/wp-content\/uploads\/2025\/03\/Lexus-Milano-Tasarim-Haftasinda-Sanat-Enstalasyonlarini-Sergileyecek-1-1536x1024.jpg 1536w, https:\/\/torkspor.com\/wp-content\/uploads\/2025\/03\/Lexus-Milano-Tasarim-Haftasinda-Sanat-Enstalasyonlarini-Sergileyecek-1-2048x1366.jpg 2048w\" sizes=\"(max-width: 1024px) 100vw, 1024px\" \/><\/figure>\n\n\n\n<p>Lexus\u2019un gen\u00e7 yetenekleri destekleme misyonunun bir par\u00e7as\u0131 olan \u201cDiscover Together\u201d projesi, Bascule Inc. (Japonya), Northeastern \u00dcniversitesi (ABD) ve Lexus Tasar\u0131m Ekibi (Japonya) taraf\u0131ndan hayata ge\u00e7irildi. Lexus Tasar\u0131m \u00d6d\u00fcllleri miras\u0131 \u00fczerine yap\u0131lan bu giri\u015fim, Black Butterfly kokpit aray\u00fczlerinin sundu\u011fu yeni olas\u0131l\u0131klar\u0131 ke\u015ffetmeyi ve insan-makine etkile\u015fimindeki farkl\u0131 deneyimleri sergilemeyi ama\u00e7l\u0131yor.<\/p>\n\n\n\n<p>Lexus, Milan Tasar\u0131m Haftas\u0131 kapsam\u0131nda Superstudio Pi\u00f9\u2019da sergilenecek bu yenilik\u00e7i projelerle l\u00fcks otomotiv d\u00fcnyas\u0131ndaki kal\u0131plara meydan okuma vizyonunu bir kez daha g\u00f6zler \u00f6n\u00fcne serecek. Marka sadece ara\u00e7lar\u0131n\u0131 de\u011fil, ayn\u0131 zamanda tasar\u0131m, sanat ve teknolojiyle harmanlanan s\u0131ra d\u0131\u015f\u0131 deneyimleri de t\u00fcketicilere sunarak gelece\u011fin mobilitesine y\u00f6n vermeyi s\u00fcrd\u00fcr\u00fcyor.<\/p>\n","protected":false},"excerpt":{"rendered":"<p>Premium otomobil \u00fcreticisi Lexus, moda ve sanat d\u00fcnyas\u0131nda ses getiren i\u015flere imza atmaya devam ediyor. Lexus, 8-13 Nisan tarihleri aras\u0131nda<\/p>\n","protected":false},"author":2,"featured_media":2534,"comment_status":"open","ping_status":"open","sticky":false,"template":"","format":"standard","meta":{"footnotes":""},"categories":[1,5,140],"tags":[],"class_list":["post-2533","post","type-post","status-publish","format-standard","has-post-thumbnail","hentry","category-genel","category-haberler","category-otomobil"],"magazineBlocksPostFeaturedMedia":{"thumbnail":"https:\/\/torkspor.com\/wp-content\/uploads\/2025\/03\/Lexus-Milano-Tasarim-Haftasinda-Sanat-Enstalasyonlarini-Sergileyecek-2-150x150.jpg","medium":"https:\/\/torkspor.com\/wp-content\/uploads\/2025\/03\/Lexus-Milano-Tasarim-Haftasinda-Sanat-Enstalasyonlarini-Sergileyecek-2-300x225.jpg","medium_large":"https:\/\/torkspor.com\/wp-content\/uploads\/2025\/03\/Lexus-Milano-Tasarim-Haftasinda-Sanat-Enstalasyonlarini-Sergileyecek-2-768x576.jpg","large":"https:\/\/torkspor.com\/wp-content\/uploads\/2025\/03\/Lexus-Milano-Tasarim-Haftasinda-Sanat-Enstalasyonlarini-Sergileyecek-2-1024x768.jpg","1536x1536":"https:\/\/torkspor.com\/wp-content\/uploads\/2025\/03\/Lexus-Milano-Tasarim-Haftasinda-Sanat-Enstalasyonlarini-Sergileyecek-2-1536x1152.jpg","2048x2048":"https:\/\/torkspor.com\/wp-content\/uploads\/2025\/03\/Lexus-Milano-Tasarim-Haftasinda-Sanat-Enstalasyonlarini-Sergileyecek-2-2048x1536.jpg","colormag-highlighted-post":"https:\/\/torkspor.com\/wp-content\/uploads\/2025\/03\/Lexus-Milano-Tasarim-Haftasinda-Sanat-Enstalasyonlarini-Sergileyecek-2-392x272.jpg","colormag-featured-post-medium":"https:\/\/torkspor.com\/wp-content\/uploads\/2025\/03\/Lexus-Milano-Tasarim-Haftasinda-Sanat-Enstalasyonlarini-Sergileyecek-2-390x205.jpg","colormag-featured-post-small":"https:\/\/torkspor.com\/wp-content\/uploads\/2025\/03\/Lexus-Milano-Tasarim-Haftasinda-Sanat-Enstalasyonlarini-Sergileyecek-2-130x90.jpg","colormag-featured-image":"https:\/\/torkspor.com\/wp-content\/uploads\/2025\/03\/Lexus-Milano-Tasarim-Haftasinda-Sanat-Enstalasyonlarini-Sergileyecek-2-800x445.jpg","colormag-default-news":"https:\/\/torkspor.com\/wp-content\/uploads\/2025\/03\/Lexus-Milano-Tasarim-Haftasinda-Sanat-Enstalasyonlarini-Sergileyecek-2-150x150.jpg","colormag-featured-image-large":"https:\/\/torkspor.com\/wp-content\/uploads\/2025\/03\/Lexus-Milano-Tasarim-Haftasinda-Sanat-Enstalasyonlarini-Sergileyecek-2-1400x600.jpg","colormag-elementor-block-extra-large-thumbnail":"https:\/\/torkspor.com\/wp-content\/uploads\/2025\/03\/Lexus-Milano-Tasarim-Haftasinda-Sanat-Enstalasyonlarini-Sergileyecek-2-1155x480.jpg","colormag-elementor-grid-large-thumbnail":"https:\/\/torkspor.com\/wp-content\/uploads\/2025\/03\/Lexus-Milano-Tasarim-Haftasinda-Sanat-Enstalasyonlarini-Sergileyecek-2-600x417.jpg","colormag-elementor-grid-small-thumbnail":"https:\/\/torkspor.com\/wp-content\/uploads\/2025\/03\/Lexus-Milano-Tasarim-Haftasinda-Sanat-Enstalasyonlarini-Sergileyecek-2-285x450.jpg","colormag-elementor-grid-medium-large-thumbnail":"https:\/\/torkspor.com\/wp-content\/uploads\/2025\/03\/Lexus-Milano-Tasarim-Haftasinda-Sanat-Enstalasyonlarini-Sergileyecek-2-575x198.jpg"},"magazineBlocksPostAuthor":{"name":"Okan \u00c7etiner","avatar":"https:\/\/secure.gravatar.com\/avatar\/0b8d387b873c3962ae491deaf4b94a08a9b0dbc2778155c139691933252f8856?s=96&d=mm&r=g"},"magazineBlocksPostCommentsNumber":"0","magazineBlocksPostExcerpt":"Premium otomobil \u00fcreticisi Lexus, moda ve sanat d\u00fcnyas\u0131nda ses getiren i\u015flere imza atmaya devam ediyor. Lexus, 8-13 Nisan tarihleri aras\u0131nda","magazineBlocksPostCategories":["Genel","Haberler","otomobil"],"magazine_blocks_featured_image_url":{"full":["https:\/\/torkspor.com\/wp-content\/uploads\/2025\/03\/Lexus-Milano-Tasarim-Haftasinda-Sanat-Enstalasyonlarini-Sergileyecek-2.jpg",2320,1740,false],"medium":["https:\/\/torkspor.com\/wp-content\/uploads\/2025\/03\/Lexus-Milano-Tasarim-Haftasinda-Sanat-Enstalasyonlarini-Sergileyecek-2-300x225.jpg",300,225,true],"thumbnail":["https:\/\/torkspor.com\/wp-content\/uploads\/2025\/03\/Lexus-Milano-Tasarim-Haftasinda-Sanat-Enstalasyonlarini-Sergileyecek-2-150x150.jpg",150,150,true]},"magazine_blocks_author":{"display_name":"Okan \u00c7etiner","author_link":"https:\/\/torkspor.com\/?author=2"},"magazine_blocks_comment":0,"magazine_blocks_author_image":"https:\/\/secure.gravatar.com\/avatar\/0b8d387b873c3962ae491deaf4b94a08a9b0dbc2778155c139691933252f8856?s=96&d=mm&r=g","magazine_blocks_category":"<a href=\"https:\/\/torkspor.com\/?cat=1\" rel=\"category\">Genel<\/a> <a href=\"https:\/\/torkspor.com\/?cat=5\" rel=\"category\">Haberler<\/a> <a href=\"https:\/\/torkspor.com\/?cat=140\" rel=\"category\">otomobil<\/a>","_links":{"self":[{"href":"https:\/\/torkspor.com\/index.php?rest_route=\/wp\/v2\/posts\/2533","targetHints":{"allow":["GET"]}}],"collection":[{"href":"https:\/\/torkspor.com\/index.php?rest_route=\/wp\/v2\/posts"}],"about":[{"href":"https:\/\/torkspor.com\/index.php?rest_route=\/wp\/v2\/types\/post"}],"author":[{"embeddable":true,"href":"https:\/\/torkspor.com\/index.php?rest_route=\/wp\/v2\/users\/2"}],"replies":[{"embeddable":true,"href":"https:\/\/torkspor.com\/index.php?rest_route=%2Fwp%2Fv2%2Fcomments&post=2533"}],"version-history":[{"count":1,"href":"https:\/\/torkspor.com\/index.php?rest_route=\/wp\/v2\/posts\/2533\/revisions"}],"predecessor-version":[{"id":2536,"href":"https:\/\/torkspor.com\/index.php?rest_route=\/wp\/v2\/posts\/2533\/revisions\/2536"}],"wp:featuredmedia":[{"embeddable":true,"href":"https:\/\/torkspor.com\/index.php?rest_route=\/wp\/v2\/media\/2534"}],"wp:attachment":[{"href":"https:\/\/torkspor.com\/index.php?rest_route=%2Fwp%2Fv2%2Fmedia&parent=2533"}],"wp:term":[{"taxonomy":"category","embeddable":true,"href":"https:\/\/torkspor.com\/index.php?rest_route=%2Fwp%2Fv2%2Fcategories&post=2533"},{"taxonomy":"post_tag","embeddable":true,"href":"https:\/\/torkspor.com\/index.php?rest_route=%2Fwp%2Fv2%2Ftags&post=2533"}],"curies":[{"name":"wp","href":"https:\/\/api.w.org\/{rel}","templated":true}]}}