{"id":2537,"date":"2025-03-04T12:59:28","date_gmt":"2025-03-04T09:59:28","guid":{"rendered":"https:\/\/torkspor.com\/?p=2537"},"modified":"2025-03-04T12:59:32","modified_gmt":"2025-03-04T09:59:32","slug":"2plan-gerceklestirdigi-elektrikli-arac-konferansiyla-sektorun-nabzini-tuttu","status":"publish","type":"post","link":"https:\/\/torkspor.com\/?p=2537","title":{"rendered":"2plan Ger\u00e7ekle\u015ftirdi\u011fi Elektrikli Ara\u00e7 Konferans\u0131yla, Sekt\u00f6r\u00fcn Nabz\u0131n\u0131 Tuttu"},"content":{"rendered":"\n<p><strong><em>Geni\u015f ara\u00e7 se\u00e7enekleri ve premium hizmet kalitesiyle otomotiv sekt\u00f6r\u00fcne yeni bir soluk getiren 2plan, \u201cOtomobil Ya\u015fam Merkezi\u201d konseptli Terminal Etiler merkezinde y\u0131l\u0131n ilk geni\u015f kapsaml\u0131 konferans\u0131na imza att\u0131\u2026<\/em><\/strong><\/p>\n\n\n\n<figure class=\"wp-block-image size-large\"><img fetchpriority=\"high\" decoding=\"async\" width=\"1024\" height=\"683\" src=\"https:\/\/torkspor.com\/wp-content\/uploads\/2025\/03\/2plan-Elektrikli-Arac-Konferansi-Gelecegin-Mobilitesine-Isik-Tuttu-1-1024x683.jpg\" alt=\"\" class=\"wp-image-2538\" srcset=\"https:\/\/torkspor.com\/wp-content\/uploads\/2025\/03\/2plan-Elektrikli-Arac-Konferansi-Gelecegin-Mobilitesine-Isik-Tuttu-1-1024x683.jpg 1024w, https:\/\/torkspor.com\/wp-content\/uploads\/2025\/03\/2plan-Elektrikli-Arac-Konferansi-Gelecegin-Mobilitesine-Isik-Tuttu-1-300x200.jpg 300w, https:\/\/torkspor.com\/wp-content\/uploads\/2025\/03\/2plan-Elektrikli-Arac-Konferansi-Gelecegin-Mobilitesine-Isik-Tuttu-1-768x512.jpg 768w, https:\/\/torkspor.com\/wp-content\/uploads\/2025\/03\/2plan-Elektrikli-Arac-Konferansi-Gelecegin-Mobilitesine-Isik-Tuttu-1-1536x1024.jpg 1536w, https:\/\/torkspor.com\/wp-content\/uploads\/2025\/03\/2plan-Elektrikli-Arac-Konferansi-Gelecegin-Mobilitesine-Isik-Tuttu-1.jpg 1900w\" sizes=\"(max-width: 1024px) 100vw, 1024px\" \/><\/figure>\n\n\n\n<p>\u0130kinci el ara\u00e7 sekt\u00f6r\u00fcnde yenilik\u00e7i \u00e7\u00f6z\u00fcmleriyle dikkat \u00e7eken 2plan, elektrikli ara\u00e7 sekt\u00f6r\u00fcndeki en g\u00fcncel geli\u015fmelerin ele al\u0131nd\u0131\u011f\u0131 2plan Elektrikli Ara\u00e7 Konferans\u0131\u2019n\u0131 ba\u015far\u0131yla ger\u00e7ekle\u015ftirdi. \u201cOtomobil Ya\u015fam Merkezi\u201d konseptiyle otomotive yeni bir bak\u0131\u015f a\u00e7\u0131s\u0131 sunan<strong><em> <\/em><\/strong>2plan Terminal Etiler\u2019de d\u00fczenlenen etkinlik, sekt\u00f6r\u00fcn \u00f6nde gelen isimlerini bir araya getirerek elektrikli ara\u00e7lar\u0131n finansman\u0131, s\u00fcrd\u00fcr\u00fclebilirli\u011fi ve gelece\u011fi gibi kritik konulara \u0131\u015f\u0131k tuttu. 2plan\u2019\u0131n bu y\u0131l ilk kez d\u00fczenledi\u011fi konferans, elektrikli ara\u00e7lara ilgi duyan profesyoneller ve t\u00fcketiciler taraf\u0131ndan b\u00fcy\u00fck ilgiyle takip edildi.<\/p>\n\n\n\n<p>Elektrikli ara\u00e7lar ve \u015farj altyap\u0131lar\u0131 ba\u015fta olmak \u00fczere sekt\u00f6r\u00fcn d\u00f6n\u00fc\u015f\u00fcm s\u00fcrecine odaklanan konferans, alan\u0131nda uzman isimlerin kat\u0131l\u0131m\u0131yla interaktif bir ortam sundu. <strong>Sekt\u00f6rdeki trendlerin ve gelece\u011fe y\u00f6nelik beklentilerin de\u011ferlendirildi\u011fi etkinlik<\/strong>, elektrikli ara\u00e7lar konusundaki soru i\u015faretlerini de masaya yat\u0131rarak \u00f6nemli tart\u0131\u015fmalara ev sahipli\u011fi yapt\u0131.<\/p>\n\n\n\n<p>Etkinlik kapsam\u0131nda kat\u0131l\u0131mc\u0131lar, 2plan Terminal Etiler showroom\u2019unu ziyaret etme f\u0131rsat\u0131 da yakalad\u0131. Modern tasar\u0131m\u0131, m\u00fc\u015fteri odakl\u0131 hizmet anlay\u0131\u015f\u0131 ve 5.000 m\u00b2\u2019lik premium alan\u0131 ile T\u00fcrkiye\u2019de bir ilki ger\u00e7ekle\u015ftiren showroom, klasik ve spor ara\u00e7lar dahil olmak \u00fczere geni\u015f bir model yelpazesiyle b\u00fcy\u00fck be\u011feni toplad\u0131.<\/p>\n\n\n\n<figure class=\"wp-block-image size-large\"><img decoding=\"async\" width=\"1024\" height=\"683\" src=\"https:\/\/torkspor.com\/wp-content\/uploads\/2025\/03\/2plan-Elektrikli-Arac-Konferansi-Gelecegin-Mobilitesine-Isik-Tuttu-3-1024x683.jpg\" alt=\"\" class=\"wp-image-2539\" srcset=\"https:\/\/torkspor.com\/wp-content\/uploads\/2025\/03\/2plan-Elektrikli-Arac-Konferansi-Gelecegin-Mobilitesine-Isik-Tuttu-3-1024x683.jpg 1024w, https:\/\/torkspor.com\/wp-content\/uploads\/2025\/03\/2plan-Elektrikli-Arac-Konferansi-Gelecegin-Mobilitesine-Isik-Tuttu-3-300x200.jpg 300w, https:\/\/torkspor.com\/wp-content\/uploads\/2025\/03\/2plan-Elektrikli-Arac-Konferansi-Gelecegin-Mobilitesine-Isik-Tuttu-3-768x512.jpg 768w, https:\/\/torkspor.com\/wp-content\/uploads\/2025\/03\/2plan-Elektrikli-Arac-Konferansi-Gelecegin-Mobilitesine-Isik-Tuttu-3-1536x1024.jpg 1536w, https:\/\/torkspor.com\/wp-content\/uploads\/2025\/03\/2plan-Elektrikli-Arac-Konferansi-Gelecegin-Mobilitesine-Isik-Tuttu-3.jpg 1800w\" sizes=\"(max-width: 1024px) 100vw, 1024px\" \/><\/figure>\n\n\n\n<p><strong>Konferansa konu\u015fmac\u0131 olarak kat\u0131lan Borusan Otomotiv \u0130cra Kurulu Ba\u015fkan\u0131 Hakan Tiftik, Otoplan Y\u00f6netim Kurulu Ba\u015fkan\u0131 M\u00fcr\u015fit Unat, Geldol ER Elektronik Genel M\u00fcd\u00fcr\u00fc Sencer Aksuner ve Garanti BBVA T\u00fcketici Finansman\u0131 Direkt\u00f6r\u00fc Koray \u00d6ztop\u00e7u, sekt\u00f6r\u00fcn \u00f6nde gelen temsilcileri olarak elektrikli ara\u00e7lar\u0131n mevcut durumu ve gelece\u011fi hakk\u0131nda \u00f6nemli de\u011ferlendirmelerde bulundu. <\/strong>Konferansta, elektrikli ara\u00e7lar\u0131n geli\u015fimi, batarya kullan\u0131m s\u00fcreleri ve ikinci el piyasas\u0131ndaki yeri gibi konular panel kat\u0131l\u0131mc\u0131lar\u0131 taraf\u0131ndan detayl\u0131 bir \u015fekilde ele al\u0131nd\u0131.<\/p>\n\n\n\n<p><strong>\u201cBu konferans\u0131 gelecekte de devam ettirece\u011fiz\u201d<\/strong><\/p>\n\n\n\n<p>Konferans \u00f6ncesinde a\u00e7\u0131klamalarda bulunan 2plan \u0130cra Kurulu Ba\u015fkan\u0131 Orhan \u00dclg\u00fcr, elektrikli ara\u00e7larla ilgili bir\u00e7ok soru ald\u0131klar\u0131n\u0131 belirterek, &#8220;Bu konferans bizim i\u00e7in bir ilk ve gelecekte de otomotiv sekt\u00f6r\u00fcndeki trendlerin konu\u015fuldu\u011fu benzer bulu\u015fmalar\u0131 ger\u00e7ekle\u015ftirmeye devam ettirece\u011fiz.&#8221; dedi.<\/p>\n\n\n\n<figure class=\"wp-block-image size-large is-resized\"><a href=\"https:\/\/www.borusanoto.com\/\"><img decoding=\"async\" width=\"683\" height=\"1024\" src=\"https:\/\/torkspor.com\/wp-content\/uploads\/2025\/03\/Borusan-Otomotiv-Icra-Kurulu-Baskani-Hakan-Tiftik-683x1024.jpg\" alt=\"\" class=\"wp-image-2540\" style=\"width:685px;height:auto\" srcset=\"https:\/\/torkspor.com\/wp-content\/uploads\/2025\/03\/Borusan-Otomotiv-Icra-Kurulu-Baskani-Hakan-Tiftik-683x1024.jpg 683w, https:\/\/torkspor.com\/wp-content\/uploads\/2025\/03\/Borusan-Otomotiv-Icra-Kurulu-Baskani-Hakan-Tiftik-200x300.jpg 200w, https:\/\/torkspor.com\/wp-content\/uploads\/2025\/03\/Borusan-Otomotiv-Icra-Kurulu-Baskani-Hakan-Tiftik-768x1152.jpg 768w, https:\/\/torkspor.com\/wp-content\/uploads\/2025\/03\/Borusan-Otomotiv-Icra-Kurulu-Baskani-Hakan-Tiftik-1024x1536.jpg 1024w, https:\/\/torkspor.com\/wp-content\/uploads\/2025\/03\/Borusan-Otomotiv-Icra-Kurulu-Baskani-Hakan-Tiftik-1365x2048.jpg 1365w, https:\/\/torkspor.com\/wp-content\/uploads\/2025\/03\/Borusan-Otomotiv-Icra-Kurulu-Baskani-Hakan-Tiftik.jpg 1400w\" sizes=\"(max-width: 683px) 100vw, 683px\" \/><\/a><\/figure>\n\n\n\n<p>Borusan Otomotiv \u0130cra Kurulu Ba\u015fkan\u0131 Hakan Tiftik, konferansta yapt\u0131\u011f\u0131 konu\u015fmada, &#8220;Otomotiv sekt\u00f6r\u00fc b\u00fcy\u00fck bir d\u00f6n\u00fc\u015f\u00fcm i\u00e7inde. M\u00fc\u015fteri beklentileri do\u011frultusunda sekt\u00f6r \u015fekilleniyor. Elektrikli ve plug-in hibrit ara\u00e7lar giderek daha \u00e7ekici hale geliyor.&#8221; ifadelerini kulland\u0131.<\/p>\n\n\n\n<figure class=\"wp-block-image size-large\"><img loading=\"lazy\" decoding=\"async\" width=\"683\" height=\"1024\" src=\"https:\/\/torkspor.com\/wp-content\/uploads\/2025\/03\/Otoplan-Yonetim-Kurulu-Baskani-Mursit-Unat-683x1024.jpg\" alt=\"\" class=\"wp-image-2541\" srcset=\"https:\/\/torkspor.com\/wp-content\/uploads\/2025\/03\/Otoplan-Yonetim-Kurulu-Baskani-Mursit-Unat-683x1024.jpg 683w, https:\/\/torkspor.com\/wp-content\/uploads\/2025\/03\/Otoplan-Yonetim-Kurulu-Baskani-Mursit-Unat-200x300.jpg 200w, https:\/\/torkspor.com\/wp-content\/uploads\/2025\/03\/Otoplan-Yonetim-Kurulu-Baskani-Mursit-Unat-768x1152.jpg 768w, https:\/\/torkspor.com\/wp-content\/uploads\/2025\/03\/Otoplan-Yonetim-Kurulu-Baskani-Mursit-Unat-1024x1536.jpg 1024w, https:\/\/torkspor.com\/wp-content\/uploads\/2025\/03\/Otoplan-Yonetim-Kurulu-Baskani-Mursit-Unat-1365x2048.jpg 1365w, https:\/\/torkspor.com\/wp-content\/uploads\/2025\/03\/Otoplan-Yonetim-Kurulu-Baskani-Mursit-Unat.jpg 1400w\" sizes=\"(max-width: 683px) 100vw, 683px\" \/><\/figure>\n\n\n\n<p>Otoplan Y\u00f6netim Kurulu Ba\u015fkan\u0131 M\u00fcr\u015fit Unat ise &#8220;Elektrikli ara\u00e7lara ge\u00e7i\u015f kullan\u0131c\u0131lar i\u00e7in radikal bir karar. En b\u00fcy\u00fck teredd\u00fctlerden biri deneyim eksikli\u011fi. K\u0131sa d\u00f6nem kiralama ve ara\u00e7 payla\u015f\u0131m platformlar\u0131 bu konuda \u00f6nemli bir rol oynayabilir.&#8221; a\u00e7\u0131klamas\u0131nda bulundu.<\/p>\n\n\n\n<figure class=\"wp-block-image size-large\"><img loading=\"lazy\" decoding=\"async\" width=\"1024\" height=\"683\" src=\"https:\/\/torkspor.com\/wp-content\/uploads\/2025\/03\/Geldol-ER-Elektronik-Genel-Muduru-Sencer-Aksuner-1024x683.jpg\" alt=\"\" class=\"wp-image-2542\" srcset=\"https:\/\/torkspor.com\/wp-content\/uploads\/2025\/03\/Geldol-ER-Elektronik-Genel-Muduru-Sencer-Aksuner-1024x683.jpg 1024w, https:\/\/torkspor.com\/wp-content\/uploads\/2025\/03\/Geldol-ER-Elektronik-Genel-Muduru-Sencer-Aksuner-300x200.jpg 300w, https:\/\/torkspor.com\/wp-content\/uploads\/2025\/03\/Geldol-ER-Elektronik-Genel-Muduru-Sencer-Aksuner-768x512.jpg 768w, https:\/\/torkspor.com\/wp-content\/uploads\/2025\/03\/Geldol-ER-Elektronik-Genel-Muduru-Sencer-Aksuner-1536x1024.jpg 1536w, https:\/\/torkspor.com\/wp-content\/uploads\/2025\/03\/Geldol-ER-Elektronik-Genel-Muduru-Sencer-Aksuner-2048x1365.jpg 2048w\" sizes=\"(max-width: 1024px) 100vw, 1024px\" \/><\/figure>\n\n\n\n<p>Geldol ER Elektronik Genel M\u00fcd\u00fcr\u00fc Sencer Aksuner de T\u00fcrkiye\u2019de ev ve i\u015f yerlerindeki \u015farj noktalar\u0131n\u0131n say\u0131s\u0131n\u0131n artmas\u0131 gerekti\u011fine dikkati \u00e7ekerek, \u201cAyr\u0131ca elektrikli ara\u00e7 \u015farj noktalar\u0131n\u0131n i\u00e7ten yanmal\u0131 ara\u00e7lar taraf\u0131ndan i\u015fgal edilmesi ciddi bir sorun. Bu konuda cayd\u0131r\u0131c\u0131 cezalar uygulanmal\u0131.&#8221; ifadelerini kulland\u0131.<\/p>\n\n\n\n<figure class=\"wp-block-image size-large\"><img loading=\"lazy\" decoding=\"async\" width=\"1024\" height=\"683\" src=\"https:\/\/torkspor.com\/wp-content\/uploads\/2025\/03\/Garanti-BBVA-Tuketici-Finansmani-Direktoru-Koray-Oztopcu-1024x683.jpg\" alt=\"\" class=\"wp-image-2543\" srcset=\"https:\/\/torkspor.com\/wp-content\/uploads\/2025\/03\/Garanti-BBVA-Tuketici-Finansmani-Direktoru-Koray-Oztopcu-1024x683.jpg 1024w, https:\/\/torkspor.com\/wp-content\/uploads\/2025\/03\/Garanti-BBVA-Tuketici-Finansmani-Direktoru-Koray-Oztopcu-300x200.jpg 300w, https:\/\/torkspor.com\/wp-content\/uploads\/2025\/03\/Garanti-BBVA-Tuketici-Finansmani-Direktoru-Koray-Oztopcu-768x512.jpg 768w, https:\/\/torkspor.com\/wp-content\/uploads\/2025\/03\/Garanti-BBVA-Tuketici-Finansmani-Direktoru-Koray-Oztopcu-1536x1024.jpg 1536w, https:\/\/torkspor.com\/wp-content\/uploads\/2025\/03\/Garanti-BBVA-Tuketici-Finansmani-Direktoru-Koray-Oztopcu-2048x1366.jpg 2048w\" sizes=\"(max-width: 1024px) 100vw, 1024px\" \/><\/figure>\n\n\n\n<p>Garanti BBVA T\u00fcketici Finansman\u0131 Direkt\u00f6r\u00fc Koray \u00d6ztop\u00e7u ise T\u00fcrkiye\u2019nin 2053 karbon n\u00f6tr hedefi do\u011frultusunda ilerledi\u011fini ve elektrikli ara\u00e7 ekosisteminin b\u00fcy\u00fcmesi i\u00e7in finansal te\u015fviklerin \u00f6nemli bir etken oldu\u011funu dile getirdi.<\/p>\n\n\n\n<p>\u0130kinci el otomotiv sekt\u00f6r\u00fcne yenilik\u00e7i yakla\u015f\u0131mlar sunmaya devam eden 2plan, \u00f6n\u00fcm\u00fczdeki d\u00f6nemde de otomotiv sekt\u00f6r\u00fcne y\u00f6n verecek farkl\u0131 konu ba\u015fl\u0131klar\u0131yla benzer bulu\u015fmalar d\u00fczenlemeyi s\u00fcrd\u00fcrecek.<\/p>\n\n\n\n<p><a href=\"https:\/\/www.2plan.com.tr\">https:\/\/www.2plan.com.tr<\/a><\/p>\n","protected":false},"excerpt":{"rendered":"<p>Geni\u015f ara\u00e7 se\u00e7enekleri ve premium hizmet kalitesiyle otomotiv sekt\u00f6r\u00fcne yeni bir soluk getiren 2plan, \u201cOtomobil Ya\u015fam Merkezi\u201d konseptli Terminal Etiler<\/p>\n","protected":false},"author":2,"featured_media":2544,"comment_status":"open","ping_status":"open","sticky":false,"template":"","format":"standard","meta":{"footnotes":""},"categories":[1,5,140],"tags":[],"class_list":["post-2537","post","type-post","status-publish","format-standard","has-post-thumbnail","hentry","category-genel","category-haberler","category-otomobil"],"magazineBlocksPostFeaturedMedia":{"thumbnail":"https:\/\/torkspor.com\/wp-content\/uploads\/2025\/03\/2plan-Elektrikli-Arac-Konferansi-Gelecegin-Mobilitesine-Isik-Tuttu-2-150x150.jpg","medium":"https:\/\/torkspor.com\/wp-content\/uploads\/2025\/03\/2plan-Elektrikli-Arac-Konferansi-Gelecegin-Mobilitesine-Isik-Tuttu-2-300x208.jpg","medium_large":"https:\/\/torkspor.com\/wp-content\/uploads\/2025\/03\/2plan-Elektrikli-Arac-Konferansi-Gelecegin-Mobilitesine-Isik-Tuttu-2-768x531.jpg","large":"https:\/\/torkspor.com\/wp-content\/uploads\/2025\/03\/2plan-Elektrikli-Arac-Konferansi-Gelecegin-Mobilitesine-Isik-Tuttu-2-1024x709.jpg","1536x1536":"https:\/\/torkspor.com\/wp-content\/uploads\/2025\/03\/2plan-Elektrikli-Arac-Konferansi-Gelecegin-Mobilitesine-Isik-Tuttu-2.jpg","2048x2048":"https:\/\/torkspor.com\/wp-content\/uploads\/2025\/03\/2plan-Elektrikli-Arac-Konferansi-Gelecegin-Mobilitesine-Isik-Tuttu-2.jpg","colormag-highlighted-post":"https:\/\/torkspor.com\/wp-content\/uploads\/2025\/03\/2plan-Elektrikli-Arac-Konferansi-Gelecegin-Mobilitesine-Isik-Tuttu-2-392x272.jpg","colormag-featured-post-medium":"https:\/\/torkspor.com\/wp-content\/uploads\/2025\/03\/2plan-Elektrikli-Arac-Konferansi-Gelecegin-Mobilitesine-Isik-Tuttu-2-390x205.jpg","colormag-featured-post-small":"https:\/\/torkspor.com\/wp-content\/uploads\/2025\/03\/2plan-Elektrikli-Arac-Konferansi-Gelecegin-Mobilitesine-Isik-Tuttu-2-130x90.jpg","colormag-featured-image":"https:\/\/torkspor.com\/wp-content\/uploads\/2025\/03\/2plan-Elektrikli-Arac-Konferansi-Gelecegin-Mobilitesine-Isik-Tuttu-2-800x445.jpg","colormag-default-news":"https:\/\/torkspor.com\/wp-content\/uploads\/2025\/03\/2plan-Elektrikli-Arac-Konferansi-Gelecegin-Mobilitesine-Isik-Tuttu-2-150x150.jpg","colormag-featured-image-large":"https:\/\/torkspor.com\/wp-content\/uploads\/2025\/03\/2plan-Elektrikli-Arac-Konferansi-Gelecegin-Mobilitesine-Isik-Tuttu-2-1400x600.jpg","colormag-elementor-block-extra-large-thumbnail":"https:\/\/torkspor.com\/wp-content\/uploads\/2025\/03\/2plan-Elektrikli-Arac-Konferansi-Gelecegin-Mobilitesine-Isik-Tuttu-2-1155x480.jpg","colormag-elementor-grid-large-thumbnail":"https:\/\/torkspor.com\/wp-content\/uploads\/2025\/03\/2plan-Elektrikli-Arac-Konferansi-Gelecegin-Mobilitesine-Isik-Tuttu-2-600x417.jpg","colormag-elementor-grid-small-thumbnail":"https:\/\/torkspor.com\/wp-content\/uploads\/2025\/03\/2plan-Elektrikli-Arac-Konferansi-Gelecegin-Mobilitesine-Isik-Tuttu-2-285x450.jpg","colormag-elementor-grid-medium-large-thumbnail":"https:\/\/torkspor.com\/wp-content\/uploads\/2025\/03\/2plan-Elektrikli-Arac-Konferansi-Gelecegin-Mobilitesine-Isik-Tuttu-2-575x198.jpg"},"magazineBlocksPostAuthor":{"name":"Okan \u00c7etiner","avatar":"https:\/\/secure.gravatar.com\/avatar\/0b8d387b873c3962ae491deaf4b94a08a9b0dbc2778155c139691933252f8856?s=96&d=mm&r=g"},"magazineBlocksPostCommentsNumber":"0","magazineBlocksPostExcerpt":"Geni\u015f ara\u00e7 se\u00e7enekleri ve premium hizmet kalitesiyle otomotiv sekt\u00f6r\u00fcne yeni bir soluk getiren 2plan, \u201cOtomobil Ya\u015fam Merkezi\u201d konseptli Terminal Etiler","magazineBlocksPostCategories":["Genel","Haberler","otomobil"],"magazine_blocks_featured_image_url":{"full":["https:\/\/torkspor.com\/wp-content\/uploads\/2025\/03\/2plan-Elektrikli-Arac-Konferansi-Gelecegin-Mobilitesine-Isik-Tuttu-2.jpg",1500,1038,false],"medium":["https:\/\/torkspor.com\/wp-content\/uploads\/2025\/03\/2plan-Elektrikli-Arac-Konferansi-Gelecegin-Mobilitesine-Isik-Tuttu-2-300x208.jpg",300,208,true],"thumbnail":["https:\/\/torkspor.com\/wp-content\/uploads\/2025\/03\/2plan-Elektrikli-Arac-Konferansi-Gelecegin-Mobilitesine-Isik-Tuttu-2-150x150.jpg",150,150,true]},"magazine_blocks_author":{"display_name":"Okan \u00c7etiner","author_link":"https:\/\/torkspor.com\/?author=2"},"magazine_blocks_comment":0,"magazine_blocks_author_image":"https:\/\/secure.gravatar.com\/avatar\/0b8d387b873c3962ae491deaf4b94a08a9b0dbc2778155c139691933252f8856?s=96&d=mm&r=g","magazine_blocks_category":"<a href=\"https:\/\/torkspor.com\/?cat=1\" rel=\"category\">Genel<\/a> <a href=\"https:\/\/torkspor.com\/?cat=5\" rel=\"category\">Haberler<\/a> <a href=\"https:\/\/torkspor.com\/?cat=140\" rel=\"category\">otomobil<\/a>","_links":{"self":[{"href":"https:\/\/torkspor.com\/index.php?rest_route=\/wp\/v2\/posts\/2537","targetHints":{"allow":["GET"]}}],"collection":[{"href":"https:\/\/torkspor.com\/index.php?rest_route=\/wp\/v2\/posts"}],"about":[{"href":"https:\/\/torkspor.com\/index.php?rest_route=\/wp\/v2\/types\/post"}],"author":[{"embeddable":true,"href":"https:\/\/torkspor.com\/index.php?rest_route=\/wp\/v2\/users\/2"}],"replies":[{"embeddable":true,"href":"https:\/\/torkspor.com\/index.php?rest_route=%2Fwp%2Fv2%2Fcomments&post=2537"}],"version-history":[{"count":1,"href":"https:\/\/torkspor.com\/index.php?rest_route=\/wp\/v2\/posts\/2537\/revisions"}],"predecessor-version":[{"id":2545,"href":"https:\/\/torkspor.com\/index.php?rest_route=\/wp\/v2\/posts\/2537\/revisions\/2545"}],"wp:featuredmedia":[{"embeddable":true,"href":"https:\/\/torkspor.com\/index.php?rest_route=\/wp\/v2\/media\/2544"}],"wp:attachment":[{"href":"https:\/\/torkspor.com\/index.php?rest_route=%2Fwp%2Fv2%2Fmedia&parent=2537"}],"wp:term":[{"taxonomy":"category","embeddable":true,"href":"https:\/\/torkspor.com\/index.php?rest_route=%2Fwp%2Fv2%2Fcategories&post=2537"},{"taxonomy":"post_tag","embeddable":true,"href":"https:\/\/torkspor.com\/index.php?rest_route=%2Fwp%2Fv2%2Ftags&post=2537"}],"curies":[{"name":"wp","href":"https:\/\/api.w.org\/{rel}","templated":true}]}}