{"id":2558,"date":"2025-03-04T13:26:10","date_gmt":"2025-03-04T10:26:10","guid":{"rendered":"https:\/\/torkspor.com\/?p=2558"},"modified":"2025-03-04T13:26:12","modified_gmt":"2025-03-04T10:26:12","slug":"karsan-ana-hedef-pazarlarindan-italyada-dev-bir-ihaleye-daha-imzasini-atti","status":"publish","type":"post","link":"https:\/\/torkspor.com\/?p=2558","title":{"rendered":"Karsan Ana Hedef Pazarlar\u0131ndan \u0130talya\u2019da Dev Bir \u0130haleye Daha \u0130mzas\u0131n\u0131 Att\u0131!"},"content":{"rendered":"\n<p><strong>\u0130talya\u2019daki Elektrikli Karsan Ara\u00e7 Park\u0131 Y\u0131l Sonunda 300\u2019e Yakla\u015facak!<\/strong> <\/p>\n\n\n\n<p><strong>Toplu ula\u015f\u0131mda bir d\u00fcnya markas\u0131 olma yolunda ilerleyen Karsan, 2025 y\u0131l\u0131na yeni bir ihale ile ba\u015flad\u0131. K\u0131sa bir s\u00fcre \u00f6nce \u0130talya\u2019ya, \u00fclkedeki 250\u2019nci elektrikli arac\u0131n\u0131 teslim eden Karsan, \u015fimdi de Campania b\u00f6lgesinde yeni bir ihale kazanarak s\u00f6zle\u015fme imzalad\u0131. <a>Campania B\u00f6lge \u0130daresi Regione Campania ve toplu ta\u015f\u0131madan sorumlu idaresi ACAMIR ile imzalanan s\u00f6zle\u015fme kapsam\u0131nda<\/a> Karsan, 42 adet y\u00fczde 100 elektrikli e-ATAK\u2019\u0131 y\u0131l sonuna kadar teslim etmeyi hedefliyor. \u0130talya\u2019da bir ihaleyi daha kazanman\u0131n mutlulu\u011funu ya\u015fad\u0131klar\u0131n\u0131 s\u00f6yleyen Karsan CEO\u2019su Okan Ba\u015f, \u201cBu teslimatla Karsan olarak \u0130talya\u2019daki elektrikli ara\u00e7 park\u0131m\u0131z 300 adede yakla\u015facak. Napoli gibi b\u00fcy\u00fck bir \u015fehrin de i\u00e7erisinde bulundu\u011fu bu b\u00f6lgede daha \u00f6nce 8 adet e-ATAK teslimat\u0131 yapm\u0131\u015ft\u0131k. Yeni teslimatlarla birlikte\u00a0 Campania B\u00f6lgesi\u2019ndeki ara\u00e7 park\u0131m\u0131z 50 araca ula\u015facak. Campania b\u00f6lgesi toplu ula\u015f\u0131mda yeni yeni elektrikli ara\u00e7lara ge\u00e7i\u015f yap\u0131yor. Bu s\u00fcre\u00e7te de Karsan e-ATAK\u2019lar\u0131 tercih etmeleri bizim i\u00e7in \u00e7ok gurur verici. \u0130talya\u2019n\u0131n 11 b\u00f6lgesinde yer alan 23 \u015fehrinde, Karsan e-JEST, e-ATAK ve e-ATA modellerimizle toplu ula\u015f\u0131m\u0131n d\u00f6n\u00fc\u015f\u00fcm\u00fcn\u00fc sa\u011flamaktan mutluluk duyuyoruz\u201d dedi.<\/strong><\/p>\n\n\n\n<p><strong>Karsan \u0130talya\u2019n\u0131n Campania B\u00f6lgesinde Toplu Ula\u015f\u0131m\u0131 Elektriklendirecek!<\/strong><\/p>\n\n\n\n<p>Ba\u015fta Avrupa olmak \u00fczere d\u00fcnyan\u0131n ula\u015f\u0131m altyap\u0131s\u0131n\u0131n d\u00f6n\u00fc\u015f\u00fcm\u00fcnde elektrikli ve otonom ara\u00e7lar\u0131yla \u00f6nc\u00fc rol oynayan Karsan, yeni y\u0131la da h\u0131zl\u0131 bir giri\u015f yapt\u0131. \u015eirketin Avrupa\u2019da son 4 y\u0131l\u0131 \u00fcst \u00fcste sat\u0131\u015f lideri olarak kapatan modeli e-ATAK, d\u00fcnya \u00e7ap\u0131ndaki kullan\u0131m alan\u0131 ve ara\u00e7 park\u0131n\u0131 h\u0131zla geni\u015fletmeye devam ediyor. Bu kapsamda Karsan, ana hedef pazarlar\u0131ndan \u0130talya\u2019da yeni bir ihalede daha \u00f6ne \u00e7\u0131kmay\u0131 ba\u015fard\u0131. 8 Ocak\u2019ta \u0130talya\u2019daki 250\u2019nci elektrikli arac\u0131n\u0131 teslim ederek b\u00fcy\u00fck bir kilometre ta\u015f\u0131n\u0131 daha geride b\u0131rakan Karsan, \u00fclkenin Napoli \u015fehrini de i\u00e7ine alan &nbsp;Campania b\u00f6lgesinde yeni bir ihale daha kazand\u0131 ve ilgili anla\u015fmaya imzas\u0131n\u0131 att\u0131.<\/p>\n\n\n\n<figure class=\"wp-block-image size-large\"><img fetchpriority=\"high\" decoding=\"async\" width=\"1024\" height=\"574\" src=\"https:\/\/torkspor.com\/wp-content\/uploads\/2025\/03\/Okan-Bas-1024x574.jpg\" alt=\"\" class=\"wp-image-2559\" srcset=\"https:\/\/torkspor.com\/wp-content\/uploads\/2025\/03\/Okan-Bas-1024x574.jpg 1024w, https:\/\/torkspor.com\/wp-content\/uploads\/2025\/03\/Okan-Bas-300x168.jpg 300w, https:\/\/torkspor.com\/wp-content\/uploads\/2025\/03\/Okan-Bas-768x431.jpg 768w, https:\/\/torkspor.com\/wp-content\/uploads\/2025\/03\/Okan-Bas.jpg 1533w\" sizes=\"(max-width: 1024px) 100vw, 1024px\" \/><\/figure>\n\n\n\n<p><strong>\u0130talya\u2019daki Karsan ara\u00e7 park\u0131 300 araca yakla\u015facak!<\/strong><strong><\/strong><\/p>\n\n\n\n<p>Karsan,&nbsp; Campania, imzalad\u0131\u011f\u0131 s\u00f6zle\u015fme kapsam\u0131nda iki par\u00e7a halinde toplam 42 adet y\u00fczde 100 elektrikli Karsan e-ATAK otob\u00fcs teslimat\u0131 ger\u00e7ekle\u015ftirecek. \u0130talya\u2019n\u0131n \u00e7ok \u00f6nem verdikleri bir pazar oldu\u011funu s\u00f6yleyen <strong>Karsan CEO\u2019su Okan Ba\u015f<\/strong>, \u201cBir ihaleyi daha y\u00fczde 100 bir T\u00fcrk markas\u0131 olarak kazanman\u0131n mutlulu\u011funu ya\u015f\u0131yoruz. 2025 y\u0131l\u0131 sonuna kadar tamamlamay\u0131 planlad\u0131\u011f\u0131m\u0131z teslimatla Karsan olarak \u0130talya\u2019daki elektrikli ara\u00e7 park\u0131m\u0131z 300 adede yakla\u015facak. \u0130ki parti halinde ger\u00e7ekle\u015ftirece\u011fimiz teslimatlarla &nbsp;Campania b\u00f6lgesindeki a\u011f\u0131rl\u0131\u011f\u0131m\u0131z\u0131 b\u00fcy\u00fck \u00f6l\u00e7\u00fcde art\u0131rm\u0131\u015f olaca\u011f\u0131z. Napoli gibi b\u00fcy\u00fck bir \u015fehrin de i\u00e7erisinde bulundu\u011fu bu b\u00f6lgede daha \u00f6nce 8 adet e-ATAK teslimat\u0131 yapm\u0131\u015ft\u0131k. Yeni teslimatlarla birlikte Campania B\u00f6lgesi\u2019ndeki ara\u00e7 park\u0131m\u0131z 50 araca ula\u015facak\u201d dedi. B\u00f6lgenin toplu ula\u015f\u0131mda yeni yeni elektrikli ara\u00e7lara ge\u00e7i\u015f yapt\u0131\u011f\u0131n\u0131 ifade eden <strong>Okan Ba\u015f<\/strong>, \u201cBu s\u00fcre\u00e7te de Karsan e-ATAK\u2019lar\u0131 tercih etmeleri bizim i\u00e7in \u00e7ok gurur verici. B\u00f6lgedeki toplu ta\u015f\u0131mada b\u00fcy\u00fck kolayl\u0131k sa\u011flayacak ara\u00e7lar\u0131m\u0131z, \u00fcst d\u00fczey yolculuk konforu ile oldu\u011fu kadar \u00e7evreci yap\u0131s\u0131yla da \u00f6ne \u00e7\u0131k\u0131yor. K\u0131sa bir s\u00fcre \u00f6nce Floransa B\u00fcy\u00fck\u015fehir Belediyesi\u2019ne 12 adet e-JEST teslimat\u0131 ger\u00e7ekle\u015ftirerek \u00fclkedeki elektrikli ara\u00e7 park\u0131m\u0131z\u0131 250 adede \u00e7\u0131karm\u0131\u015ft\u0131k. \u0130talya\u2019n\u0131n 11 b\u00f6lgesinde yer alan 23 \u015fehrinde, Karsan e-JEST, e-ATAK ve e-ATA modellerimizle toplu ula\u015f\u0131m\u0131n d\u00f6n\u00fc\u015f\u00fcm\u00fcn\u00fc sa\u011flamaktan mutluluk duyoyoruz\u201d diye konu\u015ftu.<\/p>\n\n\n\n<p><strong>H\u0131zl\u0131 \u015farj yetene\u011fi birden fazla seferi m\u00fcmk\u00fcn k\u0131l\u0131yor!<\/strong><strong><\/strong><\/p>\n\n\n\n<p>Yolcu konforunun \u00f6n planda tutulmas\u0131yla tasarlanan Karsan e-ATAK, al\u00e7ak taban\u0131 ile ya\u015fl\u0131lar ve \u00e7ocuklu ailelerin araca ini\u015f ve bini\u015flerini kolayla\u015ft\u0131r\u0131rken, rahat koltuklar\u0131 ve geni\u015f koltuk aras\u0131 mesafesiyle de yolcular\u0131na \u00fcst d\u00fczey bir konfor seviyesi sunuyor. 8 metre uzunlu\u011fu ile \u015fehir i\u00e7i kullan\u0131m\u0131nda avantaj sa\u011flayan Karsan e-ATAK, 52 ki\u015filik yolcu kapasitesiyle dikkat \u00e7ekiyor. 230 kW g\u00fcc\u00fcndeki elektrikli motoru, \u00fcretti\u011fi 2500 nm\u2019lik maksimum tork ile tam y\u00fck alt\u0131nda dik yoku\u015flarla bile arac\u0131n zorlanmadan ilerlemesini sa\u011flarken, 300 kilometreye varan menzil sunuyor. Bataryan\u0131n 3 ile 10 saatte \u015farj edilebilme \u00f6zelli\u011fi de arac\u0131n g\u00fcn i\u00e7erisindeki sefer say\u0131s\u0131n\u0131 art\u0131r\u0131yor.<\/p>\n\n\n\n<p><a><\/a><strong>Karsan Hakk\u0131nda:<\/strong><\/p>\n\n\n\n<p>T\u00fcrk otomotiv sanayinde 58 y\u0131l\u0131 geride b\u0131rakan Karsan, kuruldu\u011fu g\u00fcnden bu yana ticari ara\u00e7 segmentinde kendi markas\u0131 da dahil, d\u00fcnyan\u0131n \u00f6nde gelen markalar\u0131 i\u00e7in modern tesislerinde \u00fcretim yap\u0131yor. 1981 y\u0131l\u0131ndan bu yana ticari ara\u00e7 \u00fcretimi ger\u00e7ekle\u015ftiren Karsan&#8217;\u0131n Bursa Hasana\u011fa\u2019daki fabrikas\u0131 y\u0131lda tek vardiyada ~20 bin ara\u00e7 \u00fcretebilecek yap\u0131ya sahip. Binek ara\u00e7tan a\u011f\u0131r kamyona, minivandan otob\u00fcse kadar her t\u00fcrl\u00fc arac\u0131 \u00fcretebilecek esneklikte tasarlanan Hasana\u011fa Fabrikas\u0131, Bursa \u015fehir merkezine 30 km uzakl\u0131kta olup, 99 bin metrekaresi kapal\u0131 toplam 203 bin metrekarelik bir alan \u00fczerinde yer al\u0131yor.<\/p>\n\n\n\n<p><\/p>\n","protected":false},"excerpt":{"rendered":"<p>\u0130talya\u2019daki Elektrikli Karsan Ara\u00e7 Park\u0131 Y\u0131l Sonunda 300\u2019e Yakla\u015facak! Toplu ula\u015f\u0131mda bir d\u00fcnya markas\u0131 olma yolunda ilerleyen Karsan, 2025 y\u0131l\u0131na<\/p>\n","protected":false},"author":2,"featured_media":2560,"comment_status":"open","ping_status":"open","sticky":false,"template":"","format":"standard","meta":{"footnotes":""},"categories":[1,5,140],"tags":[],"class_list":["post-2558","post","type-post","status-publish","format-standard","has-post-thumbnail","hentry","category-genel","category-haberler","category-otomobil"],"magazineBlocksPostFeaturedMedia":{"thumbnail":"https:\/\/torkspor.com\/wp-content\/uploads\/2025\/03\/Karsan-e-ATAK-150x150.jpg","medium":"https:\/\/torkspor.com\/wp-content\/uploads\/2025\/03\/Karsan-e-ATAK-300x248.jpg","medium_large":"https:\/\/torkspor.com\/wp-content\/uploads\/2025\/03\/Karsan-e-ATAK-768x636.jpg","large":"https:\/\/torkspor.com\/wp-content\/uploads\/2025\/03\/Karsan-e-ATAK.jpg","1536x1536":"https:\/\/torkspor.com\/wp-content\/uploads\/2025\/03\/Karsan-e-ATAK.jpg","2048x2048":"https:\/\/torkspor.com\/wp-content\/uploads\/2025\/03\/Karsan-e-ATAK.jpg","colormag-highlighted-post":"https:\/\/torkspor.com\/wp-content\/uploads\/2025\/03\/Karsan-e-ATAK-392x272.jpg","colormag-featured-post-medium":"https:\/\/torkspor.com\/wp-content\/uploads\/2025\/03\/Karsan-e-ATAK-390x205.jpg","colormag-featured-post-small":"https:\/\/torkspor.com\/wp-content\/uploads\/2025\/03\/Karsan-e-ATAK-130x90.jpg","colormag-featured-image":"https:\/\/torkspor.com\/wp-content\/uploads\/2025\/03\/Karsan-e-ATAK-800x445.jpg","colormag-default-news":"https:\/\/torkspor.com\/wp-content\/uploads\/2025\/03\/Karsan-e-ATAK-150x150.jpg","colormag-featured-image-large":"https:\/\/torkspor.com\/wp-content\/uploads\/2025\/03\/Karsan-e-ATAK-844x600.jpg","colormag-elementor-block-extra-large-thumbnail":"https:\/\/torkspor.com\/wp-content\/uploads\/2025\/03\/Karsan-e-ATAK-844x480.jpg","colormag-elementor-grid-large-thumbnail":"https:\/\/torkspor.com\/wp-content\/uploads\/2025\/03\/Karsan-e-ATAK-600x417.jpg","colormag-elementor-grid-small-thumbnail":"https:\/\/torkspor.com\/wp-content\/uploads\/2025\/03\/Karsan-e-ATAK-285x450.jpg","colormag-elementor-grid-medium-large-thumbnail":"https:\/\/torkspor.com\/wp-content\/uploads\/2025\/03\/Karsan-e-ATAK-575x198.jpg"},"magazineBlocksPostAuthor":{"name":"Okan \u00c7etiner","avatar":"https:\/\/secure.gravatar.com\/avatar\/0b8d387b873c3962ae491deaf4b94a08a9b0dbc2778155c139691933252f8856?s=96&d=mm&r=g"},"magazineBlocksPostCommentsNumber":"0","magazineBlocksPostExcerpt":"\u0130talya\u2019daki Elektrikli Karsan Ara\u00e7 Park\u0131 Y\u0131l Sonunda 300\u2019e Yakla\u015facak! Toplu ula\u015f\u0131mda bir d\u00fcnya markas\u0131 olma yolunda ilerleyen Karsan, 2025 y\u0131l\u0131na","magazineBlocksPostCategories":["Genel","Haberler","otomobil"],"magazine_blocks_featured_image_url":{"full":["https:\/\/torkspor.com\/wp-content\/uploads\/2025\/03\/Karsan-e-ATAK.jpg",844,699,false],"medium":["https:\/\/torkspor.com\/wp-content\/uploads\/2025\/03\/Karsan-e-ATAK-300x248.jpg",300,248,true],"thumbnail":["https:\/\/torkspor.com\/wp-content\/uploads\/2025\/03\/Karsan-e-ATAK-150x150.jpg",150,150,true]},"magazine_blocks_author":{"display_name":"Okan \u00c7etiner","author_link":"https:\/\/torkspor.com\/?author=2"},"magazine_blocks_comment":0,"magazine_blocks_author_image":"https:\/\/secure.gravatar.com\/avatar\/0b8d387b873c3962ae491deaf4b94a08a9b0dbc2778155c139691933252f8856?s=96&d=mm&r=g","magazine_blocks_category":"<a href=\"https:\/\/torkspor.com\/?cat=1\" rel=\"category\">Genel<\/a> <a href=\"https:\/\/torkspor.com\/?cat=5\" rel=\"category\">Haberler<\/a> <a href=\"https:\/\/torkspor.com\/?cat=140\" rel=\"category\">otomobil<\/a>","_links":{"self":[{"href":"https:\/\/torkspor.com\/index.php?rest_route=\/wp\/v2\/posts\/2558","targetHints":{"allow":["GET"]}}],"collection":[{"href":"https:\/\/torkspor.com\/index.php?rest_route=\/wp\/v2\/posts"}],"about":[{"href":"https:\/\/torkspor.com\/index.php?rest_route=\/wp\/v2\/types\/post"}],"author":[{"embeddable":true,"href":"https:\/\/torkspor.com\/index.php?rest_route=\/wp\/v2\/users\/2"}],"replies":[{"embeddable":true,"href":"https:\/\/torkspor.com\/index.php?rest_route=%2Fwp%2Fv2%2Fcomments&post=2558"}],"version-history":[{"count":1,"href":"https:\/\/torkspor.com\/index.php?rest_route=\/wp\/v2\/posts\/2558\/revisions"}],"predecessor-version":[{"id":2561,"href":"https:\/\/torkspor.com\/index.php?rest_route=\/wp\/v2\/posts\/2558\/revisions\/2561"}],"wp:featuredmedia":[{"embeddable":true,"href":"https:\/\/torkspor.com\/index.php?rest_route=\/wp\/v2\/media\/2560"}],"wp:attachment":[{"href":"https:\/\/torkspor.com\/index.php?rest_route=%2Fwp%2Fv2%2Fmedia&parent=2558"}],"wp:term":[{"taxonomy":"category","embeddable":true,"href":"https:\/\/torkspor.com\/index.php?rest_route=%2Fwp%2Fv2%2Fcategories&post=2558"},{"taxonomy":"post_tag","embeddable":true,"href":"https:\/\/torkspor.com\/index.php?rest_route=%2Fwp%2Fv2%2Ftags&post=2558"}],"curies":[{"name":"wp","href":"https:\/\/api.w.org\/{rel}","templated":true}]}}