{"id":2562,"date":"2025-03-04T13:33:26","date_gmt":"2025-03-04T10:33:26","guid":{"rendered":"https:\/\/torkspor.com\/?p=2562"},"modified":"2025-03-04T13:34:11","modified_gmt":"2025-03-04T10:34:11","slug":"osdden-50-yil-guclu-yarinlar-bursu-ile-deprem-bolgesindeki-genclerin-egitimine-destek","status":"publish","type":"post","link":"https:\/\/torkspor.com\/?p=2562","title":{"rendered":"OSD\u2019den 50. Y\u0131l G\u00fc\u00e7l\u00fc Yar\u0131nlar Bursu ile Deprem B\u00f6lgesindeki Gen\u00e7lerin E\u011fitimine Destek!"},"content":{"rendered":"\n<p><strong><em>T\u00fcrkiye otomotiv sanayiine y\u00f6n veren 13 b\u00fcy\u00fck \u00fcyesiyle sekt\u00f6r\u00fcn \u00e7at\u0131 kurulu\u015fu konumunda olan Otomotiv Sanayii Derne\u011fi (OSD), toplumu ve end\u00fcstriyi destekleyici \u00e7al\u0131\u015fmalar\u0131na bir yenisini daha ekledi. T\u00fcrkiye\u2019nin en k\u00f6kl\u00fc sivil toplum kurulu\u015flar\u0131ndan biri olan OSD, 50 y\u0131ld\u0131r otomotiv ekosisteminin geli\u015fmesine olan katk\u0131lar\u0131n\u0131 dayan\u0131\u015fma ve sorumluluk bilinciyle s\u00fcrd\u00fcrmeye devam ediyor. Bu kapsamda, OSD kurulu\u015funun 50. y\u0131l\u0131 vesilesiyle gelece\u011fe anlaml\u0131 bir miras b\u0131rakmak \u00fczere, \u201cOSD 50. Y\u0131l G\u00fc\u00e7l\u00fc Yar\u0131nlar Bursu\u201dnu hayata ge\u00e7irdi. T\u00fcrk E\u011fitim Vakf\u0131 (TEV) b\u00fcnyesinde olu\u015fturulan \u00f6zel fon ile 50 \u00f6\u011frenciye, 4 y\u0131ll\u0131k akademik e\u011fitim s\u00fcresi boyunca e\u011fitim bursu deste\u011fi sa\u011flayacak olan OSD, burs program\u0131 kapsam\u0131nda gen\u00e7lerin e\u011fitimine katk\u0131da bulunman\u0131n yan\u0131 s\u0131ra \u00fclkemize nitelikli insan kayna\u011f\u0131 kazand\u0131rarak otomotiv sanayinin s\u00fcrd\u00fcr\u00fclebilir geli\u015fimine destek olmay\u0131 hedefliyor.<\/em><\/strong><\/p>\n\n\n\n<p>T\u00fcrkiye\u2019nin en k\u00f6kl\u00fc sivil toplum kurulu\u015flar\u0131ndan biri konumunda olan Otomotiv Sanayii Derne\u011fi (OSD<strong>), <\/strong>50 y\u0131ld\u0131r otomotiv ekosisteminin geli\u015fmesine olan katk\u0131lar\u0131n\u0131 dayan\u0131\u015fma ve sorumluluk bilinciyle s\u00fcrd\u00fcrmeye devam<strong> <\/strong>ediyor. Bu kapsamda, OSD kurulu\u015funun 50. y\u0131l\u0131 vesilesiyle gelece\u011fe anlaml\u0131 bir miras b\u0131rakmak \u00fczere, \u201cOSD 50. Y\u0131l G\u00fc\u00e7l\u00fc Yar\u0131nlar Bursu\u201dnu hayata ge\u00e7irdi. T\u00fcrk E\u011fitim Vakf\u0131 (TEV) b\u00fcnyesinde olu\u015fturulan \u00f6zel fon ile 50 \u00f6\u011frenciye, 4 y\u0131ll\u0131k akademik e\u011fitim s\u00fcresi boyunca burs deste\u011fi sa\u011flayacak olan OSD, burs program\u0131 kapsam\u0131nda gen\u00e7lerin e\u011fitimine katk\u0131da bulunman\u0131n yan\u0131 s\u0131ra \u00fclkemize nitelikli insan kayna\u011f\u0131 kazand\u0131rarak otomotiv sanayinin s\u00fcrd\u00fcr\u00fclebilir geli\u015fimine destek olmay\u0131 hedefliyor.<\/p>\n\n\n\n<figure class=\"wp-block-image size-large\"><img fetchpriority=\"high\" decoding=\"async\" width=\"872\" height=\"1024\" src=\"https:\/\/torkspor.com\/wp-content\/uploads\/2025\/03\/OSD-Genel-Sekreteri-Ozlem-Gucluer-1-872x1024.jpg\" alt=\"\" class=\"wp-image-2564\" srcset=\"https:\/\/torkspor.com\/wp-content\/uploads\/2025\/03\/OSD-Genel-Sekreteri-Ozlem-Gucluer-1-872x1024.jpg 872w, https:\/\/torkspor.com\/wp-content\/uploads\/2025\/03\/OSD-Genel-Sekreteri-Ozlem-Gucluer-1-255x300.jpg 255w, https:\/\/torkspor.com\/wp-content\/uploads\/2025\/03\/OSD-Genel-Sekreteri-Ozlem-Gucluer-1-768x902.jpg 768w, https:\/\/torkspor.com\/wp-content\/uploads\/2025\/03\/OSD-Genel-Sekreteri-Ozlem-Gucluer-1-1307x1536.jpg 1307w, https:\/\/torkspor.com\/wp-content\/uploads\/2025\/03\/OSD-Genel-Sekreteri-Ozlem-Gucluer-1-1743x2048.jpg 1743w\" sizes=\"(max-width: 872px) 100vw, 872px\" \/><\/figure>\n\n\n\n<p>OSD\u2019nin yar\u0131m as\u0131rd\u0131r \u00fclkemizde otomotiv sanayiini b\u00fcy\u00fctmek ve rekabet\u00e7ili\u011fini art\u0131rmak amac\u0131yla y\u00fcr\u00fctt\u00fc\u011f\u00fc \u00e7al\u0131\u015fmalarla T\u00fcrkiye otomotiv ekosisteminin s\u00fcrd\u00fcr\u00fclebilir geli\u015fimine \u00f6nc\u00fcl\u00fck etti\u011fini ve bu s\u00fcre\u00e7te bir\u00e7ok ba\u015far\u0131ya imza att\u0131\u011f\u0131n\u0131 vurgulayan <strong>OSD<\/strong><strong> Genel Sekreteri \u00d6zlem G\u00fc\u00e7l\u00fcer, <\/strong>\u201cOtomotiv sanayinin bug\u00fcn ula\u015ft\u0131\u011f\u0131 ba\u015far\u0131l\u0131 seviyede nitelikli i\u015f g\u00fcc\u00fcn\u00fcn pay\u0131 \u00e7ok b\u00fcy\u00fck. E\u011fitime verdikleri \u00f6nem ve i\u015f g\u00fcc\u00fcne yapt\u0131klar\u0131 yat\u0131r\u0131mlar ile t\u00fcm OSD \u00dcyeleri, y\u00fcksek kalitede i\u015f g\u00fcc\u00fcn\u00fcn yeti\u015ftirilmesinde adeta bir okul g\u00f6revi g\u00f6r\u00fcyor. OSD \u00dcyeleri, mesleki e\u011fitimi destekleyen projeleri, kariyer geli\u015fim programlar\u0131 ve sekt\u00f6rdeki yetenekleri ke\u015ffetmeye y\u00f6nelik \u00e7al\u0131\u015fmalarla sadece otomotiv sanayisine de\u011fil, savunma sanayisi ba\u015fta olmak \u00fczere t\u00fcm sanayi kollar\u0131n\u0131n geli\u015fimi i\u00e7in gelece\u011fe yat\u0131r\u0131m yap\u0131yor\u201d dedi.<\/p>\n\n\n\n<p>E\u011fitim hayat\u0131na destek olman\u0131n ve gen\u00e7leri sekt\u00f6re kazand\u0131rman\u0131n, otomotiv sanayisinin s\u00fcrd\u00fcr\u00fclebilir b\u00fcy\u00fcmesi i\u00e7in kritik bir unsur oldu\u011funa inand\u0131klar\u0131n\u0131 belirten G\u00fc\u00e7l\u00fcer, \u201c\u0130ki y\u0131l \u00f6nce, \u00fclkemizi derinden yaralayan ve \u00e7ok say\u0131da vatanda\u015f\u0131m\u0131z\u0131n hayat\u0131n\u0131 kaybetmesine neden olan \u00e7ok b\u00fcy\u00fck bir deprem felaketi ya\u015fad\u0131k. Bu b\u00fcy\u00fck felaketin nesiller boyu s\u00fcrecek olan<\/p>\n\n\n\n<p>etkilerini bir nebze olsun hafifletebilmek ve OSD&#8217;nin 50 y\u0131l\u0131 vesilesiyle anlaml\u0131 bir katk\u0131 sa\u011flamak amac\u0131yla, derne\u011fimizin t\u00fcm \u00fcyelerinin katk\u0131lar\u0131yla depremden etkilenmi\u015f 50 \u00fcniversite ve meslek lisesi \u00f6\u011frencisinin 4 y\u0131ll\u0131k e\u011fitim hayatlar\u0131na destek olmak \u00fczere T\u00fcrk E\u011fitim Vakf\u0131 b\u00fcnyesinde bir burs fonu olu\u015fturduk. \u2018OSD 50. Y\u0131l G\u00fc\u00e7l\u00fc Yar\u0131nlar Bursu\u2019 ad\u0131n\u0131 verdi\u011fimiz bu burs kapsam\u0131nda lisans ve meslek lisesi \u00f6\u011frencisi olmak \u00fczere 50 gencimizin e\u011fitim s\u00fcre\u00e7lerinde birlikte olmay\u0131, onlar\u0131 OSD ailesinin bir par\u00e7as\u0131 haline getirmeyi hedefledik\u201d dedi.<\/p>\n\n\n\n<p>\u201c50. Y\u0131l G\u00fc\u00e7l\u00fc Yar\u0131nlar Bursu\u201dnun yaln\u0131zca maddi destek sa\u011flamakla s\u0131n\u0131rl\u0131 olmad\u0131\u011f\u0131n\u0131 vurgulayan <strong>\u00d6zlem G\u00fc\u00e7l\u00fcer<\/strong>, \u201cBu burs ile gen\u00e7lerimizin i\u015f hayat\u0131na dahil olmas\u0131n\u0131 ve sanayimizin ihtiya\u00e7 duydu\u011fu nitelikli i\u015f g\u00fcc\u00fcn\u00fcn s\u00fcreklili\u011fini sa\u011flama hedefimiz do\u011frultusunda bir ad\u0131m daha atmay\u0131 ama\u00e7l\u0131yoruz. OSD 50. Y\u0131l G\u00fc\u00e7l\u00fc Yar\u0131nlar Bursu, \u00f6\u011frencilere yaln\u0131zca finansal destek sunmakla kalmay\u0131p, onlar\u0131n mesleki geli\u015fimlerine de do\u011frudan katk\u0131 sa\u011flayacak. Bursiyerlerimiz, OSD ve \u00dcye firmalar\u0131m\u0131z\u0131n d\u00fczenledi\u011fi etkinliklere kat\u0131larak sekt\u00f6rdeki geli\u015fmeleri yak\u0131ndan takip edebilecek, mentorl\u00fck ve kariyer geli\u015fim programlar\u0131yla profesyonel hayata g\u00fc\u00e7l\u00fc bir ba\u015flang\u0131\u00e7 yapacak ve sekt\u00f6r profesyonelleriyle bir araya gelecekler. Ayr\u0131ca, \u00fcye firmalar\u0131m\u0131zda staj yapma f\u0131rsat\u0131 bularak teorik bilgilerini pratikle peki\u015ftirme \u015fans\u0131 elde edecek ve OSD Ailesinin bir par\u00e7as\u0131 olarak otomotiv sanayisinin gelece\u011fini \u015fekillendiren bireyler haline gelecekler.\u201d dedi.<\/p>\n\n\n\n<figure class=\"wp-block-image size-large\"><img decoding=\"async\" width=\"1024\" height=\"575\" src=\"https:\/\/torkspor.com\/wp-content\/uploads\/2025\/03\/TEV-Genel-Muduru-Banu-Taskin-1024x575.jpg\" alt=\"\" class=\"wp-image-2565\" srcset=\"https:\/\/torkspor.com\/wp-content\/uploads\/2025\/03\/TEV-Genel-Muduru-Banu-Taskin-1024x575.jpg 1024w, https:\/\/torkspor.com\/wp-content\/uploads\/2025\/03\/TEV-Genel-Muduru-Banu-Taskin-300x168.jpg 300w, https:\/\/torkspor.com\/wp-content\/uploads\/2025\/03\/TEV-Genel-Muduru-Banu-Taskin-768x431.jpg 768w, https:\/\/torkspor.com\/wp-content\/uploads\/2025\/03\/TEV-Genel-Muduru-Banu-Taskin-1536x862.jpg 1536w, https:\/\/torkspor.com\/wp-content\/uploads\/2025\/03\/TEV-Genel-Muduru-Banu-Taskin-2048x1150.jpg 2048w\" sizes=\"(max-width: 1024px) 100vw, 1024px\" \/><\/figure>\n\n\n\n<p><strong>TEV Genel M\u00fcd\u00fcr\u00fc Banu Ta\u015fk\u0131n ise <\/strong>57 y\u0131ld\u0131r e\u011fitimde f\u0131rsat e\u015fitli\u011fini sa\u011flamak amac\u0131yla faaliyet g\u00f6steren T\u00fcrk E\u011fitim Vakf\u0131\u2019n\u0131n kurum i\u015f birliklerine verdi\u011fi \u00f6nemi vurgulayarak, \u201cE\u011fitimde f\u0131rsat e\u015fitli\u011fi yaratmay\u0131 ve gelece\u011fin liderlerine destek olmay\u0131, s\u00fcrd\u00fcr\u00fclebilir kalk\u0131nman\u0131n temel ta\u015flar\u0131ndan biri olarak g\u00f6r\u00fcyoruz. Bu do\u011frultuda Otomotiv Sanayii Derne\u011fi (OSD) ile ger\u00e7ekle\u015ftirdi\u011fimiz i\u015f birli\u011fi, bizim i\u00e7in \u00e7ok de\u011ferli. OSD\u2019nin 50. y\u0131l\u0131 vesilesiyle hayata ge\u00e7irilen &#8216;OSD 50. Y\u0131l G\u00fc\u00e7l\u00fc Yar\u0131nlar Bursu&#8217; ile gen\u00e7lerin e\u011fitim yolculu\u011funa \u0131\u015f\u0131k tutmaktan mutluluk duyuyoruz. Depremden etkilenen \u00f6\u011frencilerin e\u011fitim hayatlar\u0131na katk\u0131da bulunacak bu burs fonunun, \u00fclkemize ve sanayimize nitelikli insan kayna\u011f\u0131 kazand\u0131rma hedefine b\u00fcy\u00fck katk\u0131 sa\u011flayaca\u011f\u0131na inan\u0131yoruz\u201d dedi.<\/p>\n","protected":false},"excerpt":{"rendered":"<p>T\u00fcrkiye otomotiv sanayiine y\u00f6n veren 13 b\u00fcy\u00fck \u00fcyesiyle sekt\u00f6r\u00fcn \u00e7at\u0131 kurulu\u015fu konumunda olan Otomotiv Sanayii Derne\u011fi (OSD), toplumu ve end\u00fcstriyi<\/p>\n","protected":false},"author":2,"featured_media":2566,"comment_status":"open","ping_status":"open","sticky":false,"template":"","format":"standard","meta":{"footnotes":""},"categories":[1,5,140],"tags":[],"class_list":["post-2562","post","type-post","status-publish","format-standard","has-post-thumbnail","hentry","category-genel","category-haberler","category-otomobil"],"magazineBlocksPostFeaturedMedia":{"thumbnail":"https:\/\/torkspor.com\/wp-content\/uploads\/2025\/03\/osd_50.yil_-150x150.jpg","medium":"https:\/\/torkspor.com\/wp-content\/uploads\/2025\/03\/osd_50.yil_-300x300.jpg","medium_large":"https:\/\/torkspor.com\/wp-content\/uploads\/2025\/03\/osd_50.yil_-768x768.jpg","large":"https:\/\/torkspor.com\/wp-content\/uploads\/2025\/03\/osd_50.yil_.jpg","1536x1536":"https:\/\/torkspor.com\/wp-content\/uploads\/2025\/03\/osd_50.yil_.jpg","2048x2048":"https:\/\/torkspor.com\/wp-content\/uploads\/2025\/03\/osd_50.yil_.jpg","colormag-highlighted-post":"https:\/\/torkspor.com\/wp-content\/uploads\/2025\/03\/osd_50.yil_-392x272.jpg","colormag-featured-post-medium":"https:\/\/torkspor.com\/wp-content\/uploads\/2025\/03\/osd_50.yil_-390x205.jpg","colormag-featured-post-small":"https:\/\/torkspor.com\/wp-content\/uploads\/2025\/03\/osd_50.yil_-130x90.jpg","colormag-featured-image":"https:\/\/torkspor.com\/wp-content\/uploads\/2025\/03\/osd_50.yil_-800x445.jpg","colormag-default-news":"https:\/\/torkspor.com\/wp-content\/uploads\/2025\/03\/osd_50.yil_-150x150.jpg","colormag-featured-image-large":"https:\/\/torkspor.com\/wp-content\/uploads\/2025\/03\/osd_50.yil_-800x600.jpg","colormag-elementor-block-extra-large-thumbnail":"https:\/\/torkspor.com\/wp-content\/uploads\/2025\/03\/osd_50.yil_-800x480.jpg","colormag-elementor-grid-large-thumbnail":"https:\/\/torkspor.com\/wp-content\/uploads\/2025\/03\/osd_50.yil_-600x417.jpg","colormag-elementor-grid-small-thumbnail":"https:\/\/torkspor.com\/wp-content\/uploads\/2025\/03\/osd_50.yil_-285x450.jpg","colormag-elementor-grid-medium-large-thumbnail":"https:\/\/torkspor.com\/wp-content\/uploads\/2025\/03\/osd_50.yil_-575x198.jpg"},"magazineBlocksPostAuthor":{"name":"Okan \u00c7etiner","avatar":"https:\/\/secure.gravatar.com\/avatar\/0b8d387b873c3962ae491deaf4b94a08a9b0dbc2778155c139691933252f8856?s=96&d=mm&r=g"},"magazineBlocksPostCommentsNumber":"0","magazineBlocksPostExcerpt":"T\u00fcrkiye otomotiv sanayiine y\u00f6n veren 13 b\u00fcy\u00fck \u00fcyesiyle sekt\u00f6r\u00fcn \u00e7at\u0131 kurulu\u015fu konumunda olan Otomotiv Sanayii Derne\u011fi (OSD), toplumu ve end\u00fcstriyi","magazineBlocksPostCategories":["Genel","Haberler","otomobil"],"magazine_blocks_featured_image_url":{"full":["https:\/\/torkspor.com\/wp-content\/uploads\/2025\/03\/osd_50.yil_.jpg",800,800,false],"medium":["https:\/\/torkspor.com\/wp-content\/uploads\/2025\/03\/osd_50.yil_-300x300.jpg",300,300,true],"thumbnail":["https:\/\/torkspor.com\/wp-content\/uploads\/2025\/03\/osd_50.yil_-150x150.jpg",150,150,true]},"magazine_blocks_author":{"display_name":"Okan \u00c7etiner","author_link":"https:\/\/torkspor.com\/?author=2"},"magazine_blocks_comment":0,"magazine_blocks_author_image":"https:\/\/secure.gravatar.com\/avatar\/0b8d387b873c3962ae491deaf4b94a08a9b0dbc2778155c139691933252f8856?s=96&d=mm&r=g","magazine_blocks_category":"<a href=\"https:\/\/torkspor.com\/?cat=1\" rel=\"category\">Genel<\/a> <a href=\"https:\/\/torkspor.com\/?cat=5\" rel=\"category\">Haberler<\/a> <a href=\"https:\/\/torkspor.com\/?cat=140\" rel=\"category\">otomobil<\/a>","_links":{"self":[{"href":"https:\/\/torkspor.com\/index.php?rest_route=\/wp\/v2\/posts\/2562","targetHints":{"allow":["GET"]}}],"collection":[{"href":"https:\/\/torkspor.com\/index.php?rest_route=\/wp\/v2\/posts"}],"about":[{"href":"https:\/\/torkspor.com\/index.php?rest_route=\/wp\/v2\/types\/post"}],"author":[{"embeddable":true,"href":"https:\/\/torkspor.com\/index.php?rest_route=\/wp\/v2\/users\/2"}],"replies":[{"embeddable":true,"href":"https:\/\/torkspor.com\/index.php?rest_route=%2Fwp%2Fv2%2Fcomments&post=2562"}],"version-history":[{"count":1,"href":"https:\/\/torkspor.com\/index.php?rest_route=\/wp\/v2\/posts\/2562\/revisions"}],"predecessor-version":[{"id":2567,"href":"https:\/\/torkspor.com\/index.php?rest_route=\/wp\/v2\/posts\/2562\/revisions\/2567"}],"wp:featuredmedia":[{"embeddable":true,"href":"https:\/\/torkspor.com\/index.php?rest_route=\/wp\/v2\/media\/2566"}],"wp:attachment":[{"href":"https:\/\/torkspor.com\/index.php?rest_route=%2Fwp%2Fv2%2Fmedia&parent=2562"}],"wp:term":[{"taxonomy":"category","embeddable":true,"href":"https:\/\/torkspor.com\/index.php?rest_route=%2Fwp%2Fv2%2Fcategories&post=2562"},{"taxonomy":"post_tag","embeddable":true,"href":"https:\/\/torkspor.com\/index.php?rest_route=%2Fwp%2Fv2%2Ftags&post=2562"}],"curies":[{"name":"wp","href":"https:\/\/api.w.org\/{rel}","templated":true}]}}