{"id":2568,"date":"2025-03-06T14:58:04","date_gmt":"2025-03-06T11:58:04","guid":{"rendered":"https:\/\/torkspor.com\/?p=2568"},"modified":"2025-03-06T15:03:27","modified_gmt":"2025-03-06T12:03:27","slug":"erciyes-dunya-kar-motosikleti-sampiyonasina-ikinci-kez-ev-sahipligi-yapacak","status":"publish","type":"post","link":"https:\/\/torkspor.com\/?p=2568","title":{"rendered":"Erciyes, D\u00fcnya Kar Motosikleti \u015eampiyonas\u0131\u2019na ikinci kez ev sahipli\u011fi yapacak"},"content":{"rendered":"\n<p><strong><em>Erciyes Kayak Merkezi, 2025 D\u00fcnya Kar Motosikleti \u015eampiyonas\u0131\u2019na ikinci kez ev sahipli\u011fi yapacak. Ge\u00e7en y\u0131l T\u00fcrkiye\u2019de ilk kez d\u00fczenlenen \u015fampiyonada 850 milyon ki\u015fiye ula\u015f\u0131l\u0131rken, bu y\u0131l global etki daha da b\u00fcy\u00fcyecek ve 86 \u00fclkeye ula\u015facak. Erciyes, 41 pisti ve 112 kilometre pist uzunlu\u011fuyla T\u00fcrkiye&#8217;nin en b\u00fcy\u00fck kayak merkezi olarak dikkat \u00e7ekiyor. Kayseri B\u00fcy\u00fck\u015fehir Belediye Ba\u015fkan\u0131 Dr. Memduh B\u00fcy\u00fckk\u0131l\u0131\u00e7, Erciyes&#8217;in g\u00fcvenli kayak merkezi sertifikas\u0131na sahip tek T\u00fcrk tesisi oldu\u011funu belirterek, bu y\u0131l 3 milyon ziyaret\u00e7i hedeflediklerini ifade etti.<\/em><\/strong><\/p>\n\n\n\n<figure class=\"wp-block-embed is-type-video is-provider-youtube wp-block-embed-youtube wp-embed-aspect-16-9 wp-has-aspect-ratio\"><div class=\"wp-block-embed__wrapper\">\n<iframe title=\"D\u00fcnya Kar Motosikleti \u015eampiyonas\u0131 #Erciyes\" width=\"800\" height=\"450\" src=\"https:\/\/www.youtube.com\/embed\/kKT-NMRX3ak?feature=oembed\" frameborder=\"0\" allow=\"accelerometer; autoplay; clipboard-write; encrypted-media; gyroscope; picture-in-picture; web-share\" referrerpolicy=\"strict-origin-when-cross-origin\" allowfullscreen><\/iframe>\n<\/div><\/figure>\n\n\n\n<figure class=\"wp-block-image size-large\"><img fetchpriority=\"high\" decoding=\"async\" width=\"1024\" height=\"604\" src=\"https:\/\/torkspor.com\/wp-content\/uploads\/2025\/03\/Erciyes-Dunya-Kar-Motosikleti-Sampiyonasina-ikinci-kez-ev-sahipligi-yapacak-3-1024x604.jpg\" alt=\"\" class=\"wp-image-2570\" srcset=\"https:\/\/torkspor.com\/wp-content\/uploads\/2025\/03\/Erciyes-Dunya-Kar-Motosikleti-Sampiyonasina-ikinci-kez-ev-sahipligi-yapacak-3-1024x604.jpg 1024w, https:\/\/torkspor.com\/wp-content\/uploads\/2025\/03\/Erciyes-Dunya-Kar-Motosikleti-Sampiyonasina-ikinci-kez-ev-sahipligi-yapacak-3-300x177.jpg 300w, https:\/\/torkspor.com\/wp-content\/uploads\/2025\/03\/Erciyes-Dunya-Kar-Motosikleti-Sampiyonasina-ikinci-kez-ev-sahipligi-yapacak-3-768x453.jpg 768w, https:\/\/torkspor.com\/wp-content\/uploads\/2025\/03\/Erciyes-Dunya-Kar-Motosikleti-Sampiyonasina-ikinci-kez-ev-sahipligi-yapacak-3.jpg 1352w\" sizes=\"(max-width: 1024px) 100vw, 1024px\" \/><\/figure>\n\n\n\n<p><strong>2025 D\u00fcnya Kar Motosikleti \u015eampiyonas\u0131, T\u00fcrkiye\u2019den 86 \u00fclkeye yay\u0131lacak<\/strong><\/p>\n\n\n\n<p>Erciyes Kayak Merkezi, 2025 D\u00fcnya Kar Motosikleti \u015eampiyonas\u0131\u2019na ikinci kez ev sahipli\u011fi yapacak. Ge\u00e7en y\u0131l T\u00fcrkiye\u2019de ilk kez d\u00fczenlenen \u015fampiyonada 850 milyon ki\u015fiye ula\u015f\u0131l\u0131rken, bu y\u0131l global etki daha da b\u00fcy\u00fcyecek ve 86 \u00fclkeye ula\u015facak. Erciyes, 41 pisti ve 112 kilometre pist uzunlu\u011fuyla T\u00fcrkiye&#8217;nin en b\u00fcy\u00fck kayak merkezi olarak dikkat \u00e7ekiyor. Kayseri B\u00fcy\u00fck\u015fehir Belediye Ba\u015fkan\u0131 Dr. Memduh B\u00fcy\u00fckk\u0131l\u0131\u00e7, Erciyes&#8217;in g\u00fcvenli kayak merkezi sertifikas\u0131na sahip tek T\u00fcrk tesisi oldu\u011funu belirterek, bu y\u0131l 3 milyon ziyaret\u00e7i hedeflediklerini ifade etti.<\/p>\n\n\n\n<p>T\u00fcrkiye&#8217;nin kayak merkezi ve k\u0131\u015f sporlar\u0131n\u0131n zirve noktas\u0131 Erciyes, 2025 D\u00fcnya Kar Motosikleti \u015eampiyonas\u0131\u2019na T\u00fcrkiye Motosiklet Federasyonu deste\u011fiyle\u00a0 ikinci kez ev sahipli\u011fi yapmaya haz\u0131rlan\u0131yor. Ge\u00e7en y\u0131l b\u00fcy\u00fck bir ba\u015far\u0131ya imza atarak T\u00fcrkiye\u2019de ilk kez d\u00fczenlenen \u015fampiyonaya 850 milyon ki\u015fi ula\u015f\u0131rken, bu y\u0131l organizasyonun global etkisi \u00e7ok daha geni\u015fleyecek. Erciyes, 2025\u2019te 86 \u00fclkeye ula\u015facak bu prestijli etkinli\u011fin merkezi olacak.<\/p>\n\n\n\n<figure class=\"wp-block-image size-large\"><img decoding=\"async\" width=\"1024\" height=\"683\" src=\"https:\/\/torkspor.com\/wp-content\/uploads\/2025\/03\/Kayseri-Buyuksehir-Belediye-Baskani-Dr.-Memduh-Buyukkilic-1024x683.jpeg\" alt=\"\" class=\"wp-image-2571\" srcset=\"https:\/\/torkspor.com\/wp-content\/uploads\/2025\/03\/Kayseri-Buyuksehir-Belediye-Baskani-Dr.-Memduh-Buyukkilic-1024x683.jpeg 1024w, https:\/\/torkspor.com\/wp-content\/uploads\/2025\/03\/Kayseri-Buyuksehir-Belediye-Baskani-Dr.-Memduh-Buyukkilic-300x200.jpeg 300w, https:\/\/torkspor.com\/wp-content\/uploads\/2025\/03\/Kayseri-Buyuksehir-Belediye-Baskani-Dr.-Memduh-Buyukkilic-768x512.jpeg 768w, https:\/\/torkspor.com\/wp-content\/uploads\/2025\/03\/Kayseri-Buyuksehir-Belediye-Baskani-Dr.-Memduh-Buyukkilic.jpeg 1536w\" sizes=\"(max-width: 1024px) 100vw, 1024px\" \/><\/figure>\n\n\n\n<p><strong>T\u00dcRK\u0130YE\u2019N\u0130N Y\u00dcKSELEN DE\u011eER\u0130 ERC\u0130YES KAYAK MERKEZ\u0130<\/strong><\/p>\n\n\n\n<p>Kayseri B\u00fcy\u00fck\u015fehir Belediye Ba\u015fkan\u0131 Dr. Memduh B\u00fcy\u00fckk\u0131l\u0131\u00e7\u2019\u0131n \u00f6nc\u00fcl\u00fc\u011f\u00fcnde Erciyes Kayak Merkezi, yaln\u0131zca T\u00fcrkiye\u2019nin de\u011fil, b\u00f6lgenin de en b\u00fcy\u00fck ve geli\u015fmi\u015f kayak merkezi olarak dikkat \u00e7ekiyor. 41 pisti, 112 kilometre pist uzunlu\u011fu ve 26 milyon metrekarelik geni\u015f alan\u0131yla Erciyes, d\u00fcnya \u00e7ap\u0131nda kayak severlerin ilgisini \u00e7ekiyor. Ge\u00e7en y\u0131lki \u015fampiyonada 2,5 milyon kayak severi a\u011f\u0131rlayan Erciyes, bu y\u0131l 3 milyon ziyaret\u00e7i hedefliyor.<\/p>\n\n\n\n<p>Kayseri B\u00fcy\u00fck\u015fehir Belediye Ba\u015fkan\u0131 Dr. Memduh B\u00fcy\u00fckk\u0131l\u0131\u00e7 &#8220;Erciyes, g\u00fcvenli kayak merkezi sertifikas\u0131na sahip tek T\u00fcrk tesisi olarak, ayn\u0131 zamanda d\u00fcnyan\u0131n ilk ICAR \u00fcyesi kayak merkezi unvan\u0131n\u0131 ta\u015f\u0131yor. Hem kayak severlerin hem de sporcular\u0131n g\u00fcvenli\u011fi ve konforu bizim i\u00e7in \u00f6n planda&#8221; dedi.<\/p>\n\n\n\n<figure class=\"wp-block-image size-large\"><img decoding=\"async\" width=\"1024\" height=\"633\" src=\"https:\/\/torkspor.com\/wp-content\/uploads\/2025\/03\/Erciyes-Dunya-Kar-Motosikleti-Sampiyonasina-ikinci-kez-ev-sahipligi-yapacak-4-1024x633.jpg\" alt=\"\" class=\"wp-image-2572\" srcset=\"https:\/\/torkspor.com\/wp-content\/uploads\/2025\/03\/Erciyes-Dunya-Kar-Motosikleti-Sampiyonasina-ikinci-kez-ev-sahipligi-yapacak-4-1024x633.jpg 1024w, https:\/\/torkspor.com\/wp-content\/uploads\/2025\/03\/Erciyes-Dunya-Kar-Motosikleti-Sampiyonasina-ikinci-kez-ev-sahipligi-yapacak-4-300x185.jpg 300w, https:\/\/torkspor.com\/wp-content\/uploads\/2025\/03\/Erciyes-Dunya-Kar-Motosikleti-Sampiyonasina-ikinci-kez-ev-sahipligi-yapacak-4-768x474.jpg 768w, https:\/\/torkspor.com\/wp-content\/uploads\/2025\/03\/Erciyes-Dunya-Kar-Motosikleti-Sampiyonasina-ikinci-kez-ev-sahipligi-yapacak-4-1536x949.jpg 1536w, https:\/\/torkspor.com\/wp-content\/uploads\/2025\/03\/Erciyes-Dunya-Kar-Motosikleti-Sampiyonasina-ikinci-kez-ev-sahipligi-yapacak-4-2048x1265.jpg 2048w\" sizes=\"(max-width: 1024px) 100vw, 1024px\" \/><\/figure>\n\n\n\n<p><strong>ERC\u0130YES\u2019\u0130N Z\u0130RVES\u0130NDE B\u0130R D\u00dcNYA ETK\u0130NL\u0130\u011e\u0130<\/strong><\/p>\n\n\n\n<p>2011\u2019den bu yana d\u00fczenlenen D\u00fcnya Kar Motosikleti \u015eampiyonas\u0131, kayak sporlar\u0131n\u0131n \u00f6nde gelen isimlerini ve kar motosikleti tutkunlar\u0131n\u0131 bir araya getiriyor. Ge\u00e7ti\u011fimiz y\u0131l T\u00fcrkiye\u2019de ilk kez Erciyes\u2019te yap\u0131lan ve T\u00fcrkiye Motosiklet Federasyonu deste\u011fiyle\u00a0 ger\u00e7ekle\u015ftirilen organizasyon, d\u00fcnya \u00e7ap\u0131nda b\u00fcy\u00fck yank\u0131 uyand\u0131rm\u0131\u015f ve televizyon, internet ve sosyal medya arac\u0131l\u0131\u011f\u0131yla 850 milyon ki\u015fiye ula\u015fm\u0131\u015ft\u0131. Bu y\u0131l, \u015fampiyona Finlandiya, \u0130sve\u00e7 ve T\u00fcrkiye&#8217;de ger\u00e7ekle\u015ftiriliyor. Erciyes, \u015fampiyonan\u0131n ikinci aya\u011f\u0131na ev sahipli\u011fi yapacak ve d\u00fcnya \u00e7ap\u0131nda 12 \u00fclkeden 40\u2019a yak\u0131n kar motosikleti sporcusu, 15-16 Mart 2025 tarihlerinde kayak pistlerinde k\u0131yas\u0131ya m\u00fccadele edecek. Erciyes Kayak Merkezi, sadece kayak tutkunlar\u0131n\u0131 de\u011fil, ayn\u0131 zamanda uluslararas\u0131 organizasyonlar\u0131 da kendine \u00e7ekiyor. Ge\u00e7en y\u0131lki \u015fampiyonan\u0131n ard\u0131ndan 2025 \u015fampiyonas\u0131, T\u00fcrkiye&#8217;nin uluslararas\u0131 tan\u0131t\u0131m\u0131na \u00f6nemli bir katk\u0131 sa\u011flayacak. Kayseri B\u00fcy\u00fck\u015fehir Belediyesi&#8217;nin yat\u0131r\u0131mlar\u0131yla g\u00fc\u00e7lenen Erciyes, her ge\u00e7en y\u0131l daha fazla turistin ilgisini \u00e7ekiyor ve b\u00f6lgesel ekonomiye \u00f6nemli katk\u0131lar sunuyor.<\/p>\n\n\n\n<p>Erciyes Kayak Merkezi, T\u00fcrkiye&#8217;nin sadece en b\u00fcy\u00fck kayak merkezi olmakla kalm\u0131yor, ayn\u0131 zamanda g\u00fcvenli turizm anlay\u0131\u015f\u0131yla da d\u00fcnya standartlar\u0131nda hizmet veriyor. Her y\u0131l d\u00fczenlenen etkinliklerle, T\u00fcrkiye&#8217;nin k\u0131\u015f turizmi sekt\u00f6r\u00fc global \u00f6l\u00e7ekte dikkat \u00e7ekiyor ve b\u00f6lge ekonomisine ciddi katk\u0131lar sa\u011fl\u0131yor. Bu y\u0131l d\u00fczenlenecek D\u00fcnya Kar Motosikleti \u015eampiyonas\u0131, Erciyes\u2019in d\u00fcnya \u00e7ap\u0131ndaki y\u00fckseli\u015fine \u00f6nemli bir ad\u0131m atmas\u0131na katk\u0131 sa\u011flayacak.<\/p>\n\n\n\n<figure class=\"wp-block-embed is-type-wp-embed is-provider-wcdc wp-block-embed-wcdc\"><div class=\"wp-block-embed__wrapper\">\n<blockquote class=\"wp-embedded-content\" data-secret=\"aThv3T2ugw\"><a href=\"https:\/\/derbycomplex.com\/\">World Championship Derby Complex<\/a><\/blockquote><iframe class=\"wp-embedded-content\" sandbox=\"allow-scripts\" security=\"restricted\" style=\"position: absolute; visibility: hidden;\" title=\"&#8220;World Championship Derby Complex&#8221; &#8212; WCDC\" src=\"https:\/\/derbycomplex.com\/embed\/#?secret=O1LDWOKYcR#?secret=aThv3T2ugw\" data-secret=\"aThv3T2ugw\" width=\"600\" height=\"338\" frameborder=\"0\" marginwidth=\"0\" marginheight=\"0\" scrolling=\"no\"><\/iframe>\n<\/div><\/figure>\n\n\n\n<p><a href=\"https:\/\/www.kayseri.bel.tr\/\">https:\/\/www.kayseri.bel.tr\/<\/a><\/p>\n\n\n\n<p><a href=\"https:\/\/www.tmf.org.tr\/\">https:\/\/www.tmf.org.tr\/<\/a><\/p>\n\n\n\n<p><br><\/p>\n\n\n\n<p><\/p>\n","protected":false},"excerpt":{"rendered":"<p>Erciyes Kayak Merkezi, 2025 D\u00fcnya Kar Motosikleti \u015eampiyonas\u0131\u2019na ikinci kez ev sahipli\u011fi yapacak. Ge\u00e7en y\u0131l T\u00fcrkiye\u2019de ilk kez d\u00fczenlenen \u015fampiyonada<\/p>\n","protected":false},"author":2,"featured_media":2569,"comment_status":"open","ping_status":"open","sticky":false,"template":"","format":"standard","meta":{"footnotes":""},"categories":[14,1,5,252],"tags":[349],"class_list":["post-2568","post","type-post","status-publish","format-standard","has-post-thumbnail","hentry","category-dunya","category-genel","category-haberler","category-motosiklet","tag-tmf"],"magazineBlocksPostFeaturedMedia":{"thumbnail":"https:\/\/torkspor.com\/wp-content\/uploads\/2025\/03\/Erciyes-Dunya-Kar-Motosikleti-Sampiyonasina-ikinci-kez-ev-sahipligi-yapacak-2-150x150.jpg","medium":"https:\/\/torkspor.com\/wp-content\/uploads\/2025\/03\/Erciyes-Dunya-Kar-Motosikleti-Sampiyonasina-ikinci-kez-ev-sahipligi-yapacak-2-300x200.jpg","medium_large":"https:\/\/torkspor.com\/wp-content\/uploads\/2025\/03\/Erciyes-Dunya-Kar-Motosikleti-Sampiyonasina-ikinci-kez-ev-sahipligi-yapacak-2-768x512.jpg","large":"https:\/\/torkspor.com\/wp-content\/uploads\/2025\/03\/Erciyes-Dunya-Kar-Motosikleti-Sampiyonasina-ikinci-kez-ev-sahipligi-yapacak-2-1024x682.jpg","1536x1536":"https:\/\/torkspor.com\/wp-content\/uploads\/2025\/03\/Erciyes-Dunya-Kar-Motosikleti-Sampiyonasina-ikinci-kez-ev-sahipligi-yapacak-2.jpg","2048x2048":"https:\/\/torkspor.com\/wp-content\/uploads\/2025\/03\/Erciyes-Dunya-Kar-Motosikleti-Sampiyonasina-ikinci-kez-ev-sahipligi-yapacak-2.jpg","colormag-highlighted-post":"https:\/\/torkspor.com\/wp-content\/uploads\/2025\/03\/Erciyes-Dunya-Kar-Motosikleti-Sampiyonasina-ikinci-kez-ev-sahipligi-yapacak-2-392x272.jpg","colormag-featured-post-medium":"https:\/\/torkspor.com\/wp-content\/uploads\/2025\/03\/Erciyes-Dunya-Kar-Motosikleti-Sampiyonasina-ikinci-kez-ev-sahipligi-yapacak-2-390x205.jpg","colormag-featured-post-small":"https:\/\/torkspor.com\/wp-content\/uploads\/2025\/03\/Erciyes-Dunya-Kar-Motosikleti-Sampiyonasina-ikinci-kez-ev-sahipligi-yapacak-2-130x90.jpg","colormag-featured-image":"https:\/\/torkspor.com\/wp-content\/uploads\/2025\/03\/Erciyes-Dunya-Kar-Motosikleti-Sampiyonasina-ikinci-kez-ev-sahipligi-yapacak-2-800x445.jpg","colormag-default-news":"https:\/\/torkspor.com\/wp-content\/uploads\/2025\/03\/Erciyes-Dunya-Kar-Motosikleti-Sampiyonasina-ikinci-kez-ev-sahipligi-yapacak-2-150x150.jpg","colormag-featured-image-large":"https:\/\/torkspor.com\/wp-content\/uploads\/2025\/03\/Erciyes-Dunya-Kar-Motosikleti-Sampiyonasina-ikinci-kez-ev-sahipligi-yapacak-2-1400x600.jpg","colormag-elementor-block-extra-large-thumbnail":"https:\/\/torkspor.com\/wp-content\/uploads\/2025\/03\/Erciyes-Dunya-Kar-Motosikleti-Sampiyonasina-ikinci-kez-ev-sahipligi-yapacak-2-1155x480.jpg","colormag-elementor-grid-large-thumbnail":"https:\/\/torkspor.com\/wp-content\/uploads\/2025\/03\/Erciyes-Dunya-Kar-Motosikleti-Sampiyonasina-ikinci-kez-ev-sahipligi-yapacak-2-600x417.jpg","colormag-elementor-grid-small-thumbnail":"https:\/\/torkspor.com\/wp-content\/uploads\/2025\/03\/Erciyes-Dunya-Kar-Motosikleti-Sampiyonasina-ikinci-kez-ev-sahipligi-yapacak-2-285x450.jpg","colormag-elementor-grid-medium-large-thumbnail":"https:\/\/torkspor.com\/wp-content\/uploads\/2025\/03\/Erciyes-Dunya-Kar-Motosikleti-Sampiyonasina-ikinci-kez-ev-sahipligi-yapacak-2-575x198.jpg"},"magazineBlocksPostAuthor":{"name":"Okan \u00c7etiner","avatar":"https:\/\/secure.gravatar.com\/avatar\/0b8d387b873c3962ae491deaf4b94a08a9b0dbc2778155c139691933252f8856?s=96&d=mm&r=g"},"magazineBlocksPostCommentsNumber":"0","magazineBlocksPostExcerpt":"Erciyes Kayak Merkezi, 2025 D\u00fcnya Kar Motosikleti \u015eampiyonas\u0131\u2019na ikinci kez ev sahipli\u011fi yapacak. Ge\u00e7en y\u0131l T\u00fcrkiye\u2019de ilk kez d\u00fczenlenen \u015fampiyonada","magazineBlocksPostCategories":["D\u00fcnya","Genel","Haberler","Motosiklet"],"magazine_blocks_featured_image_url":{"full":["https:\/\/torkspor.com\/wp-content\/uploads\/2025\/03\/Erciyes-Dunya-Kar-Motosikleti-Sampiyonasina-ikinci-kez-ev-sahipligi-yapacak-2.jpg",1511,1007,false],"medium":["https:\/\/torkspor.com\/wp-content\/uploads\/2025\/03\/Erciyes-Dunya-Kar-Motosikleti-Sampiyonasina-ikinci-kez-ev-sahipligi-yapacak-2-300x200.jpg",300,200,true],"thumbnail":["https:\/\/torkspor.com\/wp-content\/uploads\/2025\/03\/Erciyes-Dunya-Kar-Motosikleti-Sampiyonasina-ikinci-kez-ev-sahipligi-yapacak-2-150x150.jpg",150,150,true]},"magazine_blocks_author":{"display_name":"Okan \u00c7etiner","author_link":"https:\/\/torkspor.com\/?author=2"},"magazine_blocks_comment":0,"magazine_blocks_author_image":"https:\/\/secure.gravatar.com\/avatar\/0b8d387b873c3962ae491deaf4b94a08a9b0dbc2778155c139691933252f8856?s=96&d=mm&r=g","magazine_blocks_category":"<a href=\"https:\/\/torkspor.com\/?cat=14\" rel=\"category\">D\u00fcnya<\/a> <a href=\"https:\/\/torkspor.com\/?cat=1\" rel=\"category\">Genel<\/a> <a href=\"https:\/\/torkspor.com\/?cat=5\" rel=\"category\">Haberler<\/a> <a href=\"https:\/\/torkspor.com\/?cat=252\" rel=\"category\">Motosiklet<\/a>","_links":{"self":[{"href":"https:\/\/torkspor.com\/index.php?rest_route=\/wp\/v2\/posts\/2568","targetHints":{"allow":["GET"]}}],"collection":[{"href":"https:\/\/torkspor.com\/index.php?rest_route=\/wp\/v2\/posts"}],"about":[{"href":"https:\/\/torkspor.com\/index.php?rest_route=\/wp\/v2\/types\/post"}],"author":[{"embeddable":true,"href":"https:\/\/torkspor.com\/index.php?rest_route=\/wp\/v2\/users\/2"}],"replies":[{"embeddable":true,"href":"https:\/\/torkspor.com\/index.php?rest_route=%2Fwp%2Fv2%2Fcomments&post=2568"}],"version-history":[{"count":1,"href":"https:\/\/torkspor.com\/index.php?rest_route=\/wp\/v2\/posts\/2568\/revisions"}],"predecessor-version":[{"id":2573,"href":"https:\/\/torkspor.com\/index.php?rest_route=\/wp\/v2\/posts\/2568\/revisions\/2573"}],"wp:featuredmedia":[{"embeddable":true,"href":"https:\/\/torkspor.com\/index.php?rest_route=\/wp\/v2\/media\/2569"}],"wp:attachment":[{"href":"https:\/\/torkspor.com\/index.php?rest_route=%2Fwp%2Fv2%2Fmedia&parent=2568"}],"wp:term":[{"taxonomy":"category","embeddable":true,"href":"https:\/\/torkspor.com\/index.php?rest_route=%2Fwp%2Fv2%2Fcategories&post=2568"},{"taxonomy":"post_tag","embeddable":true,"href":"https:\/\/torkspor.com\/index.php?rest_route=%2Fwp%2Fv2%2Ftags&post=2568"}],"curies":[{"name":"wp","href":"https:\/\/api.w.org\/{rel}","templated":true}]}}