{"id":2616,"date":"2025-03-10T14:52:17","date_gmt":"2025-03-10T11:52:17","guid":{"rendered":"https:\/\/torkspor.com\/?p=2616"},"modified":"2025-03-18T13:18:10","modified_gmt":"2025-03-18T10:18:10","slug":"yeni-bmw-ix-yuksek-performansi-ve-yenilenen-tasarimiyla-yollarda","status":"publish","type":"post","link":"https:\/\/torkspor.com\/?p=2616","title":{"rendered":"Yeni BMW iX Y\u00fcksek Performans\u0131 ve Yenilenen Tasar\u0131m\u0131yla Yollarda"},"content":{"rendered":"\n<p><strong>Borusan Otomotiv\u2019in T\u00fcrkiye distrib\u00fct\u00f6r\u00fc oldu\u011fu BMW\u2019nin premium elektrikli SUV segmentinde ileri teknoloji, l\u00fcks, konfor ve y\u00fcksek performans\u0131 bir araya getiren modeli Yeni BMW iX;&nbsp;<\/strong><strong>xDrive60 ve M70 versiyonlar\u0131yla&nbsp;<\/strong><strong>sat\u0131\u015fa sunuldu. \u0130\u00e7 ve d\u0131\u015f tasar\u0131mdaki \u00f6gelerin g\u00fcncellenmesiyle daha modern ve atletik bir g\u00f6r\u00fcn\u00fcme kavu\u015fan Yeni BMW iX xDrive60 6.447.700 TL, Yeni BMW iX M70 ise 7.197.800 TL liste fiyat\u0131yla Borusan Otomotiv Yetkili Sat\u0131c\u0131lar\u0131\u2019nda yerini ald\u0131.<\/strong><\/p>\n\n\n\n<p><strong>Y\u00fcksek Menzil, \u00dcst\u00fcn Performans<\/strong><\/p>\n\n\n\n<p>Yeni BMW iX xDrive60, 400 kW elektrik motoruyla 544 beygir maksimum g\u00fc\u00e7 ve 765 Nm maksimum tork \u00fcreterek 0\u2019dan 100 km\/s h\u0131za 4.6 saniyede ula\u015fabiliyor.&nbsp; 701 kilometreye varan menziliyle Yeni BMW iX xDrive60, hem \u015fehir i\u00e7i hem \u015fehirler aras\u0131 yolculuklar i\u00e7in konforlu bir deneyim sunuyor. Yeni BMW iX xDrive60, 195 kW DC \u015farj teknolojisiyle 35 dakikada %10\u2019dan %80 batarya seviyesine ula\u015fabilmesinin yan\u0131 s\u0131ra sadece 10 dakikal\u0131k DC \u015farj ile 217 kilometreye kadar menzil kazanabiliyor.<\/p>\n\n\n\n<p>485 kW elektrik motoruna sahip Yeni BMW iX M70 ise 659 beygir maksimum g\u00fc\u00e7 ve 1015 Nm maksimum tork \u00fcreterek 0\u2019dan 100 km\/s h\u0131za 3.8 saniyede \u00e7\u0131kabiliyor. 600 kilometreye varan menziliyle dikkat \u00e7eken Yeni BMW iX M70, 195 kW DC \u015farj teknolojisiyle 35 dakikada y\u00fczde %10\u2019dan %80 batarya seviyesine eri\u015febilirken sadece 10 dakikal\u0131k DC \u015farj ile 182 kilometreye kadar menzil kazanabiliyor.<\/p>\n\n\n\n<p><strong>Sportif ve Etkileyici Tasar\u0131m<\/strong><\/p>\n\n\n\n<p>Makyaj ile sunulmaya ba\u015flanan ayd\u0131nlatmal\u0131 b\u00f6brek \u0131zgaralar\u0131 (BMW Iconic Glow) ve Yenilenen \u00d6n Far Tasar\u0131m\u0131 ile \u015f\u0131k bir duru\u015f sergileyen Yeni BMW iX xDrive60\u2019\u0131n Parlak Siyah Dif\u00fcz\u00f6re Sahip Arka Tampon ve Dikey Reflekt\u00f6rlerin yan\u0131 s\u0131ra SAV karakterini vurgulayan monolitik tasar\u0131m detaylar\u0131, modelin sportif karakterini g\u00fc\u00e7lendiriyor. T\u00fcrkiye\u2019de sunulacak tek tasar\u0131m paketi M Sport ile gelen Dark Silver \u0130\u00e7 Kaplama, M Deri Direksiyon ve M \u00c7ok Fonksiyonlu \u00d6n Koltuklar; i\u00e7 mekanda makyaj \u00f6ncesi jenerasyonla en \u00f6nemli farklar\u0131 olu\u015fturarak konfor ve l\u00fcks\u00fc bir araya getiriyor.<\/p>\n\n\n\n<p>Standart modelden farkl\u0131 olarak Siyah Yan Aynalar, M Shadow Farlar, Yatay \u015eeritli ve M Logo Detayl\u0131 B\u00f6brek Izgara detaylar\u0131yla \u00f6ne \u00e7\u0131kan Yeni BMW iX M70 ise karizmatik g\u00f6r\u00fcn\u00fcm\u00fcyle dikkat \u00e7ekiyor.<\/p>\n\n\n\n<p><strong>Modern, Teknolojik ve Konforlu<\/strong><\/p>\n\n\n\n<p>Yeni BMW iX\u2019in sade \u00e7izgileri ve modern g\u00f6r\u00fcn\u00fcm\u00fc, benzersiz bir tasar\u0131m dilini yans\u0131t\u0131rken i\u00e7 mekan\u0131n ferahl\u0131\u011f\u0131, l\u00fcks atmosferi beraberinde getiriyor. Y\u00fcksek teknolojili standart donan\u0131mlar\u0131yla konfor ve g\u00fcvenli\u011fi maksimuma ta\u015f\u0131yan Yeni BMW iX, yolculuklar\u0131 ayr\u0131cal\u0131kl\u0131 bir deneyime d\u00f6n\u00fc\u015ft\u00fcr\u00fcyor.<\/p>\n\n\n\n<p>Otomobilin ba\u011flant\u0131l\u0131 hale getirilmesini sa\u011flayan BMW\u2019nin ConnectedDrive teknolojisi, Yeni BMW iX ile de kullan\u0131c\u0131lara e\u015fsiz bir deneyim sunmaya devam ediyor. BMW ConnectedDrive deneyimini tamamlayan My BMW mobil uygulamas\u0131 arac\u0131l\u0131\u011f\u0131yla otomobil uzaktan kontrol edilebiliyor ve lastik bas\u0131n\u00e7 de\u011ferleri, yak\u0131t bilgisi, km durumu ve otomobilin son konumu gibi verilere de My BMW mobil uygulamas\u0131 arac\u0131l\u0131\u011f\u0131yla eri\u015filebiliyor. Kap\u0131 a\u00e7ma ve kilitleme fonksiyonlar\u0131, havaland\u0131rma ayarlar\u0131, i\u00e7 kamera eri\u015fimi, 3D uzaktan izleme fonksiyonu, \u015farj ve klima zamanlay\u0131c\u0131s\u0131 ve \u015farj\/ak\u0131m ayarlar\u0131 gibi konfor ve g\u00fcvenli\u011fi maksimuma ta\u015f\u0131yan bir\u00e7ok teknolojik fonksiyon My BMW Mobil uygulamas\u0131yla uzaktan y\u00f6netilebiliyor. BMW ConnectedDrive teknolojisi, Yeni BMW iX\u2019te bulunan standart donan\u0131mlar\u0131n da fonksiyonlar\u0131n\u0131 zenginle\u015ftirerek otomobilin teknolojisini \u00fcst seviyeye ta\u015f\u0131yor.<\/p>\n\n\n\n<p>Yeni BMW iX M70 ve M Sport tasar\u0131m paketiyle sunulacak olan Yeni BMW iX xDrive60\u2019ta otomobilin \u00e7evresinin 3 boyutlu g\u00f6r\u00fcnt\u00fcs\u00fcn\u00fc do\u011frudan kontrol ekran\u0131na ileterek manevra yapmaya yard\u0131mc\u0131 olan ve ConnectedDrive teknolojisi sayesinde s\u00fcr\u00fcc\u00fcs\u00fcz bir \u015fekilde My BMW mobil uygulamas\u0131 i\u00e7erisinden park i\u015flemini m\u00fcmk\u00fcn k\u0131lan Park Asistan\u0131 Professional, yar\u0131 otonom s\u00fcr\u00fc\u015fe imkan tan\u0131yan S\u00fcr\u00fc\u015f Asistan\u0131 Professional, fiziksel anahtar\u0131n mobil cihazla e\u015fle\u015ftirilmesi sayesinde otomobilin a\u00e7\u0131l\u0131p \u00e7al\u0131\u015ft\u0131r\u0131lmas\u0131n\u0131 sa\u011flayan Digital Key Plus \u00f6zellikli Konfor Eri\u015fim Sistemi, art\u0131r\u0131lm\u0131\u015f ger\u00e7eklik \u00f6zellikli ve Head-Up Display projekt\u00f6r\u00fcn\u00fc i\u00e7eren&nbsp;<a>BMW Live Cockpit Professional,<\/a>&nbsp;masaj fonksiyonlu M \u00c7ok Fonksiyonlu \u00d6n Koltuklar, i\u00e7 mekan\u0131 daha da l\u00fcks k\u0131lan Clear&amp;Bold Kristal \u0130\u00e7 Tasar\u0131m \u00d6geleri \u00f6ne \u00e7\u0131kan standart donan\u0131mlar\u0131 aras\u0131nda yer al\u0131yor. Bunun yan\u0131 s\u0131ra 22kW AC \u015farj g\u00fcc\u00fc \u00f6zelli\u011fi sa\u011flayan AC Charging Professional, BMW Iconic Glow B\u00f6brek Izgaralar\u0131, Adaptif LED Farlar ve Otomatik Uzun Far Fonksiyonu, \u00d6n Koltuk Havaland\u0131rma, Sky Lounge Panorama Cam Tavan, Infrared Korumal\u0131 G\u00f6r\u00fc\u015f Cam\u0131, Integral Aktif Direksiyon, H\u0131rs\u0131zl\u0131k \u00d6nleme Kay\u0131t Sistemi \u00f6zellikli Alarm Sistemi ve Soft-Close Otomatik Kap\u0131lar gibi geli\u015fmi\u015f donan\u0131mlar da Yeni BMW iX&#8217;te standart olarak sunuluyor.<\/p>\n\n\n\n<p>K\u0131rm\u0131z\u0131 fren kaliperleri, M Shadow Farlar ve karart\u0131lm\u0131\u015f b\u00f6brek \u0131zgara ile otomobile daha sportif bir karakter kazand\u0131ran M Sport Pro, 30 hoparl\u00f6r ve 1.615 Watt g\u00fcc\u00fc ile m\u00fckemmel ses deneyimini t\u00fcm koltuklarda sunan Bowers&amp;Wilkins Surround Ses Sisteminin yan\u0131 s\u0131ra Individual D\u0131\u015f Kaplama\/Titanium Bronze ise opsiyonel olarak tercih edilebiliyor.<\/p>\n","protected":false},"excerpt":{"rendered":"<p>Borusan Otomotiv\u2019in T\u00fcrkiye distrib\u00fct\u00f6r\u00fc oldu\u011fu BMW\u2019nin premium elektrikli SUV segmentinde ileri teknoloji, l\u00fcks, konfor ve y\u00fcksek performans\u0131 bir araya getiren<\/p>\n","protected":false},"author":2,"featured_media":2617,"comment_status":"open","ping_status":"open","sticky":false,"template":"","format":"standard","meta":{"footnotes":""},"categories":[140],"tags":[],"class_list":["post-2616","post","type-post","status-publish","format-standard","has-post-thumbnail","hentry","category-otomobil"],"magazineBlocksPostFeaturedMedia":{"thumbnail":"https:\/\/torkspor.com\/wp-content\/uploads\/2025\/03\/Yeni-BMW-iX-xDrive60-1-150x150.jpg","medium":"https:\/\/torkspor.com\/wp-content\/uploads\/2025\/03\/Yeni-BMW-iX-xDrive60-1-300x200.jpg","medium_large":"https:\/\/torkspor.com\/wp-content\/uploads\/2025\/03\/Yeni-BMW-iX-xDrive60-1-768x512.jpg","large":"https:\/\/torkspor.com\/wp-content\/uploads\/2025\/03\/Yeni-BMW-iX-xDrive60-1-1024x683.jpg","1536x1536":"https:\/\/torkspor.com\/wp-content\/uploads\/2025\/03\/Yeni-BMW-iX-xDrive60-1-1536x1024.jpg","2048x2048":"https:\/\/torkspor.com\/wp-content\/uploads\/2025\/03\/Yeni-BMW-iX-xDrive60-1-2048x1365.jpg","colormag-highlighted-post":"https:\/\/torkspor.com\/wp-content\/uploads\/2025\/03\/Yeni-BMW-iX-xDrive60-1-392x272.jpg","colormag-featured-post-medium":"https:\/\/torkspor.com\/wp-content\/uploads\/2025\/03\/Yeni-BMW-iX-xDrive60-1-390x205.jpg","colormag-featured-post-small":"https:\/\/torkspor.com\/wp-content\/uploads\/2025\/03\/Yeni-BMW-iX-xDrive60-1-130x90.jpg","colormag-featured-image":"https:\/\/torkspor.com\/wp-content\/uploads\/2025\/03\/Yeni-BMW-iX-xDrive60-1-800x445.jpg","colormag-default-news":"https:\/\/torkspor.com\/wp-content\/uploads\/2025\/03\/Yeni-BMW-iX-xDrive60-1-150x150.jpg","colormag-featured-image-large":"https:\/\/torkspor.com\/wp-content\/uploads\/2025\/03\/Yeni-BMW-iX-xDrive60-1-1400x600.jpg","colormag-elementor-block-extra-large-thumbnail":"https:\/\/torkspor.com\/wp-content\/uploads\/2025\/03\/Yeni-BMW-iX-xDrive60-1-1155x480.jpg","colormag-elementor-grid-large-thumbnail":"https:\/\/torkspor.com\/wp-content\/uploads\/2025\/03\/Yeni-BMW-iX-xDrive60-1-600x417.jpg","colormag-elementor-grid-small-thumbnail":"https:\/\/torkspor.com\/wp-content\/uploads\/2025\/03\/Yeni-BMW-iX-xDrive60-1-285x450.jpg","colormag-elementor-grid-medium-large-thumbnail":"https:\/\/torkspor.com\/wp-content\/uploads\/2025\/03\/Yeni-BMW-iX-xDrive60-1-575x198.jpg"},"magazineBlocksPostAuthor":{"name":"Okan \u00c7etiner","avatar":"https:\/\/secure.gravatar.com\/avatar\/0b8d387b873c3962ae491deaf4b94a08a9b0dbc2778155c139691933252f8856?s=96&d=mm&r=g"},"magazineBlocksPostCommentsNumber":"0","magazineBlocksPostExcerpt":"Borusan Otomotiv\u2019in T\u00fcrkiye distrib\u00fct\u00f6r\u00fc oldu\u011fu BMW\u2019nin premium elektrikli SUV segmentinde ileri teknoloji, l\u00fcks, konfor ve y\u00fcksek performans\u0131 bir araya getiren","magazineBlocksPostCategories":["otomobil"],"magazine_blocks_featured_image_url":{"full":["https:\/\/torkspor.com\/wp-content\/uploads\/2025\/03\/Yeni-BMW-iX-xDrive60-1-scaled.jpg",2560,1706,false],"medium":["https:\/\/torkspor.com\/wp-content\/uploads\/2025\/03\/Yeni-BMW-iX-xDrive60-1-300x200.jpg",300,200,true],"thumbnail":["https:\/\/torkspor.com\/wp-content\/uploads\/2025\/03\/Yeni-BMW-iX-xDrive60-1-150x150.jpg",150,150,true]},"magazine_blocks_author":{"display_name":"Okan \u00c7etiner","author_link":"https:\/\/torkspor.com\/?author=2"},"magazine_blocks_comment":0,"magazine_blocks_author_image":"https:\/\/secure.gravatar.com\/avatar\/0b8d387b873c3962ae491deaf4b94a08a9b0dbc2778155c139691933252f8856?s=96&d=mm&r=g","magazine_blocks_category":"<a href=\"https:\/\/torkspor.com\/?cat=140\" rel=\"category\">otomobil<\/a>","_links":{"self":[{"href":"https:\/\/torkspor.com\/index.php?rest_route=\/wp\/v2\/posts\/2616","targetHints":{"allow":["GET"]}}],"collection":[{"href":"https:\/\/torkspor.com\/index.php?rest_route=\/wp\/v2\/posts"}],"about":[{"href":"https:\/\/torkspor.com\/index.php?rest_route=\/wp\/v2\/types\/post"}],"author":[{"embeddable":true,"href":"https:\/\/torkspor.com\/index.php?rest_route=\/wp\/v2\/users\/2"}],"replies":[{"embeddable":true,"href":"https:\/\/torkspor.com\/index.php?rest_route=%2Fwp%2Fv2%2Fcomments&post=2616"}],"version-history":[{"count":1,"href":"https:\/\/torkspor.com\/index.php?rest_route=\/wp\/v2\/posts\/2616\/revisions"}],"predecessor-version":[{"id":2618,"href":"https:\/\/torkspor.com\/index.php?rest_route=\/wp\/v2\/posts\/2616\/revisions\/2618"}],"wp:featuredmedia":[{"embeddable":true,"href":"https:\/\/torkspor.com\/index.php?rest_route=\/wp\/v2\/media\/2617"}],"wp:attachment":[{"href":"https:\/\/torkspor.com\/index.php?rest_route=%2Fwp%2Fv2%2Fmedia&parent=2616"}],"wp:term":[{"taxonomy":"category","embeddable":true,"href":"https:\/\/torkspor.com\/index.php?rest_route=%2Fwp%2Fv2%2Fcategories&post=2616"},{"taxonomy":"post_tag","embeddable":true,"href":"https:\/\/torkspor.com\/index.php?rest_route=%2Fwp%2Fv2%2Ftags&post=2616"}],"curies":[{"name":"wp","href":"https:\/\/api.w.org\/{rel}","templated":true}]}}