{"id":2679,"date":"2025-04-04T00:53:57","date_gmt":"2025-04-03T21:53:57","guid":{"rendered":"https:\/\/torkspor.com\/?p=2679"},"modified":"2025-04-04T01:09:54","modified_gmt":"2025-04-03T22:09:54","slug":"can-alakoc-ispanyada-avrupa-rallisi-yarisinda-start-aliyor","status":"publish","type":"post","link":"https:\/\/torkspor.com\/?p=2679","title":{"rendered":"CAN ALAKO\u00c7 \u0130SPANYA&#8217;DA AVRUPA RALL\u0130 \u015eAMP\u0130YONASI YARI\u015eINDA START ALIYOR"},"content":{"rendered":"\n<p>Bu sene Finlandiya \u015fampiyonas\u0131n\u0131 takip eden 16 ya\u015f\u0131ndaki gen\u00e7 sporcumuz Can Alako\u00e7,  \u00f6n\u00fcm\u00fczdeki sene Erc \u015fampiyonas\u0131na haz\u0131rl\u0131k ve yar\u0131\u015fa al\u0131\u015fmak amac\u0131yla ispanyada ger\u00e7ekle\u015fecek olan Avrupa Ralli \u015eampiyonas\u0131&#8217;n\u0131n ilk aya\u011f\u0131 olan 42. Ralli Sierra Morena\u2019da Clio Rally5 ile start al\u0131yor. Copilotu Ivo Pukis ile asfaltta tecr\u00fcbe kazanmay\u0131 hedefleyen Alako\u00e7, gelecek y\u0131l i\u00e7in \u00f6nemli bir haz\u0131rl\u0131k s\u00fcrecine giriyor.<\/p>\n\n\n\n<figure class=\"wp-block-image size-large\"><img fetchpriority=\"high\" decoding=\"async\" width=\"1024\" height=\"682\" src=\"https:\/\/torkspor.com\/wp-content\/uploads\/2025\/04\/SamsonasRally2023_CanAlakoc-1024x682.jpg\" alt=\"\" class=\"wp-image-2680\" srcset=\"https:\/\/torkspor.com\/wp-content\/uploads\/2025\/04\/SamsonasRally2023_CanAlakoc-1024x682.jpg 1024w, https:\/\/torkspor.com\/wp-content\/uploads\/2025\/04\/SamsonasRally2023_CanAlakoc-300x200.jpg 300w, https:\/\/torkspor.com\/wp-content\/uploads\/2025\/04\/SamsonasRally2023_CanAlakoc-768x512.jpg 768w, https:\/\/torkspor.com\/wp-content\/uploads\/2025\/04\/SamsonasRally2023_CanAlakoc-1536x1024.jpg 1536w, https:\/\/torkspor.com\/wp-content\/uploads\/2025\/04\/SamsonasRally2023_CanAlakoc.jpg 2000w\" sizes=\"(max-width: 1024px) 100vw, 1024px\" \/><\/figure>\n\n\n\n<p><strong>Can Alako\u00e7, Avrupa Ralli \u015eampiyonas\u0131\u2019na Puan Veren Rally Sierra Morena&#8217;da Start Al\u0131yor.<\/strong><\/p>\n\n\n\n<p>T\u00fcrkiye\u2019nin gen\u00e7 ralli yeteneklerinden biri olan 16 ya\u015f\u0131ndaki Can Alako\u00e7, bu hafta sonu \u0130spanya\u2019n\u0131n ev sahipli\u011fi yapt\u0131\u011f\u0131 42. Rally Sierra Morena\u2019da Avrupa Ralli \u015eampiyonas\u0131 (ERC) sezonunun ilk yar\u0131\u015f\u0131yla uluslararas\u0131 arenadaki m\u00fccadelesine ba\u015fl\u0131yor.<\/p>\n\n\n\n<figure class=\"wp-block-image size-large\"><img decoding=\"async\" width=\"738\" height=\"553\" src=\"https:\/\/torkspor.com\/wp-content\/uploads\/2025\/04\/WhatsApp-Gorsel-2025-04-04-saat-01.05.10_c517d9cb-edited.jpg\" alt=\"\" class=\"wp-image-2687\" srcset=\"https:\/\/torkspor.com\/wp-content\/uploads\/2025\/04\/WhatsApp-Gorsel-2025-04-04-saat-01.05.10_c517d9cb-edited.jpg 738w, https:\/\/torkspor.com\/wp-content\/uploads\/2025\/04\/WhatsApp-Gorsel-2025-04-04-saat-01.05.10_c517d9cb-edited-300x225.jpg 300w\" sizes=\"(max-width: 738px) 100vw, 738px\" \/><\/figure>\n\n\n\n<p>Can Alako\u00e7, Letonyal\u0131 co-pilotu Ivo Pukis ile birlikte Renault Clio Rally5 arac\u0131yla start alacak. Bu yar\u0131\u015f, gen\u00e7 pilot i\u00e7in ERC&#8217;ye haz\u0131rl\u0131k olacak. Ayr\u0131ca Renault Clio Rally5 ile de asfalt zeminli etaplarda deneyim kazanmas\u0131 a\u00e7\u0131s\u0131ndan da b\u00fcy\u00fck \u00f6nem ta\u015f\u0131yor.  2026 sezonunda Avrupa \u015eampiyonas\u0131\u2019na daha iddial\u0131 bir giri\u015f yapmay\u0131 hedefleyen Alako\u00e7, \u015fimdiden ralli d\u00fcnyas\u0131nda dikkatleri \u00fczerine \u00e7ekmi\u015f durumda.<\/p>\n\n\n\n<p>Rally Sierra Morena, h\u0131zl\u0131 ve teknik asfalt etaplar\u0131yla biliniyor. Bu zorlu ko\u015fullarda hem ara\u00e7 h\u00e2kimiyeti hem de yol bilgisi b\u00fcy\u00fck \u00f6nem ta\u015f\u0131rken, Can Alako\u00e7\u2019un bu yar\u0131\u015ftan elde edece\u011fi deneyim, kariyer geli\u015fimi a\u00e7\u0131s\u0131ndan kritik bir ad\u0131m olacak.<\/p>\n\n\n\n<p>T\u00fcrkiye otomobil sporlar\u0131 camias\u0131, gen\u00e7 sporcunun Avrupa arenas\u0131nda g\u00f6sterece\u011fi performans\u0131 heyecanla bekliyor. Asfalt tecr\u00fcbesini art\u0131rmak ve uluslararas\u0131 seviyeye haz\u0131rlanmak \u00fczere bu \u00f6nemli yar\u0131\u015fta yer alan Can Alako\u00e7\u2013Ivo Pukis ikilisine ba\u015far\u0131lar diliyoruz.<\/p>\n\n\n\n<p><strong>Can Alako\u00e7<\/strong>; <strong>\u0130lk Yar\u0131\u015f Deneyimi<\/strong>: 2008 do\u011fumlu olan Can, Letonya&#8217;daki Baltic Binek Otomobiller \u015eampiyonas\u0131&#8217;nda Ford Fiesta R2 ile BTC1 klasman\u0131nda ikinci olarak dikkat \u00e7ekti. \u200b <strong>Litvanya Ralli \u015eampiyonas\u0131 2023<\/strong>: 15 ya\u015f\u0131nda gen\u00e7ler ve s\u0131n\u0131f 4 kategorilerinde \u015fampiyonluk elde etti. 2023 ve 2024 Baltic Denizi Kupas\u0131 kategori 3\u00a0birincisi oldu. 2024 Letonya Junior Ralli \u015eampiyonas\u0131: T\u00fcrkiye\u2019nin en gen\u00e7 ralli pilotu olarak yar\u0131\u015ft\u0131 ve sezonu 2.\u00a0Olarak\u00a0bitirdi.  \u200b<strong>Finlandiya Kuopio Rallisi 2025<\/strong>: Renault Clio Rally4 arac\u0131yla yar\u0131\u015farak karl\u0131 etaplarda deneyim kazand\u0131.<\/p>\n\n\n\n<p><\/p>\n","protected":false},"excerpt":{"rendered":"<p>Bu sene Finlandiya \u015fampiyonas\u0131n\u0131 takip eden 16 ya\u015f\u0131ndaki gen\u00e7 sporcumuz Can Alako\u00e7, \u00f6n\u00fcm\u00fczdeki sene Erc \u015fampiyonas\u0131na haz\u0131rl\u0131k ve yar\u0131\u015fa al\u0131\u015fmak<\/p>\n","protected":false},"author":2,"featured_media":2682,"comment_status":"open","ping_status":"open","sticky":false,"template":"","format":"standard","meta":{"footnotes":""},"categories":[3,5,21],"tags":[],"class_list":["post-2679","post","type-post","status-publish","format-standard","has-post-thumbnail","hentry","category-dunyadasporcularimiz","category-haberler","category-ralli"],"magazineBlocksPostFeaturedMedia":{"thumbnail":"https:\/\/torkspor.com\/wp-content\/uploads\/2025\/04\/CanAlakoc_ArcticRally_1-150x150.jpg","medium":"https:\/\/torkspor.com\/wp-content\/uploads\/2025\/04\/CanAlakoc_ArcticRally_1-300x200.jpg","medium_large":"https:\/\/torkspor.com\/wp-content\/uploads\/2025\/04\/CanAlakoc_ArcticRally_1-768x512.jpg","large":"https:\/\/torkspor.com\/wp-content\/uploads\/2025\/04\/CanAlakoc_ArcticRally_1-1024x682.jpg","1536x1536":"https:\/\/torkspor.com\/wp-content\/uploads\/2025\/04\/CanAlakoc_ArcticRally_1-1536x1023.jpg","2048x2048":"https:\/\/torkspor.com\/wp-content\/uploads\/2025\/04\/CanAlakoc_ArcticRally_1.jpg","colormag-highlighted-post":"https:\/\/torkspor.com\/wp-content\/uploads\/2025\/04\/CanAlakoc_ArcticRally_1-392x272.jpg","colormag-featured-post-medium":"https:\/\/torkspor.com\/wp-content\/uploads\/2025\/04\/CanAlakoc_ArcticRally_1-390x205.jpg","colormag-featured-post-small":"https:\/\/torkspor.com\/wp-content\/uploads\/2025\/04\/CanAlakoc_ArcticRally_1-130x90.jpg","colormag-featured-image":"https:\/\/torkspor.com\/wp-content\/uploads\/2025\/04\/CanAlakoc_ArcticRally_1-800x445.jpg","colormag-default-news":"https:\/\/torkspor.com\/wp-content\/uploads\/2025\/04\/CanAlakoc_ArcticRally_1-150x150.jpg","colormag-featured-image-large":"https:\/\/torkspor.com\/wp-content\/uploads\/2025\/04\/CanAlakoc_ArcticRally_1-1400x600.jpg","colormag-elementor-block-extra-large-thumbnail":"https:\/\/torkspor.com\/wp-content\/uploads\/2025\/04\/CanAlakoc_ArcticRally_1-1155x480.jpg","colormag-elementor-grid-large-thumbnail":"https:\/\/torkspor.com\/wp-content\/uploads\/2025\/04\/CanAlakoc_ArcticRally_1-600x417.jpg","colormag-elementor-grid-small-thumbnail":"https:\/\/torkspor.com\/wp-content\/uploads\/2025\/04\/CanAlakoc_ArcticRally_1-285x450.jpg","colormag-elementor-grid-medium-large-thumbnail":"https:\/\/torkspor.com\/wp-content\/uploads\/2025\/04\/CanAlakoc_ArcticRally_1-575x198.jpg"},"magazineBlocksPostAuthor":{"name":"Okan \u00c7etiner","avatar":"https:\/\/secure.gravatar.com\/avatar\/0b8d387b873c3962ae491deaf4b94a08a9b0dbc2778155c139691933252f8856?s=96&d=mm&r=g"},"magazineBlocksPostCommentsNumber":"0","magazineBlocksPostExcerpt":"Bu sene Finlandiya \u015fampiyonas\u0131n\u0131 takip eden 16 ya\u015f\u0131ndaki gen\u00e7 sporcumuz Can Alako\u00e7, \u00f6n\u00fcm\u00fczdeki sene Erc \u015fampiyonas\u0131na haz\u0131rl\u0131k ve yar\u0131\u015fa al\u0131\u015fmak","magazineBlocksPostCategories":["D\u00fcnyada Sporcular\u0131m\u0131z","Haberler","Ralli"],"magazine_blocks_featured_image_url":{"full":["https:\/\/torkspor.com\/wp-content\/uploads\/2025\/04\/CanAlakoc_ArcticRally_1.jpg",1600,1066,false],"medium":["https:\/\/torkspor.com\/wp-content\/uploads\/2025\/04\/CanAlakoc_ArcticRally_1-300x200.jpg",300,200,true],"thumbnail":["https:\/\/torkspor.com\/wp-content\/uploads\/2025\/04\/CanAlakoc_ArcticRally_1-150x150.jpg",150,150,true]},"magazine_blocks_author":{"display_name":"Okan \u00c7etiner","author_link":"https:\/\/torkspor.com\/?author=2"},"magazine_blocks_comment":8,"magazine_blocks_author_image":"https:\/\/secure.gravatar.com\/avatar\/0b8d387b873c3962ae491deaf4b94a08a9b0dbc2778155c139691933252f8856?s=96&d=mm&r=g","magazine_blocks_category":"<a href=\"https:\/\/torkspor.com\/?cat=3\" rel=\"category\">D\u00fcnyada Sporcular\u0131m\u0131z<\/a> <a href=\"https:\/\/torkspor.com\/?cat=5\" rel=\"category\">Haberler<\/a> <a href=\"https:\/\/torkspor.com\/?cat=21\" rel=\"category\">Ralli<\/a>","_links":{"self":[{"href":"https:\/\/torkspor.com\/index.php?rest_route=\/wp\/v2\/posts\/2679","targetHints":{"allow":["GET"]}}],"collection":[{"href":"https:\/\/torkspor.com\/index.php?rest_route=\/wp\/v2\/posts"}],"about":[{"href":"https:\/\/torkspor.com\/index.php?rest_route=\/wp\/v2\/types\/post"}],"author":[{"embeddable":true,"href":"https:\/\/torkspor.com\/index.php?rest_route=\/wp\/v2\/users\/2"}],"replies":[{"embeddable":true,"href":"https:\/\/torkspor.com\/index.php?rest_route=%2Fwp%2Fv2%2Fcomments&post=2679"}],"version-history":[{"count":3,"href":"https:\/\/torkspor.com\/index.php?rest_route=\/wp\/v2\/posts\/2679\/revisions"}],"predecessor-version":[{"id":2688,"href":"https:\/\/torkspor.com\/index.php?rest_route=\/wp\/v2\/posts\/2679\/revisions\/2688"}],"wp:featuredmedia":[{"embeddable":true,"href":"https:\/\/torkspor.com\/index.php?rest_route=\/wp\/v2\/media\/2682"}],"wp:attachment":[{"href":"https:\/\/torkspor.com\/index.php?rest_route=%2Fwp%2Fv2%2Fmedia&parent=2679"}],"wp:term":[{"taxonomy":"category","embeddable":true,"href":"https:\/\/torkspor.com\/index.php?rest_route=%2Fwp%2Fv2%2Fcategories&post=2679"},{"taxonomy":"post_tag","embeddable":true,"href":"https:\/\/torkspor.com\/index.php?rest_route=%2Fwp%2Fv2%2Ftags&post=2679"}],"curies":[{"name":"wp","href":"https:\/\/api.w.org\/{rel}","templated":true}]}}