{"id":2703,"date":"2025-04-08T16:40:48","date_gmt":"2025-04-08T13:40:48","guid":{"rendered":"https:\/\/torkspor.com\/?p=2703"},"modified":"2025-04-08T16:40:50","modified_gmt":"2025-04-08T13:40:50","slug":"volvo-trucks-bauma-2025te-yeni-kamyonlarini-ve-teknolojilerini-tanitiyor","status":"publish","type":"post","link":"https:\/\/torkspor.com\/?p=2703","title":{"rendered":"Volvo Trucks Bauma 2025\u2019te Yeni Kamyonlar\u0131n\u0131 ve Teknolojilerini Tan\u0131t\u0131yor"},"content":{"rendered":"\n<p>Volvo Trucks, in\u015faat sekt\u00f6r\u00fcn\u00fcn ta\u015f\u0131mac\u0131l\u0131k kapsam\u0131ndaki emisyon de\u011ferlerini<br>s\u0131f\u0131rlamak konusundaki kararl\u0131l\u0131\u011f\u0131n\u0131, Bauma 2025\u2019te geni\u015f \u00fcr\u00fcn ve teknoloji<br>yelpazesini sergileyerek g\u00f6zler \u00f6n\u00fcne seriyor. C6 Hol\u00fc\u2019nde yer alan Volvo Trucks<br>stand\u0131nda Volvo FH Electric 6&#215;2 ve Volvo FMX Electric 6&#215;4 sergilenirken, Bauma<br>2025\u2019in farkl\u0131 yerlerinde de Volvo Trucks\u2019\u0131n i\u015f ortaklar\u0131 ile geli\u015ftirdikleri \u00fcr\u00fcnler incelenebiliyor.<\/p>\n\n\n\n<p>Volvo Trucks, in\u015faat sekt\u00f6r\u00fcndeki ta\u015f\u0131mac\u0131l\u0131\u011f\u0131 karbondan ar\u0131nd\u0131rma kararl\u0131l\u0131\u011f\u0131n\u0131 g\u00f6zler \u00f6n\u00fcne<br>sermek \u00fczere Bauma 2025\u2019e kat\u0131l\u0131yor. Volvo Trucks, bug\u00fcnden gelece\u011fe daha s\u00fcrd\u00fcr\u00fclebilir<br>ta\u015f\u0131mac\u0131l\u0131\u011f\u0131 m\u00fcmk\u00fcn k\u0131lan geni\u015f \u00fcr\u00fcn ve teknoloji yelpazesini fuar ziyaret\u00e7ileriyle<br>bulu\u015fturuyor.<br>Elektrikli, hidrojen yak\u0131t h\u00fccreli ve yenilenebilir yak\u0131tl\u0131 kamyonlar sergileniyor<br>Volvo Trucks, batarya-elektrikli g\u00fc\u00e7 aktarma organlar\u0131na sahip kamyonlar\u0131na ek olarak<br>hidrojen yak\u0131t h\u00fccreli ve biyogaz gibi yenilenebilir yak\u0131tlarla \u00e7al\u0131\u015fan i\u00e7ten yanmal\u0131 motorlara<br>sahip ara\u00e7lar\u0131n\u0131 Bauma 2025\u2019te tan\u0131t\u0131yor. Bu \u00fc\u00e7 farkl\u0131 teknoloji, Volvo Trucks\u2019\u0131n 2040 y\u0131l\u0131na<br>kadar net s\u0131f\u0131r emisyon hedefine ula\u015fmak i\u00e7in benimsedi\u011fi stratejinin temelini olu\u015fturuyor.<br>B\u00f6ylece in\u015faat sekt\u00f6r\u00fc hem bug\u00fcn hem de gelecekte daha \u00e7evreci ta\u015f\u0131mac\u0131l\u0131k \u00e7\u00f6z\u00fcmlerine<br>ula\u015fabiliyor.<br>\u0130n\u015faat segmentinde elektrikli kamyonlarda liderlik<br>Volvo Trucks, batarya-elektrikli kamyon segmentinde global liderlik konumunu koruyor.<br>Avrupa\u2019da %51, Kuzey Amerika\u2019da da %40 pazar pay\u0131na sahip ula\u015fan Volvo Trucks, d\u00fcnya<br>genelinde, \u00e7o\u011fu in\u015faat sekt\u00f6r\u00fcne teslim edilen 4.900\u2019den fazla elektrikli kamyon sat\u0131\u015f\u0131na<br>ula\u015ft\u0131. 2019 y\u0131l\u0131nda elektrikli kamyonlar\u0131n seri \u00fcretimine ba\u015flayan Volvo, beton<br>mikserlerinden pompalar\u0131na, damperli kamyonlardan vin\u00e7li ara\u00e7lara kadar in\u015faat sekt\u00f6r\u00fcne<br>y\u00f6nelik t\u00fcm ara\u00e7 tiplerinde karbonsuz ula\u015f\u0131m\u0131 m\u00fcmk\u00fcn k\u0131l\u0131yor. Bauma\u2019daki elektrikli Volvo<br>Trucks \u00fcr\u00fcnleri hem Volvo Trucks\u2019\u0131n kendi stand\u0131nda hem de i\u015f ortaklar\u0131na ait stantlarda da<br>sergileniyor.<br>Volvo Trucks Ba\u015fkan\u0131 Roger Alm: \u201c\u0130n\u015faat sekt\u00f6r\u00fc i\u00e7in en geni\u015f elektrikli kamyon yelpazesine<br>sahip olmaktan b\u00fcy\u00fck bir gurur duyuyoruz. G\u00fcn\u00fcm\u00fczde i\u015f ortaklar\u0131m\u0131z, neredeyse her t\u00fcrl\u00fc<br>Volvo Trucks kamyonu, elektrikli olarak sat\u0131n alabiliyor ve y\u00fcksek verimlili\u011fi deneyimleyerek<br>\u00fcst\u00fcn performans elde ediyorlar. Elektrikli ta\u015f\u0131mac\u0131l\u0131k, s\u0131f\u0131r egzoz emisyonu ve \u00e7ok daha<br>d\u00fc\u015f\u00fck g\u00fcr\u00fclt\u00fc seviyesiyle in\u015faat sekt\u00f6r\u00fc i\u00e7in son derece uygun. Bu avantajlar, \u015fantiye<br>\u00e7evresinde ya\u015fayan insanlar, sahada \u00e7al\u0131\u015fanlar ve elbette iklim i\u00e7in olduk\u00e7a faydal\u0131.\u201d<br>Yenilenebilir yak\u0131tlarla \u00e7al\u0131\u015fan kamyonlar da g\u00fcndemde<br>Volvo Trucks, elektrikli kamyonlar\u0131na ek olarak biyogaz ve HVO (Hidrojenlenmi\u015f Bitkisel Ya\u011f)<br>gibi yenilenebilir yak\u0131tlarla \u00e7al\u0131\u015fan kamyonlar\u0131n\u0131 da tan\u0131t\u0131yor. Volvo Trucks\u2019\u0131n t\u00fcm kamyonlar\u0131,<br>HVO ve B100 biyodizel ile \u00e7al\u0131\u015fmak \u00fczere sertifikaland\u0131r\u0131l\u0131yor.<\/p>\n\n\n\n<p>Alternatif yak\u0131t kullan\u0131m\u0131 ile ilgili olarak Roger Alm; \u201cSundu\u011fumuz geni\u015f s\u0131f\u0131r emisyonlu<br>\u00e7\u00f6z\u00fcm yelpazesi, i\u015f ortaklar\u0131m\u0131z\u0131n karbondan ar\u0131nd\u0131r\u0131lm\u0131\u015f yolculuklar\u0131n\u0131n her a\u015famas\u0131n\u0131<br>destekliyor. Biyogaz, biyodizel ya da HVO ile \u00e7al\u0131\u015fan kamyonlar\u0131m\u0131z, CO2 sal\u0131m\u0131n\u0131 bug\u00fcnden<br>itibaren azaltmak isteyen i\u015f ortaklar\u0131m\u0131z i\u00e7in farkl\u0131 alternatifler sa\u011fl\u0131yor.\u201d<br><\/p>\n\n\n\n<p>Bauma 2025\u2019te sergilenen Volvo Trucks modelleri:<br>Volvo FH Electric, 6&#215;2 &#8211; Kancal\u0131 kald\u0131r\u0131c\u0131 (Hook Lift)<br>Volvo FMX Electric, 6&#215;4 &#8211; \u00dc\u00e7 y\u00f6nl\u00fc damper (Three-way tipper)<br>Volvo Trucks Stand\u0131: C6 Hol\u00fc.<br>Bas\u0131n Toplant\u0131s\u0131: 8 Nisan Saat 10:00 (CET).<br>Volvo Trucks Hakk\u0131nda:<br>Volvo Trucks, beklentileri y\u00fcksek profesyonel m\u00fc\u015fteriler i\u00e7in, orta ve a\u011f\u0131r segment kamyonlardan<br>olu\u015fan kapsaml\u0131 \u00fcr\u00fcn gam\u0131yla eksiksiz nakliye \u00e7\u00f6z\u00fcmleri sunuyor. \u015eirket, 130\u2019dan fazla \u00fclkede 2.300<br>servis noktas\u0131ndan olu\u015fan global yetkili sat\u0131c\u0131 ve servis a\u011f\u0131yla m\u00fc\u015fterilerine destek veriyor. Volvo\u2019nun<br>kamyonlar\u0131, d\u00fcnyan\u0131n d\u00f6rt bir yan\u0131ndaki 13 \u00fclkede \u00fcretiliyor. Volvo Trucks, d\u00fcnyan\u0131n en b\u00fcy\u00fck<br>kamyon, otob\u00fcs, in\u015faat makinesi ve deniz motoru \u00fcreticilerinden biri olan Volvo Group\u2019un \u00fcyesi<br>olarak faaliyetlerini s\u00fcrd\u00fcr\u00fcyor. Volvo Group ayr\u0131ca finans ve hizmet sekt\u00f6r\u00fc i\u00e7in de komple \u00e7\u00f6z\u00fcmler<br>sunuyor. Volvo Trucks\u2019\u0131n \u00e7al\u0131\u015fmalar\u0131, temel de\u011ferleri olan kalite, g\u00fcvenlik ve \u00e7evreye sayg\u0131y\u0131 esas<br>al\u0131yor.<\/p>\n","protected":false},"excerpt":{"rendered":"<p>Volvo Trucks, in\u015faat sekt\u00f6r\u00fcn\u00fcn ta\u015f\u0131mac\u0131l\u0131k kapsam\u0131ndaki emisyon de\u011ferlerinis\u0131f\u0131rlamak konusundaki kararl\u0131l\u0131\u011f\u0131n\u0131, Bauma 2025\u2019te geni\u015f \u00fcr\u00fcn ve teknolojiyelpazesini sergileyerek g\u00f6zler \u00f6n\u00fcne seriyor.<\/p>\n","protected":false},"author":2,"featured_media":2704,"comment_status":"open","ping_status":"open","sticky":false,"template":"","format":"standard","meta":{"footnotes":""},"categories":[140],"tags":[],"class_list":["post-2703","post","type-post","status-publish","format-standard","has-post-thumbnail","hentry","category-otomobil"],"magazineBlocksPostFeaturedMedia":{"thumbnail":"https:\/\/torkspor.com\/wp-content\/uploads\/2025\/04\/Volvo-Trucks-Bauma-2025-150x150.jpg","medium":"https:\/\/torkspor.com\/wp-content\/uploads\/2025\/04\/Volvo-Trucks-Bauma-2025-300x200.jpg","medium_large":"https:\/\/torkspor.com\/wp-content\/uploads\/2025\/04\/Volvo-Trucks-Bauma-2025-768x512.jpg","large":"https:\/\/torkspor.com\/wp-content\/uploads\/2025\/04\/Volvo-Trucks-Bauma-2025-1024x683.jpg","1536x1536":"https:\/\/torkspor.com\/wp-content\/uploads\/2025\/04\/Volvo-Trucks-Bauma-2025-1536x1025.jpg","2048x2048":"https:\/\/torkspor.com\/wp-content\/uploads\/2025\/04\/Volvo-Trucks-Bauma-2025-2048x1366.jpg","colormag-highlighted-post":"https:\/\/torkspor.com\/wp-content\/uploads\/2025\/04\/Volvo-Trucks-Bauma-2025-392x272.jpg","colormag-featured-post-medium":"https:\/\/torkspor.com\/wp-content\/uploads\/2025\/04\/Volvo-Trucks-Bauma-2025-390x205.jpg","colormag-featured-post-small":"https:\/\/torkspor.com\/wp-content\/uploads\/2025\/04\/Volvo-Trucks-Bauma-2025-130x90.jpg","colormag-featured-image":"https:\/\/torkspor.com\/wp-content\/uploads\/2025\/04\/Volvo-Trucks-Bauma-2025-800x445.jpg","colormag-default-news":"https:\/\/torkspor.com\/wp-content\/uploads\/2025\/04\/Volvo-Trucks-Bauma-2025-150x150.jpg","colormag-featured-image-large":"https:\/\/torkspor.com\/wp-content\/uploads\/2025\/04\/Volvo-Trucks-Bauma-2025-1400x600.jpg","colormag-elementor-block-extra-large-thumbnail":"https:\/\/torkspor.com\/wp-content\/uploads\/2025\/04\/Volvo-Trucks-Bauma-2025-1155x480.jpg","colormag-elementor-grid-large-thumbnail":"https:\/\/torkspor.com\/wp-content\/uploads\/2025\/04\/Volvo-Trucks-Bauma-2025-600x417.jpg","colormag-elementor-grid-small-thumbnail":"https:\/\/torkspor.com\/wp-content\/uploads\/2025\/04\/Volvo-Trucks-Bauma-2025-285x450.jpg","colormag-elementor-grid-medium-large-thumbnail":"https:\/\/torkspor.com\/wp-content\/uploads\/2025\/04\/Volvo-Trucks-Bauma-2025-575x198.jpg"},"magazineBlocksPostAuthor":{"name":"Okan \u00c7etiner","avatar":"https:\/\/secure.gravatar.com\/avatar\/0b8d387b873c3962ae491deaf4b94a08a9b0dbc2778155c139691933252f8856?s=96&d=mm&r=g"},"magazineBlocksPostCommentsNumber":"0","magazineBlocksPostExcerpt":"Volvo Trucks, in\u015faat sekt\u00f6r\u00fcn\u00fcn ta\u015f\u0131mac\u0131l\u0131k kapsam\u0131ndaki emisyon de\u011ferlerinis\u0131f\u0131rlamak konusundaki kararl\u0131l\u0131\u011f\u0131n\u0131, Bauma 2025\u2019te geni\u015f \u00fcr\u00fcn ve teknolojiyelpazesini sergileyerek g\u00f6zler \u00f6n\u00fcne seriyor.","magazineBlocksPostCategories":["otomobil"],"magazine_blocks_featured_image_url":{"full":["https:\/\/torkspor.com\/wp-content\/uploads\/2025\/04\/Volvo-Trucks-Bauma-2025-scaled.jpg",2560,1708,false],"medium":["https:\/\/torkspor.com\/wp-content\/uploads\/2025\/04\/Volvo-Trucks-Bauma-2025-300x200.jpg",300,200,true],"thumbnail":["https:\/\/torkspor.com\/wp-content\/uploads\/2025\/04\/Volvo-Trucks-Bauma-2025-150x150.jpg",150,150,true]},"magazine_blocks_author":{"display_name":"Okan \u00c7etiner","author_link":"https:\/\/torkspor.com\/?author=2"},"magazine_blocks_comment":0,"magazine_blocks_author_image":"https:\/\/secure.gravatar.com\/avatar\/0b8d387b873c3962ae491deaf4b94a08a9b0dbc2778155c139691933252f8856?s=96&d=mm&r=g","magazine_blocks_category":"<a href=\"https:\/\/torkspor.com\/?cat=140\" rel=\"category\">otomobil<\/a>","_links":{"self":[{"href":"https:\/\/torkspor.com\/index.php?rest_route=\/wp\/v2\/posts\/2703","targetHints":{"allow":["GET"]}}],"collection":[{"href":"https:\/\/torkspor.com\/index.php?rest_route=\/wp\/v2\/posts"}],"about":[{"href":"https:\/\/torkspor.com\/index.php?rest_route=\/wp\/v2\/types\/post"}],"author":[{"embeddable":true,"href":"https:\/\/torkspor.com\/index.php?rest_route=\/wp\/v2\/users\/2"}],"replies":[{"embeddable":true,"href":"https:\/\/torkspor.com\/index.php?rest_route=%2Fwp%2Fv2%2Fcomments&post=2703"}],"version-history":[{"count":1,"href":"https:\/\/torkspor.com\/index.php?rest_route=\/wp\/v2\/posts\/2703\/revisions"}],"predecessor-version":[{"id":2705,"href":"https:\/\/torkspor.com\/index.php?rest_route=\/wp\/v2\/posts\/2703\/revisions\/2705"}],"wp:featuredmedia":[{"embeddable":true,"href":"https:\/\/torkspor.com\/index.php?rest_route=\/wp\/v2\/media\/2704"}],"wp:attachment":[{"href":"https:\/\/torkspor.com\/index.php?rest_route=%2Fwp%2Fv2%2Fmedia&parent=2703"}],"wp:term":[{"taxonomy":"category","embeddable":true,"href":"https:\/\/torkspor.com\/index.php?rest_route=%2Fwp%2Fv2%2Fcategories&post=2703"},{"taxonomy":"post_tag","embeddable":true,"href":"https:\/\/torkspor.com\/index.php?rest_route=%2Fwp%2Fv2%2Ftags&post=2703"}],"curies":[{"name":"wp","href":"https:\/\/api.w.org\/{rel}","templated":true}]}}