{"id":2772,"date":"2025-04-24T13:31:36","date_gmt":"2025-04-24T10:31:36","guid":{"rendered":"https:\/\/torkspor.com\/?p=2772"},"modified":"2025-04-24T13:31:38","modified_gmt":"2025-04-24T10:31:38","slug":"peugeot-otomobil-ureticileri-kategorisinde-fransanin-gozde-markasi-secildi","status":"publish","type":"post","link":"https:\/\/torkspor.com\/?p=2772","title":{"rendered":"PEUGEOT, &#8220;OTOMOB\u0130L \u00dcRET\u0130C\u0130LER\u0130&#8221; KATEGOR\u0130S\u0130NDE FRANSA&#8217;NIN G\u00d6ZDE MARKASI SE\u00c7\u0130LD\u0130!"},"content":{"rendered":"\n<p>PEUGEOT\u2019YA ANLAMLI \u00d6D\u00dcL!<br>Otomotivde yenilik\u00e7i teknolojileri, g\u00f6z al\u0131c\u0131 tasar\u0131m ve benzersiz s\u00fcr\u00fc\u015f keyfiyle<br>birle\u015ftiren&nbsp;PEUGEOT, ana vatan\u0131 Fransa\u2019da \u00f6nemli bir \u00f6d\u00fcle daha lay\u0131k g\u00f6r\u00fcld\u00fc. Bu kapsamda<br>PEUGEOT, OpinionWay taraf\u0131ndan yak\u0131n zamanda yap\u0131lan ba\u011f\u0131ms\u0131z bir ara\u015ft\u0131rmaya g\u00f6re Fransa&#8217;n\u0131n<br>g\u00f6zde otomobil markas\u0131 se\u00e7ildi. PEUGEOT, bu ald\u0131\u011f\u0131 \u00f6d\u00fclle \u00fcst\u00fcn m\u00fchendislik yetkinliklerini ayn\u0131<br>zamanda t\u00fcketici ihtiya\u00e7lar\u0131n\u0131 do\u011fru analiz edebilme yetene\u011fiyle birle\u015ftiren bir marka oldu\u011funu<br>yeniden kan\u0131tlam\u0131\u015f oldu.<br>PEUGEOT, OpinionWay taraf\u0131ndan yap\u0131lan, \u201cFrans\u0131zlar\u0131n En G\u00f6zde Markas\u0131\u201d oylamas\u0131nda, \u201cOtomotiv<br>\u00dcreticileri\u201d klansman\u0131nda lider marka se\u00e7ildi. 2015 y\u0131l\u0131ndan bu yana Frans\u0131z t\u00fcketicilerin kalite alg\u0131s\u0131 ve<br>belli oranda tavsiyesi ile markalar\u0131 \u00f6d\u00fcllendiren olu\u015fum, pazardaki mevcut t\u00fcm markalar\u0131 kar\u015f\u0131la\u015ft\u0131ran<br>ba\u011f\u0131ms\u0131z bir anket enstit\u00fcs\u00fc taraf\u0131ndan yap\u0131lan \u00e7al\u0131\u015fmalara dayanarak, farkl\u0131 kategorilerde Frans\u0131zlar\u0131n en<br>sevdi\u011fi markay\u0131, yani pazardaki en y\u00fcksek empati oran\u0131na sahip markay\u0131 \u00f6d\u00fcllendiriyor. Sekt\u00f6rel ara\u015ft\u0131rma<br>sonu\u00e7lar\u0131na g\u00f6re, bug\u00fcn PEUGEOT \u00f6rne\u011finde oldu\u011fu gibi 2 y\u0131ll\u0131k bir s\u00fcre i\u00e7in sadece bir marka se\u00e7iliyor.<br>PEUGEOT, ger\u00e7ekle\u015ftirilen oylamada, 18 ya\u015f ve \u00fczeri Frans\u0131z n\u00fcfusunu temsil eden 1032 ki\u015fiyle yap\u0131lan<br>ara\u015ft\u0131rman\u0131n ard\u0131ndan en fazla &#8220;be\u011feni&#8221; alarak podyumun zirvesine yerle\u015fmeyi ba\u015fard\u0131. Kalite alg\u0131s\u0131<br>y\u00fcksek ve \u00e7a\u011f\u0131n \u00f6tesinde teknolojiler sunarak gelece\u011fin mobilite ihtiya\u00e7lar\u0131na yan\u0131t veren PEUGEOT, bu<br>\u00f6d\u00fclle beraber \u201cOtomotiv \u00dcreticileri\u201d klansman\u0131nda Fransa\u2019n\u0131n \u201cG\u00f6zde Markas\u0131\u201d se\u00e7ildi. PEUGEOT i\u00e7in<br>\u00f6ncelikli pazar olan Fransa&#8217;daki bu bilinirlik, markan\u0131n \u00fclke \u00e7ap\u0131ndaki olumlu imaj\u0131n\u0131 da g\u00f6zler \u00f6n\u00fcne<br>seriyor ve ayr\u0131ca bu sonu\u00e7, PEUGEOT ekiplerinin son y\u0131llarda hem marka hem de \u00fcr\u00fcn a\u00e7\u0131s\u0131ndan<br>ger\u00e7ekle\u015ftirdi\u011fi \u00e7al\u0131\u015fmalar\u0131n ve kaydetti\u011fi geli\u015fimin kan\u0131t\u0131 olma niteli\u011fi ta\u015f\u0131yor.<br>Frans\u0131z halk\u0131n\u0131n en sevdi\u011fi otomobil markas\u0131 olmaktan dolay\u0131 gurur duyduklar\u0131n\u0131 a\u00e7\u0131klayan PEUGEOT<br>CEO\u2019su Alain Favey, \u201cBu sonu\u00e7, tasar\u0131m, yenilik ve kaliteyi bir araya getiren ara\u00e7lar sunmak \u00fczere \u00e7al\u0131\u015fan<br>ekiplerimizin s\u00fcrekli \u00e7abalar\u0131n\u0131 \u00f6d\u00fcllendirir nitelikte. 2025 y\u0131l\u0131 performans\u0131n \u00f6n plana \u00e7\u0131kaca\u011f\u0131 bir y\u0131l olacak.<br>\u00dcr\u00fcn yelpazemizin tamam\u0131, PEUGEOT E-3008 ve E-5008&#8217;in ba\u015far\u0131s\u0131 ve Frans\u0131z halk\u0131n\u0131n g\u00fcveniyle,<br>ba\u015far\u0131l\u0131 olmak i\u00e7in gereken t\u00fcm ko\u015fullara sahip oldu\u011fumuza inan\u0131yoruz\u201d dedi.<\/p>\n","protected":false},"excerpt":{"rendered":"<p>PEUGEOT\u2019YA ANLAMLI \u00d6D\u00dcL!Otomotivde yenilik\u00e7i teknolojileri, g\u00f6z al\u0131c\u0131 tasar\u0131m ve benzersiz s\u00fcr\u00fc\u015f keyfiylebirle\u015ftiren&nbsp;PEUGEOT, ana vatan\u0131 Fransa\u2019da \u00f6nemli bir \u00f6d\u00fcle daha lay\u0131k<\/p>\n","protected":false},"author":2,"featured_media":2773,"comment_status":"open","ping_status":"open","sticky":false,"template":"","format":"standard","meta":{"footnotes":""},"categories":[140],"tags":[],"class_list":["post-2772","post","type-post","status-publish","format-standard","has-post-thumbnail","hentry","category-otomobil"],"magazineBlocksPostFeaturedMedia":{"thumbnail":"https:\/\/torkspor.com\/wp-content\/uploads\/2025\/04\/PEUGEOT-Global-CEO-Alain-Favey-150x150.jpeg","medium":"https:\/\/torkspor.com\/wp-content\/uploads\/2025\/04\/PEUGEOT-Global-CEO-Alain-Favey-300x200.jpeg","medium_large":"https:\/\/torkspor.com\/wp-content\/uploads\/2025\/04\/PEUGEOT-Global-CEO-Alain-Favey-768x512.jpeg","large":"https:\/\/torkspor.com\/wp-content\/uploads\/2025\/04\/PEUGEOT-Global-CEO-Alain-Favey-1024x683.jpeg","1536x1536":"https:\/\/torkspor.com\/wp-content\/uploads\/2025\/04\/PEUGEOT-Global-CEO-Alain-Favey-1536x1024.jpeg","2048x2048":"https:\/\/torkspor.com\/wp-content\/uploads\/2025\/04\/PEUGEOT-Global-CEO-Alain-Favey-2048x1365.jpeg","colormag-highlighted-post":"https:\/\/torkspor.com\/wp-content\/uploads\/2025\/04\/PEUGEOT-Global-CEO-Alain-Favey-392x272.jpeg","colormag-featured-post-medium":"https:\/\/torkspor.com\/wp-content\/uploads\/2025\/04\/PEUGEOT-Global-CEO-Alain-Favey-390x205.jpeg","colormag-featured-post-small":"https:\/\/torkspor.com\/wp-content\/uploads\/2025\/04\/PEUGEOT-Global-CEO-Alain-Favey-130x90.jpeg","colormag-featured-image":"https:\/\/torkspor.com\/wp-content\/uploads\/2025\/04\/PEUGEOT-Global-CEO-Alain-Favey-800x445.jpeg","colormag-default-news":"https:\/\/torkspor.com\/wp-content\/uploads\/2025\/04\/PEUGEOT-Global-CEO-Alain-Favey-150x150.jpeg","colormag-featured-image-large":"https:\/\/torkspor.com\/wp-content\/uploads\/2025\/04\/PEUGEOT-Global-CEO-Alain-Favey-1400x600.jpeg","colormag-elementor-block-extra-large-thumbnail":"https:\/\/torkspor.com\/wp-content\/uploads\/2025\/04\/PEUGEOT-Global-CEO-Alain-Favey-1155x480.jpeg","colormag-elementor-grid-large-thumbnail":"https:\/\/torkspor.com\/wp-content\/uploads\/2025\/04\/PEUGEOT-Global-CEO-Alain-Favey-600x417.jpeg","colormag-elementor-grid-small-thumbnail":"https:\/\/torkspor.com\/wp-content\/uploads\/2025\/04\/PEUGEOT-Global-CEO-Alain-Favey-285x450.jpeg","colormag-elementor-grid-medium-large-thumbnail":"https:\/\/torkspor.com\/wp-content\/uploads\/2025\/04\/PEUGEOT-Global-CEO-Alain-Favey-575x198.jpeg"},"magazineBlocksPostAuthor":{"name":"Okan \u00c7etiner","avatar":"https:\/\/secure.gravatar.com\/avatar\/0b8d387b873c3962ae491deaf4b94a08a9b0dbc2778155c139691933252f8856?s=96&d=mm&r=g"},"magazineBlocksPostCommentsNumber":"0","magazineBlocksPostExcerpt":"PEUGEOT\u2019YA ANLAMLI \u00d6D\u00dcL!Otomotivde yenilik\u00e7i teknolojileri, g\u00f6z al\u0131c\u0131 tasar\u0131m ve benzersiz s\u00fcr\u00fc\u015f keyfiylebirle\u015ftiren&nbsp;PEUGEOT, ana vatan\u0131 Fransa\u2019da \u00f6nemli bir \u00f6d\u00fcle daha lay\u0131k","magazineBlocksPostCategories":["otomobil"],"magazine_blocks_featured_image_url":{"full":["https:\/\/torkspor.com\/wp-content\/uploads\/2025\/04\/PEUGEOT-Global-CEO-Alain-Favey-scaled.jpeg",2560,1707,false],"medium":["https:\/\/torkspor.com\/wp-content\/uploads\/2025\/04\/PEUGEOT-Global-CEO-Alain-Favey-300x200.jpeg",300,200,true],"thumbnail":["https:\/\/torkspor.com\/wp-content\/uploads\/2025\/04\/PEUGEOT-Global-CEO-Alain-Favey-150x150.jpeg",150,150,true]},"magazine_blocks_author":{"display_name":"Okan \u00c7etiner","author_link":"https:\/\/torkspor.com\/?author=2"},"magazine_blocks_comment":2,"magazine_blocks_author_image":"https:\/\/secure.gravatar.com\/avatar\/0b8d387b873c3962ae491deaf4b94a08a9b0dbc2778155c139691933252f8856?s=96&d=mm&r=g","magazine_blocks_category":"<a href=\"https:\/\/torkspor.com\/?cat=140\" rel=\"category\">otomobil<\/a>","_links":{"self":[{"href":"https:\/\/torkspor.com\/index.php?rest_route=\/wp\/v2\/posts\/2772","targetHints":{"allow":["GET"]}}],"collection":[{"href":"https:\/\/torkspor.com\/index.php?rest_route=\/wp\/v2\/posts"}],"about":[{"href":"https:\/\/torkspor.com\/index.php?rest_route=\/wp\/v2\/types\/post"}],"author":[{"embeddable":true,"href":"https:\/\/torkspor.com\/index.php?rest_route=\/wp\/v2\/users\/2"}],"replies":[{"embeddable":true,"href":"https:\/\/torkspor.com\/index.php?rest_route=%2Fwp%2Fv2%2Fcomments&post=2772"}],"version-history":[{"count":1,"href":"https:\/\/torkspor.com\/index.php?rest_route=\/wp\/v2\/posts\/2772\/revisions"}],"predecessor-version":[{"id":2774,"href":"https:\/\/torkspor.com\/index.php?rest_route=\/wp\/v2\/posts\/2772\/revisions\/2774"}],"wp:featuredmedia":[{"embeddable":true,"href":"https:\/\/torkspor.com\/index.php?rest_route=\/wp\/v2\/media\/2773"}],"wp:attachment":[{"href":"https:\/\/torkspor.com\/index.php?rest_route=%2Fwp%2Fv2%2Fmedia&parent=2772"}],"wp:term":[{"taxonomy":"category","embeddable":true,"href":"https:\/\/torkspor.com\/index.php?rest_route=%2Fwp%2Fv2%2Fcategories&post=2772"},{"taxonomy":"post_tag","embeddable":true,"href":"https:\/\/torkspor.com\/index.php?rest_route=%2Fwp%2Fv2%2Ftags&post=2772"}],"curies":[{"name":"wp","href":"https:\/\/api.w.org\/{rel}","templated":true}]}}