{"id":2801,"date":"2025-05-05T13:28:28","date_gmt":"2025-05-05T10:28:28","guid":{"rendered":"https:\/\/torkspor.com\/?p=2801"},"modified":"2025-05-05T13:28:30","modified_gmt":"2025-05-05T10:28:30","slug":"monakoda-fia-baskani-madalyasini-cetinkaya-takdim-etti","status":"publish","type":"post","link":"https:\/\/torkspor.com\/?p=2801","title":{"rendered":"Monako&#8217;da FIA Ba\u015fkan\u0131 Madalyas\u0131n\u0131 \u00c7etinkaya Takdim Etti"},"content":{"rendered":"\n<p>2025 Formula E \u015eampiyonas\u0131 ikinci yar\u0131\u015f\u0131 Monako E-Prix&#8217;sinde, \u00f6d\u00fcl t\u00f6reninde birincilik kazanan pilot S\u00e9bastien Buemi, FIA Ba\u015fkan\u0131 Muhammed Ben Sulayem ad\u0131na verilen FIA Ba\u015fkan\u0131 Madalyas\u0131 ile onurland\u0131r\u0131ld\u0131. Bu \u00f6zel madalya, FIA Kad\u0131nlar Motor Sporlar\u0131nda Komisyonu Ba\u015fkan\u0131 ve FIA D\u00fcnya Motor Sporlar\u0131 Konseyi \u00dcyesi Burcu \u00c7etinkaya taraf\u0131ndan takdim edildi.<\/p>\n\n\n\n<p>\u00d6d\u00fcl t\u00f6reni, motor sporlar\u0131 d\u00fcnyas\u0131n\u0131n \u00f6nemli isimlerini bir araya getirdi. Monako Prensesi Charlene ve Formula E\u2019nin kurucu orta\u011f\u0131 Alejandro Agag da t\u00f6ren s\u0131ras\u0131nda podyumda yer alarak di\u011fer \u00f6d\u00fcllerin takdiminde g\u00f6rev ald\u0131lar. Bu anlaml\u0131 t\u00f6ren, kad\u0131nlar\u0131n motor sporlar\u0131ndaki temsiliyetine dikkat \u00e7eken g\u00fc\u00e7l\u00fc bir sembol haline geldi.<\/p>\n\n\n\n<p>\u00c7etinkaya, yar\u0131\u015f hafta sonunda Monako\u2019daki yerel televizyon kanal\u0131na verdi\u011fi r\u00f6portajda y\u00fcr\u00fct\u00fclen projeleri anlatarak \u015funlar\u0131 s\u00f6yledi:<\/p>\n\n\n\n<p>\u201cFIA Ba\u015fkan\u0131\u2019n\u0131 temsilen podyumda yer almak ve FIA Ba\u015fkan\u0131 Madalyas\u0131\u2019n\u0131 sunmak benim i\u00e7in b\u00fcy\u00fck bir onurdu. Bu t\u00f6rende Prenses Charlene ve Alejandro Agag gibi de\u011ferli isimlerle birlikte olmak ayr\u0131ca anlaml\u0131yd\u0131. Kad\u0131nlar\u0131n sadece sporcu olarak de\u011fil, resmi g\u00f6revlerde de g\u00f6r\u00fcn\u00fcr olmas\u0131 \u00e7ok \u00f6nemli, bu g\u00f6r\u00fcn\u00fcrl\u00fck motor sporlar\u0131nda toplumsal d\u00f6n\u00fc\u015f\u00fcm i\u00e7in g\u00fc\u00e7l\u00fc bir mesaj veriyor.\u201d<\/p>\n\n\n\n<p>Formula E\u2019nin bu yar\u0131\u015f\u0131nda ya\u015fanan bu simgesel ve kapsay\u0131c\u0131 an, sporun daha e\u015fitlik\u00e7i ve gelece\u011fe d\u00f6n\u00fck vizyonunu yans\u0131tt\u0131.<\/p>\n","protected":false},"excerpt":{"rendered":"<p>2025 Formula E \u015eampiyonas\u0131 ikinci yar\u0131\u015f\u0131 Monako E-Prix&#8217;sinde, \u00f6d\u00fcl t\u00f6reninde birincilik kazanan pilot S\u00e9bastien Buemi, FIA Ba\u015fkan\u0131 Muhammed Ben Sulayem<\/p>\n","protected":false},"author":2,"featured_media":2802,"comment_status":"open","ping_status":"open","sticky":false,"template":"","format":"standard","meta":{"footnotes":""},"categories":[14,3,4],"tags":[],"class_list":["post-2801","post","type-post","status-publish","format-standard","has-post-thumbnail","hentry","category-dunya","category-dunyadasporcularimiz","category-ozelhaberler"],"magazineBlocksPostFeaturedMedia":{"thumbnail":"https:\/\/torkspor.com\/wp-content\/uploads\/2025\/05\/2025-Monaco-FormulaE_Podyum_01-150x150.jpg","medium":"https:\/\/torkspor.com\/wp-content\/uploads\/2025\/05\/2025-Monaco-FormulaE_Podyum_01-300x200.jpg","medium_large":"https:\/\/torkspor.com\/wp-content\/uploads\/2025\/05\/2025-Monaco-FormulaE_Podyum_01-768x512.jpg","large":"https:\/\/torkspor.com\/wp-content\/uploads\/2025\/05\/2025-Monaco-FormulaE_Podyum_01-1024x683.jpg","1536x1536":"https:\/\/torkspor.com\/wp-content\/uploads\/2025\/05\/2025-Monaco-FormulaE_Podyum_01-1536x1025.jpg","2048x2048":"https:\/\/torkspor.com\/wp-content\/uploads\/2025\/05\/2025-Monaco-FormulaE_Podyum_01.jpg","colormag-highlighted-post":"https:\/\/torkspor.com\/wp-content\/uploads\/2025\/05\/2025-Monaco-FormulaE_Podyum_01-392x272.jpg","colormag-featured-post-medium":"https:\/\/torkspor.com\/wp-content\/uploads\/2025\/05\/2025-Monaco-FormulaE_Podyum_01-390x205.jpg","colormag-featured-post-small":"https:\/\/torkspor.com\/wp-content\/uploads\/2025\/05\/2025-Monaco-FormulaE_Podyum_01-130x90.jpg","colormag-featured-image":"https:\/\/torkspor.com\/wp-content\/uploads\/2025\/05\/2025-Monaco-FormulaE_Podyum_01-800x445.jpg","colormag-default-news":"https:\/\/torkspor.com\/wp-content\/uploads\/2025\/05\/2025-Monaco-FormulaE_Podyum_01-150x150.jpg","colormag-featured-image-large":"https:\/\/torkspor.com\/wp-content\/uploads\/2025\/05\/2025-Monaco-FormulaE_Podyum_01-1400x600.jpg","colormag-elementor-block-extra-large-thumbnail":"https:\/\/torkspor.com\/wp-content\/uploads\/2025\/05\/2025-Monaco-FormulaE_Podyum_01-1155x480.jpg","colormag-elementor-grid-large-thumbnail":"https:\/\/torkspor.com\/wp-content\/uploads\/2025\/05\/2025-Monaco-FormulaE_Podyum_01-600x417.jpg","colormag-elementor-grid-small-thumbnail":"https:\/\/torkspor.com\/wp-content\/uploads\/2025\/05\/2025-Monaco-FormulaE_Podyum_01-285x450.jpg","colormag-elementor-grid-medium-large-thumbnail":"https:\/\/torkspor.com\/wp-content\/uploads\/2025\/05\/2025-Monaco-FormulaE_Podyum_01-575x198.jpg"},"magazineBlocksPostAuthor":{"name":"Okan \u00c7etiner","avatar":"https:\/\/secure.gravatar.com\/avatar\/0b8d387b873c3962ae491deaf4b94a08a9b0dbc2778155c139691933252f8856?s=96&d=mm&r=g"},"magazineBlocksPostCommentsNumber":"0","magazineBlocksPostExcerpt":"2025 Formula E \u015eampiyonas\u0131 ikinci yar\u0131\u015f\u0131 Monako E-Prix&#8217;sinde, \u00f6d\u00fcl t\u00f6reninde birincilik kazanan pilot S\u00e9bastien Buemi, FIA Ba\u015fkan\u0131 Muhammed Ben Sulayem","magazineBlocksPostCategories":["D\u00fcnya","D\u00fcnyada Sporcular\u0131m\u0131z","\u00d6zel Haberler"],"magazine_blocks_featured_image_url":{"full":["https:\/\/torkspor.com\/wp-content\/uploads\/2025\/05\/2025-Monaco-FormulaE_Podyum_01.jpg",2048,1366,false],"medium":["https:\/\/torkspor.com\/wp-content\/uploads\/2025\/05\/2025-Monaco-FormulaE_Podyum_01-300x200.jpg",300,200,true],"thumbnail":["https:\/\/torkspor.com\/wp-content\/uploads\/2025\/05\/2025-Monaco-FormulaE_Podyum_01-150x150.jpg",150,150,true]},"magazine_blocks_author":{"display_name":"Okan \u00c7etiner","author_link":"https:\/\/torkspor.com\/?author=2"},"magazine_blocks_comment":7,"magazine_blocks_author_image":"https:\/\/secure.gravatar.com\/avatar\/0b8d387b873c3962ae491deaf4b94a08a9b0dbc2778155c139691933252f8856?s=96&d=mm&r=g","magazine_blocks_category":"<a href=\"https:\/\/torkspor.com\/?cat=14\" rel=\"category\">D\u00fcnya<\/a> <a href=\"https:\/\/torkspor.com\/?cat=3\" rel=\"category\">D\u00fcnyada Sporcular\u0131m\u0131z<\/a> <a href=\"https:\/\/torkspor.com\/?cat=4\" rel=\"category\">\u00d6zel Haberler<\/a>","_links":{"self":[{"href":"https:\/\/torkspor.com\/index.php?rest_route=\/wp\/v2\/posts\/2801","targetHints":{"allow":["GET"]}}],"collection":[{"href":"https:\/\/torkspor.com\/index.php?rest_route=\/wp\/v2\/posts"}],"about":[{"href":"https:\/\/torkspor.com\/index.php?rest_route=\/wp\/v2\/types\/post"}],"author":[{"embeddable":true,"href":"https:\/\/torkspor.com\/index.php?rest_route=\/wp\/v2\/users\/2"}],"replies":[{"embeddable":true,"href":"https:\/\/torkspor.com\/index.php?rest_route=%2Fwp%2Fv2%2Fcomments&post=2801"}],"version-history":[{"count":1,"href":"https:\/\/torkspor.com\/index.php?rest_route=\/wp\/v2\/posts\/2801\/revisions"}],"predecessor-version":[{"id":2803,"href":"https:\/\/torkspor.com\/index.php?rest_route=\/wp\/v2\/posts\/2801\/revisions\/2803"}],"wp:featuredmedia":[{"embeddable":true,"href":"https:\/\/torkspor.com\/index.php?rest_route=\/wp\/v2\/media\/2802"}],"wp:attachment":[{"href":"https:\/\/torkspor.com\/index.php?rest_route=%2Fwp%2Fv2%2Fmedia&parent=2801"}],"wp:term":[{"taxonomy":"category","embeddable":true,"href":"https:\/\/torkspor.com\/index.php?rest_route=%2Fwp%2Fv2%2Fcategories&post=2801"},{"taxonomy":"post_tag","embeddable":true,"href":"https:\/\/torkspor.com\/index.php?rest_route=%2Fwp%2Fv2%2Ftags&post=2801"}],"curies":[{"name":"wp","href":"https:\/\/api.w.org\/{rel}","templated":true}]}}