{"id":2821,"date":"2025-05-09T12:53:15","date_gmt":"2025-05-09T09:53:15","guid":{"rendered":"https:\/\/torkspor.com\/?p=2821"},"modified":"2025-05-09T12:53:17","modified_gmt":"2025-05-09T09:53:17","slug":"turk-yariscilar-italyadan-kupa-ile-dondu","status":"publish","type":"post","link":"https:\/\/torkspor.com\/?p=2821","title":{"rendered":"T\u00fcrk Yar\u0131\u015f\u00e7\u0131lar \u0130talya\u2019dan kupa ile d\u00f6nd\u00fc!"},"content":{"rendered":"\n<p><strong>02-04 May\u0131s tarihlerinde \u0130talya Misano Pistinde start alan Texaco Team AMS\u2019nin kad\u0131n sporcusu Seda Ka\u00e7an ve gen\u00e7 sporcusu Zekai \u00d6zen \u00fclkelerine toplam 4 kupa kazanarak d\u00f6nmeyi ba\u015fard\u0131.&nbsp;&nbsp;&nbsp;<\/strong><\/p>\n\n\n\n<p>Rekabetin en \u00fcst seviyede oldu\u011fu ve Zekai \u00d6zen\u2019in start ald\u0131\u011f\u0131 TCR Seq \u015eampiyonas\u0131nda 20, Seda Ka\u00e7an\u2019n\u0131n start ald\u0131\u011f\u0131 TCR Dsg \u015eampiyonas\u0131nda ise 19 ara\u00e7 olmak \u00fczere toplam 39 otomobilin start ald\u0131\u011f\u0131 TCR \u0130talya \u015eampiyonas\u0131, \u0130talya\u2019n\u0131n \u00fcnl\u00fc Misano Marco Simoncelli World Circuit\u2019de start ald\u0131.<\/p>\n\n\n\n<p><br>Cuma g\u00fcn\u00fc antrenmanlar ve s\u0131ralama turlar\u0131, cumartesi g\u00fcn\u00fc birinci yar\u0131\u015f ve pazar g\u00fcn\u00fc ikinci yar\u0131\u015f olmak \u00fczere s\u0131cak bir havada yo\u011fun bir programla ge\u00e7en hafta sonu, yo\u011fun bir izleyici kitlesi \u00f6n\u00fcnde ger\u00e7ekle\u015fti.<\/p>\n\n\n\n<p>Zekai \u00d6zen\u2019in genel klasmanda ond\u00f6rd\u00fcnc\u00fc ve onalt\u0131nc\u0131 olarak biritdi\u011fi, Rookie Trophy\u2019de ise ikincilik ve birincilik kupalar\u0131n\u0131 kazand\u0131\u011f\u0131 hafta sonunda Seda Ka\u00e7an ise genel klasmanda ond\u00f6rd\u00fcnc\u00fc ve onbirinci olurken, Rookie Trophy\u2019de ikincilik ve birincilik, Woman Trophy\u2019de ise her iki yar\u0131\u015fta ikincilik elde etti ve Texaco Tean AMS\u2019nin pilotlar\u0131 bu sonu\u00e7larla g\u00fc\u00e7l\u00fc bir performans sergilemi\u015f oldu. &nbsp;<\/p>\n\n\n\n<p>Texaco, Glasurit, Mirka, Sparco, ve FikirMedya taraf\u0131ndan desteklenen Texaco Team AMS, 6 ayak ve 12 yar\u0131\u015ftan olu\u015fan TCR \u0130taly yar\u0131\u015f sezonunun bir sonraki yar\u0131\u015flar\u0131 i\u00e7in 23-25 May\u0131s tarihlerinde \u0130talya Roma Vallelunga pistinde olacaklar.<\/p>\n","protected":false},"excerpt":{"rendered":"<p>02-04 May\u0131s tarihlerinde \u0130talya Misano Pistinde start alan Texaco Team AMS\u2019nin kad\u0131n sporcusu Seda Ka\u00e7an ve gen\u00e7 sporcusu Zekai \u00d6zen<\/p>\n","protected":false},"author":2,"featured_media":2822,"comment_status":"open","ping_status":"open","sticky":false,"template":"","format":"standard","meta":{"footnotes":""},"categories":[2],"tags":[],"class_list":["post-2821","post","type-post","status-publish","format-standard","has-post-thumbnail","hentry","category-pist"],"magazineBlocksPostFeaturedMedia":{"thumbnail":"https:\/\/torkspor.com\/wp-content\/uploads\/2025\/05\/B20V7251-150x150.jpg","medium":"https:\/\/torkspor.com\/wp-content\/uploads\/2025\/05\/B20V7251-300x200.jpg","medium_large":"https:\/\/torkspor.com\/wp-content\/uploads\/2025\/05\/B20V7251-768x512.jpg","large":"https:\/\/torkspor.com\/wp-content\/uploads\/2025\/05\/B20V7251-1024x683.jpg","1536x1536":"https:\/\/torkspor.com\/wp-content\/uploads\/2025\/05\/B20V7251-1536x1024.jpg","2048x2048":"https:\/\/torkspor.com\/wp-content\/uploads\/2025\/05\/B20V7251-2048x1365.jpg","colormag-highlighted-post":"https:\/\/torkspor.com\/wp-content\/uploads\/2025\/05\/B20V7251-392x272.jpg","colormag-featured-post-medium":"https:\/\/torkspor.com\/wp-content\/uploads\/2025\/05\/B20V7251-390x205.jpg","colormag-featured-post-small":"https:\/\/torkspor.com\/wp-content\/uploads\/2025\/05\/B20V7251-130x90.jpg","colormag-featured-image":"https:\/\/torkspor.com\/wp-content\/uploads\/2025\/05\/B20V7251-800x445.jpg","colormag-default-news":"https:\/\/torkspor.com\/wp-content\/uploads\/2025\/05\/B20V7251-150x150.jpg","colormag-featured-image-large":"https:\/\/torkspor.com\/wp-content\/uploads\/2025\/05\/B20V7251-1400x600.jpg","colormag-elementor-block-extra-large-thumbnail":"https:\/\/torkspor.com\/wp-content\/uploads\/2025\/05\/B20V7251-1155x480.jpg","colormag-elementor-grid-large-thumbnail":"https:\/\/torkspor.com\/wp-content\/uploads\/2025\/05\/B20V7251-600x417.jpg","colormag-elementor-grid-small-thumbnail":"https:\/\/torkspor.com\/wp-content\/uploads\/2025\/05\/B20V7251-285x450.jpg","colormag-elementor-grid-medium-large-thumbnail":"https:\/\/torkspor.com\/wp-content\/uploads\/2025\/05\/B20V7251-575x198.jpg"},"magazineBlocksPostAuthor":{"name":"Okan \u00c7etiner","avatar":"https:\/\/secure.gravatar.com\/avatar\/0b8d387b873c3962ae491deaf4b94a08a9b0dbc2778155c139691933252f8856?s=96&d=mm&r=g"},"magazineBlocksPostCommentsNumber":"0","magazineBlocksPostExcerpt":"02-04 May\u0131s tarihlerinde \u0130talya Misano Pistinde start alan Texaco Team AMS\u2019nin kad\u0131n sporcusu Seda Ka\u00e7an ve gen\u00e7 sporcusu Zekai \u00d6zen","magazineBlocksPostCategories":["Pist"],"magazine_blocks_featured_image_url":{"full":["https:\/\/torkspor.com\/wp-content\/uploads\/2025\/05\/B20V7251-scaled.jpg",2560,1707,false],"medium":["https:\/\/torkspor.com\/wp-content\/uploads\/2025\/05\/B20V7251-300x200.jpg",300,200,true],"thumbnail":["https:\/\/torkspor.com\/wp-content\/uploads\/2025\/05\/B20V7251-150x150.jpg",150,150,true]},"magazine_blocks_author":{"display_name":"Okan \u00c7etiner","author_link":"https:\/\/torkspor.com\/?author=2"},"magazine_blocks_comment":4,"magazine_blocks_author_image":"https:\/\/secure.gravatar.com\/avatar\/0b8d387b873c3962ae491deaf4b94a08a9b0dbc2778155c139691933252f8856?s=96&d=mm&r=g","magazine_blocks_category":"<a href=\"https:\/\/torkspor.com\/?cat=2\" rel=\"category\">Pist<\/a>","_links":{"self":[{"href":"https:\/\/torkspor.com\/index.php?rest_route=\/wp\/v2\/posts\/2821","targetHints":{"allow":["GET"]}}],"collection":[{"href":"https:\/\/torkspor.com\/index.php?rest_route=\/wp\/v2\/posts"}],"about":[{"href":"https:\/\/torkspor.com\/index.php?rest_route=\/wp\/v2\/types\/post"}],"author":[{"embeddable":true,"href":"https:\/\/torkspor.com\/index.php?rest_route=\/wp\/v2\/users\/2"}],"replies":[{"embeddable":true,"href":"https:\/\/torkspor.com\/index.php?rest_route=%2Fwp%2Fv2%2Fcomments&post=2821"}],"version-history":[{"count":1,"href":"https:\/\/torkspor.com\/index.php?rest_route=\/wp\/v2\/posts\/2821\/revisions"}],"predecessor-version":[{"id":2823,"href":"https:\/\/torkspor.com\/index.php?rest_route=\/wp\/v2\/posts\/2821\/revisions\/2823"}],"wp:featuredmedia":[{"embeddable":true,"href":"https:\/\/torkspor.com\/index.php?rest_route=\/wp\/v2\/media\/2822"}],"wp:attachment":[{"href":"https:\/\/torkspor.com\/index.php?rest_route=%2Fwp%2Fv2%2Fmedia&parent=2821"}],"wp:term":[{"taxonomy":"category","embeddable":true,"href":"https:\/\/torkspor.com\/index.php?rest_route=%2Fwp%2Fv2%2Fcategories&post=2821"},{"taxonomy":"post_tag","embeddable":true,"href":"https:\/\/torkspor.com\/index.php?rest_route=%2Fwp%2Fv2%2Ftags&post=2821"}],"curies":[{"name":"wp","href":"https:\/\/api.w.org\/{rel}","templated":true}]}}