{"id":2848,"date":"2025-06-10T11:35:01","date_gmt":"2025-06-10T08:35:01","guid":{"rendered":"https:\/\/torkspor.com\/?p=2848"},"modified":"2025-06-10T11:54:16","modified_gmt":"2025-06-10T08:54:16","slug":"sardunya-etabinda-kazaz-ruzgari-super-ralliye-ragmen-5inci-sira","status":"publish","type":"post","link":"https:\/\/torkspor.com\/?p=2848","title":{"rendered":"Sardunya Etab\u0131nda Kazaz R\u00fczgar\u0131: S\u00fcper Ralliye Ra\u011fmen 5\u2019inci S\u0131ra!"},"content":{"rendered":"\n<p>Sardunya\u2019n\u0131n tozlu yollar\u0131nda 5\u20138 Haziran 2025 tarihleri aras\u0131nda d\u00fczenlenen Rally Italia Sardegna, tam 320 km\u2019lik nefes kesen m\u00fccadeleye sahne oldu. Team Petrol Ofisi ad\u0131na WRC3 kategorisinde yar\u0131\u015fan 19 ya\u015f\u0131ndaki jenerasyonun y\u00fckselen y\u0131ld\u0131z\u0131 <strong>Kerem Kazaz<\/strong>, co-pilotu Corentin\u202fSilvestre ile birlikte bu zorlu m\u00fccadeleden k\u0131ymetli bir 5.\u202fs\u0131ra ile ayr\u0131ld\u0131 \u2014 ve \u015fampiyonadaki konumlar\u0131n\u0131 da 4.\u202fli\u011fe y\u00fckseltti.<\/p>\n\n\n\n<figure class=\"wp-block-gallery has-nested-images columns-default is-cropped wp-block-gallery-1 is-layout-flex wp-block-gallery-is-layout-flex\">\n<figure class=\"wp-block-image size-large\"><img fetchpriority=\"high\" decoding=\"async\" width=\"1024\" height=\"683\" data-id=\"2850\" src=\"https:\/\/torkspor.com\/wp-content\/uploads\/2025\/06\/9-1024x683.jpg\" alt=\"\" class=\"wp-image-2850\" srcset=\"https:\/\/torkspor.com\/wp-content\/uploads\/2025\/06\/9-1024x683.jpg 1024w, https:\/\/torkspor.com\/wp-content\/uploads\/2025\/06\/9-300x200.jpg 300w, https:\/\/torkspor.com\/wp-content\/uploads\/2025\/06\/9-768x512.jpg 768w, https:\/\/torkspor.com\/wp-content\/uploads\/2025\/06\/9-1536x1024.jpg 1536w, https:\/\/torkspor.com\/wp-content\/uploads\/2025\/06\/9-2048x1366.jpg 2048w\" sizes=\"(max-width: 1024px) 100vw, 1024px\" \/><\/figure>\n<\/figure>\n\n\n\n<h3 class=\"wp-block-heading\">Zorlu\u011fa Ra\u011fmen Azim ve Diren\u00e7<\/h3>\n\n\n\n<p>Sardunya\u2019n\u0131n ta\u015fl\u0131 ve serpantin etaplar\u0131nda, 16 \u00f6zel etapta bir hayli rekabet vard\u0131. WRC3 kategorisinde g\u00fc\u00e7l\u00fc s\u00fcr\u00fcc\u00fclerle dolu ortamda Kerem ve Corentin, ne iki kez mekanik gerek\u00e7elerle s\u00fcper ralliye d\u00f6nmek zorunda kalsalar da pes etmedi ve her seferinde geri d\u00f6n\u00fc\u015f i\u00e7in m\u00fccadele etti.<\/p>\n\n\n\n<p>Alman Timo Weigert\u2019in ard\u0131ndan 5. olarak podyumu tamamlamalar\u0131, \u00f6zellikle \u015fampiyonalar\u0131na de\u011ferli puanlarla geri d\u00f6nmelerini sa\u011flad\u0131.<\/p>\n\n\n\n<figure class=\"wp-block-gallery has-nested-images columns-default is-cropped wp-block-gallery-2 is-layout-flex wp-block-gallery-is-layout-flex\">\n<figure class=\"wp-block-image size-large\"><img decoding=\"async\" width=\"1024\" height=\"683\" data-id=\"2851\" src=\"https:\/\/torkspor.com\/wp-content\/uploads\/2025\/06\/17-1024x683.jpg\" alt=\"\" class=\"wp-image-2851\" srcset=\"https:\/\/torkspor.com\/wp-content\/uploads\/2025\/06\/17-1024x683.jpg 1024w, https:\/\/torkspor.com\/wp-content\/uploads\/2025\/06\/17-300x200.jpg 300w, https:\/\/torkspor.com\/wp-content\/uploads\/2025\/06\/17-768x512.jpg 768w, https:\/\/torkspor.com\/wp-content\/uploads\/2025\/06\/17-1536x1025.jpg 1536w, https:\/\/torkspor.com\/wp-content\/uploads\/2025\/06\/17-2048x1366.jpg 2048w\" sizes=\"(max-width: 1024px) 100vw, 1024px\" \/><\/figure>\n<\/figure>\n\n\n\n<p><\/p>\n\n\n\n<h3 class=\"wp-block-heading\">Etkileyici \u0130lerleyi\u015f<\/h3>\n\n\n\n<p>\u0130kinci etab\u0131n sonunda 5 WRC otomobilin yar\u0131\u015f d\u0131\u015f\u0131 kald\u0131\u011f\u0131 D\u00fcnya \u015fampiyonas\u0131n\u0131n bu zorlu aya\u011f\u0131nda 2 kere mekanik sorunlarla s\u00fcper ralli yapmak zorunda kalan Kerem Kazaz &#8211; Corentin Silvestre, Etap etap m\u00fccadelede ettiler. Gen\u00e7 ekip istikrarl\u0131 zamanlar elde ederek k\u0131ymetli bir sonu\u00e7 \u00e7\u0131kard\u0131. \u00d6rne\u011fin, sekt\u00f6r\u00fcn i\u00e7inde bulundu\u011fu etab\u0131n ikinci g\u00fcn\u00fcnde mekanik sorunla kar\u015f\u0131la\u015f\u0131ld\u0131; ancak sonraki g\u00fcn sab\u0131rla s\u00fcper ralliden gelen zamana ra\u011fmen tempo kazand\u0131lar ve yar\u0131\u015f sonunda 5.\u202fs\u0131rada genel klasmanda yer ald\u0131lar.<\/p>\n\n\n\n<h3 class=\"wp-block-heading\">G\u00f6zler Acropolis Rallisi\u2019ne D\u00f6n\u00fck<\/h3>\n\n\n\n<p>Bu performans, Kerem ve Corentin\u2019in gen\u00e7 sporcular aras\u0131nda \u015fampiyonluk iddialar\u0131n\u0131 canl\u0131 tuttu. \u015eimdi g\u00f6zler 26\u201329 Haziran tarihleri aras\u0131nda Yunanistan\u2019da d\u00fczenlenecek olan efsanevi <strong>Acropolis Rallisi\u2019nde<\/strong>. Hem zorluk seviyesiyle hem de tarihi dokusuyla bilinen bu etaptan, gen\u00e7 ikiliden yeni zaferler bekleniyor.<\/p>\n\n\n\n<figure class=\"wp-block-gallery has-nested-images columns-default is-cropped wp-block-gallery-3 is-layout-flex wp-block-gallery-is-layout-flex\">\n<figure class=\"wp-block-image size-large\"><img decoding=\"async\" width=\"1024\" height=\"683\" data-id=\"2852\" src=\"https:\/\/torkspor.com\/wp-content\/uploads\/2025\/06\/26-1024x683.jpg\" alt=\"\" class=\"wp-image-2852\" srcset=\"https:\/\/torkspor.com\/wp-content\/uploads\/2025\/06\/26-1024x683.jpg 1024w, https:\/\/torkspor.com\/wp-content\/uploads\/2025\/06\/26-300x200.jpg 300w, https:\/\/torkspor.com\/wp-content\/uploads\/2025\/06\/26-768x512.jpg 768w, https:\/\/torkspor.com\/wp-content\/uploads\/2025\/06\/26-1536x1025.jpg 1536w, https:\/\/torkspor.com\/wp-content\/uploads\/2025\/06\/26-2048x1366.jpg 2048w\" sizes=\"(max-width: 1024px) 100vw, 1024px\" \/><\/figure>\n<\/figure>\n\n\n\n<hr class=\"wp-block-separator has-alpha-channel-opacity\"\/>\n\n\n\n<h3 class=\"wp-block-heading\">\u201cZorlu etaplarda mekanik sorun ya\u015fad\u0131k ama vazge\u00e7medik; her seferinde yeniden ba\u015flad\u0131k.\u201d<br>\u2014 Kerem Kazaz<\/h3>\n\n\n\n<p>Bu azim, gen\u00e7 pilotumuzun sadece yar\u0131\u015ftaki g\u00fcc\u00fcn\u00fc de\u011fil; psikolojideki olgunla\u015fmas\u0131n\u0131 da sergiliyor. Sardunya\u2019dan al\u0131nan de\u011ferli tecr\u00fcbe, onlar\u0131 tarihe g\u00f6m\u00fclen yollar\u0131n zorluklar\u0131na kar\u015f\u0131 daha donan\u0131ml\u0131 hale getirdi. \u015eimdi s\u0131rtlar\u0131nda umut ve motivasyonla, bu sefer Yunanistan\u2019\u0131n topraklar\u0131nda yar\u0131\u015facaklar.<\/p>\n\n\n\n<figure class=\"wp-block-gallery has-nested-images columns-default is-cropped wp-block-gallery-4 is-layout-flex wp-block-gallery-is-layout-flex\">\n<figure class=\"wp-block-image size-large\"><img loading=\"lazy\" decoding=\"async\" width=\"1024\" height=\"683\" data-id=\"2853\" src=\"https:\/\/torkspor.com\/wp-content\/uploads\/2025\/06\/37-1024x683.jpg\" alt=\"\" class=\"wp-image-2853\" srcset=\"https:\/\/torkspor.com\/wp-content\/uploads\/2025\/06\/37-1024x683.jpg 1024w, https:\/\/torkspor.com\/wp-content\/uploads\/2025\/06\/37-300x200.jpg 300w, https:\/\/torkspor.com\/wp-content\/uploads\/2025\/06\/37-768x512.jpg 768w, https:\/\/torkspor.com\/wp-content\/uploads\/2025\/06\/37-1536x1025.jpg 1536w, https:\/\/torkspor.com\/wp-content\/uploads\/2025\/06\/37-2048x1366.jpg 2048w\" sizes=\"(max-width: 1024px) 100vw, 1024px\" \/><\/figure>\n<\/figure>\n\n\n\n<hr class=\"wp-block-separator has-alpha-channel-opacity\"\/>\n\n\n\n<p><strong>Bu b\u00fcy\u00fck m\u00fccadeleyi daha heyecanl\u0131 bir \u015fekilde takip etmek i\u00e7in<\/strong> ak\u0131ll\u0131 telefonunuza WRC uygulamas\u0131n\u0131 y\u00fckleyebilir, sosyal medya hesaplar\u0131ndan canl\u0131 etaplardaki geli\u015fmeleri g\u00f6rebilirsiniz. Ve tabii, biz de buraday\u0131z \u2014 Acropolis Rallisi\u2019nde gen\u00e7 f\u0131rt\u0131na Kerem Kazaz co\u011frafyay\u0131 titretti\u011finde, anbean aktarmaya haz\u0131rl\u0131yoruz!<\/p>\n\n\n\n<p>Haziran sonunda g\u00f6r\u00fc\u015fmek \u00fczere, heyecanla bekleyelim!<\/p>\n\n\n\n<p><\/p>\n","protected":false},"excerpt":{"rendered":"<p>Sardunya\u2019n\u0131n tozlu yollar\u0131nda 5\u20138 Haziran 2025 tarihleri aras\u0131nda d\u00fczenlenen Rally Italia Sardegna, tam 320 km\u2019lik nefes kesen m\u00fccadeleye sahne oldu.<\/p>\n","protected":false},"author":2,"featured_media":2849,"comment_status":"open","ping_status":"open","sticky":false,"template":"","format":"standard","meta":{"footnotes":""},"categories":[1],"tags":[],"class_list":["post-2848","post","type-post","status-publish","format-standard","has-post-thumbnail","hentry","category-genel"],"magazineBlocksPostFeaturedMedia":{"thumbnail":"https:\/\/torkspor.com\/wp-content\/uploads\/2025\/06\/4-150x150.jpg","medium":"https:\/\/torkspor.com\/wp-content\/uploads\/2025\/06\/4-300x200.jpg","medium_large":"https:\/\/torkspor.com\/wp-content\/uploads\/2025\/06\/4-768x512.jpg","large":"https:\/\/torkspor.com\/wp-content\/uploads\/2025\/06\/4-1024x683.jpg","1536x1536":"https:\/\/torkspor.com\/wp-content\/uploads\/2025\/06\/4-1536x1025.jpg","2048x2048":"https:\/\/torkspor.com\/wp-content\/uploads\/2025\/06\/4-2048x1366.jpg","colormag-highlighted-post":"https:\/\/torkspor.com\/wp-content\/uploads\/2025\/06\/4-392x272.jpg","colormag-featured-post-medium":"https:\/\/torkspor.com\/wp-content\/uploads\/2025\/06\/4-390x205.jpg","colormag-featured-post-small":"https:\/\/torkspor.com\/wp-content\/uploads\/2025\/06\/4-130x90.jpg","colormag-featured-image":"https:\/\/torkspor.com\/wp-content\/uploads\/2025\/06\/4-800x445.jpg","colormag-default-news":"https:\/\/torkspor.com\/wp-content\/uploads\/2025\/06\/4-150x150.jpg","colormag-featured-image-large":"https:\/\/torkspor.com\/wp-content\/uploads\/2025\/06\/4-1400x600.jpg","colormag-elementor-block-extra-large-thumbnail":"https:\/\/torkspor.com\/wp-content\/uploads\/2025\/06\/4-1155x480.jpg","colormag-elementor-grid-large-thumbnail":"https:\/\/torkspor.com\/wp-content\/uploads\/2025\/06\/4-600x417.jpg","colormag-elementor-grid-small-thumbnail":"https:\/\/torkspor.com\/wp-content\/uploads\/2025\/06\/4-285x450.jpg","colormag-elementor-grid-medium-large-thumbnail":"https:\/\/torkspor.com\/wp-content\/uploads\/2025\/06\/4-575x198.jpg"},"magazineBlocksPostAuthor":{"name":"Okan \u00c7etiner","avatar":"https:\/\/secure.gravatar.com\/avatar\/0b8d387b873c3962ae491deaf4b94a08a9b0dbc2778155c139691933252f8856?s=96&d=mm&r=g"},"magazineBlocksPostCommentsNumber":"0","magazineBlocksPostExcerpt":"Sardunya\u2019n\u0131n tozlu yollar\u0131nda 5\u20138 Haziran 2025 tarihleri aras\u0131nda d\u00fczenlenen Rally Italia Sardegna, tam 320 km\u2019lik nefes kesen m\u00fccadeleye sahne oldu.","magazineBlocksPostCategories":["Genel"],"magazine_blocks_featured_image_url":{"full":["https:\/\/torkspor.com\/wp-content\/uploads\/2025\/06\/4-scaled.jpg",2560,1708,false],"medium":["https:\/\/torkspor.com\/wp-content\/uploads\/2025\/06\/4-300x200.jpg",300,200,true],"thumbnail":["https:\/\/torkspor.com\/wp-content\/uploads\/2025\/06\/4-150x150.jpg",150,150,true]},"magazine_blocks_author":{"display_name":"Okan \u00c7etiner","author_link":"https:\/\/torkspor.com\/?author=2"},"magazine_blocks_comment":2,"magazine_blocks_author_image":"https:\/\/secure.gravatar.com\/avatar\/0b8d387b873c3962ae491deaf4b94a08a9b0dbc2778155c139691933252f8856?s=96&d=mm&r=g","magazine_blocks_category":"<a href=\"https:\/\/torkspor.com\/?cat=1\" rel=\"category\">Genel<\/a>","_links":{"self":[{"href":"https:\/\/torkspor.com\/index.php?rest_route=\/wp\/v2\/posts\/2848","targetHints":{"allow":["GET"]}}],"collection":[{"href":"https:\/\/torkspor.com\/index.php?rest_route=\/wp\/v2\/posts"}],"about":[{"href":"https:\/\/torkspor.com\/index.php?rest_route=\/wp\/v2\/types\/post"}],"author":[{"embeddable":true,"href":"https:\/\/torkspor.com\/index.php?rest_route=\/wp\/v2\/users\/2"}],"replies":[{"embeddable":true,"href":"https:\/\/torkspor.com\/index.php?rest_route=%2Fwp%2Fv2%2Fcomments&post=2848"}],"version-history":[{"count":3,"href":"https:\/\/torkspor.com\/index.php?rest_route=\/wp\/v2\/posts\/2848\/revisions"}],"predecessor-version":[{"id":2857,"href":"https:\/\/torkspor.com\/index.php?rest_route=\/wp\/v2\/posts\/2848\/revisions\/2857"}],"wp:featuredmedia":[{"embeddable":true,"href":"https:\/\/torkspor.com\/index.php?rest_route=\/wp\/v2\/media\/2849"}],"wp:attachment":[{"href":"https:\/\/torkspor.com\/index.php?rest_route=%2Fwp%2Fv2%2Fmedia&parent=2848"}],"wp:term":[{"taxonomy":"category","embeddable":true,"href":"https:\/\/torkspor.com\/index.php?rest_route=%2Fwp%2Fv2%2Fcategories&post=2848"},{"taxonomy":"post_tag","embeddable":true,"href":"https:\/\/torkspor.com\/index.php?rest_route=%2Fwp%2Fv2%2Ftags&post=2848"}],"curies":[{"name":"wp","href":"https:\/\/api.w.org\/{rel}","templated":true}]}}