{"id":2870,"date":"2025-07-09T19:19:28","date_gmt":"2025-07-09T16:19:28","guid":{"rendered":"https:\/\/torkspor.com\/?p=2870"},"modified":"2025-07-09T20:46:59","modified_gmt":"2025-07-09T17:46:59","slug":"mithat-diker-ve-co-pilot-erdal-oral-kapadokya-rallisine-r2-ile-girecekler","status":"publish","type":"post","link":"https:\/\/torkspor.com\/?p=2870","title":{"rendered":"Mithat Diker ve CO-Pilot Erdal Oral Kapadokya Rallisine R2 ile Girecekler"},"content":{"rendered":"\n<h1 class=\"wp-block-heading\">Mithat Diker, y\u0131llar\u0131n tecr\u00fcbesiyle Kapadokya Rallisi\u2019nde start al\u0131yor.<br>Co-pilotu Erdal Oral, arac\u0131 ise Peugeot 208 R2 Tecr\u00fcbe ve tutku yeniden sahnede!<\/h1>\n\n\n\n<figure class=\"wp-block-image\"><a class=\"td-modal-image\" href=\"https:\/\/www.turkmotorspor.com\/wp-content\/uploads\/2025\/07\/Kapadokya-MitatDiker.jpg\"><img decoding=\"async\" src=\"https:\/\/www.turkmotorspor.com\/wp-content\/uploads\/2025\/07\/Kapadokya-MitatDiker-696x464.jpg\" alt=\"\" title=\"Kapadokya-MitatDiker\"\/><\/a><\/figure>\n\n\n\n<p><strong>Tecr\u00fcbeyle Yo\u011frulmu\u015f Bir Ralli Ser\u00fcveni&#8230;<\/strong><\/p>\n\n\n\n<p>Y\u0131llar\u0131n birikimi, direksiyon ba\u015f\u0131nda dingin bir kararl\u0131l\u0131k\u2026<br>T\u00fcrk ralli camias\u0131n\u0131n sevilen ismi Mithat Diker, y\u00fczlerce yar\u0131\u015fl\u0131k deneyimiyle yeniden start almaya haz\u0131rlan\u0131yor.<br>Yan\u0131nda tecr\u00fcbeli co-pilot Erdal Oral, alt\u0131nda ise Peugeot 208 R2\u2026<br>Kapadokya Rallisi\u2019nde tecr\u00fcbe ile tutku yeniden bulu\u015fuyor!<\/p>\n\n\n\n<figure class=\"wp-block-image size-large\"><img fetchpriority=\"high\" decoding=\"async\" width=\"802\" height=\"1024\" src=\"https:\/\/torkspor.com\/wp-content\/uploads\/2025\/07\/mithat_diker-802x1024.jpg\" alt=\"\" class=\"wp-image-2871\" srcset=\"https:\/\/torkspor.com\/wp-content\/uploads\/2025\/07\/mithat_diker-802x1024.jpg 802w, https:\/\/torkspor.com\/wp-content\/uploads\/2025\/07\/mithat_diker-235x300.jpg 235w, https:\/\/torkspor.com\/wp-content\/uploads\/2025\/07\/mithat_diker-768x981.jpg 768w, https:\/\/torkspor.com\/wp-content\/uploads\/2025\/07\/mithat_diker.jpg 1016w\" sizes=\"(max-width: 802px) 100vw, 802px\" \/><\/figure>\n\n\n\n<p>Kapadokya\u2019n\u0131n b\u00fcy\u00fcleyici atmosferinde d\u00fczenlenen ve b\u00fcy\u00fck heyecana&nbsp;sahne olacak Kapadokya Rallisi 11-13 Temmuz tarihlerinde ger\u00e7ekle\u015fecek.&nbsp;Tarih, co\u011frafya ve h\u0131z\u0131n bir araya geldi\u011fi Petrol Ofisi Maxima T\u00fcrkiye Ralli \u015eampiyonas\u0131 4. aya\u011f\u0131 olan rallide, parkurlarda&nbsp;53\u2019\u00fcnc\u00fc y\u0131l\u0131n\u0131 ya\u015fayan Mithat Diker\u2019de start alacak.<\/p>\n\n\n\n<p><strong><strong>\u201cYar\u0131m Asr\u0131 A\u015ft\u0131, H\u00e2l\u00e2 Start \u00c7izgisinde: Mithat Diker\u201d<\/strong><\/strong><\/p>\n\n\n\n<p>Motor sporlar\u0131na ad\u0131m att\u0131\u011f\u0131 ilk g\u00fcnden bu yana direksiyon ba\u015f\u0131nda bir tutkunun izini s\u00fcren isim: <strong>Mithat Diker.<\/strong><br>Ralli d\u00fcnyas\u0131nda ad\u0131 her zaman istikrar, centilmenlik ve tecr\u00fcbe ile an\u0131ld\u0131. Sadece yar\u0131\u015fmak i\u00e7in de\u011fil, ya\u015famak i\u00e7in ralli yapanlardan biri oldu\u2026<\/p>\n\n\n\n<figure class=\"wp-block-image size-large\"><img decoding=\"async\" width=\"1024\" height=\"683\" src=\"https:\/\/torkspor.com\/wp-content\/uploads\/2025\/07\/2016-Otokros2-02-1024x683.jpg\" alt=\"\" class=\"wp-image-2872\" srcset=\"https:\/\/torkspor.com\/wp-content\/uploads\/2025\/07\/2016-Otokros2-02-1024x683.jpg 1024w, https:\/\/torkspor.com\/wp-content\/uploads\/2025\/07\/2016-Otokros2-02-300x200.jpg 300w, https:\/\/torkspor.com\/wp-content\/uploads\/2025\/07\/2016-Otokros2-02-768x512.jpg 768w, https:\/\/torkspor.com\/wp-content\/uploads\/2025\/07\/2016-Otokros2-02.jpg 1200w\" sizes=\"(max-width: 1024px) 100vw, 1024px\" \/><\/figure>\n\n\n\n<p><strong>\u201c53 Y\u0131ll\u0131k Tutku: Mithat Diker H\u00e2l\u00e2 Direksiyonda\u201d<\/strong><\/p>\n\n\n\n<p>\u0130zmirli sporcu Mithat Diker, uzun y\u0131llard\u0131r T\u00fcrkiye ralli camias\u0131nda hem amat\u00f6r hem de profesyonel yar\u0131\u015f severlerin yak\u0131ndan tan\u0131d\u0131\u011f\u0131 bir fig\u00fcr. Peugeot 208 R2, Ford Fiesta ST, Fiat Plio Kit Car, Ford Escort RS 2000, Suzuki gibi pek \u00e7ok farkl\u0131 ara\u00e7la say\u0131s\u0131z rallilerde start ald\u0131.<\/p>\n\n\n\n<p>Y\u0131llar boyunca yar\u0131\u015flara hem sportif hem de dostane bir ruh getirdi. Kimi zaman parkurda, kimi zaman padokta gen\u00e7 sporculara destek verdi, yol g\u00f6sterdi.<\/p>\n\n\n\n<figure class=\"wp-block-image size-large\"><img decoding=\"async\" width=\"1024\" height=\"620\" src=\"https:\/\/torkspor.com\/wp-content\/uploads\/2025\/07\/MithatDiker-Plaket-4-1024x620.jpg\" alt=\"\" class=\"wp-image-2873\" srcset=\"https:\/\/torkspor.com\/wp-content\/uploads\/2025\/07\/MithatDiker-Plaket-4-1024x620.jpg 1024w, https:\/\/torkspor.com\/wp-content\/uploads\/2025\/07\/MithatDiker-Plaket-4-300x182.jpg 300w, https:\/\/torkspor.com\/wp-content\/uploads\/2025\/07\/MithatDiker-Plaket-4-768x465.jpg 768w, https:\/\/torkspor.com\/wp-content\/uploads\/2025\/07\/MithatDiker-Plaket-4-1536x929.jpg 1536w, https:\/\/torkspor.com\/wp-content\/uploads\/2025\/07\/MithatDiker-Plaket-4.jpg 2000w\" sizes=\"(max-width: 1024px) 100vw, 1024px\" \/><\/figure>\n\n\n\n<p><strong>\u201cBir \u00d6m\u00fcr Ralli: 53 Y\u0131ld\u0131r Bitmeyen Bir Yar\u0131\u015f\u201d<\/strong><\/p>\n\n\n\n<p>Mithat Diker i\u00e7in ralli sadece zamanla yar\u0131\u015f de\u011fil, zamana meydan okumakt\u0131.<br>Zorlu toprak etaplarda sakinli\u011fiyle, asfalt zeminlerde ise ritmi yakalayan usta s\u00fcr\u00fc\u015f tekni\u011fiyle dikkat \u00e7ekti. T\u00fcrkiye Ralli \u015eampiyonas\u0131&#8217;n\u0131n Bodrum&#8217;dan Eski\u015fehir\u2019e, Ye\u015fil Bursa\u2019dan Ege Rallisine kadar bir\u00e7ok aya\u011f\u0131nda start ald\u0131.<\/p>\n\n\n\n<p>Co-pilot koltu\u011funda bug\u00fcne dek bir\u00e7ok farkl\u0131 isimle yar\u0131\u015fan Mithat Diker, 2025 sezonunda ise direksiyonuna yeniden ge\u00e7iyor.<br>Bu kez sa\u011f koltu\u011funda, defalarca birlikte yar\u0131\u015ft\u0131 Erdal Oral olacak.<br>Ve ikili, <strong>Kapadokya Rallisi\u2019nde<\/strong> Peugeot 208 R2 ile, peri bacalar\u0131n\u0131n g\u00f6lgesinde h\u0131z\u0131n ve stratejinin dans\u0131n\u0131 sahneye koyacak.<\/p>\n\n\n\n<figure class=\"wp-block-image size-large\"><img loading=\"lazy\" decoding=\"async\" width=\"1021\" height=\"1024\" src=\"https:\/\/torkspor.com\/wp-content\/uploads\/2025\/07\/MithatDiker-Plaket-5-1021x1024.jpg\" alt=\"\" class=\"wp-image-2874\" srcset=\"https:\/\/torkspor.com\/wp-content\/uploads\/2025\/07\/MithatDiker-Plaket-5-1021x1024.jpg 1021w, https:\/\/torkspor.com\/wp-content\/uploads\/2025\/07\/MithatDiker-Plaket-5-300x300.jpg 300w, https:\/\/torkspor.com\/wp-content\/uploads\/2025\/07\/MithatDiker-Plaket-5-150x150.jpg 150w, https:\/\/torkspor.com\/wp-content\/uploads\/2025\/07\/MithatDiker-Plaket-5-768x770.jpg 768w, https:\/\/torkspor.com\/wp-content\/uploads\/2025\/07\/MithatDiker-Plaket-5.jpg 1296w\" sizes=\"(max-width: 1021px) 100vw, 1021px\" \/><\/figure>\n\n\n\n<p><strong>Asfalt\u0131n ve Topra\u011f\u0131n Ustas\u0131: 53 Y\u0131ll\u0131k Sporculuk\u201d<\/strong><\/p>\n\n\n\n<p>Dile kolay tam yar\u0131m as\u0131r\u2019\u0131 ge\u00e7en pilotluk kariyeri var. &nbsp;Aral\u0131ks\u0131z her sezon Ralli yapan bir isim Mithat Diker. Ger\u00e7ekten k\u0131r\u0131lmas\u0131 g\u00fc\u00e7 bir rekorun sahibi. Elbette 50 y\u0131l\u0131n\u0131 bu sporun i\u00e7inde deviren duayen sporcular\u0131m\u0131z var, onlar da bizler i\u00e7in \u00e7ok k\u0131ymetliler ama Mithat Diker\u2019in fark\u0131, aral\u0131ks\u0131z 53 y\u0131l her sezon yar\u0131\u015flara kat\u0131larak adeta tarihe meydan okuyor. Asl\u0131nda ya\u015fayan efsane Diker i\u00e7in anlatacak \u00e7ok \u015fey var ama sayfalara s\u0131\u011fd\u0131ramay\u0131z. Duayen pilotumuzun 2026\u2019da Youtube\u2019da g\u00f6sterime girecek olan Belgeselini mutlaka izlemenizi \u015fimdiden tavsiye ediyoruz.<\/p>\n\n\n\n<figure class=\"wp-block-image size-large\"><img loading=\"lazy\" decoding=\"async\" width=\"1024\" height=\"682\" src=\"https:\/\/torkspor.com\/wp-content\/uploads\/2025\/07\/MithatDiker-Plaket-1024x682.jpg\" alt=\"\" class=\"wp-image-2875\" srcset=\"https:\/\/torkspor.com\/wp-content\/uploads\/2025\/07\/MithatDiker-Plaket-1024x682.jpg 1024w, https:\/\/torkspor.com\/wp-content\/uploads\/2025\/07\/MithatDiker-Plaket-300x200.jpg 300w, https:\/\/torkspor.com\/wp-content\/uploads\/2025\/07\/MithatDiker-Plaket-768x512.jpg 768w, https:\/\/torkspor.com\/wp-content\/uploads\/2025\/07\/MithatDiker-Plaket-1536x1024.jpg 1536w, https:\/\/torkspor.com\/wp-content\/uploads\/2025\/07\/MithatDiker-Plaket.jpg 2000w\" sizes=\"(max-width: 1024px) 100vw, 1024px\" \/><\/figure>\n\n\n\n<p><strong>\u201cZamana Direnen Pilot: Mithat Diker\u2019in 53 Y\u0131ll\u0131k Ser\u00fcveni\u201d<\/strong><\/p>\n\n\n\n<p>\u0130kinci bahar\u0131n\u0131 ya\u015fayan efsane pilot, adeta her yar\u0131\u015f\u0131n sonunda yeni bir yar\u0131\u015f\u0131n \u00f6zlemiyle yo\u011fun duygular ya\u015f\u0131yor. Motorsporlar\u0131na olan tutkusu sayesinde hayat buluyor.<br>\u00c7\u00fcnk\u00fc Mithat Diker i\u00e7in ralli, ya\u015fanacak bir \u00f6m\u00fcr boyu ser\u00fcven.<br>Her start \u00e7izgisi, yeni bir hik\u00e2yenin ba\u015flang\u0131c\u0131.<\/p>\n\n\n\n<p>\u201cYollar de\u011fi\u015fir, etaplar uzar, rakipler gen\u00e7le\u015fir\u2026 ama ruh ayn\u0131 kal\u0131r.\u201d<br>\u2013 Mithat Diker<\/p>\n\n\n\n<p>Kapadokya da g\u00f6r\u00fc\u015fmek dile\u011fiyle.<\/p>\n\n\n\n<figure class=\"wp-block-image size-large\"><img loading=\"lazy\" decoding=\"async\" width=\"1024\" height=\"680\" src=\"https:\/\/torkspor.com\/wp-content\/uploads\/2025\/07\/MithatDiker2-1024x680.jpg\" alt=\"\" class=\"wp-image-2876\" srcset=\"https:\/\/torkspor.com\/wp-content\/uploads\/2025\/07\/MithatDiker2-1024x680.jpg 1024w, https:\/\/torkspor.com\/wp-content\/uploads\/2025\/07\/MithatDiker2-300x199.jpg 300w, https:\/\/torkspor.com\/wp-content\/uploads\/2025\/07\/MithatDiker2-768x510.jpg 768w, https:\/\/torkspor.com\/wp-content\/uploads\/2025\/07\/MithatDiker2-1536x1020.jpg 1536w, https:\/\/torkspor.com\/wp-content\/uploads\/2025\/07\/MithatDiker2.jpg 2048w\" sizes=\"(max-width: 1024px) 100vw, 1024px\" \/><\/figure>\n\n\n\n<figure class=\"wp-block-image\"><img decoding=\"async\" src=\"https:\/\/www.turkmotorspor.com\/wp-content\/uploads\/2025\/07\/KapadokyaRallisi2025-Plaka-696x348.png\" alt=\"\" class=\"wp-image-11933\"\/><\/figure>\n\n\n\n<p>Bu ikili, yaln\u0131zca zamanla de\u011fil, s\u0131n\u0131rlarla da yar\u0131\u015f\u0131yor. Peri bacalar\u0131n\u0131n&nbsp;g\u00f6lgesinde, motorun sesi vadilerde yank\u0131lan\u0131rken, tutku ve disiplin bir kez&nbsp;daha zirveye \u00e7\u0131k\u0131yor. Kapadokya\u2019n\u0131n de\u011fi\u015fken zemininde her metre,&nbsp;s\u00fcr\u00fcc\u00fclere ayr\u0131 bir meydan okuma sunuyor. Tozlu etaplarda h\u0131z, dar virajlarda sezgi, uzun d\u00fczl\u00fcklerde cesaret kazan\u0131yor. Bu ralli, sadece mekanik bir<br>m\u00fccadele de\u011fil; do\u011faya, zamana ve insan\u0131n s\u0131n\u0131rlar\u0131na kar\u015f\u0131 verilen bir s\u0131nav\u2026<\/p>\n\n\n\n<p>Kapadokya da g\u00f6r\u00fc\u015fmek dile\u011fiyle.<\/p>\n\n\n\n<p><\/p>\n","protected":false},"excerpt":{"rendered":"<p>Mithat Diker, y\u0131llar\u0131n tecr\u00fcbesiyle Kapadokya Rallisi\u2019nde start al\u0131yor.Co-pilotu Erdal Oral, arac\u0131 ise Peugeot 208 R2 Tecr\u00fcbe ve tutku yeniden sahnede!<\/p>\n","protected":false},"author":2,"featured_media":2877,"comment_status":"open","ping_status":"open","sticky":false,"template":"","format":"standard","meta":{"footnotes":""},"categories":[1,4,21],"tags":[],"class_list":["post-2870","post","type-post","status-publish","format-standard","has-post-thumbnail","hentry","category-genel","category-ozelhaberler","category-ralli"],"magazineBlocksPostFeaturedMedia":{"thumbnail":"https:\/\/torkspor.com\/wp-content\/uploads\/2025\/07\/MithatDiker-Plaket-1-150x150.jpg","medium":"https:\/\/torkspor.com\/wp-content\/uploads\/2025\/07\/MithatDiker-Plaket-1-300x200.jpg","medium_large":"https:\/\/torkspor.com\/wp-content\/uploads\/2025\/07\/MithatDiker-Plaket-1-768x512.jpg","large":"https:\/\/torkspor.com\/wp-content\/uploads\/2025\/07\/MithatDiker-Plaket-1-1024x682.jpg","1536x1536":"https:\/\/torkspor.com\/wp-content\/uploads\/2025\/07\/MithatDiker-Plaket-1-1536x1024.jpg","2048x2048":"https:\/\/torkspor.com\/wp-content\/uploads\/2025\/07\/MithatDiker-Plaket-1.jpg","colormag-highlighted-post":"https:\/\/torkspor.com\/wp-content\/uploads\/2025\/07\/MithatDiker-Plaket-1-392x272.jpg","colormag-featured-post-medium":"https:\/\/torkspor.com\/wp-content\/uploads\/2025\/07\/MithatDiker-Plaket-1-390x205.jpg","colormag-featured-post-small":"https:\/\/torkspor.com\/wp-content\/uploads\/2025\/07\/MithatDiker-Plaket-1-130x90.jpg","colormag-featured-image":"https:\/\/torkspor.com\/wp-content\/uploads\/2025\/07\/MithatDiker-Plaket-1-800x445.jpg","colormag-default-news":"https:\/\/torkspor.com\/wp-content\/uploads\/2025\/07\/MithatDiker-Plaket-1-150x150.jpg","colormag-featured-image-large":"https:\/\/torkspor.com\/wp-content\/uploads\/2025\/07\/MithatDiker-Plaket-1-1400x600.jpg","colormag-elementor-block-extra-large-thumbnail":"https:\/\/torkspor.com\/wp-content\/uploads\/2025\/07\/MithatDiker-Plaket-1-1155x480.jpg","colormag-elementor-grid-large-thumbnail":"https:\/\/torkspor.com\/wp-content\/uploads\/2025\/07\/MithatDiker-Plaket-1-600x417.jpg","colormag-elementor-grid-small-thumbnail":"https:\/\/torkspor.com\/wp-content\/uploads\/2025\/07\/MithatDiker-Plaket-1-285x450.jpg","colormag-elementor-grid-medium-large-thumbnail":"https:\/\/torkspor.com\/wp-content\/uploads\/2025\/07\/MithatDiker-Plaket-1-575x198.jpg"},"magazineBlocksPostAuthor":{"name":"Okan \u00c7etiner","avatar":"https:\/\/secure.gravatar.com\/avatar\/0b8d387b873c3962ae491deaf4b94a08a9b0dbc2778155c139691933252f8856?s=96&d=mm&r=g"},"magazineBlocksPostCommentsNumber":"0","magazineBlocksPostExcerpt":"Mithat Diker, y\u0131llar\u0131n tecr\u00fcbesiyle Kapadokya Rallisi\u2019nde start al\u0131yor.Co-pilotu Erdal Oral, arac\u0131 ise Peugeot 208 R2 Tecr\u00fcbe ve tutku yeniden sahnede!","magazineBlocksPostCategories":["Genel","\u00d6zel Haberler","Ralli"],"magazine_blocks_featured_image_url":{"full":["https:\/\/torkspor.com\/wp-content\/uploads\/2025\/07\/MithatDiker-Plaket-1.jpg",2000,1333,false],"medium":["https:\/\/torkspor.com\/wp-content\/uploads\/2025\/07\/MithatDiker-Plaket-1-300x200.jpg",300,200,true],"thumbnail":["https:\/\/torkspor.com\/wp-content\/uploads\/2025\/07\/MithatDiker-Plaket-1-150x150.jpg",150,150,true]},"magazine_blocks_author":{"display_name":"Okan \u00c7etiner","author_link":"https:\/\/torkspor.com\/?author=2"},"magazine_blocks_comment":0,"magazine_blocks_author_image":"https:\/\/secure.gravatar.com\/avatar\/0b8d387b873c3962ae491deaf4b94a08a9b0dbc2778155c139691933252f8856?s=96&d=mm&r=g","magazine_blocks_category":"<a href=\"https:\/\/torkspor.com\/?cat=1\" rel=\"category\">Genel<\/a> <a href=\"https:\/\/torkspor.com\/?cat=4\" rel=\"category\">\u00d6zel Haberler<\/a> <a href=\"https:\/\/torkspor.com\/?cat=21\" rel=\"category\">Ralli<\/a>","_links":{"self":[{"href":"https:\/\/torkspor.com\/index.php?rest_route=\/wp\/v2\/posts\/2870","targetHints":{"allow":["GET"]}}],"collection":[{"href":"https:\/\/torkspor.com\/index.php?rest_route=\/wp\/v2\/posts"}],"about":[{"href":"https:\/\/torkspor.com\/index.php?rest_route=\/wp\/v2\/types\/post"}],"author":[{"embeddable":true,"href":"https:\/\/torkspor.com\/index.php?rest_route=\/wp\/v2\/users\/2"}],"replies":[{"embeddable":true,"href":"https:\/\/torkspor.com\/index.php?rest_route=%2Fwp%2Fv2%2Fcomments&post=2870"}],"version-history":[{"count":4,"href":"https:\/\/torkspor.com\/index.php?rest_route=\/wp\/v2\/posts\/2870\/revisions"}],"predecessor-version":[{"id":2883,"href":"https:\/\/torkspor.com\/index.php?rest_route=\/wp\/v2\/posts\/2870\/revisions\/2883"}],"wp:featuredmedia":[{"embeddable":true,"href":"https:\/\/torkspor.com\/index.php?rest_route=\/wp\/v2\/media\/2877"}],"wp:attachment":[{"href":"https:\/\/torkspor.com\/index.php?rest_route=%2Fwp%2Fv2%2Fmedia&parent=2870"}],"wp:term":[{"taxonomy":"category","embeddable":true,"href":"https:\/\/torkspor.com\/index.php?rest_route=%2Fwp%2Fv2%2Fcategories&post=2870"},{"taxonomy":"post_tag","embeddable":true,"href":"https:\/\/torkspor.com\/index.php?rest_route=%2Fwp%2Fv2%2Ftags&post=2870"}],"curies":[{"name":"wp","href":"https:\/\/api.w.org\/{rel}","templated":true}]}}