{"id":2885,"date":"2025-08-02T15:05:17","date_gmt":"2025-08-02T12:05:17","guid":{"rendered":"https:\/\/torkspor.com\/?p=2885"},"modified":"2025-08-02T15:05:26","modified_gmt":"2025-08-02T12:05:26","slug":"levent-bitecik-vefat-etti-efsane-ses-artik-yok","status":"publish","type":"post","link":"https:\/\/torkspor.com\/?p=2885","title":{"rendered":"Levent Bitecik Vefat Etti: Efsane Ses Art\u0131k Yok"},"content":{"rendered":"\n<h2 class=\"wp-block-heading\"><em>02 A\u011fustos 2025, Antalya<\/em> \u2014 Televizyon ekranlar\u0131n\u0131n ve motorsporlar\u0131n\u0131n unutulmaz sesi, usta spiker ve seslendirme sanat\u00e7\u0131s\u0131 <strong>Levent Bitecik<\/strong>, ya\u015fam\u0131n\u0131 yitirdi. TRT\u2019den \u00f6zel televizyonlara, haber b\u00fcltenlerinden belgesellere uzanan uzun kariyeri boyunca izleyicilerin g\u00f6nl\u00fcnde taht kuran Bitecik\u2019in vefat\u0131 medya camias\u0131n\u0131 yasa bo\u011fdu.<\/h2>\n\n\n\n<figure class=\"wp-block-gallery has-nested-images columns-default is-cropped wp-block-gallery-1 is-layout-flex wp-block-gallery-is-layout-flex\">\n<figure class=\"wp-block-image size-large\"><img fetchpriority=\"high\" decoding=\"async\" width=\"649\" height=\"1024\" data-id=\"2888\" src=\"https:\/\/torkspor.com\/wp-content\/uploads\/2025\/08\/71337308_2377490915833204_5140597149142089728_n-649x1024.jpg\" alt=\"\" class=\"wp-image-2888\" srcset=\"https:\/\/torkspor.com\/wp-content\/uploads\/2025\/08\/71337308_2377490915833204_5140597149142089728_n-649x1024.jpg 649w, https:\/\/torkspor.com\/wp-content\/uploads\/2025\/08\/71337308_2377490915833204_5140597149142089728_n-190x300.jpg 190w, https:\/\/torkspor.com\/wp-content\/uploads\/2025\/08\/71337308_2377490915833204_5140597149142089728_n-768x1212.jpg 768w, https:\/\/torkspor.com\/wp-content\/uploads\/2025\/08\/71337308_2377490915833204_5140597149142089728_n-973x1536.jpg 973w, https:\/\/torkspor.com\/wp-content\/uploads\/2025\/08\/71337308_2377490915833204_5140597149142089728_n-285x450.jpg 285w, https:\/\/torkspor.com\/wp-content\/uploads\/2025\/08\/71337308_2377490915833204_5140597149142089728_n.jpg 1277w\" sizes=\"(max-width: 649px) 100vw, 649px\" \/><\/figure>\n<\/figure>\n\n\n\n<p><\/p>\n\n\n\n<h3 class=\"wp-block-heading\">Kariyerinin D\u00f6n\u00fcm Noktalar\u0131<\/h3>\n\n\n\n<p>1980\u2019li y\u0131llarda TRT FM\u2019de spiker olarak mesle\u011fe ad\u0131m atan Levent Bitecik, k\u0131sa s\u00fcrede seslendirme alan\u0131nda da kendine sa\u011flam bir yer edindi.<br>\ud83d\udd39 <strong>1991 y\u0131l\u0131nda TRT 1\u2019de yay\u0131nlanan ve uzun y\u0131llar ekranlarda kalan \u201cStart\u201d adl\u0131 motorsporlar\u0131 program\u0131n\u0131 seslendirdi.<\/strong><br>\ud83d\udd39 <strong>1995 \u2013 2005 y\u0131llar\u0131 aras\u0131nda NTV ekranlar\u0131nda yay\u0131nlanan \u201cOlips Motorspor\u201d program\u0131ndaki anlat\u0131m\u0131yla bir nesle Motorsporlar\u0131n\u0131 sevdirdi.<\/strong><\/p>\n\n\n\n<figure class=\"wp-block-gallery has-nested-images columns-default is-cropped wp-block-gallery-2 is-layout-flex wp-block-gallery-is-layout-flex\">\n<figure class=\"wp-block-image size-large\"><img decoding=\"async\" width=\"679\" height=\"1024\" data-id=\"2889\" src=\"https:\/\/torkspor.com\/wp-content\/uploads\/2025\/08\/486026117_3889856591263288_2781975930811369213_n-679x1024.jpg\" alt=\"\" class=\"wp-image-2889\" srcset=\"https:\/\/torkspor.com\/wp-content\/uploads\/2025\/08\/486026117_3889856591263288_2781975930811369213_n-679x1024.jpg 679w, https:\/\/torkspor.com\/wp-content\/uploads\/2025\/08\/486026117_3889856591263288_2781975930811369213_n-199x300.jpg 199w, https:\/\/torkspor.com\/wp-content\/uploads\/2025\/08\/486026117_3889856591263288_2781975930811369213_n.jpg 702w\" sizes=\"(max-width: 679px) 100vw, 679px\" \/><\/figure>\n<\/figure>\n\n\n\n<p>Ayr\u0131ca Kanal\u202fD, Star TV ve Kanalt\u00fcrk gibi ulusal kanallarda haber seslendirmeleri yapt\u0131. Belgesel merakl\u0131lar\u0131n\u0131n yak\u0131ndan tan\u0131d\u0131\u011f\u0131 \u201cAir Crash Investigation\u201d gibi yap\u0131mlarda da sesiyle izleyiciyi ekran ba\u015f\u0131na kilitledi. 2000\u2019li y\u0131llarda Radyo Foreks\u2019te haz\u0131rlay\u0131p sundu\u011fu \u201cMikrofon \u00c7evresi\u201d program\u0131 da onun yay\u0131nc\u0131l\u0131ktaki \u00e7e\u015fitlili\u011fini g\u00f6zler \u00f6n\u00fcne serdi.<\/p>\n\n\n\n<h3 class=\"wp-block-heading\">Ki\u015fisel Ya\u015fam\u0131 ve An\u0131lar<\/h3>\n\n\n\n<p>Levent Bitecik, Antalya Gazeteciler Cemiyeti \u00fcyesi gazeteci Sibel Bitecik\u2019in e\u015fiydi. Gerek ses tonuyla gerekse ekran disipliniyle meslekta\u015flar\u0131n\u0131n \u00f6rnek ald\u0131\u011f\u0131 bir isimdi. Oyuncular Sendikas\u0131 ve bir\u00e7ok meslek \u00f6rg\u00fct\u00fc, sosyal medya \u00fczerinden taziye mesajlar\u0131 yay\u0131mlad\u0131.<\/p>\n\n\n\n<figure class=\"wp-block-gallery has-nested-images columns-default is-cropped wp-block-gallery-3 is-layout-flex wp-block-gallery-is-layout-flex\">\n<figure class=\"wp-block-image size-large\"><img decoding=\"async\" width=\"480\" height=\"708\" data-id=\"2890\" src=\"https:\/\/torkspor.com\/wp-content\/uploads\/2025\/08\/57586949_2274932472755716_3742317558917758976_n.jpg\" alt=\"\" class=\"wp-image-2890\" srcset=\"https:\/\/torkspor.com\/wp-content\/uploads\/2025\/08\/57586949_2274932472755716_3742317558917758976_n.jpg 480w, https:\/\/torkspor.com\/wp-content\/uploads\/2025\/08\/57586949_2274932472755716_3742317558917758976_n-203x300.jpg 203w\" sizes=\"(max-width: 480px) 100vw, 480px\" \/><\/figure>\n<\/figure>\n\n\n\n<blockquote class=\"wp-block-quote is-layout-flow wp-block-quote-is-layout-flow\">\n<p>\u201cTRT Spikeri ve seslendirme oyuncusu sevgili Levent Bitecik\u2019i kaybetmenin ac\u0131s\u0131n\u0131 ya\u015f\u0131yoruz. Ailesine ve t\u00fcm sevenlerine sab\u0131r diliyoruz. Hepimizin ba\u015f\u0131 sa\u011f olsun.\u201d \u2013 Oyuncular Sendikas\u0131<\/p>\n<\/blockquote>\n\n\n\n<h3 class=\"wp-block-heading\">Cenaze Bilgisi<\/h3>\n\n\n\n<p>Levent Bitecik\u2019in cenazesi, <strong>2 A\u011fustos 2025 Cumartesi g\u00fcn\u00fc<\/strong>, Antalya\u2019daki <strong>Kur\u015funlu Mezarl\u0131\u011f\u0131\u2019nda<\/strong>, ikindi namaz\u0131n\u0131n ard\u0131ndan topra\u011fa verilecek. Bas\u0131n camias\u0131, dostlar\u0131 ve sevenleri onu son yolculu\u011funa u\u011furlamak i\u00e7in bir araya gelecek.<\/p>\n\n\n\n<figure class=\"wp-block-gallery has-nested-images columns-default is-cropped wp-block-gallery-4 is-layout-flex wp-block-gallery-is-layout-flex\">\n<figure class=\"wp-block-image size-large\"><img loading=\"lazy\" decoding=\"async\" width=\"443\" height=\"670\" data-id=\"2891\" src=\"https:\/\/torkspor.com\/wp-content\/uploads\/2025\/08\/486079061_3889856597929954_2177083063678344650_n.jpg\" alt=\"\" class=\"wp-image-2891\" srcset=\"https:\/\/torkspor.com\/wp-content\/uploads\/2025\/08\/486079061_3889856597929954_2177083063678344650_n.jpg 443w, https:\/\/torkspor.com\/wp-content\/uploads\/2025\/08\/486079061_3889856597929954_2177083063678344650_n-198x300.jpg 198w\" sizes=\"(max-width: 443px) 100vw, 443px\" \/><\/figure>\n<\/figure>\n\n\n\n<p><\/p>\n\n\n\n<h2 class=\"wp-block-heading\">\u201cSesi sustu, ama yank\u0131s\u0131 sonsuza dek s\u00fcrecek\u2026\u201d<\/h2>\n\n\n\n<p>Levent Bitecik, sadece bir ses de\u011fil; ekranlar\u0131n arkas\u0131ndaki g\u00fc\u00e7l\u00fc bir anlat\u0131c\u0131, haberin ve bilginin ta\u015f\u0131y\u0131c\u0131s\u0131yd\u0131.<br>\u00d6zellikle <strong>motorsporlar\u0131 yay\u0131nc\u0131l\u0131\u011f\u0131nda \u00f6nc\u00fcl\u00fck eden sesi<\/strong>, bug\u00fcn bu alanda g\u00f6rev yapan pek \u00e7ok isim i\u00e7in ilham kayna\u011f\u0131 olmaya devam edecek.<\/p>\n\n\n\n<p>Sevgili ustam\u0131z Levent Bitecik&#8217;e Allah&#8217;tan Rahmet, sevenleri ve Ailesine Ba\u015fsa\u011fl\u0131\u011f\u0131 diliyoruz.<\/p>\n\n\n\n<p><strong>Haberin, sporun, belgeselin ve sesin ustas\u0131na sonsuz sayg\u0131yla&#8230;<\/strong><\/p>\n\n\n\n<p><\/p>\n","protected":false},"excerpt":{"rendered":"<p>02 A\u011fustos 2025, Antalya \u2014 Televizyon ekranlar\u0131n\u0131n ve motorsporlar\u0131n\u0131n unutulmaz sesi, usta spiker ve seslendirme sanat\u00e7\u0131s\u0131 Levent Bitecik, ya\u015fam\u0131n\u0131 yitirdi.<\/p>\n","protected":false},"author":2,"featured_media":2887,"comment_status":"open","ping_status":"open","sticky":false,"template":"","format":"standard","meta":{"footnotes":""},"categories":[5,4,8],"tags":[423,422],"class_list":["post-2885","post","type-post","status-publish","format-standard","has-post-thumbnail","hentry","category-haberler","category-ozelhaberler","category-sonhaberler","tag-leventbitecik","tag-vefat"],"magazineBlocksPostFeaturedMedia":{"thumbnail":"https:\/\/torkspor.com\/wp-content\/uploads\/2025\/08\/l01-edited-e1754136233728-150x150.jpg","medium":"https:\/\/torkspor.com\/wp-content\/uploads\/2025\/08\/l01-edited-e1754136233728.jpg","medium_large":"https:\/\/torkspor.com\/wp-content\/uploads\/2025\/08\/l01-edited-e1754136233728.jpg","large":"https:\/\/torkspor.com\/wp-content\/uploads\/2025\/08\/l01-edited-e1754136233728.jpg","1536x1536":"https:\/\/torkspor.com\/wp-content\/uploads\/2025\/08\/l01-edited-e1754136233728.jpg","2048x2048":"https:\/\/torkspor.com\/wp-content\/uploads\/2025\/08\/l01-edited-e1754136233728.jpg","colormag-highlighted-post":"https:\/\/torkspor.com\/wp-content\/uploads\/2025\/08\/l01-edited-188x272.jpg","colormag-featured-post-medium":"https:\/\/torkspor.com\/wp-content\/uploads\/2025\/08\/l01-edited-188x205.jpg","colormag-featured-post-small":"https:\/\/torkspor.com\/wp-content\/uploads\/2025\/08\/l01-edited-e1754136233728-130x90.jpg","colormag-featured-image":"https:\/\/torkspor.com\/wp-content\/uploads\/2025\/08\/l01-edited-e1754136233728.jpg","colormag-default-news":"https:\/\/torkspor.com\/wp-content\/uploads\/2025\/08\/l01-edited-e1754136233728-150x150.jpg","colormag-featured-image-large":"https:\/\/torkspor.com\/wp-content\/uploads\/2025\/08\/l01-edited-e1754136233728.jpg","colormag-elementor-block-extra-large-thumbnail":"https:\/\/torkspor.com\/wp-content\/uploads\/2025\/08\/l01-edited-e1754136233728.jpg","colormag-elementor-grid-large-thumbnail":"https:\/\/torkspor.com\/wp-content\/uploads\/2025\/08\/l01-edited-e1754136233728.jpg","colormag-elementor-grid-small-thumbnail":"https:\/\/torkspor.com\/wp-content\/uploads\/2025\/08\/l01-edited-e1754136233728.jpg","colormag-elementor-grid-medium-large-thumbnail":"https:\/\/torkspor.com\/wp-content\/uploads\/2025\/08\/l01-edited-188x198.jpg"},"magazineBlocksPostAuthor":{"name":"Okan \u00c7etiner","avatar":"https:\/\/secure.gravatar.com\/avatar\/0b8d387b873c3962ae491deaf4b94a08a9b0dbc2778155c139691933252f8856?s=96&d=mm&r=g"},"magazineBlocksPostCommentsNumber":"0","magazineBlocksPostExcerpt":"02 A\u011fustos 2025, Antalya \u2014 Televizyon ekranlar\u0131n\u0131n ve motorsporlar\u0131n\u0131n unutulmaz sesi, usta spiker ve seslendirme sanat\u00e7\u0131s\u0131 Levent Bitecik, ya\u015fam\u0131n\u0131 yitirdi.","magazineBlocksPostCategories":["Haberler","\u00d6zel Haberler","Son Haberler"],"magazine_blocks_featured_image_url":{"full":["https:\/\/torkspor.com\/wp-content\/uploads\/2025\/08\/l01-edited-e1754136233728.jpg",187,167,false],"medium":["https:\/\/torkspor.com\/wp-content\/uploads\/2025\/08\/l01-edited-e1754136233728.jpg",187,167,false],"thumbnail":["https:\/\/torkspor.com\/wp-content\/uploads\/2025\/08\/l01-edited-e1754136233728-150x150.jpg",150,150,true]},"magazine_blocks_author":{"display_name":"Okan \u00c7etiner","author_link":"https:\/\/torkspor.com\/?author=2"},"magazine_blocks_comment":1,"magazine_blocks_author_image":"https:\/\/secure.gravatar.com\/avatar\/0b8d387b873c3962ae491deaf4b94a08a9b0dbc2778155c139691933252f8856?s=96&d=mm&r=g","magazine_blocks_category":"<a href=\"https:\/\/torkspor.com\/?cat=5\" rel=\"category\">Haberler<\/a> <a href=\"https:\/\/torkspor.com\/?cat=4\" rel=\"category\">\u00d6zel Haberler<\/a> <a href=\"https:\/\/torkspor.com\/?cat=8\" rel=\"category\">Son Haberler<\/a>","_links":{"self":[{"href":"https:\/\/torkspor.com\/index.php?rest_route=\/wp\/v2\/posts\/2885","targetHints":{"allow":["GET"]}}],"collection":[{"href":"https:\/\/torkspor.com\/index.php?rest_route=\/wp\/v2\/posts"}],"about":[{"href":"https:\/\/torkspor.com\/index.php?rest_route=\/wp\/v2\/types\/post"}],"author":[{"embeddable":true,"href":"https:\/\/torkspor.com\/index.php?rest_route=\/wp\/v2\/users\/2"}],"replies":[{"embeddable":true,"href":"https:\/\/torkspor.com\/index.php?rest_route=%2Fwp%2Fv2%2Fcomments&post=2885"}],"version-history":[{"count":1,"href":"https:\/\/torkspor.com\/index.php?rest_route=\/wp\/v2\/posts\/2885\/revisions"}],"predecessor-version":[{"id":2892,"href":"https:\/\/torkspor.com\/index.php?rest_route=\/wp\/v2\/posts\/2885\/revisions\/2892"}],"wp:featuredmedia":[{"embeddable":true,"href":"https:\/\/torkspor.com\/index.php?rest_route=\/wp\/v2\/media\/2887"}],"wp:attachment":[{"href":"https:\/\/torkspor.com\/index.php?rest_route=%2Fwp%2Fv2%2Fmedia&parent=2885"}],"wp:term":[{"taxonomy":"category","embeddable":true,"href":"https:\/\/torkspor.com\/index.php?rest_route=%2Fwp%2Fv2%2Fcategories&post=2885"},{"taxonomy":"post_tag","embeddable":true,"href":"https:\/\/torkspor.com\/index.php?rest_route=%2Fwp%2Fv2%2Ftags&post=2885"}],"curies":[{"name":"wp","href":"https:\/\/api.w.org\/{rel}","templated":true}]}}