{"id":2922,"date":"2025-08-24T17:16:41","date_gmt":"2025-08-24T14:16:41","guid":{"rendered":"https:\/\/torkspor.com\/?p=2922"},"modified":"2025-08-24T20:09:20","modified_gmt":"2025-08-24T17:09:20","slug":"sachsenringde-tarihi-hafta-sonu-ayhancan-guvenden-cifte-zafer","status":"publish","type":"post","link":"https:\/\/torkspor.com\/?p=2922","title":{"rendered":"Sachsenring\u2019de Tarihi Hafta Sonu: Ayhancan G\u00fcven\u2019den \u00c7ifte Zafer!"},"content":{"rendered":"\n<p>Almanya\u2019n\u0131n efsanevi pisti <strong>Sachsenring<\/strong>, bu hafta sonu T\u00fcrk motorsporlar\u0131 tarihine alt\u0131n harflerle yaz\u0131lacak bir hik\u00e2yeye sahne oldu. Porsche\u2019nin gen\u00e7 y\u0131ld\u0131z\u0131 <strong>Ayhancan G\u00fcven<\/strong>, \u00fcst \u00fcste iki g\u00fcn sergiledi\u011fi ola\u011fan\u00fcst\u00fc performansla hem Cumartesi\u2019nin hem de Pazar\u2019\u0131n yar\u0131\u015flar\u0131n\u0131 kazanarak ad\u0131n\u0131 DTM\u2019in zirvesine yazd\u0131rd\u0131.<\/p>\n\n\n\n<figure class=\"wp-block-image size-large\"><img fetchpriority=\"high\" decoding=\"async\" width=\"1024\" height=\"568\" src=\"https:\/\/torkspor.com\/wp-content\/uploads\/2025\/08\/2025-08-24_17-06-02-1024x568.png\" alt=\"\" class=\"wp-image-2923\" srcset=\"https:\/\/torkspor.com\/wp-content\/uploads\/2025\/08\/2025-08-24_17-06-02-1024x568.png 1024w, https:\/\/torkspor.com\/wp-content\/uploads\/2025\/08\/2025-08-24_17-06-02-300x166.png 300w, https:\/\/torkspor.com\/wp-content\/uploads\/2025\/08\/2025-08-24_17-06-02-768x426.png 768w, https:\/\/torkspor.com\/wp-content\/uploads\/2025\/08\/2025-08-24_17-06-02-800x445.png 800w, https:\/\/torkspor.com\/wp-content\/uploads\/2025\/08\/2025-08-24_17-06-02.png 1303w\" sizes=\"(max-width: 1024px) 100vw, 1024px\" \/><\/figure>\n\n\n\n<h2 class=\"wp-block-heading\"><strong>Cumartesi: Ya\u011fmurla Gelen Kaos<\/strong><\/h2>\n\n\n\n<p>Hafta sonunun ilk yar\u0131\u015f\u0131, start \u00f6ncesi bast\u0131ran sa\u011fanak nedeniyle gecikmeli ba\u015flad\u0131. Islak zeminde ara\u00e7lar adeta dans ederken, pistte kalmak bile b\u00fcy\u00fck ba\u015far\u0131 say\u0131ld\u0131. Favori isimler birer birer hata yaparken, spinler ve ufak temaslar s\u0131ralamay\u0131 s\u00fcrekli de\u011fi\u015ftirdi.<\/p>\n\n\n\n<p>Bu kaosun ortas\u0131nda <strong>Ayhancan G\u00fcven<\/strong>, sab\u0131rl\u0131 ve dengeli s\u00fcr\u00fc\u015f\u00fcyle ad\u0131m ad\u0131m y\u00fckseldi. Lastiklerini do\u011fru y\u00f6netti, kritik anlarda cesur hamleler yapt\u0131. Son turlarda \u00f6n\u00fcndeki rakibini yakalayarak <strong>son virajda liderli\u011fi ele ge\u00e7irdi<\/strong> ve Cumartesi g\u00fcn\u00fcn\u00fc unutulmaz bir zaferle noktalad\u0131.<\/p>\n\n\n\n<figure class=\"wp-block-image size-large\"><img decoding=\"async\" width=\"1024\" height=\"574\" src=\"https:\/\/torkspor.com\/wp-content\/uploads\/2025\/08\/2025-08-24_15-42-52-1024x574.png\" alt=\"\" class=\"wp-image-2924\" srcset=\"https:\/\/torkspor.com\/wp-content\/uploads\/2025\/08\/2025-08-24_15-42-52-1024x574.png 1024w, https:\/\/torkspor.com\/wp-content\/uploads\/2025\/08\/2025-08-24_15-42-52-300x168.png 300w, https:\/\/torkspor.com\/wp-content\/uploads\/2025\/08\/2025-08-24_15-42-52-768x430.png 768w, https:\/\/torkspor.com\/wp-content\/uploads\/2025\/08\/2025-08-24_15-42-52-1536x861.png 1536w, https:\/\/torkspor.com\/wp-content\/uploads\/2025\/08\/2025-08-24_15-42-52.png 1920w\" sizes=\"(max-width: 1024px) 100vw, 1024px\" \/><\/figure>\n\n\n\n<h2 class=\"wp-block-heading\"><strong>Pazar: Son Virajda Gelen B\u00fcy\u00fck F\u0131rsat<\/strong><\/h2>\n\n\n\n<p>\u0130kinci yar\u0131\u015f ise kuru zeminde bamba\u015fka bir senaryoya sahne oldu. Yar\u0131\u015f boyunca liderlik m\u00fccadelesi olduk\u00e7a sert ge\u00e7ti. Son b\u00f6l\u00fcmlere girildi\u011finde \u00f6n s\u0131radaki iki pilotun birbirine temas etmesiyle f\u0131rsat do\u011fdu.<\/p>\n\n\n\n<p>Tam da o anda sahneye \u00e7\u0131kan <strong>Ayhancan G\u00fcven<\/strong>, usta refleksiyle bo\u015flu\u011fu de\u011ferlendirdi. Son virajdan \u00e7\u0131karken kendini liderlik koltu\u011funda bulan G\u00fcven, damal\u0131 bayra\u011f\u0131 bir kez daha ilk g\u00f6ren isim oldu.<\/p>\n\n\n\n<p>Trib\u00fcnler aya\u011fa kalkt\u0131, pit duvar\u0131nda Porsche ekibi sevin\u00e7le birbirine sar\u0131ld\u0131. Hafta sonu b\u00f6ylece <strong>iki g\u00fcnde iki zaferle<\/strong> tamamland\u0131.<\/p>\n\n\n\n<figure class=\"wp-block-image size-large\"><img decoding=\"async\" width=\"1024\" height=\"729\" src=\"https:\/\/torkspor.com\/wp-content\/uploads\/2025\/08\/2025-08-24_15-43-12-1024x729.png\" alt=\"\" class=\"wp-image-2925\" srcset=\"https:\/\/torkspor.com\/wp-content\/uploads\/2025\/08\/2025-08-24_15-43-12-1024x729.png 1024w, https:\/\/torkspor.com\/wp-content\/uploads\/2025\/08\/2025-08-24_15-43-12-300x214.png 300w, https:\/\/torkspor.com\/wp-content\/uploads\/2025\/08\/2025-08-24_15-43-12-768x547.png 768w, https:\/\/torkspor.com\/wp-content\/uploads\/2025\/08\/2025-08-24_15-43-12.png 1433w\" sizes=\"(max-width: 1024px) 100vw, 1024px\" \/><\/figure>\n\n\n\n<p><strong>\u00c7ifte Galibiyetin Anlam\u0131<\/strong><\/p>\n\n\n\n<p>Cumartesi g\u00fcn\u00fc elde edilen birincili\u011fin ard\u0131ndan Pazar g\u00fcn\u00fc kazan\u0131lan bu dramatik zafer, yaln\u0131zca bir \u201c\u00e7ifte galibiyet\u201d de\u011fil, ayn\u0131 zamanda <strong>DTM \u015fampiyonluk m\u00fccadelesinde b\u00fcy\u00fck bir hamle<\/strong> anlam\u0131na geliyor. Rakipleri hata yaparken G\u00fcven\u2019in iki g\u00fcn \u00fcst \u00fcste podyumun en \u00fcst basama\u011f\u0131na \u00e7\u0131kmas\u0131, dengeleri k\u00f6k\u00fcnden de\u011fi\u015ftirdi.<\/p>\n\n\n\n<p>Art\u0131k herkes biliyor ki, DTM sezonunun son virajlar\u0131nda en \u00e7ok konu\u015fulacak isimlerden biri <strong>Ayhancan G\u00fcven<\/strong> olacak.<\/p>\n\n\n\n<figure class=\"wp-block-image size-large\"><img loading=\"lazy\" decoding=\"async\" width=\"1024\" height=\"576\" src=\"https:\/\/torkspor.com\/wp-content\/uploads\/2025\/08\/2025-08-24_15-44-28-1024x576.png\" alt=\"\" class=\"wp-image-2926\" srcset=\"https:\/\/torkspor.com\/wp-content\/uploads\/2025\/08\/2025-08-24_15-44-28-1024x576.png 1024w, https:\/\/torkspor.com\/wp-content\/uploads\/2025\/08\/2025-08-24_15-44-28-300x169.png 300w, https:\/\/torkspor.com\/wp-content\/uploads\/2025\/08\/2025-08-24_15-44-28-768x432.png 768w, https:\/\/torkspor.com\/wp-content\/uploads\/2025\/08\/2025-08-24_15-44-28-1536x864.png 1536w, https:\/\/torkspor.com\/wp-content\/uploads\/2025\/08\/2025-08-24_15-44-28.png 1903w\" sizes=\"(max-width: 1024px) 100vw, 1024px\" \/><\/figure>\n\n\n\n<p><strong>\u015eimdi S\u0131rada Red Bull Ring<\/strong><\/p>\n\n\n\n<p>Sezonun bir sonraki dura\u011f\u0131, Eyl\u00fcl ay\u0131nda ko\u015fulacak <strong>Red Bull Ring<\/strong>. Takvim daral\u0131rken, \u015fampiyona puan tablosu giderek k\u0131z\u0131\u015f\u0131yor. Ancak Sachsenring\u2019de g\u00f6sterdi\u011fi olgun s\u00fcr\u00fc\u015f, stratejik zek\u00e2 ve bitmeyen h\u0131rs, G\u00fcven\u2019in bu m\u00fccadelede ne kadar ciddi bir aday oldu\u011funu kan\u0131tlad\u0131.<\/p>\n\n\n\n<figure class=\"wp-block-image size-large\"><img loading=\"lazy\" decoding=\"async\" width=\"1024\" height=\"577\" src=\"https:\/\/torkspor.com\/wp-content\/uploads\/2025\/08\/2025-08-24_15-47-11-1024x577.png\" alt=\"\" class=\"wp-image-2927\" srcset=\"https:\/\/torkspor.com\/wp-content\/uploads\/2025\/08\/2025-08-24_15-47-11-1024x577.png 1024w, https:\/\/torkspor.com\/wp-content\/uploads\/2025\/08\/2025-08-24_15-47-11-300x169.png 300w, https:\/\/torkspor.com\/wp-content\/uploads\/2025\/08\/2025-08-24_15-47-11-768x433.png 768w, https:\/\/torkspor.com\/wp-content\/uploads\/2025\/08\/2025-08-24_15-47-11-1536x866.png 1536w, https:\/\/torkspor.com\/wp-content\/uploads\/2025\/08\/2025-08-24_15-47-11.png 1918w\" sizes=\"(max-width: 1024px) 100vw, 1024px\" \/><\/figure>\n\n\n\n<p><strong>Son S\u00f6z<\/strong><\/p>\n\n\n\n<p>Sachsenring\u2019de ya\u011fan ya\u011fmur, pist \u00fcst\u00fcnde b\u00fcy\u00fck bir f\u0131rt\u0131na kopard\u0131. Ama o f\u0131rt\u0131nan\u0131n i\u00e7inden \u00e7\u0131kan y\u0131ld\u0131z\u0131n ad\u0131 \u00e7ok net:<br><strong>Ayhancan G\u00fcven \u2013 T\u00fcrk motorsporlar\u0131n\u0131n gururu!<\/strong><\/p>\n\n\n\n<p><\/p>\n","protected":false},"excerpt":{"rendered":"<p>Almanya\u2019n\u0131n efsanevi pisti Sachsenring, bu hafta sonu T\u00fcrk motorsporlar\u0131 tarihine alt\u0131n harflerle yaz\u0131lacak bir hik\u00e2yeye sahne oldu. Porsche\u2019nin gen\u00e7 y\u0131ld\u0131z\u0131<\/p>\n","protected":false},"author":2,"featured_media":2928,"comment_status":"open","ping_status":"open","sticky":false,"template":"","format":"standard","meta":{"footnotes":""},"categories":[14,3,2],"tags":[],"class_list":["post-2922","post","type-post","status-publish","format-standard","has-post-thumbnail","hentry","category-dunya","category-dunyadasporcularimiz","category-pist"],"magazineBlocksPostFeaturedMedia":{"thumbnail":"https:\/\/torkspor.com\/wp-content\/uploads\/2025\/08\/2025-08-24_15-45-50-150x150.png","medium":"https:\/\/torkspor.com\/wp-content\/uploads\/2025\/08\/2025-08-24_15-45-50-300x228.png","medium_large":"https:\/\/torkspor.com\/wp-content\/uploads\/2025\/08\/2025-08-24_15-45-50-768x585.png","large":"https:\/\/torkspor.com\/wp-content\/uploads\/2025\/08\/2025-08-24_15-45-50-1024x779.png","1536x1536":"https:\/\/torkspor.com\/wp-content\/uploads\/2025\/08\/2025-08-24_15-45-50.png","2048x2048":"https:\/\/torkspor.com\/wp-content\/uploads\/2025\/08\/2025-08-24_15-45-50.png","colormag-highlighted-post":"https:\/\/torkspor.com\/wp-content\/uploads\/2025\/08\/2025-08-24_15-45-50-392x272.png","colormag-featured-post-medium":"https:\/\/torkspor.com\/wp-content\/uploads\/2025\/08\/2025-08-24_15-45-50-390x205.png","colormag-featured-post-small":"https:\/\/torkspor.com\/wp-content\/uploads\/2025\/08\/2025-08-24_15-45-50-130x90.png","colormag-featured-image":"https:\/\/torkspor.com\/wp-content\/uploads\/2025\/08\/2025-08-24_15-45-50-800x445.png","colormag-default-news":"https:\/\/torkspor.com\/wp-content\/uploads\/2025\/08\/2025-08-24_15-45-50-150x150.png","colormag-featured-image-large":"https:\/\/torkspor.com\/wp-content\/uploads\/2025\/08\/2025-08-24_15-45-50-1390x600.png","colormag-elementor-block-extra-large-thumbnail":"https:\/\/torkspor.com\/wp-content\/uploads\/2025\/08\/2025-08-24_15-45-50-1155x480.png","colormag-elementor-grid-large-thumbnail":"https:\/\/torkspor.com\/wp-content\/uploads\/2025\/08\/2025-08-24_15-45-50-600x417.png","colormag-elementor-grid-small-thumbnail":"https:\/\/torkspor.com\/wp-content\/uploads\/2025\/08\/2025-08-24_15-45-50-285x450.png","colormag-elementor-grid-medium-large-thumbnail":"https:\/\/torkspor.com\/wp-content\/uploads\/2025\/08\/2025-08-24_15-45-50-575x198.png"},"magazineBlocksPostAuthor":{"name":"Okan \u00c7etiner","avatar":"https:\/\/secure.gravatar.com\/avatar\/0b8d387b873c3962ae491deaf4b94a08a9b0dbc2778155c139691933252f8856?s=96&d=mm&r=g"},"magazineBlocksPostCommentsNumber":"0","magazineBlocksPostExcerpt":"Almanya\u2019n\u0131n efsanevi pisti Sachsenring, bu hafta sonu T\u00fcrk motorsporlar\u0131 tarihine alt\u0131n harflerle yaz\u0131lacak bir hik\u00e2yeye sahne oldu. Porsche\u2019nin gen\u00e7 y\u0131ld\u0131z\u0131","magazineBlocksPostCategories":["D\u00fcnya","D\u00fcnyada Sporcular\u0131m\u0131z","Pist"],"magazine_blocks_featured_image_url":{"full":["https:\/\/torkspor.com\/wp-content\/uploads\/2025\/08\/2025-08-24_15-45-50.png",1390,1058,false],"medium":["https:\/\/torkspor.com\/wp-content\/uploads\/2025\/08\/2025-08-24_15-45-50-300x228.png",300,228,true],"thumbnail":["https:\/\/torkspor.com\/wp-content\/uploads\/2025\/08\/2025-08-24_15-45-50-150x150.png",150,150,true]},"magazine_blocks_author":{"display_name":"Okan \u00c7etiner","author_link":"https:\/\/torkspor.com\/?author=2"},"magazine_blocks_comment":9,"magazine_blocks_author_image":"https:\/\/secure.gravatar.com\/avatar\/0b8d387b873c3962ae491deaf4b94a08a9b0dbc2778155c139691933252f8856?s=96&d=mm&r=g","magazine_blocks_category":"<a href=\"https:\/\/torkspor.com\/?cat=14\" rel=\"category\">D\u00fcnya<\/a> <a href=\"https:\/\/torkspor.com\/?cat=3\" rel=\"category\">D\u00fcnyada Sporcular\u0131m\u0131z<\/a> <a href=\"https:\/\/torkspor.com\/?cat=2\" rel=\"category\">Pist<\/a>","_links":{"self":[{"href":"https:\/\/torkspor.com\/index.php?rest_route=\/wp\/v2\/posts\/2922","targetHints":{"allow":["GET"]}}],"collection":[{"href":"https:\/\/torkspor.com\/index.php?rest_route=\/wp\/v2\/posts"}],"about":[{"href":"https:\/\/torkspor.com\/index.php?rest_route=\/wp\/v2\/types\/post"}],"author":[{"embeddable":true,"href":"https:\/\/torkspor.com\/index.php?rest_route=\/wp\/v2\/users\/2"}],"replies":[{"embeddable":true,"href":"https:\/\/torkspor.com\/index.php?rest_route=%2Fwp%2Fv2%2Fcomments&post=2922"}],"version-history":[{"count":2,"href":"https:\/\/torkspor.com\/index.php?rest_route=\/wp\/v2\/posts\/2922\/revisions"}],"predecessor-version":[{"id":2931,"href":"https:\/\/torkspor.com\/index.php?rest_route=\/wp\/v2\/posts\/2922\/revisions\/2931"}],"wp:featuredmedia":[{"embeddable":true,"href":"https:\/\/torkspor.com\/index.php?rest_route=\/wp\/v2\/media\/2928"}],"wp:attachment":[{"href":"https:\/\/torkspor.com\/index.php?rest_route=%2Fwp%2Fv2%2Fmedia&parent=2922"}],"wp:term":[{"taxonomy":"category","embeddable":true,"href":"https:\/\/torkspor.com\/index.php?rest_route=%2Fwp%2Fv2%2Fcategories&post=2922"},{"taxonomy":"post_tag","embeddable":true,"href":"https:\/\/torkspor.com\/index.php?rest_route=%2Fwp%2Fv2%2Ftags&post=2922"}],"curies":[{"name":"wp","href":"https:\/\/api.w.org\/{rel}","templated":true}]}}