{"id":2932,"date":"2025-08-28T19:45:03","date_gmt":"2025-08-28T16:45:03","guid":{"rendered":"https:\/\/torkspor.com\/?p=2932"},"modified":"2025-08-28T19:45:05","modified_gmt":"2025-08-28T16:45:05","slug":"ayse-cebi-tuzlada-zirveye-damga-vurdu","status":"publish","type":"post","link":"https:\/\/torkspor.com\/?p=2932","title":{"rendered":"Ay\u015fe \u00c7ebi Tuzla\u2019da Zirveye Damga Vurdu"},"content":{"rendered":"\n<p><strong>Motul 2025 T\u00fcrkiye Karting \u015eampiyonas\u0131<\/strong>\u2019n\u0131n \u00fc\u00e7\u00fcnc\u00fc aya\u011f\u0131, \u0130stanbul Tuzla Karting Park\u2019ta b\u00fcy\u00fck heyecana sahne oldu. 900 metrelik parkurda ko\u015fulan Senior kategori m\u00fccadeleleri, hem strateji hem de h\u0131z\u0131n ayn\u0131 anda konu\u015ftu\u011fu unutulmaz anlar sundu. Bu zorlu hafta sonunun en \u00e7ok konu\u015fulan ismi ise, <strong>BOM Karting Team sporcusu Ay\u015fe \u00c7ebi<\/strong> oldu.<\/p>\n\n\n\n<figure class=\"wp-block-image size-large\"><img fetchpriority=\"high\" decoding=\"async\" width=\"1024\" height=\"682\" src=\"https:\/\/torkspor.com\/wp-content\/uploads\/2025\/08\/Ayse_-9-1024x682.jpg\" alt=\"\" class=\"wp-image-2933\" srcset=\"https:\/\/torkspor.com\/wp-content\/uploads\/2025\/08\/Ayse_-9-1024x682.jpg 1024w, https:\/\/torkspor.com\/wp-content\/uploads\/2025\/08\/Ayse_-9-300x200.jpg 300w, https:\/\/torkspor.com\/wp-content\/uploads\/2025\/08\/Ayse_-9-768x512.jpg 768w, https:\/\/torkspor.com\/wp-content\/uploads\/2025\/08\/Ayse_-9-1536x1023.jpg 1536w, https:\/\/torkspor.com\/wp-content\/uploads\/2025\/08\/Ayse_-9.jpg 1600w\" sizes=\"(max-width: 1024px) 100vw, 1024px\" \/><\/figure>\n\n\n\n<p>Ay\u015fe, kariyerindeki ba\u015far\u0131 halkas\u0131na bir yenisini daha ekledi. Ge\u00e7ti\u011fimiz y\u0131l Avrupa\u2019da <strong>100\u2019\u00fcn \u00fczerinde uluslararas\u0131 yar\u0131\u015fta \u00fclkemizi gururland\u0131ran gen\u00e7 pilot<\/strong>, Tuzla\u2019da da pistin krali\u00e7esi oldu\u011funu kan\u0131tlad\u0131.<\/p>\n\n\n\n<p><strong>Eleme Yar\u0131\u015flar\u0131: So\u011fukkanl\u0131 ve Kararl\u0131<\/strong><\/p>\n\n\n\n<p>Cumartesi g\u00fcn\u00fc yap\u0131lan iki eleme yar\u0131\u015f\u0131nda Ay\u015fe, start an\u0131ndaki sakinli\u011fi ve pist \u00fczerindeki kararl\u0131 savunmas\u0131yla dikkat \u00e7ekti.<br>\u0130lk yar\u0131\u015fta sert rakipleri aras\u0131nda ya\u015fanan ge\u00e7i\u015f sava\u015flar\u0131na ra\u011fmen temposunu kaybetmeyen milli sporcu, d\u00f6rd\u00fcnc\u00fcl\u00fckle g\u00fcn\u00fc a\u00e7t\u0131.<br>\u0130kinci eleme yar\u0131\u015f\u0131nda ise Sarp Kayol ile ya\u015fad\u0131\u011f\u0131 nefes kesen kap\u0131\u015fma, izleyenlerin alk\u0131\u015flar\u0131n\u0131 toplad\u0131. Kayol\u2019un defalarca yapt\u0131\u011f\u0131 ataklara kar\u015f\u0131l\u0131k veren Ay\u015fe, pozisyonunu korumay\u0131 ba\u015fard\u0131 ve podyum hatt\u0131na ad\u0131n\u0131 yazd\u0131rd\u0131.<\/p>\n\n\n\n<figure class=\"wp-block-image size-large\"><img decoding=\"async\" width=\"1024\" height=\"682\" src=\"https:\/\/torkspor.com\/wp-content\/uploads\/2025\/08\/Ayse_-6-1024x682.jpg\" alt=\"\" class=\"wp-image-2934\" srcset=\"https:\/\/torkspor.com\/wp-content\/uploads\/2025\/08\/Ayse_-6-1024x682.jpg 1024w, https:\/\/torkspor.com\/wp-content\/uploads\/2025\/08\/Ayse_-6-300x200.jpg 300w, https:\/\/torkspor.com\/wp-content\/uploads\/2025\/08\/Ayse_-6-768x512.jpg 768w, https:\/\/torkspor.com\/wp-content\/uploads\/2025\/08\/Ayse_-6-1536x1023.jpg 1536w, https:\/\/torkspor.com\/wp-content\/uploads\/2025\/08\/Ayse_-6.jpg 1600w\" sizes=\"(max-width: 1024px) 100vw, 1024px\" \/><\/figure>\n\n\n\n<p><strong>Yar\u0131 Final: Liderli\u011fe Giden Yol<\/strong><\/p>\n\n\n\n<p>Pazar g\u00fcn\u00fc ko\u015fulan yar\u0131 final, Ay\u015fe i\u00e7in d\u00f6n\u00fcm noktas\u0131 oldu.<br>\u00d6nde \u00d6mer Ula\u015f Akba\u011f ve Ate\u015f Birinci\u2019nin k\u0131yas\u0131ya m\u00fccadelesinde f\u0131rsat kollayan BOM Karting Team sporcusu, <strong>tecr\u00fcbesini konu\u015fturarak liderli\u011fi ele ge\u00e7irdi.<\/strong> Avrupa pistlerinden ta\u015f\u0131d\u0131\u011f\u0131 \u00f6zg\u00fcven ve sakinlik, onun en b\u00fcy\u00fck kozu oldu. Damal\u0131 bayra\u011f\u0131 ilk s\u0131rada g\u00f6rerek final yar\u0131\u015f\u0131na <strong>pol pozisyonundan ba\u015flama hakk\u0131<\/strong> kazand\u0131.<\/p>\n\n\n\n<p><strong>Final: Zaferin Ad\u0131 Ay\u015fe \u00c7ebi<\/strong><\/p>\n\n\n\n<p>Haftan\u0131n en kritik an\u0131 olan final yar\u0131\u015f\u0131nda Ay\u015fe, starttan itibaren \u00fcst\u00fcnl\u00fc\u011f\u00fcn\u00fc korudu.<br>\u00d6mer Ula\u015f Akba\u011f\u2019\u0131n ge\u00e7i\u015f denemelerine ra\u011fmen so\u011fukkanl\u0131l\u0131\u011f\u0131n\u0131 bozmayan milli sporcumuz, aradaki fark\u0131 her turda a\u00e7may\u0131 ba\u015fard\u0131. Yar\u0131\u015f boyunca temposunu y\u00fcksek tutan Ay\u015fe, rakiplerini geride b\u0131rakarak <strong>Tuzla aya\u011f\u0131n\u0131 zaferle kapatt\u0131<\/strong>.<\/p>\n\n\n\n<p>Damal\u0131 bayra\u011f\u0131n alt\u0131nda birincilik kupas\u0131n\u0131 kald\u0131ran Ay\u015fe \u00c7ebi, hem kendisine hem de BOM Karting Team\u2019e \u00e7ok de\u011ferli puanlar kazand\u0131rd\u0131.<\/p>\n\n\n\n<figure class=\"wp-block-image size-large\"><img decoding=\"async\" width=\"1024\" height=\"1021\" src=\"https:\/\/torkspor.com\/wp-content\/uploads\/2025\/08\/Ayse_-18-1024x1021.jpg\" alt=\"\" class=\"wp-image-2935\" srcset=\"https:\/\/torkspor.com\/wp-content\/uploads\/2025\/08\/Ayse_-18-1024x1021.jpg 1024w, https:\/\/torkspor.com\/wp-content\/uploads\/2025\/08\/Ayse_-18-300x300.jpg 300w, https:\/\/torkspor.com\/wp-content\/uploads\/2025\/08\/Ayse_-18-150x150.jpg 150w, https:\/\/torkspor.com\/wp-content\/uploads\/2025\/08\/Ayse_-18-768x766.jpg 768w, https:\/\/torkspor.com\/wp-content\/uploads\/2025\/08\/Ayse_-18.jpg 1290w\" sizes=\"(max-width: 1024px) 100vw, 1024px\" \/><\/figure>\n\n\n\n<p><strong>Ay\u015fe \u00c7ebi\u2019nin Mesaj\u0131<\/strong><\/p>\n\n\n\n<p>Ay\u015fe \u00c7ebi\u2019nin Tuzla\u2019daki ba\u015far\u0131s\u0131, sadece bir yar\u0131\u015f zaferi de\u011fil, ayn\u0131 zamanda T\u00fcrk motor sporlar\u0131nda kad\u0131nlar\u0131n da zirvede olabilece\u011finin g\u00fc\u00e7l\u00fc bir mesaj\u0131 oldu.<br>Milli Sporcu unvan\u0131n\u0131 ta\u015f\u0131rken, Avrupa\u2019daki ba\u015far\u0131lar\u0131n\u0131 \u00fclkemiz pistlerine yans\u0131tmay\u0131 s\u00fcrd\u00fcren Ay\u015fe, <strong>\u015fampiyonluk yolunda en b\u00fcy\u00fck adaylardan biri<\/strong> olarak dikkat \u00e7ekiyor.<\/p>\n\n\n\n<figure class=\"wp-block-image\"><img loading=\"lazy\" decoding=\"async\" width=\"682\" height=\"1024\" src=\"https:\/\/torkspor.com\/wp-content\/uploads\/2025\/08\/76-682x1024.jpg\" alt=\"\" class=\"wp-image-2936\" srcset=\"https:\/\/torkspor.com\/wp-content\/uploads\/2025\/08\/76-682x1024.jpg 682w, https:\/\/torkspor.com\/wp-content\/uploads\/2025\/08\/76-200x300.jpg 200w, https:\/\/torkspor.com\/wp-content\/uploads\/2025\/08\/76-768x1153.jpg 768w, https:\/\/torkspor.com\/wp-content\/uploads\/2025\/08\/76-1023x1536.jpg 1023w, https:\/\/torkspor.com\/wp-content\/uploads\/2025\/08\/76.jpg 1066w\" sizes=\"(max-width: 682px) 100vw, 682px\" \/><\/figure>\n\n\n\n<p>Motul 2025 T\u00fcrkiye Karting \u015eampiyonas\u0131 Tuzla aya\u011f\u0131, izleyenlere h\u0131z, strateji ve cesaretin birle\u015fti\u011fi muhte\u015fem anlar sundu.<br>Bu hafta sonunun y\u0131ld\u0131z\u0131 ise hi\u00e7 ku\u015fkusuz <strong>Ay\u015fe \u00c7ebi<\/strong> oldu. Avrupa\u2019dan Tuzla\u2019ya ta\u015f\u0131nan tecr\u00fcbesi, istikrar\u0131 ve bitmek bilmeyen h\u0131rs\u0131yla zirvede yer alan gen\u00e7 pilot, hem \u00fclkemiz hem de kad\u0131n sporcular i\u00e7in ilham kayna\u011f\u0131 olmay\u0131 s\u00fcrd\u00fcr\u00fcyor.<\/p>\n\n\n\n<p>Ve \u015fimdi s\u00f6z\u00fc ona b\u0131rak\u0131yoruz\u2026<br><strong><a href=\"https:\/\/youtu.be\/QZ87gzPdUMY\">Yar\u0131\u015f sonras\u0131 Ay\u015fe \u00c7ebi ile ger\u00e7ekle\u015ftirdi\u011fimiz \u00f6zel r\u00f6portaj\u0131 izlemek i\u00e7in buraya t\u0131klay\u0131n.<\/a><\/strong><\/p>\n\n\n\n<figure class=\"wp-block-gallery has-nested-images columns-default is-cropped wp-block-gallery-1 is-layout-flex wp-block-gallery-is-layout-flex\">\n<figure class=\"wp-block-image size-large\"><img loading=\"lazy\" decoding=\"async\" width=\"683\" height=\"1024\" data-id=\"2937\" src=\"https:\/\/torkspor.com\/wp-content\/uploads\/2025\/08\/Ayse_-3-683x1024.jpg\" alt=\"\" class=\"wp-image-2937\" srcset=\"https:\/\/torkspor.com\/wp-content\/uploads\/2025\/08\/Ayse_-3-683x1024.jpg 683w, https:\/\/torkspor.com\/wp-content\/uploads\/2025\/08\/Ayse_-3-200x300.jpg 200w, https:\/\/torkspor.com\/wp-content\/uploads\/2025\/08\/Ayse_-3-768x1152.jpg 768w, https:\/\/torkspor.com\/wp-content\/uploads\/2025\/08\/Ayse_-3-1024x1536.jpg 1024w, https:\/\/torkspor.com\/wp-content\/uploads\/2025\/08\/Ayse_-3.jpg 1067w\" sizes=\"(max-width: 683px) 100vw, 683px\" \/><\/figure>\n\n\n\n<figure class=\"wp-block-image size-large\"><img loading=\"lazy\" decoding=\"async\" width=\"682\" height=\"1024\" data-id=\"2939\" src=\"https:\/\/torkspor.com\/wp-content\/uploads\/2025\/08\/Ayse_-13-682x1024.jpg\" alt=\"\" class=\"wp-image-2939\" srcset=\"https:\/\/torkspor.com\/wp-content\/uploads\/2025\/08\/Ayse_-13-682x1024.jpg 682w, https:\/\/torkspor.com\/wp-content\/uploads\/2025\/08\/Ayse_-13-200x300.jpg 200w, https:\/\/torkspor.com\/wp-content\/uploads\/2025\/08\/Ayse_-13-768x1152.jpg 768w, https:\/\/torkspor.com\/wp-content\/uploads\/2025\/08\/Ayse_-13.jpg 853w\" sizes=\"(max-width: 682px) 100vw, 682px\" \/><\/figure>\n\n\n\n<figure class=\"wp-block-image size-large\"><img loading=\"lazy\" decoding=\"async\" width=\"683\" height=\"1024\" data-id=\"2941\" src=\"https:\/\/torkspor.com\/wp-content\/uploads\/2025\/08\/Ayse_-15-683x1024.jpg\" alt=\"\" class=\"wp-image-2941\" srcset=\"https:\/\/torkspor.com\/wp-content\/uploads\/2025\/08\/Ayse_-15-683x1024.jpg 683w, https:\/\/torkspor.com\/wp-content\/uploads\/2025\/08\/Ayse_-15-200x300.jpg 200w, https:\/\/torkspor.com\/wp-content\/uploads\/2025\/08\/Ayse_-15-768x1151.jpg 768w, https:\/\/torkspor.com\/wp-content\/uploads\/2025\/08\/Ayse_-15.jpg 854w\" sizes=\"(max-width: 683px) 100vw, 683px\" \/><\/figure>\n\n\n\n<figure class=\"wp-block-image size-large\"><img loading=\"lazy\" decoding=\"async\" width=\"1024\" height=\"683\" data-id=\"2938\" src=\"https:\/\/torkspor.com\/wp-content\/uploads\/2025\/08\/Ayse_-16-1024x683.jpg\" alt=\"\" class=\"wp-image-2938\" srcset=\"https:\/\/torkspor.com\/wp-content\/uploads\/2025\/08\/Ayse_-16-1024x683.jpg 1024w, https:\/\/torkspor.com\/wp-content\/uploads\/2025\/08\/Ayse_-16-300x200.jpg 300w, https:\/\/torkspor.com\/wp-content\/uploads\/2025\/08\/Ayse_-16-768x512.jpg 768w, https:\/\/torkspor.com\/wp-content\/uploads\/2025\/08\/Ayse_-16.jpg 1280w\" sizes=\"(max-width: 1024px) 100vw, 1024px\" \/><\/figure>\n\n\n\n<figure class=\"wp-block-image size-large\"><img loading=\"lazy\" decoding=\"async\" width=\"799\" height=\"1024\" data-id=\"2940\" src=\"https:\/\/torkspor.com\/wp-content\/uploads\/2025\/08\/Ayse_-17-799x1024.jpg\" alt=\"\" class=\"wp-image-2940\" srcset=\"https:\/\/torkspor.com\/wp-content\/uploads\/2025\/08\/Ayse_-17-799x1024.jpg 799w, https:\/\/torkspor.com\/wp-content\/uploads\/2025\/08\/Ayse_-17-234x300.jpg 234w, https:\/\/torkspor.com\/wp-content\/uploads\/2025\/08\/Ayse_-17-768x984.jpg 768w, https:\/\/torkspor.com\/wp-content\/uploads\/2025\/08\/Ayse_-17-1199x1536.jpg 1199w, https:\/\/torkspor.com\/wp-content\/uploads\/2025\/08\/Ayse_-17.jpg 1249w\" sizes=\"(max-width: 799px) 100vw, 799px\" \/><\/figure>\n<\/figure>\n","protected":false},"excerpt":{"rendered":"<p>Motul 2025 T\u00fcrkiye Karting \u015eampiyonas\u0131\u2019n\u0131n \u00fc\u00e7\u00fcnc\u00fc aya\u011f\u0131, \u0130stanbul Tuzla Karting Park\u2019ta b\u00fcy\u00fck heyecana sahne oldu. 900 metrelik parkurda ko\u015fulan Senior<\/p>\n","protected":false},"author":2,"featured_media":2942,"comment_status":"open","ping_status":"open","sticky":false,"template":"","format":"standard","meta":{"footnotes":""},"categories":[1,5,25],"tags":[],"class_list":["post-2932","post","type-post","status-publish","format-standard","has-post-thumbnail","hentry","category-genel","category-haberler","category-karting"],"magazineBlocksPostFeaturedMedia":{"thumbnail":"https:\/\/torkspor.com\/wp-content\/uploads\/2025\/08\/Ayse_-10-150x150.jpg","medium":"https:\/\/torkspor.com\/wp-content\/uploads\/2025\/08\/Ayse_-10-300x200.jpg","medium_large":"https:\/\/torkspor.com\/wp-content\/uploads\/2025\/08\/Ayse_-10-768x512.jpg","large":"https:\/\/torkspor.com\/wp-content\/uploads\/2025\/08\/Ayse_-10-1024x682.jpg","1536x1536":"https:\/\/torkspor.com\/wp-content\/uploads\/2025\/08\/Ayse_-10-1536x1023.jpg","2048x2048":"https:\/\/torkspor.com\/wp-content\/uploads\/2025\/08\/Ayse_-10.jpg","colormag-highlighted-post":"https:\/\/torkspor.com\/wp-content\/uploads\/2025\/08\/Ayse_-10-392x272.jpg","colormag-featured-post-medium":"https:\/\/torkspor.com\/wp-content\/uploads\/2025\/08\/Ayse_-10-390x205.jpg","colormag-featured-post-small":"https:\/\/torkspor.com\/wp-content\/uploads\/2025\/08\/Ayse_-10-130x90.jpg","colormag-featured-image":"https:\/\/torkspor.com\/wp-content\/uploads\/2025\/08\/Ayse_-10-800x445.jpg","colormag-default-news":"https:\/\/torkspor.com\/wp-content\/uploads\/2025\/08\/Ayse_-10-150x150.jpg","colormag-featured-image-large":"https:\/\/torkspor.com\/wp-content\/uploads\/2025\/08\/Ayse_-10-1400x600.jpg","colormag-elementor-block-extra-large-thumbnail":"https:\/\/torkspor.com\/wp-content\/uploads\/2025\/08\/Ayse_-10-1155x480.jpg","colormag-elementor-grid-large-thumbnail":"https:\/\/torkspor.com\/wp-content\/uploads\/2025\/08\/Ayse_-10-600x417.jpg","colormag-elementor-grid-small-thumbnail":"https:\/\/torkspor.com\/wp-content\/uploads\/2025\/08\/Ayse_-10-285x450.jpg","colormag-elementor-grid-medium-large-thumbnail":"https:\/\/torkspor.com\/wp-content\/uploads\/2025\/08\/Ayse_-10-575x198.jpg"},"magazineBlocksPostAuthor":{"name":"Okan \u00c7etiner","avatar":"https:\/\/secure.gravatar.com\/avatar\/0b8d387b873c3962ae491deaf4b94a08a9b0dbc2778155c139691933252f8856?s=96&d=mm&r=g"},"magazineBlocksPostCommentsNumber":"0","magazineBlocksPostExcerpt":"Motul 2025 T\u00fcrkiye Karting \u015eampiyonas\u0131\u2019n\u0131n \u00fc\u00e7\u00fcnc\u00fc aya\u011f\u0131, \u0130stanbul Tuzla Karting Park\u2019ta b\u00fcy\u00fck heyecana sahne oldu. 900 metrelik parkurda ko\u015fulan Senior","magazineBlocksPostCategories":["Genel","Haberler","Karting"],"magazine_blocks_featured_image_url":{"full":["https:\/\/torkspor.com\/wp-content\/uploads\/2025\/08\/Ayse_-10.jpg",1600,1066,false],"medium":["https:\/\/torkspor.com\/wp-content\/uploads\/2025\/08\/Ayse_-10-300x200.jpg",300,200,true],"thumbnail":["https:\/\/torkspor.com\/wp-content\/uploads\/2025\/08\/Ayse_-10-150x150.jpg",150,150,true]},"magazine_blocks_author":{"display_name":"Okan \u00c7etiner","author_link":"https:\/\/torkspor.com\/?author=2"},"magazine_blocks_comment":27,"magazine_blocks_author_image":"https:\/\/secure.gravatar.com\/avatar\/0b8d387b873c3962ae491deaf4b94a08a9b0dbc2778155c139691933252f8856?s=96&d=mm&r=g","magazine_blocks_category":"<a href=\"https:\/\/torkspor.com\/?cat=1\" rel=\"category\">Genel<\/a> <a href=\"https:\/\/torkspor.com\/?cat=5\" rel=\"category\">Haberler<\/a> <a href=\"https:\/\/torkspor.com\/?cat=25\" rel=\"category\">Karting<\/a>","_links":{"self":[{"href":"https:\/\/torkspor.com\/index.php?rest_route=\/wp\/v2\/posts\/2932","targetHints":{"allow":["GET"]}}],"collection":[{"href":"https:\/\/torkspor.com\/index.php?rest_route=\/wp\/v2\/posts"}],"about":[{"href":"https:\/\/torkspor.com\/index.php?rest_route=\/wp\/v2\/types\/post"}],"author":[{"embeddable":true,"href":"https:\/\/torkspor.com\/index.php?rest_route=\/wp\/v2\/users\/2"}],"replies":[{"embeddable":true,"href":"https:\/\/torkspor.com\/index.php?rest_route=%2Fwp%2Fv2%2Fcomments&post=2932"}],"version-history":[{"count":1,"href":"https:\/\/torkspor.com\/index.php?rest_route=\/wp\/v2\/posts\/2932\/revisions"}],"predecessor-version":[{"id":2943,"href":"https:\/\/torkspor.com\/index.php?rest_route=\/wp\/v2\/posts\/2932\/revisions\/2943"}],"wp:featuredmedia":[{"embeddable":true,"href":"https:\/\/torkspor.com\/index.php?rest_route=\/wp\/v2\/media\/2942"}],"wp:attachment":[{"href":"https:\/\/torkspor.com\/index.php?rest_route=%2Fwp%2Fv2%2Fmedia&parent=2932"}],"wp:term":[{"taxonomy":"category","embeddable":true,"href":"https:\/\/torkspor.com\/index.php?rest_route=%2Fwp%2Fv2%2Fcategories&post=2932"},{"taxonomy":"post_tag","embeddable":true,"href":"https:\/\/torkspor.com\/index.php?rest_route=%2Fwp%2Fv2%2Ftags&post=2932"}],"curies":[{"name":"wp","href":"https:\/\/api.w.org\/{rel}","templated":true}]}}