{"id":2945,"date":"2025-08-29T16:40:50","date_gmt":"2025-08-29T13:40:50","guid":{"rendered":"https:\/\/torkspor.com\/?p=2945"},"modified":"2025-08-29T16:40:52","modified_gmt":"2025-08-29T13:40:52","slug":"genc-yetenekler-ve-efsaneler-istanbul-parkta-tarih-yazdi","status":"publish","type":"post","link":"https:\/\/torkspor.com\/?p=2945","title":{"rendered":"\u201cGen\u00e7 Yetenekler ve Efsaneler \u0130stanbul Park\u2019ta Tarih Yazd\u0131!\u201d"},"content":{"rendered":"\n<p>\u0130stanbul Park, 2025 T\u00fcrkiye Pist \u015eampiyonas\u0131\u2019n\u0131n ikinci aya\u011f\u0131na ev sahipli\u011fi yapt\u0131. Trib\u00fcnlere heyecan katan hafta sonunda tecr\u00fcbeli \u015fampiyonlar, gen\u00e7 yetenekler ve hobi ruhuyla yar\u0131\u015fan isimler ayn\u0131 asfaltta bulu\u015ftu. Zekai \u00d6zen\u2019in liderli\u011fi, \u00dcmit \u00dclk\u00fc\u2019n\u00fcn \u015fanss\u0131zl\u0131\u011f\u0131, Kerim Sulyak\u2019\u0131n cesur ataklar\u0131, Or\u00e7un \u0130nce\u2019nin sakinli\u011fi ve Kaan Marangoz\u2019un talihsiz kap\u0131\u015fmalar\u0131\u2026 \u0130ki yar\u0131\u015fta da pistin her k\u00f6\u015fesinde ayr\u0131 bir hik\u00e2ye yaz\u0131ld\u0131.<\/p>\n\n\n\n<p><strong>\u201cKarting\u2019in Ezeli Rakipleri, Pistte Tekrar Kap\u0131\u015ft\u0131: \u00d6zen vs. Sulyak!\u201d<\/strong><\/p>\n\n\n\n<h2 class=\"wp-block-heading\">Zekai \u00d6zen: Tecr\u00fcbenin G\u00fcc\u00fc<\/h2>\n\n\n\n<p>T\u00fcrkiye Pist \u015eampiyonas\u0131\u2019nda <strong>Zekai \u00d6zen<\/strong>, bir kez daha tecr\u00fcbesini konu\u015fturdu. \u0130lk yar\u0131\u015fta g\u00fc\u00e7l\u00fc bir start alarak liderli\u011fe y\u00fckseldi ve makine performans\u0131n\u0131 rakiplerine kabul ettirdi. \u0130kinci yar\u0131\u015fta ise start sonras\u0131 karting\u2019deki ezeli rakibi Kerim Sulyak\u2019la k\u0131yas\u0131ya bir m\u00fccadele ya\u015fand\u0131. \u0130stanbul Park\u2019\u0131n teknik virajlar\u0131nda Zekai, so\u011fukkanl\u0131l\u0131\u011f\u0131 ve \u00e7izgiyi tutma becerisiyle kimi zaman savunma, kimi zaman ataklarla fark yaratt\u0131. Yar\u0131\u015f boyunca bir\u00e7ok araca tur bindirerek \u00fcst\u00fcnl\u00fc\u011f\u00fcn\u00fc net \u015fekilde ortaya koydu. Tak\u0131m arkada\u015f\u0131 <strong>Umut G\u00f6kta\u015f<\/strong> da gen\u00e7 ya\u015f\u0131na ra\u011fmen g\u00f6sterdi\u011fi istikrarl\u0131 s\u00fcr\u00fc\u015fle podyuma \u00e7\u0131kmay\u0131 ba\u015fararak, Texaco Team AMS ad\u0131na \u00f6nemli bir ba\u015far\u0131ya imza att\u0131.<\/p>\n\n\n\n<figure class=\"wp-block-image size-full\"><img fetchpriority=\"high\" decoding=\"async\" width=\"800\" height=\"430\" src=\"https:\/\/torkspor.com\/wp-content\/uploads\/2025\/08\/AVIS-TPS2-ZekaiOzen-800x430-1.jpg\" alt=\"\" class=\"wp-image-2947\" srcset=\"https:\/\/torkspor.com\/wp-content\/uploads\/2025\/08\/AVIS-TPS2-ZekaiOzen-800x430-1.jpg 800w, https:\/\/torkspor.com\/wp-content\/uploads\/2025\/08\/AVIS-TPS2-ZekaiOzen-800x430-1-300x161.jpg 300w, https:\/\/torkspor.com\/wp-content\/uploads\/2025\/08\/AVIS-TPS2-ZekaiOzen-800x430-1-768x413.jpg 768w\" sizes=\"(max-width: 800px) 100vw, 800px\" \/><\/figure>\n\n\n\n<p class=\"has-medium-font-size\"><strong>\u00dcmit \u00dclk\u00fc\u2019den Talihsiz Veda!\u201d<\/strong><\/p>\n\n\n\n<p><strong>12 kez T\u00fcrkiye Pist \u015eampiyonu \u00dcmit \u00dclk\u00fc<\/strong>, \u0130stanbul Park\u2019ta yine seyircilerin en \u00e7ok bekledi\u011fi isimlerden biriydi. \u0130lk yar\u0131\u015fta ya\u015fad\u0131\u011f\u0131 yo\u011fun bask\u0131n\u0131n ard\u0131ndan ikinci s\u0131ray\u0131 alarak podyuma \u00e7\u0131kt\u0131 ve g\u00fc\u00e7l\u00fc performans\u0131n\u0131 bir kez daha kan\u0131tlad\u0131. Ancak ikinci yar\u0131\u015fta i\u015fler istedi\u011fi gibi gitmedi. Start sonras\u0131 \u015fanz\u0131man ar\u0131zas\u0131 ya\u015fayan \u00dclk\u00fc, daha ilk virajda arac\u0131 kenara \u00e7ekmek zorunda kald\u0131. Motor sporlar\u0131n\u0131n ya\u015fayan efsanesi i\u00e7in bu hafta sonu hem bir podyum sevinci, hem de teknik ar\u0131zan\u0131n getirdi\u011fi hayal k\u0131r\u0131kl\u0131\u011f\u0131 bir arada ya\u015fand\u0131.<\/p>\n\n\n\n<figure class=\"wp-block-image size-full\"><img decoding=\"async\" width=\"800\" height=\"430\" src=\"https:\/\/torkspor.com\/wp-content\/uploads\/2025\/08\/AVIS-TPS2-UmitUlku-800x430-2.jpg\" alt=\"\" class=\"wp-image-2948\" srcset=\"https:\/\/torkspor.com\/wp-content\/uploads\/2025\/08\/AVIS-TPS2-UmitUlku-800x430-2.jpg 800w, https:\/\/torkspor.com\/wp-content\/uploads\/2025\/08\/AVIS-TPS2-UmitUlku-800x430-2-300x161.jpg 300w, https:\/\/torkspor.com\/wp-content\/uploads\/2025\/08\/AVIS-TPS2-UmitUlku-800x430-2-768x413.jpg 768w\" sizes=\"(max-width: 800px) 100vw, 800px\" \/><\/figure>\n\n\n\n<h3 class=\"wp-block-heading\">Kerim Sulyak: \u0130lk Otomobil Yar\u0131\u015f\u0131nda Y\u00fcz\u00fc G\u00fcl\u00fcyor<\/h3>\n\n\n\n<p>Karting\u2019den otomobil yar\u0131\u015flar\u0131na ge\u00e7i\u015f yapan gen\u00e7 pilot <strong>Kerim Sulyak<\/strong>, Audi R8 GT4 EVO II\u2019siyle start ald\u0131\u011f\u0131 her iki yar\u0131\u015f\u0131 da deneyim kazanma f\u0131rsat\u0131 olarak de\u011ferlendirdi. \u0130lk yar\u0131\u015fta zorlu bir ba\u015flang\u0131c\u0131n ard\u0131ndan sab\u0131rl\u0131 takibiyle dikkat \u00e7ekti. \u0130kinci yar\u0131\u015fta ise starttan hemen sonra liderli\u011fe y\u00fckselerek izleyenleri heyecanland\u0131rd\u0131. Ancak Zekai \u00d6zen ile kar\u015f\u0131l\u0131kl\u0131 viraj ge\u00e7i\u015flerinde ya\u015fanan kap\u0131\u015fma, Kerim\u2019in sabr\u0131n\u0131 s\u0131nad\u0131. D\u00fczl\u00fck avantaj\u0131n\u0131, do\u011fru \u00e7izgiyi kullanarak savunan Kerim, zaman zaman savrulma ve toparlanma anlar\u0131 ya\u015fasa da genel anlamda olgun s\u00fcr\u00fc\u015f\u00fcn\u00fc g\u00f6sterdi. \u00d6zellikle tur bindirme anlar\u0131ndaki performans\u0131, pist \u00fczerindeki potansiyelini g\u00f6zler \u00f6n\u00fcne serdi.<\/p>\n\n\n\n<figure class=\"wp-block-image size-full\"><img decoding=\"async\" width=\"800\" height=\"430\" src=\"https:\/\/torkspor.com\/wp-content\/uploads\/2025\/08\/AVIS-TPS2-KerimSulyak-800x430-1.jpg\" alt=\"\" class=\"wp-image-2952\" srcset=\"https:\/\/torkspor.com\/wp-content\/uploads\/2025\/08\/AVIS-TPS2-KerimSulyak-800x430-1.jpg 800w, https:\/\/torkspor.com\/wp-content\/uploads\/2025\/08\/AVIS-TPS2-KerimSulyak-800x430-1-300x161.jpg 300w, https:\/\/torkspor.com\/wp-content\/uploads\/2025\/08\/AVIS-TPS2-KerimSulyak-800x430-1-768x413.jpg 768w\" sizes=\"(max-width: 800px) 100vw, 800px\" \/><\/figure>\n\n\n\n<h3 class=\"wp-block-heading\">Or\u00e7un \u0130nce: Sakinlik ve Strateji<\/h3>\n\n\n\n<p><strong>Or\u00e7un \u0130nce<\/strong>, s\u00fcper grup Hyundai i20 TCR\u2019siyle her iki yar\u0131\u015fta da teknolojik adaptasyonunun ve pist hakimiyetinin avantaj\u0131n\u0131 ya\u015fad\u0131. \u0130lk yar\u0131\u015fta liderli\u011fi alarak g\u00fc\u00e7l\u00fc bir performans sergilerken, ikinci yar\u0131\u015fta Murat G\u00fcrkan ile ya\u015fad\u0131\u011f\u0131 temasl\u0131 savunma momentine ra\u011fmen sab\u0131rl\u0131 ve centilmence s\u00fcr\u00fc\u015f\u00fcn\u00fc s\u00fcrd\u00fcrd\u00fc. Or\u00e7un\u2019un stratejik yakla\u015f\u0131m\u0131, pist i\u00e7inde rakipleriyle temasa girmeden tempoyu koruma becerisi, onun istikrarl\u0131 bir s\u00fcper grup lideri oldu\u011funu bir kez daha kan\u0131tlad\u0131.<\/p>\n\n\n\n<figure class=\"wp-block-image size-large\"><img loading=\"lazy\" decoding=\"async\" width=\"1024\" height=\"682\" src=\"https:\/\/torkspor.com\/wp-content\/uploads\/2025\/08\/AVIS-TPS2-OrcunInce-1024x682.jpg\" alt=\"\" class=\"wp-image-2949\" srcset=\"https:\/\/torkspor.com\/wp-content\/uploads\/2025\/08\/AVIS-TPS2-OrcunInce-1024x682.jpg 1024w, https:\/\/torkspor.com\/wp-content\/uploads\/2025\/08\/AVIS-TPS2-OrcunInce-300x200.jpg 300w, https:\/\/torkspor.com\/wp-content\/uploads\/2025\/08\/AVIS-TPS2-OrcunInce-768x512.jpg 768w, https:\/\/torkspor.com\/wp-content\/uploads\/2025\/08\/AVIS-TPS2-OrcunInce-1536x1024.jpg 1536w, https:\/\/torkspor.com\/wp-content\/uploads\/2025\/08\/AVIS-TPS2-OrcunInce.jpg 2000w\" sizes=\"(max-width: 1024px) 100vw, 1024px\" \/><\/figure>\n\n\n\n<h3 class=\"wp-block-heading\">Kaan Marangoz: Cesur Kap\u0131\u015fmalar, \u00d6\u011fretici Deneyim<\/h3>\n\n\n\n<p>Gen\u00e7 pilot <strong>Kaan Marangoz<\/strong>, \u015fampiyon bir otomobil olan Opel Corsa\u2019s\u0131yla iki yar\u0131\u015fta da cesur bir m\u00fccadele sergiledi. \u00d6zellikle ikinci yar\u0131\u015fta, Demirhan Kemal \u00d6ke ile ya\u015fad\u0131\u011f\u0131 heyecanl\u0131 kap\u0131\u015fma seyircilerin haf\u0131zas\u0131nda yer etti: \u00f6nce ge\u00e7i\u015f yapt\u0131, ard\u0131ndan geri al\u0131nd\u0131, sonras\u0131nda yeniden \u00f6ne ge\u00e7me hamlesiyle yar\u0131\u015f\u0131n en dikkat \u00e7eken anlar\u0131ndan birini ya\u015fatt\u0131. Ne yaz\u0131k ki yar\u0131\u015f i\u00e7inde ya\u015fanan temas ve ard\u0131ndan mekanik problemler, Kaan\u2019\u0131n podyuma ula\u015fmas\u0131n\u0131 engelledi. Ancak bu deneyim, gen\u00e7 pilot i\u00e7in \u00f6nemli bir ayr\u0131m \u00e7izgisi oldu: rekabetin sadece h\u0131zla de\u011fil, sab\u0131rla, \u00e7izgi hakimiyetiyle ve do\u011fru risk zamanlamas\u0131yla kazan\u0131ld\u0131\u011f\u0131n\u0131 g\u00f6steren bir s\u0131nav oldu.<\/p>\n\n\n\n<figure class=\"wp-block-image size-full\"><img loading=\"lazy\" decoding=\"async\" width=\"800\" height=\"430\" src=\"https:\/\/torkspor.com\/wp-content\/uploads\/2025\/08\/AVIS-TPS2-KaanMarangoz-800x430-1.jpg\" alt=\"\" class=\"wp-image-2950\" srcset=\"https:\/\/torkspor.com\/wp-content\/uploads\/2025\/08\/AVIS-TPS2-KaanMarangoz-800x430-1.jpg 800w, https:\/\/torkspor.com\/wp-content\/uploads\/2025\/08\/AVIS-TPS2-KaanMarangoz-800x430-1-300x161.jpg 300w, https:\/\/torkspor.com\/wp-content\/uploads\/2025\/08\/AVIS-TPS2-KaanMarangoz-800x430-1-768x413.jpg 768w\" sizes=\"(max-width: 800px) 100vw, 800px\" \/><\/figure>\n\n\n\n<h3 class=\"wp-block-heading\">Emre I\u015f\u0131ky\u0131ld\u0131z: Hobiden Pistte \u0130stikrara<\/h3>\n\n\n\n<p><strong>Emre I\u015f\u0131ky\u0131ld\u0131z<\/strong>, i\u015f hayat\u0131 yo\u011fun olsa da motorsporlar\u0131na olan tutkusu sayesinde hobi ruhlu yar\u0131\u015f\u00e7\u0131lar aras\u0131nda \u00f6rnek bir \u00e7izgi sergiliyor. \u0130stanbul Park\u2019taki her yar\u0131\u015fta, pist i\u00e7indeki zamanlar\u0131n\u0131 geli\u015ftirmek ad\u0131na \u00e7al\u0131\u015farak, deneyim kazanmay\u0131 ve \u00f6\u011frenmeyi \u00f6n planda tutuyor. \u0130kinci yar\u0131\u015fta, ilk yar\u0131\u015fa g\u00f6re daha sakin bir tempoyla virajlarda \u00e7izgilerini oturttu, fren noktalar\u0131 ve h\u0131z kontrol\u00fcnde daha kontroll\u00fc bir s\u00fcr\u00fc\u015f ortaya koydu. Sonu\u00e7 olarak, fini\u015fe sorunsuz ula\u015farak kendi ad\u0131na \u00f6nemli bir geli\u015fme g\u00f6sterdi.<\/p>\n\n\n\n<h3 class=\"wp-block-heading\">Kenan Deniz B\u00fcy\u00fckakman: Tutku ve M\u00fccadele<\/h3>\n\n\n\n<p><strong>Kenan Deniz B\u00fcy\u00fckakman<\/strong>, \u0130zmir\u2019in k\u00f6kl\u00fc tak\u0131mlar\u0131ndan \u00dclk\u00fc Motorsport\u2019tan kiralad\u0131\u011f\u0131 Volkswagen Polo GTI ile start ald\u0131\u011f\u0131 her iki yar\u0131\u015fta da tutkusunu pistte ya\u015fad\u0131. \u00d6zellikle ikinci yar\u0131\u015fta, \u00f6n\u00fcndeki <strong>Sevde Zehra Y\u0131lmaz<\/strong> ile d\u00fczl\u00fckte girdi\u011fi savunma-ge\u00e7i\u015f m\u00fccadelesi seyirciler taraf\u0131ndan dikkatle izlendi. Sevde\u2019nin sert savunmas\u0131na ra\u011fmen Kenan cesur bir frenajla i\u00e7 \u00e7izgiye girerek ge\u00e7i\u015fini yapt\u0131. Ancak ard\u0131ndan ald\u0131\u011f\u0131 pit ge\u00e7i\u015f cezas\u0131 ve mekanik sorunlar yar\u0131\u015f temposunu d\u00fc\u015f\u00fcrd\u00fc. Buna ra\u011fmen, Kenan\u2019\u0131n yar\u0131\u015f boyunca m\u00fccadeleci s\u00fcr\u00fc\u015f\u00fc ve bitirmeye y\u00f6nelik kararl\u0131l\u0131\u011f\u0131 takdir toplad\u0131.<\/p>\n\n\n\n<figure class=\"wp-block-image size-large\"><img loading=\"lazy\" decoding=\"async\" width=\"1024\" height=\"682\" src=\"https:\/\/torkspor.com\/wp-content\/uploads\/2025\/08\/AVIS-TPS2-SevdeZYildirim-1024x682.jpg\" alt=\"\" class=\"wp-image-2951\" srcset=\"https:\/\/torkspor.com\/wp-content\/uploads\/2025\/08\/AVIS-TPS2-SevdeZYildirim-1024x682.jpg 1024w, https:\/\/torkspor.com\/wp-content\/uploads\/2025\/08\/AVIS-TPS2-SevdeZYildirim-300x200.jpg 300w, https:\/\/torkspor.com\/wp-content\/uploads\/2025\/08\/AVIS-TPS2-SevdeZYildirim-768x512.jpg 768w, https:\/\/torkspor.com\/wp-content\/uploads\/2025\/08\/AVIS-TPS2-SevdeZYildirim-1536x1024.jpg 1536w, https:\/\/torkspor.com\/wp-content\/uploads\/2025\/08\/AVIS-TPS2-SevdeZYildirim.jpg 2000w\" sizes=\"(max-width: 1024px) 100vw, 1024px\" \/><\/figure>\n\n\n\n<p>TOSFED \u201cY\u0131ld\u0131z\u0131n\u0131 Ar\u0131yor\u201d Projesi Gen\u00e7leri<\/p>\n\n\n\n<p>TOSFED\u2019in \u201cY\u0131ld\u0131z\u0131n\u0131 Ar\u0131yor\u201d projesi kapsam\u0131nda yar\u0131\u015fan <strong>\u0130rfan Alper<\/strong>, <strong>Eda Bacaks\u0131z<\/strong> ve <strong>Selin Elbir<\/strong> de her iki yar\u0131\u015fta da pistin atmosferini soluma ve deneyim kazanma f\u0131rsat\u0131 buldular. Bu gen\u00e7 pilotlar, \u0130stanbul Park\u2019\u0131n teknik pist yap\u0131s\u0131nda kendi aralar\u0131ndaki tatl\u0131 rekabeti s\u00fcrd\u00fcrd\u00fcler. \u0130lk yar\u0131\u015fta oldu\u011fu gibi, ikinci yar\u0131\u015fta da \u0130rfan birinci, Eda ikinci ve Selin \u00fc\u00e7\u00fcnc\u00fc s\u0131rada fini\u015f g\u00f6rd\u00fcler. Burada \u00f6zellikle Selin Elbir\u2019den bahsetmek gerek: Kocaeli Karting Kul\u00fcb\u00fc Ba\u015fkan\u0131 ve TOSFED y\u00f6netiminde g\u00f6rev alan <strong>G\u00f6khan Elbir\u2019in k\u0131z\u0131<\/strong>. G\u00f6khan Elbir y\u0131llard\u0131r spora g\u00f6n\u00fclden destek veriyor, \u015fimdi ise k\u0131z\u0131n\u0131n pistte yar\u0131\u015fmas\u0131n\u0131 b\u00fcy\u00fck bir gururla izliyor.<\/p>\n\n\n\n<p><a href=\"https:\/\/www.tosfed.org.tr\">https:\/\/www.tosfed.org.tr<\/a><\/p>\n\n\n\n<p><a href=\"https:\/\/www.instagram.com\/teamamstr\/reels\">https:\/\/www.instagram.com\/teamamstr\/reels<\/a><\/p>\n\n\n\n<p><a href=\"https:\/\/www.instagram.com\/h2kmotorsport\">https:\/\/www.instagram.com\/h2kmotorsport<\/a><\/p>\n","protected":false},"excerpt":{"rendered":"<p>\u0130stanbul Park, 2025 T\u00fcrkiye Pist \u015eampiyonas\u0131\u2019n\u0131n ikinci aya\u011f\u0131na ev sahipli\u011fi yapt\u0131. Trib\u00fcnlere heyecan katan hafta sonunda tecr\u00fcbeli \u015fampiyonlar, gen\u00e7 yetenekler<\/p>\n","protected":false},"author":2,"featured_media":2953,"comment_status":"open","ping_status":"open","sticky":false,"template":"","format":"standard","meta":{"footnotes":""},"categories":[1,5,140,2],"tags":[],"class_list":["post-2945","post","type-post","status-publish","format-standard","has-post-thumbnail","hentry","category-genel","category-haberler","category-otomobil","category-pist"],"magazineBlocksPostFeaturedMedia":{"thumbnail":"https:\/\/torkspor.com\/wp-content\/uploads\/2025\/08\/AVIS-TPS2-Podyum-1024x682-1-150x150.jpg","medium":"https:\/\/torkspor.com\/wp-content\/uploads\/2025\/08\/AVIS-TPS2-Podyum-1024x682-1-300x200.jpg","medium_large":"https:\/\/torkspor.com\/wp-content\/uploads\/2025\/08\/AVIS-TPS2-Podyum-1024x682-1-768x512.jpg","large":"https:\/\/torkspor.com\/wp-content\/uploads\/2025\/08\/AVIS-TPS2-Podyum-1024x682-1.jpg","1536x1536":"https:\/\/torkspor.com\/wp-content\/uploads\/2025\/08\/AVIS-TPS2-Podyum-1024x682-1.jpg","2048x2048":"https:\/\/torkspor.com\/wp-content\/uploads\/2025\/08\/AVIS-TPS2-Podyum-1024x682-1.jpg","colormag-highlighted-post":"https:\/\/torkspor.com\/wp-content\/uploads\/2025\/08\/AVIS-TPS2-Podyum-1024x682-1-392x272.jpg","colormag-featured-post-medium":"https:\/\/torkspor.com\/wp-content\/uploads\/2025\/08\/AVIS-TPS2-Podyum-1024x682-1-390x205.jpg","colormag-featured-post-small":"https:\/\/torkspor.com\/wp-content\/uploads\/2025\/08\/AVIS-TPS2-Podyum-1024x682-1-130x90.jpg","colormag-featured-image":"https:\/\/torkspor.com\/wp-content\/uploads\/2025\/08\/AVIS-TPS2-Podyum-1024x682-1-800x445.jpg","colormag-default-news":"https:\/\/torkspor.com\/wp-content\/uploads\/2025\/08\/AVIS-TPS2-Podyum-1024x682-1-150x150.jpg","colormag-featured-image-large":"https:\/\/torkspor.com\/wp-content\/uploads\/2025\/08\/AVIS-TPS2-Podyum-1024x682-1-1024x600.jpg","colormag-elementor-block-extra-large-thumbnail":"https:\/\/torkspor.com\/wp-content\/uploads\/2025\/08\/AVIS-TPS2-Podyum-1024x682-1-1024x480.jpg","colormag-elementor-grid-large-thumbnail":"https:\/\/torkspor.com\/wp-content\/uploads\/2025\/08\/AVIS-TPS2-Podyum-1024x682-1-600x417.jpg","colormag-elementor-grid-small-thumbnail":"https:\/\/torkspor.com\/wp-content\/uploads\/2025\/08\/AVIS-TPS2-Podyum-1024x682-1-285x450.jpg","colormag-elementor-grid-medium-large-thumbnail":"https:\/\/torkspor.com\/wp-content\/uploads\/2025\/08\/AVIS-TPS2-Podyum-1024x682-1-575x198.jpg"},"magazineBlocksPostAuthor":{"name":"Okan \u00c7etiner","avatar":"https:\/\/secure.gravatar.com\/avatar\/0b8d387b873c3962ae491deaf4b94a08a9b0dbc2778155c139691933252f8856?s=96&d=mm&r=g"},"magazineBlocksPostCommentsNumber":"0","magazineBlocksPostExcerpt":"\u0130stanbul Park, 2025 T\u00fcrkiye Pist \u015eampiyonas\u0131\u2019n\u0131n ikinci aya\u011f\u0131na ev sahipli\u011fi yapt\u0131. Trib\u00fcnlere heyecan katan hafta sonunda tecr\u00fcbeli \u015fampiyonlar, gen\u00e7 yetenekler","magazineBlocksPostCategories":["Genel","Haberler","otomobil","Pist"],"magazine_blocks_featured_image_url":{"full":["https:\/\/torkspor.com\/wp-content\/uploads\/2025\/08\/AVIS-TPS2-Podyum-1024x682-1.jpg",1024,682,false],"medium":["https:\/\/torkspor.com\/wp-content\/uploads\/2025\/08\/AVIS-TPS2-Podyum-1024x682-1-300x200.jpg",300,200,true],"thumbnail":["https:\/\/torkspor.com\/wp-content\/uploads\/2025\/08\/AVIS-TPS2-Podyum-1024x682-1-150x150.jpg",150,150,true]},"magazine_blocks_author":{"display_name":"Okan \u00c7etiner","author_link":"https:\/\/torkspor.com\/?author=2"},"magazine_blocks_comment":0,"magazine_blocks_author_image":"https:\/\/secure.gravatar.com\/avatar\/0b8d387b873c3962ae491deaf4b94a08a9b0dbc2778155c139691933252f8856?s=96&d=mm&r=g","magazine_blocks_category":"<a href=\"https:\/\/torkspor.com\/?cat=1\" rel=\"category\">Genel<\/a> <a href=\"https:\/\/torkspor.com\/?cat=5\" rel=\"category\">Haberler<\/a> <a href=\"https:\/\/torkspor.com\/?cat=140\" rel=\"category\">otomobil<\/a> <a href=\"https:\/\/torkspor.com\/?cat=2\" rel=\"category\">Pist<\/a>","_links":{"self":[{"href":"https:\/\/torkspor.com\/index.php?rest_route=\/wp\/v2\/posts\/2945","targetHints":{"allow":["GET"]}}],"collection":[{"href":"https:\/\/torkspor.com\/index.php?rest_route=\/wp\/v2\/posts"}],"about":[{"href":"https:\/\/torkspor.com\/index.php?rest_route=\/wp\/v2\/types\/post"}],"author":[{"embeddable":true,"href":"https:\/\/torkspor.com\/index.php?rest_route=\/wp\/v2\/users\/2"}],"replies":[{"embeddable":true,"href":"https:\/\/torkspor.com\/index.php?rest_route=%2Fwp%2Fv2%2Fcomments&post=2945"}],"version-history":[{"count":1,"href":"https:\/\/torkspor.com\/index.php?rest_route=\/wp\/v2\/posts\/2945\/revisions"}],"predecessor-version":[{"id":2954,"href":"https:\/\/torkspor.com\/index.php?rest_route=\/wp\/v2\/posts\/2945\/revisions\/2954"}],"wp:featuredmedia":[{"embeddable":true,"href":"https:\/\/torkspor.com\/index.php?rest_route=\/wp\/v2\/media\/2953"}],"wp:attachment":[{"href":"https:\/\/torkspor.com\/index.php?rest_route=%2Fwp%2Fv2%2Fmedia&parent=2945"}],"wp:term":[{"taxonomy":"category","embeddable":true,"href":"https:\/\/torkspor.com\/index.php?rest_route=%2Fwp%2Fv2%2Fcategories&post=2945"},{"taxonomy":"post_tag","embeddable":true,"href":"https:\/\/torkspor.com\/index.php?rest_route=%2Fwp%2Fv2%2Ftags&post=2945"}],"curies":[{"name":"wp","href":"https:\/\/api.w.org\/{rel}","templated":true}]}}