{"id":2955,"date":"2025-08-29T17:16:33","date_gmt":"2025-08-29T14:16:33","guid":{"rendered":"https:\/\/torkspor.com\/?p=2955"},"modified":"2025-08-29T21:13:01","modified_gmt":"2025-08-29T18:13:01","slug":"zamana-direnen-pilot-mithat-dikerin-53-yillik-seruveni","status":"publish","type":"post","link":"https:\/\/torkspor.com\/?p=2955","title":{"rendered":"Zamana Direnen Pilot: Mithat Diker\u2019in 53 Y\u0131ll\u0131k Ser\u00fcveni"},"content":{"rendered":"\n<p><strong>TransAnatolia\u2019n\u0131n start\u0131na d\u00f6rt kala\u2026<\/strong><br>Takvimler 2 Eyl\u00fcl\u2019\u00fc g\u00f6sterdi\u011finde, Karadeniz\u2019in maviliklerinden y\u00fckselen motor sesleriyle Samsun sahilinden bir macera ba\u015flayacak. Bir hafta boyunca s\u00fcrecek bu destans\u0131 yolculuk, tam <strong>2350 kilometrelik<\/strong> bir rota boyunca da\u011flar\u0131, vadileri, ovalar\u0131 a\u015farak 9 Eyl\u00fcl\u2019de \u0130zmir\u2019de son bulacak. \u0130\u015fte o an, fini\u015f \u00e7izgisine ad\u0131m atanlar\u0131n her biri birer kahramana d\u00f6n\u00fc\u015fecek.<\/p>\n\n\n\n<figure class=\"wp-block-image size-large\"><img fetchpriority=\"high\" decoding=\"async\" width=\"683\" height=\"1024\" src=\"https:\/\/torkspor.com\/wp-content\/uploads\/2025\/08\/STORY-683x1024.jpg\" alt=\"\" class=\"wp-image-2956\" srcset=\"https:\/\/torkspor.com\/wp-content\/uploads\/2025\/08\/STORY-683x1024.jpg 683w, https:\/\/torkspor.com\/wp-content\/uploads\/2025\/08\/STORY-200x300.jpg 200w, https:\/\/torkspor.com\/wp-content\/uploads\/2025\/08\/STORY-768x1152.jpg 768w, https:\/\/torkspor.com\/wp-content\/uploads\/2025\/08\/STORY.jpg 1024w\" sizes=\"(max-width: 683px) 100vw, 683px\" \/><\/figure>\n\n\n\n<p>Ve o kahramanlar aras\u0131nda, ad\u0131 yar\u0131m asr\u0131 \u00e7oktan devirmi\u015f, ralli d\u00fcnyas\u0131n\u0131n ya\u015fayan efsanesi <strong>Mithat Diker<\/strong> ile y\u0131llar\u0131n g\u00fcven dolu sesi <strong>Erdal Oral<\/strong> da olacak. Becce Motorsport Garaj\u0131\u2019nda \u00f6zenle haz\u0131rlanan <strong>Suzuki Grand Vitara<\/strong>, ikilinin bu uzun maratondaki silah\u0131\u2026 Hedefleri basit ama y\u00fcce: \u00f6nce fini\u015fe ula\u015fmak, sonra podyumu \u0130zmir\u2019in ad\u0131yla s\u00fcslemek.<\/p>\n\n\n\n<p><strong>Direksiyon Ba\u015f\u0131nda Bir \u00d6m\u00fcr<\/strong><\/p>\n\n\n\n<p>Mithat Diker, Motorsporlar\u0131n\u0131n kalbine ilk ad\u0131m\u0131n\u0131 att\u0131\u011f\u0131nda takvimler 1970\u2019leri g\u00f6steriyordu. O g\u00fcnden bug\u00fcne de\u011fi\u015fmeyen tek \u015fey vard\u0131: tutkusu. Tam <strong>53 y\u0131ld\u0131r<\/strong>, aral\u0131ks\u0131z her sezon start \u00e7izgisinde. Peugeot 208 R2\u2019den Ford Fiesta ST\u2019ye, Fiat Palio Kit Car\u2019dan Ford Escort RS 2000\u2019e kadar nice otomobili y\u00f6netti. Topra\u011f\u0131n tozunu soludu, asfalt\u0131n ritmini yakalad\u0131.<\/p>\n\n\n\n<p>Onun i\u00e7in ralli sadece h\u0131z de\u011fildi; <strong>zamana meydan okumak<\/strong>, ruhunu diri tutmak ve yeni nesillere ilham vermekti. Padoklarda gen\u00e7 sporcular\u0131n koluna girip \u00f6\u011f\u00fct veren, parkurlarda ise sakinli\u011fiyle ders niteli\u011finde bir s\u00fcr\u00fc\u015f sergileyen centilmen pilot, hep ayn\u0131 \u00e7izgide kald\u0131: <strong>m\u00fccadele ama dostlukla, rekabet ama sayg\u0131yla.<\/strong><\/p>\n\n\n\n<p><strong>Bir Maratonun \u00d6ncesinde<\/strong><\/p>\n\n\n\n<p class=\"has-medium-font-size\">TransAnatolia\u2019ya say\u0131l\u0131 g\u00fcnler kala Mithat Diker, heyecan\u0131n\u0131 \u015fu s\u00f6zlerle dile getiriyor:<\/p>\n\n\n\n<p><em>T\u00fcrkiye\u2019nin uluslararas\u0131 arenada en prestijli rally raid yar\u0131\u015f\u0131 TransAnatolia, 30 A\u011fustos-06 Eyl\u00fcl 2025 tarihleri aras\u0131nda 15. kez d\u00fczenlenecek. \u201cOla\u011fan\u00fcst\u00fc \u015fartlar\u0131 zor ama bir o kadar maceral\u0131 ve zevkli olan bu yar\u0131\u015fta, Samsun\u2019dan \u0130zmir\u2019e 2190 kilometrelik bir ser\u00fcven bizi bekliyor. Bu y\u0131l etaplar\u0131n daha zorlu olaca\u011f\u0131n\u0131 tahmin ediyorum \u00e7\u00fcnk\u00fc ge\u00e7en y\u0131l 87 olan yar\u0131\u015f\u00e7\u0131 say\u0131s\u0131 bu y\u0131l 100\u2019\u00fcn \u00fczerine \u00e7\u0131kt\u0131. Ama ne olursa olsun hedefimiz, \u0130zmir\u2019de fini\u015f \u00e7izgisini g\u00f6rmek ve \u0130zmir\u2019in ad\u0131n\u0131 1 ya da 2 kupayla y\u0131ld\u0131zla\u015ft\u0131rmak.\u201d<\/em><\/p>\n\n\n\n<figure class=\"wp-block-image size-large\"><img decoding=\"async\" width=\"1024\" height=\"580\" src=\"https:\/\/torkspor.com\/wp-content\/uploads\/2025\/08\/Transanatolia_guzergah-1-1024x580.jpg\" alt=\"\" class=\"wp-image-2968\" srcset=\"https:\/\/torkspor.com\/wp-content\/uploads\/2025\/08\/Transanatolia_guzergah-1-1024x580.jpg 1024w, https:\/\/torkspor.com\/wp-content\/uploads\/2025\/08\/Transanatolia_guzergah-1-300x170.jpg 300w, https:\/\/torkspor.com\/wp-content\/uploads\/2025\/08\/Transanatolia_guzergah-1-768x435.jpg 768w, https:\/\/torkspor.com\/wp-content\/uploads\/2025\/08\/Transanatolia_guzergah-1-1536x870.jpg 1536w, https:\/\/torkspor.com\/wp-content\/uploads\/2025\/08\/Transanatolia_guzergah-1-2048x1161.jpg 2048w\" sizes=\"(max-width: 1024px) 100vw, 1024px\" \/><\/figure>\n\n\n\n<p>\u0130zmir\u2019den Samsun\u2019a u\u00e7akla gidecekler\u2026 Teknik kontrollerin ard\u0131ndan 2 Eyl\u00fcl Cumartesi saat 17:30\u2019da seremonik startta halk\u0131 selamlayacaklar. Ve ertesi g\u00fcn, ilk \u00f6zel etapta, maraton resmen ba\u015flayacak.<\/p>\n\n\n\n<p>TransAnatolia; K\u00fctahya, Bilecik, Eski\u015fehir, Afyon, Ankara, Konya, Aksaray, Ni\u011fde, Nev\u015fehir, Kayseri, Yozgat, \u00c7orum, Kastamonu, \u00c7ank\u0131r\u0131 \u00fczerinden Bolu\u2019ya ula\u015facak. Yar\u0131\u015f, 17 il ve 58 il\u00e7eden ge\u00e7ecek.<\/p>\n\n\n\n<p>T\u00fcrkiye\u2019nin yan\u0131 s\u0131ra Almanya, \u0130talya, \u0130svi\u00e7re, Bel\u00e7ika, Romanya, \u0130ngiltere, Fransa ve Hollanda\u2019dan gelen 100\u2019\u00fcn \u00fczerinde sporcu, zorlu etaplarda hem fiziksel hem zihinsel dayan\u0131kl\u0131l\u0131klar\u0131n\u0131 s\u0131nayacak.<\/p>\n\n\n\n<p>Biz de g\u00fcn g\u00fcn yaz\u0131lacak bu hik\u00e2yeyi sizlerle payla\u015faca\u011f\u0131z.<\/p>\n\n\n\n<figure class=\"wp-block-image size-large\"><img decoding=\"async\" width=\"1024\" height=\"682\" src=\"https:\/\/torkspor.com\/wp-content\/uploads\/2025\/08\/BajaTroia_Otomobil_1_MertBecce-1024x682.jpg\" alt=\"\" class=\"wp-image-2958\" srcset=\"https:\/\/torkspor.com\/wp-content\/uploads\/2025\/08\/BajaTroia_Otomobil_1_MertBecce-1024x682.jpg 1024w, https:\/\/torkspor.com\/wp-content\/uploads\/2025\/08\/BajaTroia_Otomobil_1_MertBecce-300x200.jpg 300w, https:\/\/torkspor.com\/wp-content\/uploads\/2025\/08\/BajaTroia_Otomobil_1_MertBecce-768x512.jpg 768w, https:\/\/torkspor.com\/wp-content\/uploads\/2025\/08\/BajaTroia_Otomobil_1_MertBecce-1536x1024.jpg 1536w, https:\/\/torkspor.com\/wp-content\/uploads\/2025\/08\/BajaTroia_Otomobil_1_MertBecce.jpg 2000w\" sizes=\"(max-width: 1024px) 100vw, 1024px\" \/><\/figure>\n\n\n\n<p><strong>Her Start \u00c7izgisi Yeni Bir Hik\u00e2ye<\/strong><\/p>\n\n\n\n<p>53 y\u0131l boyunca direksiyon ba\u015f\u0131nda biriken an\u0131lar, asl\u0131nda koca bir belgesel. Her yar\u0131\u015ftan sonra \u201cbir sonrakini\u201d \u00f6zleyen, her fini\u015fte g\u00f6zlerinde yeni bir yolculu\u011fun heyecan\u0131n\u0131 saklayan bu adam i\u00e7in ralli, <strong>ya\u015fanacak bir \u00f6m\u00fcr boyu ser\u00fcven<\/strong>. Motor sporlar\u0131na ad\u0131m att\u0131\u011f\u0131 ilk g\u00fcnden bu yana direksiyon ba\u015f\u0131nda bir tutkunun izini s\u00fcren duayen rallici, otomobiller kategorisinde Becce Motorsport garaj\u0131nda haz\u0131rlanan Suzuki Grand Vitara ile parkura \u00e7\u0131kacak. Mithat Diker-Erdal Oral ikilisinin \u00f6ncelikli hedefleri fini\u015f g\u00f6rmek ve elbette podyuma \u00e7\u0131kmak.<\/p>\n\n\n\n<p>Bug\u00fcn art\u0131k \u015funu biliyoruz:<br><strong>\u201cYollar de\u011fi\u015fir, etaplar uzar, rakipler gen\u00e7le\u015fir\u2026 ama ruh ayn\u0131 kal\u0131r.\u201d<\/strong><\/p>\n\n\n\n<p>Ve o ruh, \u015fimdi bir kez daha TransAnatolia parkurlar\u0131nda boy g\u00f6sterecek. Belki \u0130zmir fini\u015finde, bir kez daha kupalarla ta\u00e7lanacak. Ama kupalar olmasa da, Mithat Diker\u2019in ad\u0131 \u00e7oktan Motorsporlar\u0131n\u0131n tarihine alt\u0131n harflerle kaz\u0131nd\u0131.<\/p>\n\n\n\n<figure class=\"wp-block-image size-large\"><img loading=\"lazy\" decoding=\"async\" width=\"1024\" height=\"682\" src=\"https:\/\/torkspor.com\/wp-content\/uploads\/2025\/08\/001-TRA-23-1024x682.jpg\" alt=\"\" class=\"wp-image-2959\" srcset=\"https:\/\/torkspor.com\/wp-content\/uploads\/2025\/08\/001-TRA-23-1024x682.jpg 1024w, https:\/\/torkspor.com\/wp-content\/uploads\/2025\/08\/001-TRA-23-300x200.jpg 300w, https:\/\/torkspor.com\/wp-content\/uploads\/2025\/08\/001-TRA-23-768x512.jpg 768w, https:\/\/torkspor.com\/wp-content\/uploads\/2025\/08\/001-TRA-23-1536x1024.jpg 1536w, https:\/\/torkspor.com\/wp-content\/uploads\/2025\/08\/001-TRA-23.jpg 2000w\" sizes=\"(max-width: 1024px) 100vw, 1024px\" \/><\/figure>\n\n\n\n<p><strong>Not:<\/strong> Bu \u00f6l\u00fcms\u00fcz yolculuk, 2027 y\u0131l\u0131nda TorkSpor YouTube kanal\u0131nda yay\u0131nlanacak \u00f6zel bir belgeselle t\u00fcm motorsporlar\u0131 severlere ula\u015facak. \u0130zleyiciler, yar\u0131m asr\u0131 devirmi\u015f bir tutkunun zamana kar\u015f\u0131 direni\u015fine tan\u0131kl\u0131k edecek.<\/p>\n\n\n\n<p><\/p>\n","protected":false},"excerpt":{"rendered":"<p>TransAnatolia\u2019n\u0131n start\u0131na d\u00f6rt kala\u2026Takvimler 2 Eyl\u00fcl\u2019\u00fc g\u00f6sterdi\u011finde, Karadeniz\u2019in maviliklerinden y\u00fckselen motor sesleriyle Samsun sahilinden bir macera ba\u015flayacak. Bir hafta boyunca<\/p>\n","protected":false},"author":2,"featured_media":2962,"comment_status":"open","ping_status":"open","sticky":false,"template":"","format":"standard","meta":{"footnotes":""},"categories":[1,5,10,21],"tags":[],"class_list":["post-2955","post","type-post","status-publish","format-standard","has-post-thumbnail","hentry","category-genel","category-haberler","category-offroad","category-ralli"],"magazineBlocksPostFeaturedMedia":{"thumbnail":"https:\/\/torkspor.com\/wp-content\/uploads\/2025\/08\/Anim_Foto-150x150.jpg","medium":"https:\/\/torkspor.com\/wp-content\/uploads\/2025\/08\/Anim_Foto-300x200.jpg","medium_large":"https:\/\/torkspor.com\/wp-content\/uploads\/2025\/08\/Anim_Foto-768x512.jpg","large":"https:\/\/torkspor.com\/wp-content\/uploads\/2025\/08\/Anim_Foto-1024x683.jpg","1536x1536":"https:\/\/torkspor.com\/wp-content\/uploads\/2025\/08\/Anim_Foto.jpg","2048x2048":"https:\/\/torkspor.com\/wp-content\/uploads\/2025\/08\/Anim_Foto.jpg","colormag-highlighted-post":"https:\/\/torkspor.com\/wp-content\/uploads\/2025\/08\/Anim_Foto-392x272.jpg","colormag-featured-post-medium":"https:\/\/torkspor.com\/wp-content\/uploads\/2025\/08\/Anim_Foto-390x205.jpg","colormag-featured-post-small":"https:\/\/torkspor.com\/wp-content\/uploads\/2025\/08\/Anim_Foto-130x90.jpg","colormag-featured-image":"https:\/\/torkspor.com\/wp-content\/uploads\/2025\/08\/Anim_Foto-800x445.jpg","colormag-default-news":"https:\/\/torkspor.com\/wp-content\/uploads\/2025\/08\/Anim_Foto-150x150.jpg","colormag-featured-image-large":"https:\/\/torkspor.com\/wp-content\/uploads\/2025\/08\/Anim_Foto-1400x600.jpg","colormag-elementor-block-extra-large-thumbnail":"https:\/\/torkspor.com\/wp-content\/uploads\/2025\/08\/Anim_Foto-1155x480.jpg","colormag-elementor-grid-large-thumbnail":"https:\/\/torkspor.com\/wp-content\/uploads\/2025\/08\/Anim_Foto-600x417.jpg","colormag-elementor-grid-small-thumbnail":"https:\/\/torkspor.com\/wp-content\/uploads\/2025\/08\/Anim_Foto-285x450.jpg","colormag-elementor-grid-medium-large-thumbnail":"https:\/\/torkspor.com\/wp-content\/uploads\/2025\/08\/Anim_Foto-575x198.jpg"},"magazineBlocksPostAuthor":{"name":"Okan \u00c7etiner","avatar":"https:\/\/secure.gravatar.com\/avatar\/0b8d387b873c3962ae491deaf4b94a08a9b0dbc2778155c139691933252f8856?s=96&d=mm&r=g"},"magazineBlocksPostCommentsNumber":"0","magazineBlocksPostExcerpt":"TransAnatolia\u2019n\u0131n start\u0131na d\u00f6rt kala\u2026Takvimler 2 Eyl\u00fcl\u2019\u00fc g\u00f6sterdi\u011finde, Karadeniz\u2019in maviliklerinden y\u00fckselen motor sesleriyle Samsun sahilinden bir macera ba\u015flayacak. Bir hafta boyunca","magazineBlocksPostCategories":["Genel","Haberler","Offroad","Ralli"],"magazine_blocks_featured_image_url":{"full":["https:\/\/torkspor.com\/wp-content\/uploads\/2025\/08\/Anim_Foto.jpg",1536,1024,false],"medium":["https:\/\/torkspor.com\/wp-content\/uploads\/2025\/08\/Anim_Foto-300x200.jpg",300,200,true],"thumbnail":["https:\/\/torkspor.com\/wp-content\/uploads\/2025\/08\/Anim_Foto-150x150.jpg",150,150,true]},"magazine_blocks_author":{"display_name":"Okan \u00c7etiner","author_link":"https:\/\/torkspor.com\/?author=2"},"magazine_blocks_comment":3,"magazine_blocks_author_image":"https:\/\/secure.gravatar.com\/avatar\/0b8d387b873c3962ae491deaf4b94a08a9b0dbc2778155c139691933252f8856?s=96&d=mm&r=g","magazine_blocks_category":"<a href=\"https:\/\/torkspor.com\/?cat=1\" rel=\"category\">Genel<\/a> <a href=\"https:\/\/torkspor.com\/?cat=5\" rel=\"category\">Haberler<\/a> <a href=\"https:\/\/torkspor.com\/?cat=10\" rel=\"category\">Offroad<\/a> <a href=\"https:\/\/torkspor.com\/?cat=21\" rel=\"category\">Ralli<\/a>","_links":{"self":[{"href":"https:\/\/torkspor.com\/index.php?rest_route=\/wp\/v2\/posts\/2955","targetHints":{"allow":["GET"]}}],"collection":[{"href":"https:\/\/torkspor.com\/index.php?rest_route=\/wp\/v2\/posts"}],"about":[{"href":"https:\/\/torkspor.com\/index.php?rest_route=\/wp\/v2\/types\/post"}],"author":[{"embeddable":true,"href":"https:\/\/torkspor.com\/index.php?rest_route=\/wp\/v2\/users\/2"}],"replies":[{"embeddable":true,"href":"https:\/\/torkspor.com\/index.php?rest_route=%2Fwp%2Fv2%2Fcomments&post=2955"}],"version-history":[{"count":4,"href":"https:\/\/torkspor.com\/index.php?rest_route=\/wp\/v2\/posts\/2955\/revisions"}],"predecessor-version":[{"id":2970,"href":"https:\/\/torkspor.com\/index.php?rest_route=\/wp\/v2\/posts\/2955\/revisions\/2970"}],"wp:featuredmedia":[{"embeddable":true,"href":"https:\/\/torkspor.com\/index.php?rest_route=\/wp\/v2\/media\/2962"}],"wp:attachment":[{"href":"https:\/\/torkspor.com\/index.php?rest_route=%2Fwp%2Fv2%2Fmedia&parent=2955"}],"wp:term":[{"taxonomy":"category","embeddable":true,"href":"https:\/\/torkspor.com\/index.php?rest_route=%2Fwp%2Fv2%2Fcategories&post=2955"},{"taxonomy":"post_tag","embeddable":true,"href":"https:\/\/torkspor.com\/index.php?rest_route=%2Fwp%2Fv2%2Ftags&post=2955"}],"curies":[{"name":"wp","href":"https:\/\/api.w.org\/{rel}","templated":true}]}}