{"id":2976,"date":"2025-09-03T19:54:58","date_gmt":"2025-09-03T16:54:58","guid":{"rendered":"https:\/\/torkspor.com\/?p=2976"},"modified":"2025-09-03T19:55:00","modified_gmt":"2025-09-03T16:55:00","slug":"sekiz-gunde-dunya-turu-mercedes-amg-gt-xx-rekorlari-altust-etti","status":"publish","type":"post","link":"https:\/\/torkspor.com\/?p=2976","title":{"rendered":"\u201cSekiz G\u00fcnde D\u00fcnya Turu: Mercedes-AMG GT XX Rekorlar\u0131 Alt\u00fcst Etti\u201d"},"content":{"rendered":"\n<p>D\u00fcnyan\u0131n en h\u0131zl\u0131 otomobillerinin test edildi\u011fi \u0130talya\u2019daki efsanevi Nard\u00f2 pistinde, Mercedes-AMG tarih yazd\u0131!<br><strong>CONCEPT AMG GT XX<\/strong>, sekiz g\u00fcn\u00fcn alt\u0131nda 40 bin kilometreden fazla yol kat ederek, tam <strong>25 uzun mesafe rekorunu<\/strong> alt \u00fcst etti.<\/p>\n\n\n\n<p>Bu ola\u011fan\u00fcst\u00fc performans, \u201csekiz g\u00fcnde d\u00fcnya turu\u201d olarak an\u0131lmaya ba\u015flad\u0131. Ara\u00e7, tam <strong>7 g\u00fcn 13 saat boyunca saatte 300 kilometre h\u0131zla<\/strong> turlad\u0131 ve hi\u00e7 durmadan rekor \u00fczerine rekor k\u0131rd\u0131.<\/p>\n\n\n\n<figure class=\"wp-block-image size-full\"><img fetchpriority=\"high\" decoding=\"async\" width=\"800\" height=\"533\" src=\"https:\/\/torkspor.com\/wp-content\/uploads\/2025\/09\/CONCEPT_AMG_GT_XX.jpg\" alt=\"\" class=\"wp-image-2977\" srcset=\"https:\/\/torkspor.com\/wp-content\/uploads\/2025\/09\/CONCEPT_AMG_GT_XX.jpg 800w, https:\/\/torkspor.com\/wp-content\/uploads\/2025\/09\/CONCEPT_AMG_GT_XX-300x200.jpg 300w, https:\/\/torkspor.com\/wp-content\/uploads\/2025\/09\/CONCEPT_AMG_GT_XX-768x512.jpg 768w\" sizes=\"(max-width: 800px) 100vw, 800px\" \/><\/figure>\n\n\n\n<h2 class=\"wp-block-heading\">Teknoloji Harikas\u0131<\/h2>\n\n\n\n<p>Bu ba\u015far\u0131, yaln\u0131zca h\u0131z de\u011fil, <strong>\u00fcst\u00fcn dayan\u0131kl\u0131l\u0131\u011f\u0131n da bir kan\u0131t\u0131<\/strong>.<br>Yeni nesil <strong>eksenel ak\u0131l\u0131 motorlar<\/strong> ve do\u011frudan so\u011futmal\u0131 batarya, arac\u0131n kalbini olu\u015fturuyor.<br>\u00dcstelik bu teknoloji, \u00f6n\u00fcm\u00fczdeki y\u0131l Mercedes-AMG\u2019nin seri \u00fcretim modellerinde de kullan\u0131lacak.<\/p>\n\n\n\n<p>\u00d6zel geli\u015ftirilen <strong>Merkezi So\u011futma Sistemi<\/strong> sayesinde ara\u00e7, ister y\u00fcksek h\u0131zda, ister \u015farj s\u0131ras\u0131nda olsun, <strong>her ko\u015fulda tam g\u00fc\u00e7le \u00e7al\u0131\u015fabiliyor<\/strong>.<br>Aerodinamik a\u00e7\u0131dan optimize edilmi\u015f g\u00f6vde yap\u0131s\u0131 ise arac\u0131n s\u00fcrt\u00fcnmesini en aza indirerek, sadece 0.19 gibi ola\u011fan\u00fcst\u00fc bir s\u00fcrt\u00fcnme katsay\u0131s\u0131na ula\u015fmas\u0131n\u0131 sa\u011flad\u0131.<\/p>\n\n\n\n<figure class=\"wp-block-image size-full\"><img decoding=\"async\" width=\"800\" height=\"450\" src=\"https:\/\/torkspor.com\/wp-content\/uploads\/2025\/09\/CONCEPT_AMG_GT_XX_4.jpg\" alt=\"\" class=\"wp-image-2981\" srcset=\"https:\/\/torkspor.com\/wp-content\/uploads\/2025\/09\/CONCEPT_AMG_GT_XX_4.jpg 800w, https:\/\/torkspor.com\/wp-content\/uploads\/2025\/09\/CONCEPT_AMG_GT_XX_4-300x169.jpg 300w, https:\/\/torkspor.com\/wp-content\/uploads\/2025\/09\/CONCEPT_AMG_GT_XX_4-768x432.jpg 768w\" sizes=\"(max-width: 800px) 100vw, 800px\" \/><figcaption class=\"wp-element-caption\">CONCEPT AMG GT XX definiert Performance neu: Technologietr\u00e4ger pulverisiert Weltrekorde in Serie | Nard\u00f2, 2025. \r\rCONCEPT AMG GT XX redefines performance: Technology pioneer shatters record after record | Nard\u00f2, 2025.<\/figcaption><\/figure>\n\n\n\n<h2 class=\"wp-block-heading\">H\u0131zl\u0131 \u015earj \u2013 Kesintisiz Performans<\/h2>\n\n\n\n<p>Rekorun bir di\u011fer s\u0131rr\u0131, <strong>s\u00fcper h\u0131zl\u0131 \u015farj<\/strong> oldu.<br>Nard\u00f2 pistine kurulan \u00f6zel \u015farj merkezi, arac\u0131 yakla\u015f\u0131k <strong>850 kW g\u00fc\u00e7le<\/strong> besledi.<br>Bu da, dur kalk pit stoplar\u0131nda bile arac\u0131n k\u0131sa s\u00fcrede yeniden piste f\u0131rlamas\u0131na imk\u00e2n tan\u0131d\u0131.<\/p>\n\n\n\n<figure class=\"wp-block-image size-full\"><img decoding=\"async\" width=\"800\" height=\"490\" src=\"https:\/\/torkspor.com\/wp-content\/uploads\/2025\/09\/CONCEPT_AMG_GT_XX_3.jpg\" alt=\"\" class=\"wp-image-2980\" srcset=\"https:\/\/torkspor.com\/wp-content\/uploads\/2025\/09\/CONCEPT_AMG_GT_XX_3.jpg 800w, https:\/\/torkspor.com\/wp-content\/uploads\/2025\/09\/CONCEPT_AMG_GT_XX_3-300x184.jpg 300w, https:\/\/torkspor.com\/wp-content\/uploads\/2025\/09\/CONCEPT_AMG_GT_XX_3-768x470.jpg 768w\" sizes=\"(max-width: 800px) 100vw, 800px\" \/><figcaption class=\"wp-element-caption\"> <br><br><\/figcaption><\/figure>\n\n\n\n<h2 class=\"wp-block-heading\">Formula 1\u2019den Gelen Ak\u0131l<\/h2>\n\n\n\n<p>Mercedes-AMG m\u00fchendisleri, <strong>Formula 1 deneyimini<\/strong> bu projeye ta\u015f\u0131d\u0131.<br>Ak\u0131ll\u0131 yaz\u0131l\u0131m ve batarya y\u00f6netim sistemi, her turu en verimli \u015fekilde planlad\u0131.<br>S\u00fcr\u00fcc\u00fcler, art\u0131r\u0131lm\u0131\u015f ger\u00e7eklik \u00f6zellikli <strong>\u00f6zel yar\u0131\u015f kasklar\u0131<\/strong> sayesinde pistten g\u00f6zlerini ay\u0131rmadan t\u00fcm verileri anl\u0131k olarak g\u00f6rebildi.<\/p>\n\n\n\n<figure class=\"wp-block-image size-full\"><img loading=\"lazy\" decoding=\"async\" width=\"800\" height=\"449\" src=\"https:\/\/torkspor.com\/wp-content\/uploads\/2025\/09\/CONCEPT_AMG_GT_XX_6.jpg\" alt=\"\" class=\"wp-image-2978\" srcset=\"https:\/\/torkspor.com\/wp-content\/uploads\/2025\/09\/CONCEPT_AMG_GT_XX_6.jpg 800w, https:\/\/torkspor.com\/wp-content\/uploads\/2025\/09\/CONCEPT_AMG_GT_XX_6-300x168.jpg 300w, https:\/\/torkspor.com\/wp-content\/uploads\/2025\/09\/CONCEPT_AMG_GT_XX_6-768x431.jpg 768w\" sizes=\"(max-width: 800px) 100vw, 800px\" \/><\/figure>\n\n\n\n<h2 class=\"wp-block-heading\">Yenilik\u00e7i Deneyim<\/h2>\n\n\n\n<p>Sadece teknoloji de\u011fil, kullan\u0131c\u0131 deneyimi de \u00f6n plandayd\u0131.<br>3D yaz\u0131c\u0131yla ki\u015fiye \u00f6zel tasarlanan koltuk minderleri, s\u00fcr\u00fcc\u00fclere maksimum konfor sa\u011flad\u0131.<br>Ayr\u0131ca \u201c<strong>ThrillAR<\/strong>\u201d ad\u0131 verilen art\u0131r\u0131lm\u0131\u015f ger\u00e7eklik deneyimi ile, bu tarihi rekor s\u00fcr\u00fc\u015f\u00fc sanal ortamda yeniden ya\u015famak m\u00fcmk\u00fcn hale geldi.<\/p>\n\n\n\n<figure class=\"wp-block-image size-large\"><img loading=\"lazy\" decoding=\"async\" width=\"1024\" height=\"576\" src=\"https:\/\/torkspor.com\/wp-content\/uploads\/2025\/09\/CONCEPT_AMG_GT_XX_7-1024x576.jpg\" alt=\"\" class=\"wp-image-2979\" srcset=\"https:\/\/torkspor.com\/wp-content\/uploads\/2025\/09\/CONCEPT_AMG_GT_XX_7-1024x576.jpg 1024w, https:\/\/torkspor.com\/wp-content\/uploads\/2025\/09\/CONCEPT_AMG_GT_XX_7-300x169.jpg 300w, https:\/\/torkspor.com\/wp-content\/uploads\/2025\/09\/CONCEPT_AMG_GT_XX_7-768x432.jpg 768w, https:\/\/torkspor.com\/wp-content\/uploads\/2025\/09\/CONCEPT_AMG_GT_XX_7-1536x864.jpg 1536w, https:\/\/torkspor.com\/wp-content\/uploads\/2025\/09\/CONCEPT_AMG_GT_XX_7-2048x1152.jpg 2048w\" sizes=\"(max-width: 1024px) 100vw, 1024px\" \/><\/figure>\n\n\n\n<h2 class=\"wp-block-heading\">Michelin ve Microsoft Deste\u011fi<\/h2>\n\n\n\n<p>Rekor yolculu\u011funda Mercedes-AMG yaln\u0131z de\u011fildi.<br><strong>Michelin<\/strong>, bu proje i\u00e7in \u00f6zel lastikler geli\u015ftirerek 40 bin kilometrelik y\u00fcksek h\u0131z testini m\u00fcmk\u00fcn k\u0131ld\u0131.<br><strong>Microsoft<\/strong> ise arac\u0131n t\u00fcm verilerini anl\u0131k olarak analiz ederek g\u00fcvenli\u011fi ve performans\u0131 \u00fcst d\u00fczeyde tuttu.<\/p>\n\n\n\n<figure class=\"wp-block-image size-full\"><img loading=\"lazy\" decoding=\"async\" width=\"800\" height=\"450\" src=\"https:\/\/torkspor.com\/wp-content\/uploads\/2025\/09\/CONCEPT_AMG_GT_XX_5.jpg\" alt=\"\" class=\"wp-image-2982\" srcset=\"https:\/\/torkspor.com\/wp-content\/uploads\/2025\/09\/CONCEPT_AMG_GT_XX_5.jpg 800w, https:\/\/torkspor.com\/wp-content\/uploads\/2025\/09\/CONCEPT_AMG_GT_XX_5-300x169.jpg 300w, https:\/\/torkspor.com\/wp-content\/uploads\/2025\/09\/CONCEPT_AMG_GT_XX_5-768x432.jpg 768w\" sizes=\"(max-width: 800px) 100vw, 800px\" \/><\/figure>\n\n\n\n<h2 class=\"wp-block-heading\">Sonu\u00e7<\/h2>\n\n\n\n<p>CONCEPT AMG GT XX, yaln\u0131zca bir test arac\u0131 de\u011fil\u2026<br>Elektrikli s\u00fcr\u00fc\u015f \u00e7a\u011f\u0131nda performans\u0131n s\u0131n\u0131rlar\u0131n\u0131 yeniden tan\u0131mlayan bir teknoloji vitrini.<br>Mercedes-AMG, bir kez daha kan\u0131tlad\u0131: <strong>gelece\u011fin h\u0131z ve dayan\u0131kl\u0131l\u0131k standartlar\u0131n\u0131 belirleyen marka olmay\u0131 s\u00fcrd\u00fcr\u00fcyor!<\/strong><\/p>\n\n\n\n<p><a href=\"https:\/\/www.mercedes-benz.com.tr\">https:\/\/www.mercedes-benz.com.tr<\/a><\/p>\n","protected":false},"excerpt":{"rendered":"<p>D\u00fcnyan\u0131n en h\u0131zl\u0131 otomobillerinin test edildi\u011fi \u0130talya\u2019daki efsanevi Nard\u00f2 pistinde, Mercedes-AMG tarih yazd\u0131!CONCEPT AMG GT XX, sekiz g\u00fcn\u00fcn alt\u0131nda 40<\/p>\n","protected":false},"author":2,"featured_media":2983,"comment_status":"open","ping_status":"open","sticky":false,"template":"","format":"standard","meta":{"footnotes":""},"categories":[14,1,5,140],"tags":[211,229],"class_list":["post-2976","post","type-post","status-publish","format-standard","has-post-thumbnail","hentry","category-dunya","category-genel","category-haberler","category-otomobil","tag-mercedes","tag-mercedes-benz"],"magazineBlocksPostFeaturedMedia":{"thumbnail":"https:\/\/torkspor.com\/wp-content\/uploads\/2025\/09\/CONCEPT_AMG_GT_XX_2-150x150.jpg","medium":"https:\/\/torkspor.com\/wp-content\/uploads\/2025\/09\/CONCEPT_AMG_GT_XX_2-300x200.jpg","medium_large":"https:\/\/torkspor.com\/wp-content\/uploads\/2025\/09\/CONCEPT_AMG_GT_XX_2-768x512.jpg","large":"https:\/\/torkspor.com\/wp-content\/uploads\/2025\/09\/CONCEPT_AMG_GT_XX_2.jpg","1536x1536":"https:\/\/torkspor.com\/wp-content\/uploads\/2025\/09\/CONCEPT_AMG_GT_XX_2.jpg","2048x2048":"https:\/\/torkspor.com\/wp-content\/uploads\/2025\/09\/CONCEPT_AMG_GT_XX_2.jpg","colormag-highlighted-post":"https:\/\/torkspor.com\/wp-content\/uploads\/2025\/09\/CONCEPT_AMG_GT_XX_2-392x272.jpg","colormag-featured-post-medium":"https:\/\/torkspor.com\/wp-content\/uploads\/2025\/09\/CONCEPT_AMG_GT_XX_2-390x205.jpg","colormag-featured-post-small":"https:\/\/torkspor.com\/wp-content\/uploads\/2025\/09\/CONCEPT_AMG_GT_XX_2-130x90.jpg","colormag-featured-image":"https:\/\/torkspor.com\/wp-content\/uploads\/2025\/09\/CONCEPT_AMG_GT_XX_2-800x445.jpg","colormag-default-news":"https:\/\/torkspor.com\/wp-content\/uploads\/2025\/09\/CONCEPT_AMG_GT_XX_2-150x150.jpg","colormag-featured-image-large":"https:\/\/torkspor.com\/wp-content\/uploads\/2025\/09\/CONCEPT_AMG_GT_XX_2.jpg","colormag-elementor-block-extra-large-thumbnail":"https:\/\/torkspor.com\/wp-content\/uploads\/2025\/09\/CONCEPT_AMG_GT_XX_2-800x480.jpg","colormag-elementor-grid-large-thumbnail":"https:\/\/torkspor.com\/wp-content\/uploads\/2025\/09\/CONCEPT_AMG_GT_XX_2-600x417.jpg","colormag-elementor-grid-small-thumbnail":"https:\/\/torkspor.com\/wp-content\/uploads\/2025\/09\/CONCEPT_AMG_GT_XX_2-285x450.jpg","colormag-elementor-grid-medium-large-thumbnail":"https:\/\/torkspor.com\/wp-content\/uploads\/2025\/09\/CONCEPT_AMG_GT_XX_2-575x198.jpg"},"magazineBlocksPostAuthor":{"name":"Okan \u00c7etiner","avatar":"https:\/\/secure.gravatar.com\/avatar\/0b8d387b873c3962ae491deaf4b94a08a9b0dbc2778155c139691933252f8856?s=96&d=mm&r=g"},"magazineBlocksPostCommentsNumber":"0","magazineBlocksPostExcerpt":"D\u00fcnyan\u0131n en h\u0131zl\u0131 otomobillerinin test edildi\u011fi \u0130talya\u2019daki efsanevi Nard\u00f2 pistinde, Mercedes-AMG tarih yazd\u0131!CONCEPT AMG GT XX, sekiz g\u00fcn\u00fcn alt\u0131nda 40","magazineBlocksPostCategories":["D\u00fcnya","Genel","Haberler","otomobil"],"magazine_blocks_featured_image_url":{"full":["https:\/\/torkspor.com\/wp-content\/uploads\/2025\/09\/CONCEPT_AMG_GT_XX_2.jpg",800,533,false],"medium":["https:\/\/torkspor.com\/wp-content\/uploads\/2025\/09\/CONCEPT_AMG_GT_XX_2-300x200.jpg",300,200,true],"thumbnail":["https:\/\/torkspor.com\/wp-content\/uploads\/2025\/09\/CONCEPT_AMG_GT_XX_2-150x150.jpg",150,150,true]},"magazine_blocks_author":{"display_name":"Okan \u00c7etiner","author_link":"https:\/\/torkspor.com\/?author=2"},"magazine_blocks_comment":0,"magazine_blocks_author_image":"https:\/\/secure.gravatar.com\/avatar\/0b8d387b873c3962ae491deaf4b94a08a9b0dbc2778155c139691933252f8856?s=96&d=mm&r=g","magazine_blocks_category":"<a href=\"https:\/\/torkspor.com\/?cat=14\" rel=\"category\">D\u00fcnya<\/a> <a href=\"https:\/\/torkspor.com\/?cat=1\" rel=\"category\">Genel<\/a> <a href=\"https:\/\/torkspor.com\/?cat=5\" rel=\"category\">Haberler<\/a> <a href=\"https:\/\/torkspor.com\/?cat=140\" rel=\"category\">otomobil<\/a>","_links":{"self":[{"href":"https:\/\/torkspor.com\/index.php?rest_route=\/wp\/v2\/posts\/2976","targetHints":{"allow":["GET"]}}],"collection":[{"href":"https:\/\/torkspor.com\/index.php?rest_route=\/wp\/v2\/posts"}],"about":[{"href":"https:\/\/torkspor.com\/index.php?rest_route=\/wp\/v2\/types\/post"}],"author":[{"embeddable":true,"href":"https:\/\/torkspor.com\/index.php?rest_route=\/wp\/v2\/users\/2"}],"replies":[{"embeddable":true,"href":"https:\/\/torkspor.com\/index.php?rest_route=%2Fwp%2Fv2%2Fcomments&post=2976"}],"version-history":[{"count":1,"href":"https:\/\/torkspor.com\/index.php?rest_route=\/wp\/v2\/posts\/2976\/revisions"}],"predecessor-version":[{"id":2984,"href":"https:\/\/torkspor.com\/index.php?rest_route=\/wp\/v2\/posts\/2976\/revisions\/2984"}],"wp:featuredmedia":[{"embeddable":true,"href":"https:\/\/torkspor.com\/index.php?rest_route=\/wp\/v2\/media\/2983"}],"wp:attachment":[{"href":"https:\/\/torkspor.com\/index.php?rest_route=%2Fwp%2Fv2%2Fmedia&parent=2976"}],"wp:term":[{"taxonomy":"category","embeddable":true,"href":"https:\/\/torkspor.com\/index.php?rest_route=%2Fwp%2Fv2%2Fcategories&post=2976"},{"taxonomy":"post_tag","embeddable":true,"href":"https:\/\/torkspor.com\/index.php?rest_route=%2Fwp%2Fv2%2Ftags&post=2976"}],"curies":[{"name":"wp","href":"https:\/\/api.w.org\/{rel}","templated":true}]}}