{"id":3004,"date":"2025-09-03T20:41:33","date_gmt":"2025-09-03T17:41:33","guid":{"rendered":"https:\/\/torkspor.com\/?p=3004"},"modified":"2025-09-03T20:43:50","modified_gmt":"2025-09-03T17:43:50","slug":"zamana-direnen-efsane-mithat-diker-ve-transanatolia-macerasi","status":"publish","type":"post","link":"https:\/\/torkspor.com\/?p=3004","title":{"rendered":"Zamana Direnen Efsane: Mithat Diker ve TransAnatolia Maceras\u0131"},"content":{"rendered":"\n<p><strong>TransAnatolia Rally Raid 2025\u2026<\/strong><br>15 y\u0131ld\u0131r kesintisiz d\u00fczenlenen bu dev macera, bu kez <strong>Bursa\u2019dan start ald\u0131<\/strong>. 30 A\u011fustos\u2019ta verilen seremonik startla birlikte sekiz farkl\u0131 \u00fclkeden <strong>98 sporcu<\/strong>, T\u00fcrkiye\u2019nin do\u011fas\u0131ndaki en zorlu yollar\u0131 a\u015fmak i\u00e7in direksiyon ba\u015f\u0131na ge\u00e7ti. Kum, ta\u015f, \u00e7amur ve da\u011flar\u0131n aras\u0131nda ge\u00e7en <strong>2200 kilometrelik rota<\/strong>, pilotlara sadece h\u0131zlar\u0131n\u0131 de\u011fil, sab\u0131rlar\u0131n\u0131, dayan\u0131kl\u0131l\u0131klar\u0131n\u0131 ve ruhlar\u0131n\u0131 da s\u0131natacakt\u0131.<\/p>\n\n\n\n<figure class=\"wp-block-image size-large\"><img fetchpriority=\"high\" decoding=\"async\" width=\"1024\" height=\"768\" src=\"https:\/\/torkspor.com\/wp-content\/uploads\/2025\/09\/6-1024x768.jpg\" alt=\"\" class=\"wp-image-3005\" srcset=\"https:\/\/torkspor.com\/wp-content\/uploads\/2025\/09\/6-1024x768.jpg 1024w, https:\/\/torkspor.com\/wp-content\/uploads\/2025\/09\/6-300x225.jpg 300w, https:\/\/torkspor.com\/wp-content\/uploads\/2025\/09\/6-768x576.jpg 768w, https:\/\/torkspor.com\/wp-content\/uploads\/2025\/09\/6.jpg 1500w\" sizes=\"(max-width: 1024px) 100vw, 1024px\" \/><\/figure>\n\n\n\n<p>Ve o isimlerden biri yine start \u00e7izgisindeydi: <strong>53 y\u0131ld\u0131r aral\u0131ks\u0131z ralliye kat\u0131lan, \u0130zmirli duayen pilot Mithat Diker<\/strong>\u2026 Yan\u0131nda y\u0131llar\u0131n tecr\u00fcbesi, her zorlu\u011fun \u00fcstesinden gelmeyi bilen <strong>CO-Pilotu Erdal Oral<\/strong> vard\u0131. Becce Motorsport Garaj\u0131\u2019nda \u00f6zenle haz\u0131rlanan <strong>Suzuki Grand Vitara<\/strong>, ikilinin bir kez daha maceraya at\u0131laca\u011f\u0131 yolda en b\u00fcy\u00fck yol arkada\u015f\u0131yd\u0131.<\/p>\n\n\n\n<p><strong>\u015eanss\u0131z Ba\u015flang\u0131\u00e7: Startta Gelen Darbe<\/strong><\/p>\n\n\n\n<p>Yar\u0131\u015f daha ba\u015flamadan, \u0130zmirli efsane i\u00e7in zorlu bir s\u0131nav kap\u0131dayd\u0131. <strong>Seremonik startta arac\u0131n arka aks\u0131 \u00e7\u0131kt\u0131!<\/strong> O an herkesin y\u00fcre\u011fi a\u011fz\u0131na geldi. Bir\u00e7ok ekip kutlama havas\u0131nda start rampas\u0131ndan inerken, Diker\u2013Oral ikilisi servis ekibinin hummal\u0131 \u00e7al\u0131\u015fmas\u0131n\u0131 izliyordu.<\/p>\n\n\n\n<p>Becce Motorsport\u2019un mekanikerleri gece boyu ar\u0131 kovan\u0131 gibi \u00e7al\u0131\u015ft\u0131. Ve sonunda Suzuki Grand Vitara, <strong>31 A\u011fustos Pazar sabah\u0131na yeti\u015ftirildi<\/strong>. Usta ellerin gayreti sayesinde \u0130zmirli ekibin maceras\u0131 daha ba\u015flamadan bitmemi\u015f, yeniden umut \u0131\u015f\u0131\u011f\u0131 do\u011fmu\u015ftu.<\/p>\n\n\n\n<figure class=\"wp-block-image size-large\"><img decoding=\"async\" width=\"1024\" height=\"768\" src=\"https:\/\/torkspor.com\/wp-content\/uploads\/2025\/09\/5-1024x768.jpg\" alt=\"\" class=\"wp-image-3006\" srcset=\"https:\/\/torkspor.com\/wp-content\/uploads\/2025\/09\/5-1024x768.jpg 1024w, https:\/\/torkspor.com\/wp-content\/uploads\/2025\/09\/5-300x225.jpg 300w, https:\/\/torkspor.com\/wp-content\/uploads\/2025\/09\/5-768x576.jpg 768w, https:\/\/torkspor.com\/wp-content\/uploads\/2025\/09\/5.jpg 1500w\" sizes=\"(max-width: 1024px) 100vw, 1024px\" \/><\/figure>\n\n\n\n<p><strong>\u0130lk Etapta Mekanik Kabus<\/strong><\/p>\n\n\n\n<p>Ancak TransAnatolia, kimseye kolay zafer vaat etmeyen bir yar\u0131\u015f. Pazar sabah\u0131 startla birlikte toprak yollar\u0131 ar\u015f\u0131nlayan Diker\u2013Oral ikilisi, daha ilk \u00f6zel etapta <strong>mekanik bir ar\u0131za<\/strong> ile kar\u015f\u0131la\u015ft\u0131. Motor sporlar\u0131n\u0131n ac\u0131mas\u0131z y\u00fcz\u00fc bir kez daha kendini g\u00f6sterdi.<\/p>\n\n\n\n<p>Ekip, ilk etab\u0131 bitirememenin \u00fcz\u00fcnt\u00fcs\u00fc i\u00e7indeyken, <strong>ikinci \u00f6zel etap i\u00e7in de direksiyon ba\u015f\u0131na ge\u00e7emedi<\/strong>. Suzuki Grand Vitara, etab\u0131 tamamlayamadan \u00e7ekiciyle servis alan\u0131na geri getirildi. Yar\u0131m asr\u0131 a\u015fan kariyerinde nice zorluk g\u00f6ren Mithat Diker i\u00e7in bu, yeni bir s\u0131navd\u0131.<\/p>\n\n\n\n<figure class=\"wp-block-image size-full\"><img decoding=\"async\" width=\"1024\" height=\"1024\" src=\"https:\/\/torkspor.com\/wp-content\/uploads\/2025\/09\/ta-1024x1024-1.jpg\" alt=\"\" class=\"wp-image-3007\" srcset=\"https:\/\/torkspor.com\/wp-content\/uploads\/2025\/09\/ta-1024x1024-1.jpg 1024w, https:\/\/torkspor.com\/wp-content\/uploads\/2025\/09\/ta-1024x1024-1-300x300.jpg 300w, https:\/\/torkspor.com\/wp-content\/uploads\/2025\/09\/ta-1024x1024-1-150x150.jpg 150w, https:\/\/torkspor.com\/wp-content\/uploads\/2025\/09\/ta-1024x1024-1-768x768.jpg 768w\" sizes=\"(max-width: 1024px) 100vw, 1024px\" \/><\/figure>\n\n\n\n<p><strong>Yas ve Dayan\u0131\u015fma<\/strong><\/p>\n\n\n\n<p>Ayn\u0131 g\u00fcn, TransAnatolia parkurlar\u0131nda b\u00fcy\u00fck bir ac\u0131 ya\u015fand\u0131. <strong>151 numaral\u0131 ATV sporcusu Hasan Yatg\u0131n<\/strong>, Uluda\u011f\u2013Domani\u00e7 etab\u0131n\u0131n 47. kilometresinde ge\u00e7irdi\u011fi kaza sonucu hayat\u0131n\u0131 kaybetti. Bu elim olay, t\u00fcm camiay\u0131 derinden sarst\u0131.<\/p>\n\n\n\n<p>Organizasyon komitesi, ac\u0131n\u0131n a\u011f\u0131rl\u0131\u011f\u0131n\u0131 payla\u015fmak i\u00e7in <strong>yar\u0131\u015f\u0131n \u00fc\u00e7\u00fcnc\u00fc g\u00fcn\u00fcn\u00fc iptal ederek yas ilan etti<\/strong>. Servis alan\u0131nda sessizlik h\u00e2kimdi. Sporcular\u0131n g\u00f6zlerinde h\u00fcz\u00fcn, kalplerinde ise kaybettikleri dostlar\u0131na duyduklar\u0131 sayg\u0131 vard\u0131.<\/p>\n\n\n\n<figure class=\"wp-block-image size-large\"><img loading=\"lazy\" decoding=\"async\" width=\"1024\" height=\"768\" src=\"https:\/\/torkspor.com\/wp-content\/uploads\/2025\/09\/4-1024x768.jpg\" alt=\"\" class=\"wp-image-3008\" srcset=\"https:\/\/torkspor.com\/wp-content\/uploads\/2025\/09\/4-1024x768.jpg 1024w, https:\/\/torkspor.com\/wp-content\/uploads\/2025\/09\/4-300x225.jpg 300w, https:\/\/torkspor.com\/wp-content\/uploads\/2025\/09\/4-768x576.jpg 768w, https:\/\/torkspor.com\/wp-content\/uploads\/2025\/09\/4.jpg 1500w\" sizes=\"(max-width: 1024px) 100vw, 1024px\" \/><\/figure>\n\n\n\n<p><strong>D\u00f6rd\u00fcnc\u00fc G\u00fcn: \u015eeytan\u0131n Baca\u011f\u0131n\u0131 K\u0131rmak<\/strong><\/p>\n\n\n\n<p>\u00dc\u00e7\u00fcnc\u00fc g\u00fcn\u00fcn sessizli\u011fini, d\u00f6rd\u00fcnc\u00fc g\u00fcn\u00fcn motor sesleri bozdu. Bu arada Becce Motorsport ekibi, Suzuki Grand Vitara\u2019y\u0131 gece boyunca adeta yeniden in\u015fa etmi\u015fti. Her c\u0131vata s\u0131k\u0131lm\u0131\u015f, her detay titizlikle kontrol edilmi\u015fti.<\/p>\n\n\n\n<p>Ve i\u015fte o an geldi: <strong>Mithat Diker\u2013Erdal Oral ikilisi yeniden parkura d\u00f6nd\u00fc.<\/strong> Daha \u00f6nce kat\u0131ld\u0131klar\u0131 iki TransAnatolia\u2019da da b\u00fcy\u00fck sorunlar ya\u015fad\u0131klar\u0131 <strong>Tuz G\u00f6l\u00fc etab\u0131<\/strong>, onlar i\u00e7in adeta bir kabusa d\u00f6n\u00fc\u015fm\u00fc\u015ft\u00fc. Fakat bu kez tablo farkl\u0131yd\u0131. Ekip, \u201c\u015feytan\u0131n baca\u011f\u0131n\u0131 k\u0131rd\u0131\u201d ve <strong>fini\u015fi ba\u015far\u0131yla g\u00f6rd\u00fc<\/strong>.<\/p>\n\n\n\n<p>D\u00f6rd\u00fcnc\u00fc g\u00fcnde ko\u015fulan iki \u00f6zel etab\u0131n toplam\u0131nda, <strong>otomobiller kategorisini ikinci s\u0131rada tamamlayarak<\/strong> b\u00fcy\u00fck bir geri d\u00f6n\u00fc\u015fe imza att\u0131lar. \u0130zmirli ekibin azmi, dayan\u0131kl\u0131l\u0131\u011f\u0131n ve hi\u00e7 vazge\u00e7meyen bir ruhun en g\u00fczel g\u00f6stergesiydi.<\/p>\n\n\n\n<figure class=\"wp-block-image size-large\"><img loading=\"lazy\" decoding=\"async\" width=\"1024\" height=\"768\" src=\"https:\/\/torkspor.com\/wp-content\/uploads\/2025\/09\/3-1024x768.jpg\" alt=\"\" class=\"wp-image-3009\" srcset=\"https:\/\/torkspor.com\/wp-content\/uploads\/2025\/09\/3-1024x768.jpg 1024w, https:\/\/torkspor.com\/wp-content\/uploads\/2025\/09\/3-300x225.jpg 300w, https:\/\/torkspor.com\/wp-content\/uploads\/2025\/09\/3-768x576.jpg 768w, https:\/\/torkspor.com\/wp-content\/uploads\/2025\/09\/3.jpg 1500w\" sizes=\"(max-width: 1024px) 100vw, 1024px\" \/><\/figure>\n\n\n\n<p><strong>Bitmeyen Tutku<\/strong><\/p>\n\n\n\n<p>Mithat Diker\u2019in hik\u00e2yesi, sadece bir yar\u0131\u015f\u0131n de\u011fil, bir \u00f6mr\u00fcn hik\u00e2yesi\u2026 <strong>53 y\u0131ld\u0131r start \u00e7izgisinde, her sezon direksiyon ba\u015f\u0131nda.<\/strong> Onun i\u00e7in ralli sadece bir spor de\u011fil; ya\u015fam\u0131n ta kendisi.<\/p>\n\n\n\n<p>Bug\u00fcn\u2026 Kapadokya\u2019n\u0131n b\u00fcy\u00fcl\u00fc vadilerinde destan yazan bu iki usta isim,<br>yar\u0131n bamba\u015fka bir yolculu\u011fa \u00e7\u0131k\u0131yor.<\/p>\n\n\n\n<p><strong>Bursa\u2019dan<\/strong> ba\u015flayan bu uzun ser\u00fcven,<br><strong>K\u00fctahya\u2019n\u0131n da\u011flar\u0131ndan<\/strong>, <strong>Bilecik\u2019in vadilerinden<\/strong>,<br><strong>Eski\u015fehir\u2019in r\u00fczg\u00e2rl\u0131 bozk\u0131rlar\u0131ndan<\/strong>,<br><strong>Afyon\u2019un toprak yollar\u0131ndan<\/strong>,<br><strong>Ankara\u2019n\u0131n engin ovalar\u0131ndan<\/strong><br>ve <strong>Ni\u011fde\u2019nin sarp kayal\u0131klar\u0131ndan<\/strong> ge\u00e7erek\u2026<\/p>\n\n\n\n<p>\u015eimdi <strong>Kapadokya\u2019n\u0131n masals\u0131 co\u011frafyas\u0131nda<\/strong> devam ediyor.<br>Ve s\u0131radaki durak\u2026 <strong>Yozgat!<\/strong><\/p>\n\n\n\n<figure class=\"wp-block-image size-large\"><img loading=\"lazy\" decoding=\"async\" width=\"1024\" height=\"768\" src=\"https:\/\/torkspor.com\/wp-content\/uploads\/2025\/09\/2-1024x768.jpg\" alt=\"\" class=\"wp-image-3011\" srcset=\"https:\/\/torkspor.com\/wp-content\/uploads\/2025\/09\/2-1024x768.jpg 1024w, https:\/\/torkspor.com\/wp-content\/uploads\/2025\/09\/2-300x225.jpg 300w, https:\/\/torkspor.com\/wp-content\/uploads\/2025\/09\/2-768x576.jpg 768w, https:\/\/torkspor.com\/wp-content\/uploads\/2025\/09\/2-1536x1152.jpg 1536w, https:\/\/torkspor.com\/wp-content\/uploads\/2025\/09\/2.jpg 1600w\" sizes=\"(max-width: 1024px) 100vw, 1024px\" \/><\/figure>\n\n\n\n<p>30 A\u011fustos&#8217;ta Bursa&#8217;dan start alan organizasyonun be\u015finci g\u00fcn\u00fcnde, yar\u0131\u015fmac\u0131lar Kapadokya&#8217;n\u0131n e\u015fsiz co\u011frafyas\u0131nda m\u00fccadelelerini s\u00fcrd\u00fcrd\u00fc. Nev\u015fehir\u2019in G\u00f6reme beldesindeki servis alan\u0131nda sabah erken saatlerde son haz\u0131rl\u0131klar tamamland\u0131ktan sonra sporcular, iki dakikal\u0131k aral\u0131klarla yar\u0131\u015fa ba\u015flad\u0131. Motosiklet ve ara\u00e7lar\u0131yla farkl\u0131 vadi yama\u00e7lar\u0131 ile trafi\u011fe a\u00e7\u0131k asfalt yollar\u0131 i\u00e7eren parkurda ilerleyen yar\u0131\u015f\u00e7\u0131lar, Kayseri\u2019nin Ye\u015filhisar il\u00e7esine ba\u011fl\u0131 So\u011fanl\u0131 Mahallesi\u2019ndeki fini\u015f noktas\u0131na ula\u015fmak i\u00e7in k\u0131yas\u0131ya m\u00fccadele veriyor. Kapadokya etab\u0131n\u0131n ard\u0131ndan yar\u0131\u015f\u00e7\u0131lar Kayseri, Yozgat, \u00c7orum, Kastamonu ve \u00c7ank\u0131r\u0131 g\u00fczergahlar\u0131n\u0131 takip ederek 6 Eyl\u00fcl\u2019de Bolu\u2019da yar\u0131\u015fmay\u0131 tamamlayacaklar.<\/p>\n\n\n\n<p>Mithat Diker ve Erdal Oral i\u00e7in, bu yolculukta \u00f6nemli olan yaln\u0131zca bir kupa de\u011fil\u2026<br>Her start, yeni bir ba\u015flang\u0131\u00e7\u2026<br>Her fini\u015f, <strong>yeni bir hayalin kap\u0131s\u0131.<\/strong><\/p>\n\n\n\n<p><em>\u201cYollar de\u011fi\u015fir, etaplar uzar, rakipler gen\u00e7le\u015fir\u2026 ama ruh ayn\u0131 kal\u0131r.\u201d<\/em><br>\u2013 Mithat Diker<\/p>\n","protected":false},"excerpt":{"rendered":"<p>TransAnatolia Rally Raid 2025\u202615 y\u0131ld\u0131r kesintisiz d\u00fczenlenen bu dev macera, bu kez Bursa\u2019dan start ald\u0131. 30 A\u011fustos\u2019ta verilen seremonik startla<\/p>\n","protected":false},"author":2,"featured_media":3010,"comment_status":"open","ping_status":"open","sticky":false,"template":"","format":"standard","meta":{"footnotes":""},"categories":[133,148,1,5,21,8],"tags":[],"class_list":["post-3004","post","type-post","status-publish","format-standard","has-post-thumbnail","hentry","category-baja","category-dakar","category-genel","category-haberler","category-ralli","category-sonhaberler"],"magazineBlocksPostFeaturedMedia":{"thumbnail":"https:\/\/torkspor.com\/wp-content\/uploads\/2025\/09\/7-150x150.jpg","medium":"https:\/\/torkspor.com\/wp-content\/uploads\/2025\/09\/7-300x200.jpg","medium_large":"https:\/\/torkspor.com\/wp-content\/uploads\/2025\/09\/7-768x512.jpg","large":"https:\/\/torkspor.com\/wp-content\/uploads\/2025\/09\/7-1024x683.jpg","1536x1536":"https:\/\/torkspor.com\/wp-content\/uploads\/2025\/09\/7.jpg","2048x2048":"https:\/\/torkspor.com\/wp-content\/uploads\/2025\/09\/7.jpg","colormag-highlighted-post":"https:\/\/torkspor.com\/wp-content\/uploads\/2025\/09\/7-392x272.jpg","colormag-featured-post-medium":"https:\/\/torkspor.com\/wp-content\/uploads\/2025\/09\/7-390x205.jpg","colormag-featured-post-small":"https:\/\/torkspor.com\/wp-content\/uploads\/2025\/09\/7-130x90.jpg","colormag-featured-image":"https:\/\/torkspor.com\/wp-content\/uploads\/2025\/09\/7-800x445.jpg","colormag-default-news":"https:\/\/torkspor.com\/wp-content\/uploads\/2025\/09\/7-150x150.jpg","colormag-featured-image-large":"https:\/\/torkspor.com\/wp-content\/uploads\/2025\/09\/7-1400x600.jpg","colormag-elementor-block-extra-large-thumbnail":"https:\/\/torkspor.com\/wp-content\/uploads\/2025\/09\/7-1155x480.jpg","colormag-elementor-grid-large-thumbnail":"https:\/\/torkspor.com\/wp-content\/uploads\/2025\/09\/7-600x417.jpg","colormag-elementor-grid-small-thumbnail":"https:\/\/torkspor.com\/wp-content\/uploads\/2025\/09\/7-285x450.jpg","colormag-elementor-grid-medium-large-thumbnail":"https:\/\/torkspor.com\/wp-content\/uploads\/2025\/09\/7-575x198.jpg"},"magazineBlocksPostAuthor":{"name":"Okan \u00c7etiner","avatar":"https:\/\/secure.gravatar.com\/avatar\/0b8d387b873c3962ae491deaf4b94a08a9b0dbc2778155c139691933252f8856?s=96&d=mm&r=g"},"magazineBlocksPostCommentsNumber":"0","magazineBlocksPostExcerpt":"TransAnatolia Rally Raid 2025\u202615 y\u0131ld\u0131r kesintisiz d\u00fczenlenen bu dev macera, bu kez Bursa\u2019dan start ald\u0131. 30 A\u011fustos\u2019ta verilen seremonik startla","magazineBlocksPostCategories":["Baja","Dakar","Genel","Haberler","Ralli","Son Haberler"],"magazine_blocks_featured_image_url":{"full":["https:\/\/torkspor.com\/wp-content\/uploads\/2025\/09\/7.jpg",1500,1000,false],"medium":["https:\/\/torkspor.com\/wp-content\/uploads\/2025\/09\/7-300x200.jpg",300,200,true],"thumbnail":["https:\/\/torkspor.com\/wp-content\/uploads\/2025\/09\/7-150x150.jpg",150,150,true]},"magazine_blocks_author":{"display_name":"Okan \u00c7etiner","author_link":"https:\/\/torkspor.com\/?author=2"},"magazine_blocks_comment":0,"magazine_blocks_author_image":"https:\/\/secure.gravatar.com\/avatar\/0b8d387b873c3962ae491deaf4b94a08a9b0dbc2778155c139691933252f8856?s=96&d=mm&r=g","magazine_blocks_category":"<a href=\"https:\/\/torkspor.com\/?cat=133\" rel=\"category\">Baja<\/a> <a href=\"https:\/\/torkspor.com\/?cat=148\" rel=\"category\">Dakar<\/a> <a href=\"https:\/\/torkspor.com\/?cat=1\" rel=\"category\">Genel<\/a> <a href=\"https:\/\/torkspor.com\/?cat=5\" rel=\"category\">Haberler<\/a> <a href=\"https:\/\/torkspor.com\/?cat=21\" rel=\"category\">Ralli<\/a> <a href=\"https:\/\/torkspor.com\/?cat=8\" rel=\"category\">Son Haberler<\/a>","_links":{"self":[{"href":"https:\/\/torkspor.com\/index.php?rest_route=\/wp\/v2\/posts\/3004","targetHints":{"allow":["GET"]}}],"collection":[{"href":"https:\/\/torkspor.com\/index.php?rest_route=\/wp\/v2\/posts"}],"about":[{"href":"https:\/\/torkspor.com\/index.php?rest_route=\/wp\/v2\/types\/post"}],"author":[{"embeddable":true,"href":"https:\/\/torkspor.com\/index.php?rest_route=\/wp\/v2\/users\/2"}],"replies":[{"embeddable":true,"href":"https:\/\/torkspor.com\/index.php?rest_route=%2Fwp%2Fv2%2Fcomments&post=3004"}],"version-history":[{"count":1,"href":"https:\/\/torkspor.com\/index.php?rest_route=\/wp\/v2\/posts\/3004\/revisions"}],"predecessor-version":[{"id":3012,"href":"https:\/\/torkspor.com\/index.php?rest_route=\/wp\/v2\/posts\/3004\/revisions\/3012"}],"wp:featuredmedia":[{"embeddable":true,"href":"https:\/\/torkspor.com\/index.php?rest_route=\/wp\/v2\/media\/3010"}],"wp:attachment":[{"href":"https:\/\/torkspor.com\/index.php?rest_route=%2Fwp%2Fv2%2Fmedia&parent=3004"}],"wp:term":[{"taxonomy":"category","embeddable":true,"href":"https:\/\/torkspor.com\/index.php?rest_route=%2Fwp%2Fv2%2Fcategories&post=3004"},{"taxonomy":"post_tag","embeddable":true,"href":"https:\/\/torkspor.com\/index.php?rest_route=%2Fwp%2Fv2%2Ftags&post=3004"}],"curies":[{"name":"wp","href":"https:\/\/api.w.org\/{rel}","templated":true}]}}