{"id":3024,"date":"2025-09-08T18:13:50","date_gmt":"2025-09-08T15:13:50","guid":{"rendered":"https:\/\/torkspor.com\/?p=3024"},"modified":"2025-09-08T18:13:58","modified_gmt":"2025-09-08T15:13:58","slug":"mithat-diker-erdal-oralin-transanatolia-destani","status":"publish","type":"post","link":"https:\/\/torkspor.com\/?p=3024","title":{"rendered":"M\u0130THAT D\u0130KER &amp; ERDAL ORAL\u2019IN TRANSANATOLIA DESTANI"},"content":{"rendered":"\n<p><strong>TransAnatolia Rally Raid 2025, 2.190 kilometrelik zorlu parkurda efsane pilot Mithat Diker ve kopilotu Erdal Oral\u2019\u0131n unutulmaz m\u00fccadelesine sahne oldu.<\/strong><br>Bursa\u2019dan start alan ikili, ilk g\u00fcnlerde ya\u015fanan mekanik sorunlara ra\u011fmen pes etmedi; Kapadokya\u2019dan Bolu\u2019ya uzanan macerada etap birincilikleriyle geri d\u00f6nd\u00fc. Fini\u015fte ise Otomobil Genel Klasman ikincili\u011fi ve S\u0131n\u0131f 2 birincili\u011fiyle podyuma \u00e7\u0131karak, yar\u0131m asr\u0131 a\u015fan tutkular\u0131n\u0131 bir kez daha ta\u00e7land\u0131rd\u0131lar.<\/p>\n\n\n\n<figure class=\"wp-block-image size-large\"><img fetchpriority=\"high\" decoding=\"async\" width=\"1024\" height=\"683\" src=\"https:\/\/torkspor.com\/wp-content\/uploads\/2025\/09\/413-Day7-Ceremonial-Finish-MuratTekin_TKN5942-1024x683.jpg\" alt=\"\" class=\"wp-image-3025\" srcset=\"https:\/\/torkspor.com\/wp-content\/uploads\/2025\/09\/413-Day7-Ceremonial-Finish-MuratTekin_TKN5942-1024x683.jpg 1024w, https:\/\/torkspor.com\/wp-content\/uploads\/2025\/09\/413-Day7-Ceremonial-Finish-MuratTekin_TKN5942-300x200.jpg 300w, https:\/\/torkspor.com\/wp-content\/uploads\/2025\/09\/413-Day7-Ceremonial-Finish-MuratTekin_TKN5942-768x512.jpg 768w, https:\/\/torkspor.com\/wp-content\/uploads\/2025\/09\/413-Day7-Ceremonial-Finish-MuratTekin_TKN5942-1536x1024.jpg 1536w, https:\/\/torkspor.com\/wp-content\/uploads\/2025\/09\/413-Day7-Ceremonial-Finish-MuratTekin_TKN5942-2048x1365.jpg 2048w\" sizes=\"(max-width: 1024px) 100vw, 1024px\" \/><\/figure>\n\n\n\n<p>TransAnatolia Rally Raid 2025\u2026<br>T\u00fcrkiye\u2019nin en b\u00fcy\u00fck, d\u00fcnyan\u0131n en zorlu maraton rallilerinden biri\u2026<br>Tam <strong>2190 kilometrelik<\/strong> parkurda, 17 ili, da\u011flar\u0131, vadileri ve ovalar\u0131 a\u015f\u0131p, sonunda Bolu\u2019da fini\u015fe ula\u015fan bir macera.<\/p>\n\n\n\n<p>Ve o maceran\u0131n en \u00f6zel sayfas\u0131nda\u2026<br>\u0130zmirli efsane <strong>Mithat Diker<\/strong> ve yan\u0131ndaki yol arkada\u015f\u0131 <strong>Erdal Oral<\/strong> vard\u0131.<br>53 y\u0131ll\u0131k kariyerin tecr\u00fcbesi, motorsporlar\u0131na adanm\u0131\u015f bir \u00f6m\u00fcr ve pes etmeyen bir ruh\u2026<\/p>\n\n\n\n<figure class=\"wp-block-image size-large\"><img decoding=\"async\" width=\"1024\" height=\"683\" src=\"https:\/\/torkspor.com\/wp-content\/uploads\/2025\/09\/TA-009-Mitat-Start-1024x683.jpg\" alt=\"\" class=\"wp-image-3026\" srcset=\"https:\/\/torkspor.com\/wp-content\/uploads\/2025\/09\/TA-009-Mitat-Start-1024x683.jpg 1024w, https:\/\/torkspor.com\/wp-content\/uploads\/2025\/09\/TA-009-Mitat-Start-300x200.jpg 300w, https:\/\/torkspor.com\/wp-content\/uploads\/2025\/09\/TA-009-Mitat-Start-768x512.jpg 768w, https:\/\/torkspor.com\/wp-content\/uploads\/2025\/09\/TA-009-Mitat-Start-1536x1024.jpg 1536w, https:\/\/torkspor.com\/wp-content\/uploads\/2025\/09\/TA-009-Mitat-Start-2048x1365.jpg 2048w\" sizes=\"(max-width: 1024px) 100vw, 1024px\" \/><\/figure>\n\n\n\n<p>Ama Bursa\u2019daki seremonik startta \u015fans y\u00fczlerine g\u00fclmedi.<br>Daha rampadan iner inmez\u2026 <strong>Suzuki Grand Vitara\u2019n\u0131n arka aks\u0131 \u00e7\u0131kt\u0131.<\/strong><br>O an herkes nefesini tuttu.<br>Becce Motorsport\u2019un mekanikerleri sabaha kadar durmaks\u0131z\u0131n \u00e7al\u0131\u015ft\u0131\u2026<br>Ve sonunda ara\u00e7, Pazar sabah\u0131 yeniden do\u011fmu\u015f gibiydi.<\/p>\n\n\n\n<figure class=\"wp-block-image size-large\"><img decoding=\"async\" width=\"1024\" height=\"768\" src=\"https:\/\/torkspor.com\/wp-content\/uploads\/2025\/09\/5-1-1024x768.jpg\" alt=\"\" class=\"wp-image-3027\" srcset=\"https:\/\/torkspor.com\/wp-content\/uploads\/2025\/09\/5-1-1024x768.jpg 1024w, https:\/\/torkspor.com\/wp-content\/uploads\/2025\/09\/5-1-300x225.jpg 300w, https:\/\/torkspor.com\/wp-content\/uploads\/2025\/09\/5-1-768x576.jpg 768w, https:\/\/torkspor.com\/wp-content\/uploads\/2025\/09\/5-1.jpg 1500w\" sizes=\"(max-width: 1024px) 100vw, 1024px\" \/><\/figure>\n\n\n\n<p>Ama TransAnatolia, kolay zafer vaat etmez.<br>\u0130lk etaba \u00e7\u0131kt\u0131lar\u2026<br>Ve yine <strong>mekanik ar\u0131za<\/strong>!<br>Fini\u015fi g\u00f6remediler\u2026 \u0130kinci etab\u0131 da pas ge\u00e7mek zorunda kald\u0131lar.<br>Grand Vitara, \u00e7ekiciyle geri d\u00f6n\u00fcyordu.<br>Efsanenin hik\u00e2yesi daha ba\u015flamadan bitecek mi derken, onlar susmad\u0131, sab\u0131rla bekledi.<\/p>\n\n\n\n<figure class=\"wp-block-image size-full\"><img loading=\"lazy\" decoding=\"async\" width=\"1024\" height=\"1024\" src=\"https:\/\/torkspor.com\/wp-content\/uploads\/2025\/09\/ta-1024x1024-2.jpg\" alt=\"\" class=\"wp-image-3029\" srcset=\"https:\/\/torkspor.com\/wp-content\/uploads\/2025\/09\/ta-1024x1024-2.jpg 1024w, https:\/\/torkspor.com\/wp-content\/uploads\/2025\/09\/ta-1024x1024-2-300x300.jpg 300w, https:\/\/torkspor.com\/wp-content\/uploads\/2025\/09\/ta-1024x1024-2-150x150.jpg 150w, https:\/\/torkspor.com\/wp-content\/uploads\/2025\/09\/ta-1024x1024-2-768x768.jpg 768w\" sizes=\"(max-width: 1024px) 100vw, 1024px\" \/><\/figure>\n\n\n\n<p>Ayn\u0131 g\u00fcn\u2026 TransAnatolia\u2019n\u0131n kalbine kara bir haber d\u00fc\u015ft\u00fc.<br>151 numaral\u0131 ATV sporcusu <strong>Hasan Yatg\u0131n<\/strong>, Uluda\u011f\u2013Domani\u00e7 etab\u0131nda ge\u00e7irdi\u011fi kaza sonucu hayat\u0131n\u0131 kaybetti.<br>T\u00fcm camia sars\u0131ld\u0131\u2026<br>Organizasyon, \u00fc\u00e7\u00fcnc\u00fc g\u00fcn\u00fc iptal etti.<br>Motor sesleri sustu, yas ve sayg\u0131 kald\u0131.<\/p>\n\n\n\n<figure class=\"wp-block-image size-large\"><img loading=\"lazy\" decoding=\"async\" width=\"1024\" height=\"683\" src=\"https:\/\/torkspor.com\/wp-content\/uploads\/2025\/09\/Day3-SS3A-TuzGolu-MuratTekin_TKN3410-1024x683.jpg\" alt=\"\" class=\"wp-image-3030\" srcset=\"https:\/\/torkspor.com\/wp-content\/uploads\/2025\/09\/Day3-SS3A-TuzGolu-MuratTekin_TKN3410-1024x683.jpg 1024w, https:\/\/torkspor.com\/wp-content\/uploads\/2025\/09\/Day3-SS3A-TuzGolu-MuratTekin_TKN3410-300x200.jpg 300w, https:\/\/torkspor.com\/wp-content\/uploads\/2025\/09\/Day3-SS3A-TuzGolu-MuratTekin_TKN3410-768x512.jpg 768w, https:\/\/torkspor.com\/wp-content\/uploads\/2025\/09\/Day3-SS3A-TuzGolu-MuratTekin_TKN3410-1536x1024.jpg 1536w, https:\/\/torkspor.com\/wp-content\/uploads\/2025\/09\/Day3-SS3A-TuzGolu-MuratTekin_TKN3410-2048x1365.jpg 2048w\" sizes=\"(max-width: 1024px) 100vw, 1024px\" \/><\/figure>\n\n\n\n<p>D\u00f6rd\u00fcnc\u00fc g\u00fcn\u2026 Motorlar yeniden \u00e7al\u0131\u015ft\u0131.<br>Suzuki Grand Vitara, gecenin sessizli\u011finde adeta yeniden in\u015fa edilmi\u015fti.<br>Mithat Diker ve Erdal Oral, y\u00fcksek motivasyonla starta geldi.<\/p>\n\n\n\n<figure class=\"wp-block-image size-large\"><img loading=\"lazy\" decoding=\"async\" width=\"1024\" height=\"768\" src=\"https:\/\/torkspor.com\/wp-content\/uploads\/2025\/09\/Day3-SS3a-TuzGolu-AlkimSarac-01971-1024x768.jpg\" alt=\"\" class=\"wp-image-3031\" srcset=\"https:\/\/torkspor.com\/wp-content\/uploads\/2025\/09\/Day3-SS3a-TuzGolu-AlkimSarac-01971-1024x768.jpg 1024w, https:\/\/torkspor.com\/wp-content\/uploads\/2025\/09\/Day3-SS3a-TuzGolu-AlkimSarac-01971-300x225.jpg 300w, https:\/\/torkspor.com\/wp-content\/uploads\/2025\/09\/Day3-SS3a-TuzGolu-AlkimSarac-01971-768x576.jpg 768w, https:\/\/torkspor.com\/wp-content\/uploads\/2025\/09\/Day3-SS3a-TuzGolu-AlkimSarac-01971-1536x1152.jpg 1536w, https:\/\/torkspor.com\/wp-content\/uploads\/2025\/09\/Day3-SS3a-TuzGolu-AlkimSarac-01971-2048x1536.jpg 2048w\" sizes=\"(max-width: 1024px) 100vw, 1024px\" \/><\/figure>\n\n\n\n<p>Daha \u00f6nce kendilerine kabus olan <strong>Tuz G\u00f6l\u00fc etaplar\u0131nda<\/strong> bu kez farkl\u0131 bir hik\u00e2ye yaz\u0131ld\u0131.<br>\u015eaft koptu, ara\u00e7 iki \u00e7ekere d\u00fc\u015ft\u00fc ama <strong>fini\u015fi g\u00f6rd\u00fcler!<\/strong><br>Ve d\u00f6rd\u00fcnc\u00fc g\u00fcn\u00fc otomobil kategorisinde ikinci s\u0131rada tamamlad\u0131lar.<br>Bu, geri d\u00f6n\u00fc\u015f\u00fcn ilk i\u015faretiydi.<\/p>\n\n\n\n<figure class=\"wp-block-image size-large\"><img loading=\"lazy\" decoding=\"async\" width=\"683\" height=\"1024\" src=\"https:\/\/torkspor.com\/wp-content\/uploads\/2025\/09\/STORY-683x1024.jpg\" alt=\"\" class=\"wp-image-3032\" srcset=\"https:\/\/torkspor.com\/wp-content\/uploads\/2025\/09\/STORY-683x1024.jpg 683w, https:\/\/torkspor.com\/wp-content\/uploads\/2025\/09\/STORY-200x300.jpg 200w, https:\/\/torkspor.com\/wp-content\/uploads\/2025\/09\/STORY-768x1152.jpg 768w, https:\/\/torkspor.com\/wp-content\/uploads\/2025\/09\/STORY.jpg 1024w\" sizes=\"(max-width: 683px) 100vw, 683px\" \/><\/figure>\n\n\n\n<p>3 Eyl\u00fcl\u2019de, TransAnatolia\u2019n\u0131n kalbi <strong>Kapadokya<\/strong>\u2019dayd\u0131.<br>G\u00f6reme\u2019deki sabah haz\u0131rl\u0131klar\u0131n\u0131n ard\u0131ndan start verildi.<br>Mithat Diker ve Erdal Oral, h\u00e2l\u00e2 iki \u00e7ekerdeydi ama y\u0131lmad\u0131lar.<br>Ve g\u00fcn\u00fcn son etab\u0131n\u0131 <strong>birinci s\u0131rada<\/strong> tamamlad\u0131lar.<br>Art\u0131k herkes biliyordu:<br>Bu efsane, kolay kolay pes etmeyecekti.<\/p>\n\n\n\n<figure class=\"wp-block-image size-large\"><img loading=\"lazy\" decoding=\"async\" width=\"1024\" height=\"768\" src=\"https:\/\/torkspor.com\/wp-content\/uploads\/2025\/09\/Day4-SS4b-Kapadokya2-AlkimSarac-30833-1024x768.jpg\" alt=\"\" class=\"wp-image-3033\" srcset=\"https:\/\/torkspor.com\/wp-content\/uploads\/2025\/09\/Day4-SS4b-Kapadokya2-AlkimSarac-30833-1024x768.jpg 1024w, https:\/\/torkspor.com\/wp-content\/uploads\/2025\/09\/Day4-SS4b-Kapadokya2-AlkimSarac-30833-300x225.jpg 300w, https:\/\/torkspor.com\/wp-content\/uploads\/2025\/09\/Day4-SS4b-Kapadokya2-AlkimSarac-30833-768x576.jpg 768w, https:\/\/torkspor.com\/wp-content\/uploads\/2025\/09\/Day4-SS4b-Kapadokya2-AlkimSarac-30833-1536x1152.jpg 1536w, https:\/\/torkspor.com\/wp-content\/uploads\/2025\/09\/Day4-SS4b-Kapadokya2-AlkimSarac-30833-2048x1536.jpg 2048w\" sizes=\"(max-width: 1024px) 100vw, 1024px\" \/><\/figure>\n\n\n\n<p>4 Eyl\u00fcl Per\u015fembe g\u00fcn\u00fc\u2026 Parkurda yeni bir s\u0131nav bekliyordu.<br>Tarla sulamalar\u0131 sonucu olu\u015fan \u00e7amurlu alanlar\u2026<br>Ekip durdu, ara\u00e7tan indi, zemini kontrol etti.<br>Yeniden yola \u00e7\u0131kt\u0131lar ama <strong>20 dakikalar\u0131n\u0131 kaybettiler.<\/strong><br>Yine de etab\u0131 ikinci s\u0131rada tamamlad\u0131lar.<\/p>\n\n\n\n<p>G\u00fcn\u00fcn ikinci etab\u0131nda ise tablo de\u011fi\u015fti.<br>Da\u011flarda, s\u0131n\u0131rl\u0131 g\u00f6r\u00fc\u015f\u00fcn oldu\u011fu zorlu parkurda\u2026<br>Mithat Diker ve Erdal Oral, direksiyon ba\u015f\u0131ndaki ustal\u0131klar\u0131n\u0131 konu\u015fturdu.<br>Etab\u0131 birinci, g\u00fcn\u00fc de lider tamamlad\u0131lar.<\/p>\n\n\n\n<figure class=\"wp-block-image size-large\"><img loading=\"lazy\" decoding=\"async\" width=\"1024\" height=\"682\" src=\"https:\/\/torkspor.com\/wp-content\/uploads\/2025\/09\/TA-002-Mitat-instagram-etiket-1024x682.jpg\" alt=\"\" class=\"wp-image-3034\" srcset=\"https:\/\/torkspor.com\/wp-content\/uploads\/2025\/09\/TA-002-Mitat-instagram-etiket-1024x682.jpg 1024w, https:\/\/torkspor.com\/wp-content\/uploads\/2025\/09\/TA-002-Mitat-instagram-etiket-300x200.jpg 300w, https:\/\/torkspor.com\/wp-content\/uploads\/2025\/09\/TA-002-Mitat-instagram-etiket-768x512.jpg 768w, https:\/\/torkspor.com\/wp-content\/uploads\/2025\/09\/TA-002-Mitat-instagram-etiket-1536x1024.jpg 1536w, https:\/\/torkspor.com\/wp-content\/uploads\/2025\/09\/TA-002-Mitat-instagram-etiket.jpg 2000w\" sizes=\"(max-width: 1024px) 100vw, 1024px\" \/><\/figure>\n\n\n\n<p>5 Eyl\u00fcl Cuma\u2026 Y\u00fcksek rak\u0131ml\u0131 ormanlarda ko\u015fulan <strong>Ye\u015filg\u00f6l etab\u0131<\/strong>.<br>Mithat Diker, 01 saat 57 dakikal\u0131k inan\u0131lmaz bir performansla birinci oldu.<br>Ard\u0131ndan Ilgaz\u2026 Bu kez lastik patlad\u0131!<br>Ama onlar i\u00e7in lastik de\u011fi\u015ftirmek bile adeta bir koreografi gibiydi.<br>Dakikalar i\u00e7inde lasti\u011fi de\u011fi\u015ftirip yola devam ettiler.<br>Ve aynada, rakip Kuvvet Erim\u2019i g\u00f6rd\u00fcler.<br>53 y\u0131ll\u0131k deneyim, so\u011fukkanl\u0131l\u0131kla birle\u015fti\u2026<br>ikinci, g\u00fcn etab\u0131n\u0131 ise <strong>9 saniye farkla birinci<\/strong> tamamlad\u0131lar.<\/p>\n\n\n\n<p>Son iki g\u00fcn\u00fc birinci ge\u00e7erek, yar\u0131\u015f\u0131n ba\u015f\u0131nda kaybettikleri zaman\u0131 telafi ettiler.<br>Art\u0131k genel klasmanda ikinci s\u0131raya y\u00fckselmi\u015flerdi.<\/p>\n\n\n\n<figure class=\"wp-block-image size-large\"><img loading=\"lazy\" decoding=\"async\" width=\"1024\" height=\"768\" src=\"https:\/\/torkspor.com\/wp-content\/uploads\/2025\/09\/Day6-SS6b-Ilgaz-AlkimSarac-50306-1024x768.jpg\" alt=\"\" class=\"wp-image-3035\" srcset=\"https:\/\/torkspor.com\/wp-content\/uploads\/2025\/09\/Day6-SS6b-Ilgaz-AlkimSarac-50306-1024x768.jpg 1024w, https:\/\/torkspor.com\/wp-content\/uploads\/2025\/09\/Day6-SS6b-Ilgaz-AlkimSarac-50306-300x225.jpg 300w, https:\/\/torkspor.com\/wp-content\/uploads\/2025\/09\/Day6-SS6b-Ilgaz-AlkimSarac-50306-768x576.jpg 768w, https:\/\/torkspor.com\/wp-content\/uploads\/2025\/09\/Day6-SS6b-Ilgaz-AlkimSarac-50306-1536x1152.jpg 1536w, https:\/\/torkspor.com\/wp-content\/uploads\/2025\/09\/Day6-SS6b-Ilgaz-AlkimSarac-50306-2048x1536.jpg 2048w\" sizes=\"(max-width: 1024px) 100vw, 1024px\" \/><\/figure>\n\n\n\n<p>6 Eyl\u00fcl Cumartesi, K\u00f6ro\u011flu etaplar\u0131nda lastik patla\u011f\u0131 yine h\u0131zlar\u0131n\u0131 kesti.<br>Ama fini\u015fi ikinci s\u0131rada g\u00f6rmeyi ba\u015fard\u0131lar.<br>Ve son etap Burhan Turan, yo\u011fun sis nedeniyle iptal edildi.<br>Art\u0131k vakit fini\u015f podyumuna \u00e7\u0131kma vaktiydi.<\/p>\n\n\n\n<p>Ve i\u015fte o an geldi\u2026<br><strong>Mithat Diker \u2013 Erdal Oral ikilisi<\/strong>, TransAnatolia 2025\u2019i <strong>Otomobil Genel Klasman ikincisi<\/strong>, <strong>S\u0131n\u0131f 2 birincisi<\/strong> olarak tamamlad\u0131!<\/p>\n\n\n\n<figure class=\"wp-block-image size-large\"><img loading=\"lazy\" decoding=\"async\" width=\"1024\" height=\"683\" src=\"https:\/\/torkspor.com\/wp-content\/uploads\/2025\/09\/WhatsApp-Gorsel-2025-09-05-saat-21.36.15_04974ec6-1024x683.jpg\" alt=\"\" class=\"wp-image-3036\" srcset=\"https:\/\/torkspor.com\/wp-content\/uploads\/2025\/09\/WhatsApp-Gorsel-2025-09-05-saat-21.36.15_04974ec6-1024x683.jpg 1024w, https:\/\/torkspor.com\/wp-content\/uploads\/2025\/09\/WhatsApp-Gorsel-2025-09-05-saat-21.36.15_04974ec6-300x200.jpg 300w, https:\/\/torkspor.com\/wp-content\/uploads\/2025\/09\/WhatsApp-Gorsel-2025-09-05-saat-21.36.15_04974ec6-768x512.jpg 768w, https:\/\/torkspor.com\/wp-content\/uploads\/2025\/09\/WhatsApp-Gorsel-2025-09-05-saat-21.36.15_04974ec6-1536x1024.jpg 1536w, https:\/\/torkspor.com\/wp-content\/uploads\/2025\/09\/WhatsApp-Gorsel-2025-09-05-saat-21.36.15_04974ec6.jpg 2048w\" sizes=\"(max-width: 1024px) 100vw, 1024px\" \/><\/figure>\n\n\n\n<p>2190 kilometrelik zorlu parkur, 17 ilin tozlu yollar\u0131\u2026<br>Mekanik ar\u0131zalar, \u015faft k\u0131r\u0131klar\u0131, lastik patlaklar\u0131\u2026<br>Ama pes etmeyen bir tutku ve zamana meydan okuyan bir ruh\u2026<\/p>\n\n\n\n<p>Mithat Diker ve Erdal Oral\u2026<br>Her start\u0131 yeni bir ba\u015flang\u0131\u00e7, her fini\u015fi yeni bir hayale d\u00f6n\u00fc\u015ft\u00fcren ikili.<\/p>\n\n\n\n<p>Ve daha tulumlar\u0131 kurumadan\u2026 Yeni bir maceran\u0131n haz\u0131rl\u0131klar\u0131 ba\u015fl\u0131yor.<br>12\u201313\u201314 Eyl\u00fcl\u2019de, <strong>Odunpazar\u0131 ESOK Rally<\/strong> i\u00e7in yeniden direksiyon ba\u015f\u0131na ge\u00e7ecekler.<br>\u00c7\u00fcnk\u00fc onlar i\u00e7in ralli, bitmeyen bir yolculuk\u2026<br>Her etap, hayat\u0131n ta kendisi.<\/p>\n\n\n\n<p><strong>Mithat Diker \u2013 TransAnatolia 2025: Zamana Direnen Tutku<\/strong><\/p>\n\n\n\n<p><\/p>\n","protected":false},"excerpt":{"rendered":"<p>TransAnatolia Rally Raid 2025, 2.190 kilometrelik zorlu parkurda efsane pilot Mithat Diker ve kopilotu Erdal Oral\u2019\u0131n unutulmaz m\u00fccadelesine sahne oldu.Bursa\u2019dan<\/p>\n","protected":false},"author":2,"featured_media":3037,"comment_status":"open","ping_status":"open","sticky":false,"template":"","format":"standard","meta":{"footnotes":""},"categories":[1,5,10,140,4,8],"tags":[],"class_list":["post-3024","post","type-post","status-publish","format-standard","has-post-thumbnail","hentry","category-genel","category-haberler","category-offroad","category-otomobil","category-ozelhaberler","category-sonhaberler"],"magazineBlocksPostFeaturedMedia":{"thumbnail":"https:\/\/torkspor.com\/wp-content\/uploads\/2025\/09\/Final-03-150x150.jpg","medium":"https:\/\/torkspor.com\/wp-content\/uploads\/2025\/09\/Final-03-300x200.jpg","medium_large":"https:\/\/torkspor.com\/wp-content\/uploads\/2025\/09\/Final-03-768x512.jpg","large":"https:\/\/torkspor.com\/wp-content\/uploads\/2025\/09\/Final-03-1024x683.jpg","1536x1536":"https:\/\/torkspor.com\/wp-content\/uploads\/2025\/09\/Final-03-1536x1024.jpg","2048x2048":"https:\/\/torkspor.com\/wp-content\/uploads\/2025\/09\/Final-03-2048x1365.jpg","colormag-highlighted-post":"https:\/\/torkspor.com\/wp-content\/uploads\/2025\/09\/Final-03-392x272.jpg","colormag-featured-post-medium":"https:\/\/torkspor.com\/wp-content\/uploads\/2025\/09\/Final-03-390x205.jpg","colormag-featured-post-small":"https:\/\/torkspor.com\/wp-content\/uploads\/2025\/09\/Final-03-130x90.jpg","colormag-featured-image":"https:\/\/torkspor.com\/wp-content\/uploads\/2025\/09\/Final-03-800x445.jpg","colormag-default-news":"https:\/\/torkspor.com\/wp-content\/uploads\/2025\/09\/Final-03-150x150.jpg","colormag-featured-image-large":"https:\/\/torkspor.com\/wp-content\/uploads\/2025\/09\/Final-03-1400x600.jpg","colormag-elementor-block-extra-large-thumbnail":"https:\/\/torkspor.com\/wp-content\/uploads\/2025\/09\/Final-03-1155x480.jpg","colormag-elementor-grid-large-thumbnail":"https:\/\/torkspor.com\/wp-content\/uploads\/2025\/09\/Final-03-600x417.jpg","colormag-elementor-grid-small-thumbnail":"https:\/\/torkspor.com\/wp-content\/uploads\/2025\/09\/Final-03-285x450.jpg","colormag-elementor-grid-medium-large-thumbnail":"https:\/\/torkspor.com\/wp-content\/uploads\/2025\/09\/Final-03-575x198.jpg"},"magazineBlocksPostAuthor":{"name":"Okan \u00c7etiner","avatar":"https:\/\/secure.gravatar.com\/avatar\/0b8d387b873c3962ae491deaf4b94a08a9b0dbc2778155c139691933252f8856?s=96&d=mm&r=g"},"magazineBlocksPostCommentsNumber":"0","magazineBlocksPostExcerpt":"TransAnatolia Rally Raid 2025, 2.190 kilometrelik zorlu parkurda efsane pilot Mithat Diker ve kopilotu Erdal Oral\u2019\u0131n unutulmaz m\u00fccadelesine sahne oldu.Bursa\u2019dan","magazineBlocksPostCategories":["Genel","Haberler","Offroad","otomobil","\u00d6zel Haberler","Son Haberler"],"magazine_blocks_featured_image_url":{"full":["https:\/\/torkspor.com\/wp-content\/uploads\/2025\/09\/Final-03-scaled.jpg",2560,1707,false],"medium":["https:\/\/torkspor.com\/wp-content\/uploads\/2025\/09\/Final-03-300x200.jpg",300,200,true],"thumbnail":["https:\/\/torkspor.com\/wp-content\/uploads\/2025\/09\/Final-03-150x150.jpg",150,150,true]},"magazine_blocks_author":{"display_name":"Okan \u00c7etiner","author_link":"https:\/\/torkspor.com\/?author=2"},"magazine_blocks_comment":11,"magazine_blocks_author_image":"https:\/\/secure.gravatar.com\/avatar\/0b8d387b873c3962ae491deaf4b94a08a9b0dbc2778155c139691933252f8856?s=96&d=mm&r=g","magazine_blocks_category":"<a href=\"https:\/\/torkspor.com\/?cat=1\" rel=\"category\">Genel<\/a> <a href=\"https:\/\/torkspor.com\/?cat=5\" rel=\"category\">Haberler<\/a> <a href=\"https:\/\/torkspor.com\/?cat=10\" rel=\"category\">Offroad<\/a> <a href=\"https:\/\/torkspor.com\/?cat=140\" rel=\"category\">otomobil<\/a> <a href=\"https:\/\/torkspor.com\/?cat=4\" rel=\"category\">\u00d6zel Haberler<\/a> <a href=\"https:\/\/torkspor.com\/?cat=8\" rel=\"category\">Son Haberler<\/a>","_links":{"self":[{"href":"https:\/\/torkspor.com\/index.php?rest_route=\/wp\/v2\/posts\/3024","targetHints":{"allow":["GET"]}}],"collection":[{"href":"https:\/\/torkspor.com\/index.php?rest_route=\/wp\/v2\/posts"}],"about":[{"href":"https:\/\/torkspor.com\/index.php?rest_route=\/wp\/v2\/types\/post"}],"author":[{"embeddable":true,"href":"https:\/\/torkspor.com\/index.php?rest_route=\/wp\/v2\/users\/2"}],"replies":[{"embeddable":true,"href":"https:\/\/torkspor.com\/index.php?rest_route=%2Fwp%2Fv2%2Fcomments&post=3024"}],"version-history":[{"count":1,"href":"https:\/\/torkspor.com\/index.php?rest_route=\/wp\/v2\/posts\/3024\/revisions"}],"predecessor-version":[{"id":3038,"href":"https:\/\/torkspor.com\/index.php?rest_route=\/wp\/v2\/posts\/3024\/revisions\/3038"}],"wp:featuredmedia":[{"embeddable":true,"href":"https:\/\/torkspor.com\/index.php?rest_route=\/wp\/v2\/media\/3037"}],"wp:attachment":[{"href":"https:\/\/torkspor.com\/index.php?rest_route=%2Fwp%2Fv2%2Fmedia&parent=3024"}],"wp:term":[{"taxonomy":"category","embeddable":true,"href":"https:\/\/torkspor.com\/index.php?rest_route=%2Fwp%2Fv2%2Fcategories&post=3024"},{"taxonomy":"post_tag","embeddable":true,"href":"https:\/\/torkspor.com\/index.php?rest_route=%2Fwp%2Fv2%2Ftags&post=3024"}],"curies":[{"name":"wp","href":"https:\/\/api.w.org\/{rel}","templated":true}]}}