{"id":3044,"date":"2025-09-11T21:20:21","date_gmt":"2025-09-11T18:20:21","guid":{"rendered":"https:\/\/torkspor.com\/?p=3044"},"modified":"2025-09-11T21:20:49","modified_gmt":"2025-09-11T18:20:49","slug":"armstrong-ilk-zaferini-aldi-sampiyonluk-mucadelesi-marczyk-ve-mabellini-ile-hirslaniyor","status":"publish","type":"post","link":"https:\/\/torkspor.com\/?p=3044","title":{"rendered":"Armstrong \u0130lk Zaferini Ald\u0131, \u015eampiyonluk M\u00fccadelesi Marczyk ve Mabellini ile H\u0131rslan\u0131yor"},"content":{"rendered":"\n<p>Jon Armstrong, JDS Machinery Rali Ceredigion\u2019u kazanarak FIA Avrupa Ralli \u015eampiyonas\u0131\u2019ndaki (ERC) ilk zaferini elde etti ve \u015fampiyonluk i\u00e7in umutlar\u0131n\u0131 canl\u0131 tuttu.<\/p>\n\n\n\n<figure class=\"wp-block-image size-large\"><img fetchpriority=\"high\" decoding=\"async\" width=\"1024\" height=\"683\" src=\"https:\/\/torkspor.com\/wp-content\/uploads\/2025\/09\/SI202509061031-1024x683.jpg\" alt=\"\" class=\"wp-image-3045\" srcset=\"https:\/\/torkspor.com\/wp-content\/uploads\/2025\/09\/SI202509061031-1024x683.jpg 1024w, https:\/\/torkspor.com\/wp-content\/uploads\/2025\/09\/SI202509061031-300x200.jpg 300w, https:\/\/torkspor.com\/wp-content\/uploads\/2025\/09\/SI202509061031-768x512.jpg 768w, https:\/\/torkspor.com\/wp-content\/uploads\/2025\/09\/SI202509061031-1536x1024.jpg 1536w, https:\/\/torkspor.com\/wp-content\/uploads\/2025\/09\/SI202509061031-2048x1365.jpg 2048w\" sizes=\"(max-width: 1024px) 100vw, 1024px\" \/><figcaption class=\"wp-element-caption\">Jon Armstrong races during the FIA European Rally Championship, Stop 07 in Aberystwyth, United Kingdom on September 6, 2025 \/\/ @World \/ Red Bull Content Pool \/\/ SI202509061031 \/\/ Usage for editorial use only \/\/<\/figcaption><\/figure>\n\n\n\n<p>Shane Byrne ile yar\u0131\u015fan Armstrong, Galler\u2019in zorlu asfalt etaplar\u0131nda \u2014 ya\u011fmurlu ge\u00e7en son iki test dahil toplam 12 \u00f6zel etapta \u2014 etkileyici bir performans sergileyerek M-Sport tak\u0131m arkada\u015f\u0131 Romet J\u00fcrgenson\u2019un 29.2 saniye \u00f6n\u00fcnde zafere ula\u015ft\u0131. Bu sonu\u00e7, M-Sport\u2019un ERC\u2019de 2020\u2019de Adrien Fourmaux\u2019nun Rally Islas Canarias zaferinden bu yana ilk galibiyeti oldu.<\/p>\n\n\n\n<p>\u201cY\u0131llard\u0131r \u00e7ok emek verdim ve buraya gelmek inan\u0131lmaz,\u201d dedi duygusal Armstrong. \u201cM-Sport\u2019a \u00e7ok te\u015fekk\u00fcrler. Tak\u0131m i\u00e7in 1-2 yapmak harika, bu arac\u0131n ve herkesin m\u00fckemmel i\u015f \u00e7\u0131kard\u0131\u011f\u0131n\u0131 g\u00f6steriyor. H\u00e2l\u00e2 inanam\u0131yorum, sindirmem biraz zaman alacak.\u201d<\/p>\n\n\n\n<figure class=\"wp-block-image size-large\"><img decoding=\"async\" width=\"1024\" height=\"683\" src=\"https:\/\/torkspor.com\/wp-content\/uploads\/2025\/09\/SI202509061041-1024x683.jpg\" alt=\"\" class=\"wp-image-3046\" srcset=\"https:\/\/torkspor.com\/wp-content\/uploads\/2025\/09\/SI202509061041-1024x683.jpg 1024w, https:\/\/torkspor.com\/wp-content\/uploads\/2025\/09\/SI202509061041-300x200.jpg 300w, https:\/\/torkspor.com\/wp-content\/uploads\/2025\/09\/SI202509061041-768x512.jpg 768w, https:\/\/torkspor.com\/wp-content\/uploads\/2025\/09\/SI202509061041-1536x1024.jpg 1536w, https:\/\/torkspor.com\/wp-content\/uploads\/2025\/09\/SI202509061041-2048x1365.jpg 2048w\" sizes=\"(max-width: 1024px) 100vw, 1024px\" \/><figcaption class=\"wp-element-caption\">Miko Marczyk races during the FIA European Rally Championship, Stop 07 in Aberystwyth, United Kingdom on September 6, 2025 \/\/ @World \/ Red Bull Content Pool \/\/ SI202509061041 \/\/ Usage for editorial use only \/\/<\/figcaption><\/figure>\n\n\n\n<p>\u015eampiyona lideri Miko Marczyk podyumun son basama\u011f\u0131nda yer al\u0131rken, en yak\u0131n rakibi Andrea Mabellini, ralli \u00f6ncesi ald\u0131\u011f\u0131 iki dakikal\u0131k cezadan toparlanarak alt\u0131nc\u0131l\u0131kla yetindi.<\/p>\n\n\n\n<p>Bu sonu\u00e7la, \u015fampiyonluk yar\u0131\u015f\u0131 H\u0131rvatistan\u2019da \u00fc\u00e7l\u00fc bir m\u00fccadeleye sahne olacak: Marczyk, Mabellini ve Armstrong. \u015eu anda d\u00fc\u015f\u00fclen puanlar hesaba kat\u0131ld\u0131\u011f\u0131nda Marczyk, Mabellini\u2019nin iki puan \u00f6n\u00fcnde lider, Armstrong ise 20 puan geride bulunuyor.<\/p>\n\n\n\n<figure class=\"wp-block-image size-large\"><img decoding=\"async\" width=\"1024\" height=\"683\" src=\"https:\/\/torkspor.com\/wp-content\/uploads\/2025\/09\/SI202509070247-1024x683.jpg\" alt=\"\" class=\"wp-image-3047\" srcset=\"https:\/\/torkspor.com\/wp-content\/uploads\/2025\/09\/SI202509070247-1024x683.jpg 1024w, https:\/\/torkspor.com\/wp-content\/uploads\/2025\/09\/SI202509070247-300x200.jpg 300w, https:\/\/torkspor.com\/wp-content\/uploads\/2025\/09\/SI202509070247-768x512.jpg 768w, https:\/\/torkspor.com\/wp-content\/uploads\/2025\/09\/SI202509070247-1536x1024.jpg 1536w, https:\/\/torkspor.com\/wp-content\/uploads\/2025\/09\/SI202509070247-2048x1365.jpg 2048w\" sizes=\"(max-width: 1024px) 100vw, 1024px\" \/><figcaption class=\"wp-element-caption\">Romet J\u00fcrgenson seen during the FIA European Rally Championship in Aberytswyth, United Kingdom on 06, September 2025. \/\/ @World \/ Red Bull Content Pool \/\/ SI202509070247 \/\/ Usage for editorial use only \/\/<\/figcaption><\/figure>\n\n\n\n<h3 class=\"wp-block-heading\">Yar\u0131\u015f\u0131n Gidi\u015fat\u0131<\/h3>\n\n\n\n<p>Marczyk, ralliyi Cuma gecesi Aberystwyth sokaklar\u0131ndaki seyirci \u00f6zel etab\u0131n\u0131 kazanarak a\u00e7t\u0131. Ancak liderli\u011fi k\u0131sa s\u00fcrd\u00fc, Armstrong ikinci etapta Skoda Fabia RS Rally2\u2019yi geride b\u0131rak\u0131p 0.3 saniyeyle \u00f6ne ge\u00e7ti.<\/p>\n\n\n\n<p>SS3 \u201cY Diafol\u201dda \u2014 Galce\u2019den \u0130ngilizceye \u00e7evirisi \u201c\u015eeytan\u201d \u2014 yapt\u0131\u011f\u0131 spin ve kap\u0131ya hafif temas\u0131na ra\u011fmen \u00e7ok zaman kaybetmeyen Armstrong, M-Sport\u2019tan J\u00fcrgenson\u2019un bask\u0131s\u0131yla kar\u015f\u0131la\u015ft\u0131. J\u00fcrgenson, bu etapta kariyerinin ilk ERC etap galibiyetini alarak dikkat \u00e7ekti ve sabah b\u00f6l\u00fcm\u00fc sonunda Armstrong\u2019un sadece 0.2 saniye arkas\u0131nda servise geldi.<\/p>\n\n\n\n<p>Cumartesi \u00f6\u011fleden sonra Armstrong tempo art\u0131rarak tekrar Y Diafol\u2019da en h\u0131zl\u0131 zaman\u0131 yapt\u0131 ve fark\u0131 a\u00e7t\u0131. Pazar sabah\u0131 ise ya\u011fmur ihtimaline ra\u011fmen \u0131slak lastik almama kumar\u0131 tuttu ve SS9 ile SS10\u2019u kazanarak avantaj sa\u011flad\u0131. Ya\u011fmurun bast\u0131rd\u0131\u011f\u0131 SS11 Nant y Moch 2\u2019de ise herkesten 14.5 saniye daha h\u0131zl\u0131 olarak zaferi neredeyse garantiledi.<\/p>\n\n\n\n<figure class=\"wp-block-image size-large\"><img loading=\"lazy\" decoding=\"async\" width=\"1024\" height=\"683\" src=\"https:\/\/torkspor.com\/wp-content\/uploads\/2025\/09\/SI202509071028-1024x683.jpg\" alt=\"\" class=\"wp-image-3048\" srcset=\"https:\/\/torkspor.com\/wp-content\/uploads\/2025\/09\/SI202509071028-1024x683.jpg 1024w, https:\/\/torkspor.com\/wp-content\/uploads\/2025\/09\/SI202509071028-300x200.jpg 300w, https:\/\/torkspor.com\/wp-content\/uploads\/2025\/09\/SI202509071028-768x512.jpg 768w, https:\/\/torkspor.com\/wp-content\/uploads\/2025\/09\/SI202509071028-1536x1024.jpg 1536w, https:\/\/torkspor.com\/wp-content\/uploads\/2025\/09\/SI202509071028-2048x1365.jpg 2048w\" sizes=\"(max-width: 1024px) 100vw, 1024px\" \/><figcaption class=\"wp-element-caption\">Jon Armstrong and Shane Byrne celebrate after winning the FIA European Rally Championship, Stop 07 in Aberystwyth, United Kingdom on September 7, 2025 \/\/ @World \/ Red Bull Content Pool \/\/ SI202509071028 \/\/ Usage for editorial use only \/\/<\/figcaption><\/figure>\n\n\n\n<p>J\u00fcrgenson ilk kez kat\u0131ld\u0131\u011f\u0131 Ceredigion\u2019da g\u00f6z dolduran bir performansla ikinci oldu. \u201cBuraya gelirken ilk \u00fc\u00e7le rekabet edebilece\u011fime emin de\u011fildim ama yan\u0131ld\u0131\u011f\u0131m\u0131z\u0131 kan\u0131tlad\u0131k,\u201d dedi Estonyal\u0131 s\u00fcr\u00fcc\u00fc.<\/p>\n\n\n\n<p>Marczyk \u00fc\u00e7\u00fcnc\u00fc olarak de\u011ferli puanlar toplad\u0131 ancak Power Stage\u2019i kazanan Mabellini bonus puanlarla \u015fampiyonluk iddias\u0131n\u0131 s\u00fcrd\u00fcrd\u00fc.<\/p>\n\n\n\n<h3 class=\"wp-block-heading\">Dereceler<\/h3>\n\n\n\n<ol class=\"wp-block-list\">\n<li><strong>J Armstrong \/ S Byrne (IRL)<\/strong> Ford Fiesta Mk II \u2013 1:34:52.0<\/li>\n\n\n\n<li><strong>R J\u00fcrgenson \/ S Oja (EST)<\/strong> Ford Fiesta Mk II +29.2s<\/li>\n\n\n\n<li><strong>M Marczyk \/ S Gospodarczyk (POL)<\/strong> \u0160koda Fabia RS +43.7s<\/li>\n\n\n\n<li><strong>W Creighton \/ L Regan (IRL)<\/strong> Toyota GR Yaris Rally2 +1:15.2<\/li>\n\n\n\n<li><strong>O Pryce \/ A Hayes (GBR\/IRL)<\/strong> Hyundai i20 N Rally2 +2:31.8<\/li>\n\n\n\n<li><strong>A Mabellini \/ V Lenzi (ITA)<\/strong> \u0160koda Fabia RS +2:59.5<\/li>\n<\/ol>\n\n\n\n<p>Toyota GR Yaris Rally2 ile yar\u0131\u015fan Britanya Ralli \u015eampiyonas\u0131 lideri William Creighton d\u00f6rd\u00fcnc\u00fc olurken, iki kez Ceredigion galibi Osain Pryce be\u015finci s\u0131rada yer ald\u0131.<\/p>\n\n\n\n<p>ERC3\u2019te zaferi Eamonn Kelly al\u0131rken, ERC4\u2019te ise Galli Ioan Lloyd kariyerinin ilk galibiyetini elde etti. Martin Vl\u010dek, Master ERC s\u0131n\u0131f\u0131n\u0131 kazand\u0131.<\/p>\n\n\n\n<h3 class=\"wp-block-heading\">Sonraki Durak<\/h3>\n\n\n\n<p>ERC sezonunun finali 3-5 Ekim tarihlerinde H\u0131rvatistan Rallisi\u2019nde ko\u015fulacak.<\/p>\n\n\n\n<p><\/p>\n","protected":false},"excerpt":{"rendered":"<p>Jon Armstrong, JDS Machinery Rali Ceredigion\u2019u kazanarak FIA Avrupa Ralli \u015eampiyonas\u0131\u2019ndaki (ERC) ilk zaferini elde etti ve \u015fampiyonluk i\u00e7in umutlar\u0131n\u0131<\/p>\n","protected":false},"author":2,"featured_media":3049,"comment_status":"open","ping_status":"open","sticky":false,"template":"","format":"standard","meta":{"footnotes":""},"categories":[14,1,5,21],"tags":[460,474,469,472,461,464,475,473,471,462,463,465,470,466,468,467],"class_list":["post-3044","post","type-post","status-publish","format-standard","has-post-thumbnail","hentry","category-dunya","category-genel","category-haberler","category-ralli","tag-andrea-mabellini","tag-avrupa-ralli-sampiyonasi-haberleri","tag-erc-2025","tag-erc-hirvatistan-rallisi","tag-fia-avrupa-ralli-sampiyonasi","tag-ford-fiesta-rally2","tag-galler-rallisi","tag-hyundai-i20-n-rally2","tag-jon-armstrong","tag-m-sport","tag-miko-marczyk","tag-rali-ceredigion","tag-romet-jurgenson","tag-shane-byrne","tag-skoda-fabia-rs-rally2","tag-toyota-gr-yaris-rally2"],"magazineBlocksPostFeaturedMedia":{"thumbnail":"https:\/\/torkspor.com\/wp-content\/uploads\/2025\/09\/SI202509071033-150x150.jpg","medium":"https:\/\/torkspor.com\/wp-content\/uploads\/2025\/09\/SI202509071033-300x200.jpg","medium_large":"https:\/\/torkspor.com\/wp-content\/uploads\/2025\/09\/SI202509071033-768x512.jpg","large":"https:\/\/torkspor.com\/wp-content\/uploads\/2025\/09\/SI202509071033-1024x683.jpg","1536x1536":"https:\/\/torkspor.com\/wp-content\/uploads\/2025\/09\/SI202509071033-1536x1024.jpg","2048x2048":"https:\/\/torkspor.com\/wp-content\/uploads\/2025\/09\/SI202509071033-2048x1365.jpg","colormag-highlighted-post":"https:\/\/torkspor.com\/wp-content\/uploads\/2025\/09\/SI202509071033-392x272.jpg","colormag-featured-post-medium":"https:\/\/torkspor.com\/wp-content\/uploads\/2025\/09\/SI202509071033-390x205.jpg","colormag-featured-post-small":"https:\/\/torkspor.com\/wp-content\/uploads\/2025\/09\/SI202509071033-130x90.jpg","colormag-featured-image":"https:\/\/torkspor.com\/wp-content\/uploads\/2025\/09\/SI202509071033-800x445.jpg","colormag-default-news":"https:\/\/torkspor.com\/wp-content\/uploads\/2025\/09\/SI202509071033-150x150.jpg","colormag-featured-image-large":"https:\/\/torkspor.com\/wp-content\/uploads\/2025\/09\/SI202509071033-1400x600.jpg","colormag-elementor-block-extra-large-thumbnail":"https:\/\/torkspor.com\/wp-content\/uploads\/2025\/09\/SI202509071033-1155x480.jpg","colormag-elementor-grid-large-thumbnail":"https:\/\/torkspor.com\/wp-content\/uploads\/2025\/09\/SI202509071033-600x417.jpg","colormag-elementor-grid-small-thumbnail":"https:\/\/torkspor.com\/wp-content\/uploads\/2025\/09\/SI202509071033-285x450.jpg","colormag-elementor-grid-medium-large-thumbnail":"https:\/\/torkspor.com\/wp-content\/uploads\/2025\/09\/SI202509071033-575x198.jpg"},"magazineBlocksPostAuthor":{"name":"Okan \u00c7etiner","avatar":"https:\/\/secure.gravatar.com\/avatar\/0b8d387b873c3962ae491deaf4b94a08a9b0dbc2778155c139691933252f8856?s=96&d=mm&r=g"},"magazineBlocksPostCommentsNumber":"0","magazineBlocksPostExcerpt":"Jon Armstrong, JDS Machinery Rali Ceredigion\u2019u kazanarak FIA Avrupa Ralli \u015eampiyonas\u0131\u2019ndaki (ERC) ilk zaferini elde etti ve \u015fampiyonluk i\u00e7in umutlar\u0131n\u0131","magazineBlocksPostCategories":["D\u00fcnya","Genel","Haberler","Ralli"],"magazine_blocks_featured_image_url":{"full":["https:\/\/torkspor.com\/wp-content\/uploads\/2025\/09\/SI202509071033-scaled.jpg",2560,1707,false],"medium":["https:\/\/torkspor.com\/wp-content\/uploads\/2025\/09\/SI202509071033-300x200.jpg",300,200,true],"thumbnail":["https:\/\/torkspor.com\/wp-content\/uploads\/2025\/09\/SI202509071033-150x150.jpg",150,150,true]},"magazine_blocks_author":{"display_name":"Okan \u00c7etiner","author_link":"https:\/\/torkspor.com\/?author=2"},"magazine_blocks_comment":0,"magazine_blocks_author_image":"https:\/\/secure.gravatar.com\/avatar\/0b8d387b873c3962ae491deaf4b94a08a9b0dbc2778155c139691933252f8856?s=96&d=mm&r=g","magazine_blocks_category":"<a href=\"https:\/\/torkspor.com\/?cat=14\" rel=\"category\">D\u00fcnya<\/a> <a href=\"https:\/\/torkspor.com\/?cat=1\" rel=\"category\">Genel<\/a> <a href=\"https:\/\/torkspor.com\/?cat=5\" rel=\"category\">Haberler<\/a> <a href=\"https:\/\/torkspor.com\/?cat=21\" rel=\"category\">Ralli<\/a>","_links":{"self":[{"href":"https:\/\/torkspor.com\/index.php?rest_route=\/wp\/v2\/posts\/3044","targetHints":{"allow":["GET"]}}],"collection":[{"href":"https:\/\/torkspor.com\/index.php?rest_route=\/wp\/v2\/posts"}],"about":[{"href":"https:\/\/torkspor.com\/index.php?rest_route=\/wp\/v2\/types\/post"}],"author":[{"embeddable":true,"href":"https:\/\/torkspor.com\/index.php?rest_route=\/wp\/v2\/users\/2"}],"replies":[{"embeddable":true,"href":"https:\/\/torkspor.com\/index.php?rest_route=%2Fwp%2Fv2%2Fcomments&post=3044"}],"version-history":[{"count":1,"href":"https:\/\/torkspor.com\/index.php?rest_route=\/wp\/v2\/posts\/3044\/revisions"}],"predecessor-version":[{"id":3050,"href":"https:\/\/torkspor.com\/index.php?rest_route=\/wp\/v2\/posts\/3044\/revisions\/3050"}],"wp:featuredmedia":[{"embeddable":true,"href":"https:\/\/torkspor.com\/index.php?rest_route=\/wp\/v2\/media\/3049"}],"wp:attachment":[{"href":"https:\/\/torkspor.com\/index.php?rest_route=%2Fwp%2Fv2%2Fmedia&parent=3044"}],"wp:term":[{"taxonomy":"category","embeddable":true,"href":"https:\/\/torkspor.com\/index.php?rest_route=%2Fwp%2Fv2%2Fcategories&post=3044"},{"taxonomy":"post_tag","embeddable":true,"href":"https:\/\/torkspor.com\/index.php?rest_route=%2Fwp%2Fv2%2Ftags&post=3044"}],"curies":[{"name":"wp","href":"https:\/\/api.w.org\/{rel}","templated":true}]}}