{"id":3073,"date":"2025-09-11T21:54:35","date_gmt":"2025-09-11T18:54:35","guid":{"rendered":"https:\/\/torkspor.com\/?p=3073"},"modified":"2025-09-11T21:54:56","modified_gmt":"2025-09-11T18:54:56","slug":"opel-iaa-mobility-2025te-gse-efsanesini-bir-ust-seviyeye-tasidi","status":"publish","type":"post","link":"https:\/\/torkspor.com\/?p=3073","title":{"rendered":"Opel, IAA Mobility 2025\u2019te GSE Efsanesini Bir \u00dcst Seviyeye Ta\u015f\u0131d\u0131"},"content":{"rendered":"\n<p><strong>Corsa GSE Vision Gran Turismo ve Yeni Opel Mokka GSE d\u00fcnya pr\u00f6miyerini yapt\u0131<\/strong><\/p>\n\n\n\n<p>Alman otomotiv devi <strong>Opel<\/strong>, M\u00fcnih\u2019te d\u00fczenlenen <strong>IAA Mobility 2025<\/strong> fuar\u0131nda yeni nesil GSE modellerini d\u00fcnyaya tan\u0131tt\u0131. Fuarda, markan\u0131n gelece\u011fe dair vizyonunu yans\u0131tan <strong>Corsa GSE Vision Gran Turismo<\/strong> ve seri \u00fcretime haz\u0131rlanan <strong>Opel Mokka GSE<\/strong> ilk kez otomobil tutkunlar\u0131n\u0131n kar\u015f\u0131s\u0131na \u00e7\u0131kt\u0131.<\/p>\n\n\n\n<h2 class=\"wp-block-heading\">Corsa GSE Vision Gran Turismo: Ger\u00e7ek ve Dijital D\u00fcnyay\u0131 Bulu\u015fturuyor<\/h2>\n\n\n\n<figure class=\"wp-block-image size-large\"><img fetchpriority=\"high\" decoding=\"async\" width=\"1024\" height=\"682\" src=\"https:\/\/torkspor.com\/wp-content\/uploads\/2025\/09\/Opel-Corsa-GSE-Vision-GranTurismo-ve-Opel-Mokka-GSE-1024x682.jpg\" alt=\"\" class=\"wp-image-3074\" srcset=\"https:\/\/torkspor.com\/wp-content\/uploads\/2025\/09\/Opel-Corsa-GSE-Vision-GranTurismo-ve-Opel-Mokka-GSE-1024x682.jpg 1024w, https:\/\/torkspor.com\/wp-content\/uploads\/2025\/09\/Opel-Corsa-GSE-Vision-GranTurismo-ve-Opel-Mokka-GSE-300x200.jpg 300w, https:\/\/torkspor.com\/wp-content\/uploads\/2025\/09\/Opel-Corsa-GSE-Vision-GranTurismo-ve-Opel-Mokka-GSE-768x512.jpg 768w, https:\/\/torkspor.com\/wp-content\/uploads\/2025\/09\/Opel-Corsa-GSE-Vision-GranTurismo-ve-Opel-Mokka-GSE.jpg 1457w\" sizes=\"(max-width: 1024px) 100vw, 1024px\" \/><\/figure>\n\n\n\n<p>Opel\u2019in en \u00e7ok satan modeli Corsa\u2019dan ilham al\u0131narak tasarlanan <strong>Corsa GSE Vision Gran Turismo<\/strong>, yaln\u0131zca bir konsept otomobil de\u011fil. Ayn\u0131 zamanda, <strong>Gran Turismo 7<\/strong> oyununda s\u00fcr\u00fclebilecek ilk Opel modeli olarak dijital d\u00fcnyaya da ta\u015f\u0131nd\u0131.<br>588 kW g\u00fcc\u00fcyle y\u00fcksek performans vadeden ara\u00e7, 0\u2019dan 100 km\/s h\u0131za yaln\u0131zca 2 saniyede \u00e7\u0131kabiliyor.<\/p>\n\n\n\n<p>Opel CEO\u2019su <strong>Florian Huettl<\/strong>, tan\u0131t\u0131mda \u015funlar\u0131 s\u00f6yledi:<\/p>\n\n\n\n<figure class=\"wp-block-image size-large\"><img decoding=\"async\" width=\"1024\" height=\"683\" src=\"https:\/\/torkspor.com\/wp-content\/uploads\/2025\/09\/Opel-CEO-Florian-Huettl-1024x683.jpeg\" alt=\"\" class=\"wp-image-3075\" srcset=\"https:\/\/torkspor.com\/wp-content\/uploads\/2025\/09\/Opel-CEO-Florian-Huettl-1024x683.jpeg 1024w, https:\/\/torkspor.com\/wp-content\/uploads\/2025\/09\/Opel-CEO-Florian-Huettl-300x200.jpeg 300w, https:\/\/torkspor.com\/wp-content\/uploads\/2025\/09\/Opel-CEO-Florian-Huettl-768x512.jpeg 768w, https:\/\/torkspor.com\/wp-content\/uploads\/2025\/09\/Opel-CEO-Florian-Huettl-1536x1024.jpeg 1536w, https:\/\/torkspor.com\/wp-content\/uploads\/2025\/09\/Opel-CEO-Florian-Huettl-2048x1365.jpeg 2048w\" sizes=\"(max-width: 1024px) 100vw, 1024px\" \/><\/figure>\n\n\n\n<blockquote class=\"wp-block-quote is-layout-flow wp-block-quote-is-layout-flow\">\n<p>\u201cGSE\u2019yi elektrik \u00e7a\u011f\u0131n\u0131n ihtiya\u00e7lar\u0131na g\u00f6re yeniden tasarlad\u0131k. Performans\u0131 art\u0131r\u0131yor, elektrikli s\u00fcr\u00fc\u015f deneyimini bir \u00fcst seviyeye ta\u015f\u0131yoruz. Corsa GSE Vision Gran Turismo, gelece\u011fe dair vizyonumuzu temsil ediyor.\u201d<\/p>\n<\/blockquote>\n\n\n\n<h2 class=\"wp-block-heading\">Opel Mokka GSE: Ralli Ruhunu Yollara Ta\u015f\u0131yor<\/h2>\n\n\n\n<figure class=\"wp-block-image size-large\"><img decoding=\"async\" width=\"1024\" height=\"683\" src=\"https:\/\/torkspor.com\/wp-content\/uploads\/2025\/09\/Opel-Mokka-GSE-1024x683.jpg\" alt=\"\" class=\"wp-image-3076\" srcset=\"https:\/\/torkspor.com\/wp-content\/uploads\/2025\/09\/Opel-Mokka-GSE-1024x683.jpg 1024w, https:\/\/torkspor.com\/wp-content\/uploads\/2025\/09\/Opel-Mokka-GSE-300x200.jpg 300w, https:\/\/torkspor.com\/wp-content\/uploads\/2025\/09\/Opel-Mokka-GSE-768x512.jpg 768w, https:\/\/torkspor.com\/wp-content\/uploads\/2025\/09\/Opel-Mokka-GSE-1536x1024.jpg 1536w, https:\/\/torkspor.com\/wp-content\/uploads\/2025\/09\/Opel-Mokka-GSE.jpg 1546w\" sizes=\"(max-width: 1024px) 100vw, 1024px\" \/><\/figure>\n\n\n\n<p>Avrupa\u2019da sipari\u015fe a\u00e7\u0131lan <strong>Opel Mokka GSE<\/strong>, y\u00fcksek performans\u0131yla ralli ruhunu g\u00fcnl\u00fck s\u00fcr\u00fc\u015flere ta\u015f\u0131yor.<br>Fuarda ayr\u0131ca <strong>Mokka GSE Rally<\/strong> de tan\u0131t\u0131ld\u0131. Bu model, tamamen elektrikli olarak <strong>FIA eRally5<\/strong> y\u00f6netmeliklerine uygun geli\u015ftirilen ilk otomobil oldu.<\/p>\n\n\n\n<h2 class=\"wp-block-heading\">Grandland Electric: 4 \u00c7eker Elektrikli SUV<\/h2>\n\n\n\n<figure class=\"wp-block-image size-large\"><img loading=\"lazy\" decoding=\"async\" width=\"1024\" height=\"682\" src=\"https:\/\/torkspor.com\/wp-content\/uploads\/2025\/09\/Opel-Corsa-GSE-Vision-GranTurismo-1024x682.jpg\" alt=\"\" class=\"wp-image-3077\" srcset=\"https:\/\/torkspor.com\/wp-content\/uploads\/2025\/09\/Opel-Corsa-GSE-Vision-GranTurismo-1024x682.jpg 1024w, https:\/\/torkspor.com\/wp-content\/uploads\/2025\/09\/Opel-Corsa-GSE-Vision-GranTurismo-300x200.jpg 300w, https:\/\/torkspor.com\/wp-content\/uploads\/2025\/09\/Opel-Corsa-GSE-Vision-GranTurismo-768x512.jpg 768w, https:\/\/torkspor.com\/wp-content\/uploads\/2025\/09\/Opel-Corsa-GSE-Vision-GranTurismo-1536x1024.jpg 1536w, https:\/\/torkspor.com\/wp-content\/uploads\/2025\/09\/Opel-Corsa-GSE-Vision-GranTurismo.jpg 1625w\" sizes=\"(max-width: 1024px) 100vw, 1024px\" \/><\/figure>\n\n\n\n<p>Fuarda sergilenen bir di\u011fer y\u0131ld\u0131z ise <strong>Opel Grandland Electric AWD<\/strong> oldu. Markan\u0131n d\u00f6rt \u00e7ekerli ilk elektrikli SUV\u2019u olan Grandland, 500 kilometreyi a\u015fan menziliyle dikkat \u00e7ekti. Opel, \u00e7ok yak\u0131nda 700 kilometreye kadar menzil sunacak yeni bir Grandland versiyonunun da yolda oldu\u011funu duyurdu.<\/p>\n\n\n\n<h2 class=\"wp-block-heading\">Opel\u2019in Gelecek Vizyonu: Race, Drive, Play<\/h2>\n\n\n\n<p>Opel, GSE felsefesini \u00fc\u00e7 temel \u00fczerine in\u015fa ediyor: <strong>Race, Drive ve Play (Yar\u0131\u015f, S\u00fcr ve Oyna)<\/strong>.<br>Bu vizyonla, profesyonel yar\u0131\u015f\u00e7\u0131lardan oyun tutkunlar\u0131na kadar geni\u015f bir kitleye hitap etmeyi hedefliyor.<\/p>\n\n\n\n<hr class=\"wp-block-separator has-alpha-channel-opacity\"\/>\n\n\n\n<h2 class=\"wp-block-heading\">Opel Hakk\u0131nda<\/h2>\n\n\n\n<p>1862\u2019de Almanya\u2019da kurulan Opel, bug\u00fcn <strong>Stellantis NV<\/strong> \u00e7at\u0131s\u0131 alt\u0131nda faaliyetlerini s\u00fcrd\u00fcr\u00fcyor. Elektrikli mobiliteye \u00f6nc\u00fcl\u00fck eden marka, yeni nesil modelleriyle s\u00fcrd\u00fcr\u00fclebilir ula\u015f\u0131mda iddias\u0131n\u0131 her ge\u00e7en g\u00fcn g\u00fc\u00e7lendiriyor.<\/p>\n","protected":false},"excerpt":{"rendered":"<p>Corsa GSE Vision Gran Turismo ve Yeni Opel Mokka GSE d\u00fcnya pr\u00f6miyerini yapt\u0131 Alman otomotiv devi Opel, M\u00fcnih\u2019te d\u00fczenlenen IAA<\/p>\n","protected":false},"author":2,"featured_media":3074,"comment_status":"open","ping_status":"open","sticky":false,"template":"","format":"standard","meta":{"footnotes":""},"categories":[14,5,140],"tags":[483,502,503,86,509,510,505,507,504,506,501,508,511],"class_list":["post-3073","post","type-post","status-publish","format-standard","has-post-thumbnail","hentry","category-dunya","category-haberler","category-otomobil","tag-elektrikli-suv","tag-gran-turismo-7-opel","tag-iaa-mobility-2025","tag-opel","tag-opel-corsa-gse-vision-gran-turismo","tag-opel-elektrikli-arac","tag-opel-grandland-electric","tag-opel-gse","tag-opel-konsept-otomobil","tag-opel-mokka-gse","tag-opel-mokka-gse-rally","tag-opel-ralli-araci","tag-opel-turkiye"],"magazineBlocksPostFeaturedMedia":{"thumbnail":"https:\/\/torkspor.com\/wp-content\/uploads\/2025\/09\/Opel-Corsa-GSE-Vision-GranTurismo-ve-Opel-Mokka-GSE-150x150.jpg","medium":"https:\/\/torkspor.com\/wp-content\/uploads\/2025\/09\/Opel-Corsa-GSE-Vision-GranTurismo-ve-Opel-Mokka-GSE-300x200.jpg","medium_large":"https:\/\/torkspor.com\/wp-content\/uploads\/2025\/09\/Opel-Corsa-GSE-Vision-GranTurismo-ve-Opel-Mokka-GSE-768x512.jpg","large":"https:\/\/torkspor.com\/wp-content\/uploads\/2025\/09\/Opel-Corsa-GSE-Vision-GranTurismo-ve-Opel-Mokka-GSE-1024x682.jpg","1536x1536":"https:\/\/torkspor.com\/wp-content\/uploads\/2025\/09\/Opel-Corsa-GSE-Vision-GranTurismo-ve-Opel-Mokka-GSE.jpg","2048x2048":"https:\/\/torkspor.com\/wp-content\/uploads\/2025\/09\/Opel-Corsa-GSE-Vision-GranTurismo-ve-Opel-Mokka-GSE.jpg","colormag-highlighted-post":"https:\/\/torkspor.com\/wp-content\/uploads\/2025\/09\/Opel-Corsa-GSE-Vision-GranTurismo-ve-Opel-Mokka-GSE-392x272.jpg","colormag-featured-post-medium":"https:\/\/torkspor.com\/wp-content\/uploads\/2025\/09\/Opel-Corsa-GSE-Vision-GranTurismo-ve-Opel-Mokka-GSE-390x205.jpg","colormag-featured-post-small":"https:\/\/torkspor.com\/wp-content\/uploads\/2025\/09\/Opel-Corsa-GSE-Vision-GranTurismo-ve-Opel-Mokka-GSE-130x90.jpg","colormag-featured-image":"https:\/\/torkspor.com\/wp-content\/uploads\/2025\/09\/Opel-Corsa-GSE-Vision-GranTurismo-ve-Opel-Mokka-GSE-800x445.jpg","colormag-default-news":"https:\/\/torkspor.com\/wp-content\/uploads\/2025\/09\/Opel-Corsa-GSE-Vision-GranTurismo-ve-Opel-Mokka-GSE-150x150.jpg","colormag-featured-image-large":"https:\/\/torkspor.com\/wp-content\/uploads\/2025\/09\/Opel-Corsa-GSE-Vision-GranTurismo-ve-Opel-Mokka-GSE-1400x600.jpg","colormag-elementor-block-extra-large-thumbnail":"https:\/\/torkspor.com\/wp-content\/uploads\/2025\/09\/Opel-Corsa-GSE-Vision-GranTurismo-ve-Opel-Mokka-GSE-1155x480.jpg","colormag-elementor-grid-large-thumbnail":"https:\/\/torkspor.com\/wp-content\/uploads\/2025\/09\/Opel-Corsa-GSE-Vision-GranTurismo-ve-Opel-Mokka-GSE-600x417.jpg","colormag-elementor-grid-small-thumbnail":"https:\/\/torkspor.com\/wp-content\/uploads\/2025\/09\/Opel-Corsa-GSE-Vision-GranTurismo-ve-Opel-Mokka-GSE-285x450.jpg","colormag-elementor-grid-medium-large-thumbnail":"https:\/\/torkspor.com\/wp-content\/uploads\/2025\/09\/Opel-Corsa-GSE-Vision-GranTurismo-ve-Opel-Mokka-GSE-575x198.jpg"},"magazineBlocksPostAuthor":{"name":"Okan \u00c7etiner","avatar":"https:\/\/secure.gravatar.com\/avatar\/0b8d387b873c3962ae491deaf4b94a08a9b0dbc2778155c139691933252f8856?s=96&d=mm&r=g"},"magazineBlocksPostCommentsNumber":"0","magazineBlocksPostExcerpt":"Corsa GSE Vision Gran Turismo ve Yeni Opel Mokka GSE d\u00fcnya pr\u00f6miyerini yapt\u0131 Alman otomotiv devi Opel, M\u00fcnih\u2019te d\u00fczenlenen IAA","magazineBlocksPostCategories":["D\u00fcnya","Haberler","otomobil"],"magazine_blocks_featured_image_url":{"full":["https:\/\/torkspor.com\/wp-content\/uploads\/2025\/09\/Opel-Corsa-GSE-Vision-GranTurismo-ve-Opel-Mokka-GSE.jpg",1457,971,false],"medium":["https:\/\/torkspor.com\/wp-content\/uploads\/2025\/09\/Opel-Corsa-GSE-Vision-GranTurismo-ve-Opel-Mokka-GSE-300x200.jpg",300,200,true],"thumbnail":["https:\/\/torkspor.com\/wp-content\/uploads\/2025\/09\/Opel-Corsa-GSE-Vision-GranTurismo-ve-Opel-Mokka-GSE-150x150.jpg",150,150,true]},"magazine_blocks_author":{"display_name":"Okan \u00c7etiner","author_link":"https:\/\/torkspor.com\/?author=2"},"magazine_blocks_comment":0,"magazine_blocks_author_image":"https:\/\/secure.gravatar.com\/avatar\/0b8d387b873c3962ae491deaf4b94a08a9b0dbc2778155c139691933252f8856?s=96&d=mm&r=g","magazine_blocks_category":"<a href=\"https:\/\/torkspor.com\/?cat=14\" rel=\"category\">D\u00fcnya<\/a> <a href=\"https:\/\/torkspor.com\/?cat=5\" rel=\"category\">Haberler<\/a> <a href=\"https:\/\/torkspor.com\/?cat=140\" rel=\"category\">otomobil<\/a>","_links":{"self":[{"href":"https:\/\/torkspor.com\/index.php?rest_route=\/wp\/v2\/posts\/3073","targetHints":{"allow":["GET"]}}],"collection":[{"href":"https:\/\/torkspor.com\/index.php?rest_route=\/wp\/v2\/posts"}],"about":[{"href":"https:\/\/torkspor.com\/index.php?rest_route=\/wp\/v2\/types\/post"}],"author":[{"embeddable":true,"href":"https:\/\/torkspor.com\/index.php?rest_route=\/wp\/v2\/users\/2"}],"replies":[{"embeddable":true,"href":"https:\/\/torkspor.com\/index.php?rest_route=%2Fwp%2Fv2%2Fcomments&post=3073"}],"version-history":[{"count":1,"href":"https:\/\/torkspor.com\/index.php?rest_route=\/wp\/v2\/posts\/3073\/revisions"}],"predecessor-version":[{"id":3078,"href":"https:\/\/torkspor.com\/index.php?rest_route=\/wp\/v2\/posts\/3073\/revisions\/3078"}],"wp:featuredmedia":[{"embeddable":true,"href":"https:\/\/torkspor.com\/index.php?rest_route=\/wp\/v2\/media\/3074"}],"wp:attachment":[{"href":"https:\/\/torkspor.com\/index.php?rest_route=%2Fwp%2Fv2%2Fmedia&parent=3073"}],"wp:term":[{"taxonomy":"category","embeddable":true,"href":"https:\/\/torkspor.com\/index.php?rest_route=%2Fwp%2Fv2%2Fcategories&post=3073"},{"taxonomy":"post_tag","embeddable":true,"href":"https:\/\/torkspor.com\/index.php?rest_route=%2Fwp%2Fv2%2Ftags&post=3073"}],"curies":[{"name":"wp","href":"https:\/\/api.w.org\/{rel}","templated":true}]}}