{"id":3092,"date":"2025-09-23T18:59:44","date_gmt":"2025-09-23T15:59:44","guid":{"rendered":"https:\/\/torkspor.com\/?p=3092"},"modified":"2025-09-23T18:59:46","modified_gmt":"2025-09-23T15:59:46","slug":"ferrari-testarossa-efsanesi-1050-beygir-gucuyle-yeniden-doguyor","status":"publish","type":"post","link":"https:\/\/torkspor.com\/?p=3092","title":{"rendered":"\u201cFERRAR\u0130 TESTAROSSA EFSANES\u0130, 1050 BEYG\u0130R G\u00dcC\u00dcYLE YEN\u0130DEN DO\u011eUYOR!\u201d"},"content":{"rendered":"\n<p>Ferrari, tarihinin en ikonik modellerinden biri olan <strong>Testarossa<\/strong> ismini yeniden hayata d\u00f6nd\u00fcrd\u00fc. \u0130talyan marka, <strong>849 Testarossa<\/strong> ad\u0131n\u0131 verdi\u011fi yeni plug-in hibrit s\u00fcperspor otomobilini d\u00fcnyaya tan\u0131tt\u0131. Bu otomobil sadece bir makine de\u011fil; h\u0131z, teknoloji ve duygular\u0131n birle\u015fiminden do\u011fmu\u015f bir sanat eseri. Gelin Ferrari\u2019nin yeni amiral gemisini yak\u0131ndan tan\u0131yal\u0131m.<\/p>\n\n\n\n<figure class=\"wp-block-image size-large\"><img fetchpriority=\"high\" decoding=\"async\" width=\"1024\" height=\"576\" src=\"https:\/\/torkspor.com\/wp-content\/uploads\/2025\/09\/Ferrari-849-Testarossa-1-1024x576.jpeg\" alt=\"\" class=\"wp-image-3093\" srcset=\"https:\/\/torkspor.com\/wp-content\/uploads\/2025\/09\/Ferrari-849-Testarossa-1-1024x576.jpeg 1024w, https:\/\/torkspor.com\/wp-content\/uploads\/2025\/09\/Ferrari-849-Testarossa-1-300x169.jpeg 300w, https:\/\/torkspor.com\/wp-content\/uploads\/2025\/09\/Ferrari-849-Testarossa-1-768x432.jpeg 768w, https:\/\/torkspor.com\/wp-content\/uploads\/2025\/09\/Ferrari-849-Testarossa-1-1536x864.jpeg 1536w, https:\/\/torkspor.com\/wp-content\/uploads\/2025\/09\/Ferrari-849-Testarossa-1-2048x1152.jpeg 2048w\" sizes=\"(max-width: 1024px) 100vw, 1024px\" \/><\/figure>\n\n\n\n<h2 class=\"wp-block-heading\">Ge\u00e7mi\u015ften G\u00fcn\u00fcm\u00fcze Testarossa Hik\u00e2yesi<\/h2>\n\n\n\n<p>Testarossa ismi Ferrari tarihinde \u00e7ok \u00f6zel bir yere sahip. \u0130lk kez <strong>1950\u2019lerin sonlar\u0131nda<\/strong>, yar\u0131\u015f pistlerinde kullan\u0131lan 500 TR modelinde ortaya \u00e7\u0131kt\u0131. \u201cTesta Rossa\u201d yani \u201cK\u0131rm\u0131z\u0131 Kafa\u201d tabiri, motor kapaklar\u0131n\u0131n k\u0131rm\u0131z\u0131 renkte olmas\u0131ndan geliyordu.<\/p>\n\n\n\n<p>1984 y\u0131l\u0131na gelindi\u011finde Ferrari, bu ismi yol otomobillerine ta\u015f\u0131d\u0131. O d\u00f6nem \u00fcretilen <strong>Ferrari Testarossa<\/strong>, geni\u015f arka \u00e7amurluklar\u0131, yatay hava giri\u015fleri ve safkan performans\u0131yla otomotiv d\u00fcnyas\u0131nda bir ikon haline geldi.<\/p>\n\n\n\n<p>\u015eimdi, 40 y\u0131l sonra Ferrari, bu efsanevi ad\u0131 yeniden g\u00fcn y\u00fcz\u00fcne \u00e7\u0131kar\u0131yor. Ama bu kez \u00e7ok daha ileri teknoloji ve \u00e7evreci bir hibrit g\u00fc\u00e7 \u00fcnitesiyle.<\/p>\n\n\n\n<figure class=\"wp-block-image size-large\"><img decoding=\"async\" width=\"1024\" height=\"576\" src=\"https:\/\/torkspor.com\/wp-content\/uploads\/2025\/09\/Ferrari-849-Testarossa-2-1024x576.jpeg\" alt=\"\" class=\"wp-image-3094\" srcset=\"https:\/\/torkspor.com\/wp-content\/uploads\/2025\/09\/Ferrari-849-Testarossa-2-1024x576.jpeg 1024w, https:\/\/torkspor.com\/wp-content\/uploads\/2025\/09\/Ferrari-849-Testarossa-2-300x169.jpeg 300w, https:\/\/torkspor.com\/wp-content\/uploads\/2025\/09\/Ferrari-849-Testarossa-2-768x432.jpeg 768w, https:\/\/torkspor.com\/wp-content\/uploads\/2025\/09\/Ferrari-849-Testarossa-2-1536x864.jpeg 1536w, https:\/\/torkspor.com\/wp-content\/uploads\/2025\/09\/Ferrari-849-Testarossa-2-2048x1152.jpeg 2048w\" sizes=\"(max-width: 1024px) 100vw, 1024px\" \/><\/figure>\n\n\n\n<hr class=\"wp-block-separator has-alpha-channel-opacity\"\/>\n\n\n\n<h2 class=\"wp-block-heading\">1050 Beygirlik G\u00fc\u00e7 Makinesi<\/h2>\n\n\n\n<p>Yeni <strong>849 Testarossa\u2019n\u0131n kalbinde<\/strong> \u00e7ift turbo beslemeli 8 silindirli bir motor var. Bu motor tek ba\u015f\u0131na <strong>830 beygir<\/strong> \u00fcretiyor. Ancak i\u015fin as\u0131l heyecan verici k\u0131sm\u0131, motorun \u00fc\u00e7 elektrik motoruyla desteklenmesi.<\/p>\n\n\n\n<p>\u00d6n aksta iki, arka aksta bir olmak \u00fczere toplam \u00fc\u00e7 elektrikli motor, araca <strong>220 beygir<\/strong> daha kazand\u0131r\u0131yor. B\u00f6ylece toplam g\u00fc\u00e7 tam <strong>1050 beygire<\/strong> ula\u015f\u0131yor.<\/p>\n\n\n\n<ul class=\"wp-block-list\">\n<li><strong>0\u2013100 km\/s h\u0131zlanma:<\/strong> 2,3 saniye<\/li>\n\n\n\n<li><strong>0\u2013200 km\/s h\u0131zlanma:<\/strong> 6,35 saniye<\/li>\n\n\n\n<li><strong>Maksimum h\u0131z:<\/strong> 330 km\/s<\/li>\n<\/ul>\n\n\n\n<p>Yani 849 Testarossa, sadece pistte de\u011fil, g\u00fcnl\u00fck kullan\u0131mda da d\u00fcnyan\u0131n en h\u0131zl\u0131 otomobillerinden biri olmaya aday.<\/p>\n\n\n\n<hr class=\"wp-block-separator has-alpha-channel-opacity\"\/>\n\n\n\n<h2 class=\"wp-block-heading\">Elektrikli S\u00fcr\u00fc\u015f Deneyimi<\/h2>\n\n\n\n<p>Ferrari ilk kez bu kadar g\u00fc\u00e7l\u00fc bir hibrit sistemle Testarossa efsanesini bulu\u015fturuyor. Ara\u00e7, sadece elektrik g\u00fcc\u00fcyle <strong>25 kilometre<\/strong> yol katedebiliyor. Yani k\u0131sa mesafelerde sessiz, \u00e7evre dostu ve s\u0131f\u0131r emisyonlu bir s\u00fcr\u00fc\u015f imk\u00e2n\u0131 sunuyor.<\/p>\n\n\n\n<p>Ancak h\u0131zlanmak istedi\u011finizde, V8 motor devreye giriyor ve Testarossa\u2019n\u0131n ger\u00e7ek ruhunu hissettiriyor.<\/p>\n\n\n\n<figure class=\"wp-block-image size-large\"><img decoding=\"async\" width=\"1024\" height=\"576\" src=\"https:\/\/torkspor.com\/wp-content\/uploads\/2025\/09\/Ferrari-849-Testarossa-3-1024x576.jpeg\" alt=\"\" class=\"wp-image-3095\" srcset=\"https:\/\/torkspor.com\/wp-content\/uploads\/2025\/09\/Ferrari-849-Testarossa-3-1024x576.jpeg 1024w, https:\/\/torkspor.com\/wp-content\/uploads\/2025\/09\/Ferrari-849-Testarossa-3-300x169.jpeg 300w, https:\/\/torkspor.com\/wp-content\/uploads\/2025\/09\/Ferrari-849-Testarossa-3-768x432.jpeg 768w, https:\/\/torkspor.com\/wp-content\/uploads\/2025\/09\/Ferrari-849-Testarossa-3-1536x864.jpeg 1536w, https:\/\/torkspor.com\/wp-content\/uploads\/2025\/09\/Ferrari-849-Testarossa-3-2048x1152.jpeg 2048w\" sizes=\"(max-width: 1024px) 100vw, 1024px\" \/><\/figure>\n\n\n\n<hr class=\"wp-block-separator has-alpha-channel-opacity\"\/>\n\n\n\n<h2 class=\"wp-block-heading\">Yola Yap\u0131\u015fan Aerodinamik<\/h2>\n\n\n\n<p>Ferrari m\u00fchendisleri, bu otomobili sadece g\u00fc\u00e7l\u00fc yapmakla kalmad\u0131; ayn\u0131 zamanda yere adeta yap\u0131\u015ft\u0131rd\u0131. Aktif arka spoyler, yeniden tasarlanm\u0131\u015f dif\u00fcz\u00f6rler ve hava kanallar\u0131 sayesinde 849 Testarossa, <strong>250 km\/s h\u0131zda 415 kilograml\u0131k yere basma kuvveti<\/strong> \u00fcretiyor.<\/p>\n\n\n\n<p>Bu da virajlarda \u00e7ok daha g\u00fcvenli, y\u00fcksek h\u0131zlarda ise \u00e7ok daha dengeli bir s\u00fcr\u00fc\u015f demek.<\/p>\n\n\n\n<hr class=\"wp-block-separator has-alpha-channel-opacity\"\/>\n\n\n\n<h2 class=\"wp-block-heading\">\u0130\u00e7 Mek\u00e2nda Yar\u0131\u015f DNA\u2019s\u0131<\/h2>\n\n\n\n<p>Ferrari\u2019nin kokpit tasar\u0131m\u0131, adeta bir yar\u0131\u015f arac\u0131n\u0131 and\u0131r\u0131yor.<\/p>\n\n\n\n<ul class=\"wp-block-list\">\n<li>Yeni direksiyon simidi \u00fczerinde hem dijital hem de mekanik butonlar bulunuyor.<\/li>\n\n\n\n<li>Vites ge\u00e7i\u015fleri i\u00e7in Ferrari\u2019nin ikonik metal plakal\u0131 sistemi modern \u015fekilde geri d\u00f6n\u00fcyor.<\/li>\n\n\n\n<li>Karbon fiber kaplamalar ve yar\u0131\u015f koltuklar\u0131, s\u00fcr\u00fcc\u00fcy\u00fc bamba\u015fka bir d\u00fcnyaya ta\u015f\u0131yor.<\/li>\n<\/ul>\n\n\n\n<p>Ama ayn\u0131 zamanda g\u00fcnl\u00fck kullan\u0131m i\u00e7in konfor da unutulmam\u0131\u015f. Apple CarPlay, Android Auto, kablosuz \u015farj ve geli\u015fmi\u015f ekran sistemleriyle modern bir otomobilin t\u00fcm beklentilerini kar\u015f\u0131l\u0131yor.<\/p>\n\n\n\n<hr class=\"wp-block-separator has-alpha-channel-opacity\"\/>\n\n\n\n<h2 class=\"wp-block-heading\">Ferrari\u2019nin Zirvesi<\/h2>\n\n\n\n<p>Ferrari, 849 Testarossa\u2019y\u0131 \u00fcr\u00fcn gam\u0131n\u0131n en \u00fcst\u00fcne koyuyor. Yani \u015fu anda sat\u0131n alabilece\u011finiz en g\u00fc\u00e7l\u00fc, en geli\u015fmi\u015f Ferrari bu. Hem markan\u0131n tarihine sayg\u0131 duru\u015fu, hem de gelece\u011fe dair bir vizyon.<\/p>\n\n\n\n<p>\u00dcstelik Ferrari, bu otomobili alan t\u00fcm m\u00fc\u015fterilerine <strong>7 y\u0131ll\u0131k \u00fccretsiz bak\u0131m<\/strong> hizmeti de sunuyor. Yani arac\u0131n performans\u0131, y\u0131llar boyunca fabrika \u00e7\u0131k\u0131\u015f\u0131ndaki kadar kusursuz kalacak.<\/p>\n\n\n\n<hr class=\"wp-block-separator has-alpha-channel-opacity\"\/>\n\n\n\n<h2 class=\"wp-block-heading\">Sonu\u00e7: Efsane Yeniden Do\u011fdu<\/h2>\n\n\n\n<p>Ferrari 849 Testarossa, sadece teknik verileriyle de\u011fil, ruhuyla da etkileyici bir otomobil. Bir yanda ge\u00e7mi\u015ften gelen efsanevi bir isim, di\u011fer yanda hibrit \u00e7a\u011f\u0131n en ileri teknolojileri.<\/p>\n\n\n\n<p>Bu otomobil, Ferrari\u2019nin sadece h\u0131z makinesi \u00fcretmedi\u011fini; ayn\u0131 zamanda duygulara hitap eden birer sanat eseri ortaya koydu\u011funu bir kez daha kan\u0131tl\u0131yor.<\/p>\n\n\n\n<p><strong>\u201cTestarossa geri d\u00f6nd\u00fc, hem de hi\u00e7 olmad\u0131\u011f\u0131 kadar g\u00fc\u00e7l\u00fc.\u201d<\/strong><\/p>\n\n\n\n<p><a href=\"https:\/\/www.ferrari.com\/en-TR\">https:\/\/www.ferrari.com\/en-TR<\/a><\/p>\n","protected":false},"excerpt":{"rendered":"<p>Ferrari, tarihinin en ikonik modellerinden biri olan Testarossa ismini yeniden hayata d\u00f6nd\u00fcrd\u00fc. \u0130talyan marka, 849 Testarossa ad\u0131n\u0131 verdi\u011fi yeni plug-in<\/p>\n","protected":false},"author":2,"featured_media":3095,"comment_status":"open","ping_status":"open","sticky":false,"template":"","format":"standard","meta":{"footnotes":""},"categories":[1,5,140,4],"tags":[535,545,537,539,548,534,551,547,549,544,541,536,542,550,543,538,533,540,546],"class_list":["post-3092","post","type-post","status-publish","format-standard","has-post-thumbnail","hentry","category-genel","category-haberler","category-otomobil","category-ozelhaberler","tag-1050-beygir-ferrari","tag-ferrari-0-100-hizlanma","tag-ferrari-2025","tag-ferrari-849-testarossa","tag-ferrari-aerodinamik-tasarim","tag-ferrari-efsane-geri-dondu","tag-ferrari-elektrikli-surus","tag-ferrari-hibrit-guc-aktarma","tag-ferrari-hibrit-motor","tag-ferrari-hibrit-plug-in","tag-ferrari-hibrit-super-spor","tag-ferrari-hibrit-teknoloji","tag-ferrari-hibrit-v8","tag-ferrari-otomobil-tanitimi","tag-ferrari-sf90-stradale-halefi","tag-ferrari-super-otomobil","tag-ferrari-testarossa","tag-ferrari-yeni-model","tag-ferrari-yeni-testarossa"],"magazineBlocksPostFeaturedMedia":{"thumbnail":"https:\/\/torkspor.com\/wp-content\/uploads\/2025\/09\/Ferrari-849-Testarossa-3-150x150.jpeg","medium":"https:\/\/torkspor.com\/wp-content\/uploads\/2025\/09\/Ferrari-849-Testarossa-3-300x169.jpeg","medium_large":"https:\/\/torkspor.com\/wp-content\/uploads\/2025\/09\/Ferrari-849-Testarossa-3-768x432.jpeg","large":"https:\/\/torkspor.com\/wp-content\/uploads\/2025\/09\/Ferrari-849-Testarossa-3-1024x576.jpeg","1536x1536":"https:\/\/torkspor.com\/wp-content\/uploads\/2025\/09\/Ferrari-849-Testarossa-3-1536x864.jpeg","2048x2048":"https:\/\/torkspor.com\/wp-content\/uploads\/2025\/09\/Ferrari-849-Testarossa-3-2048x1152.jpeg","colormag-highlighted-post":"https:\/\/torkspor.com\/wp-content\/uploads\/2025\/09\/Ferrari-849-Testarossa-3-392x272.jpeg","colormag-featured-post-medium":"https:\/\/torkspor.com\/wp-content\/uploads\/2025\/09\/Ferrari-849-Testarossa-3-390x205.jpeg","colormag-featured-post-small":"https:\/\/torkspor.com\/wp-content\/uploads\/2025\/09\/Ferrari-849-Testarossa-3-130x90.jpeg","colormag-featured-image":"https:\/\/torkspor.com\/wp-content\/uploads\/2025\/09\/Ferrari-849-Testarossa-3-800x445.jpeg","colormag-default-news":"https:\/\/torkspor.com\/wp-content\/uploads\/2025\/09\/Ferrari-849-Testarossa-3-150x150.jpeg","colormag-featured-image-large":"https:\/\/torkspor.com\/wp-content\/uploads\/2025\/09\/Ferrari-849-Testarossa-3-1400x600.jpeg","colormag-elementor-block-extra-large-thumbnail":"https:\/\/torkspor.com\/wp-content\/uploads\/2025\/09\/Ferrari-849-Testarossa-3-1155x480.jpeg","colormag-elementor-grid-large-thumbnail":"https:\/\/torkspor.com\/wp-content\/uploads\/2025\/09\/Ferrari-849-Testarossa-3-600x417.jpeg","colormag-elementor-grid-small-thumbnail":"https:\/\/torkspor.com\/wp-content\/uploads\/2025\/09\/Ferrari-849-Testarossa-3-285x450.jpeg","colormag-elementor-grid-medium-large-thumbnail":"https:\/\/torkspor.com\/wp-content\/uploads\/2025\/09\/Ferrari-849-Testarossa-3-575x198.jpeg"},"magazineBlocksPostAuthor":{"name":"Okan \u00c7etiner","avatar":"https:\/\/secure.gravatar.com\/avatar\/0b8d387b873c3962ae491deaf4b94a08a9b0dbc2778155c139691933252f8856?s=96&d=mm&r=g"},"magazineBlocksPostCommentsNumber":"0","magazineBlocksPostExcerpt":"Ferrari, tarihinin en ikonik modellerinden biri olan Testarossa ismini yeniden hayata d\u00f6nd\u00fcrd\u00fc. \u0130talyan marka, 849 Testarossa ad\u0131n\u0131 verdi\u011fi yeni plug-in","magazineBlocksPostCategories":["Genel","Haberler","otomobil","\u00d6zel Haberler"],"magazine_blocks_featured_image_url":{"full":["https:\/\/torkspor.com\/wp-content\/uploads\/2025\/09\/Ferrari-849-Testarossa-3-scaled.jpeg",2560,1440,false],"medium":["https:\/\/torkspor.com\/wp-content\/uploads\/2025\/09\/Ferrari-849-Testarossa-3-300x169.jpeg",300,169,true],"thumbnail":["https:\/\/torkspor.com\/wp-content\/uploads\/2025\/09\/Ferrari-849-Testarossa-3-150x150.jpeg",150,150,true]},"magazine_blocks_author":{"display_name":"Okan \u00c7etiner","author_link":"https:\/\/torkspor.com\/?author=2"},"magazine_blocks_comment":4,"magazine_blocks_author_image":"https:\/\/secure.gravatar.com\/avatar\/0b8d387b873c3962ae491deaf4b94a08a9b0dbc2778155c139691933252f8856?s=96&d=mm&r=g","magazine_blocks_category":"<a href=\"https:\/\/torkspor.com\/?cat=1\" rel=\"category\">Genel<\/a> <a href=\"https:\/\/torkspor.com\/?cat=5\" rel=\"category\">Haberler<\/a> <a href=\"https:\/\/torkspor.com\/?cat=140\" rel=\"category\">otomobil<\/a> <a href=\"https:\/\/torkspor.com\/?cat=4\" rel=\"category\">\u00d6zel Haberler<\/a>","_links":{"self":[{"href":"https:\/\/torkspor.com\/index.php?rest_route=\/wp\/v2\/posts\/3092","targetHints":{"allow":["GET"]}}],"collection":[{"href":"https:\/\/torkspor.com\/index.php?rest_route=\/wp\/v2\/posts"}],"about":[{"href":"https:\/\/torkspor.com\/index.php?rest_route=\/wp\/v2\/types\/post"}],"author":[{"embeddable":true,"href":"https:\/\/torkspor.com\/index.php?rest_route=\/wp\/v2\/users\/2"}],"replies":[{"embeddable":true,"href":"https:\/\/torkspor.com\/index.php?rest_route=%2Fwp%2Fv2%2Fcomments&post=3092"}],"version-history":[{"count":1,"href":"https:\/\/torkspor.com\/index.php?rest_route=\/wp\/v2\/posts\/3092\/revisions"}],"predecessor-version":[{"id":3096,"href":"https:\/\/torkspor.com\/index.php?rest_route=\/wp\/v2\/posts\/3092\/revisions\/3096"}],"wp:featuredmedia":[{"embeddable":true,"href":"https:\/\/torkspor.com\/index.php?rest_route=\/wp\/v2\/media\/3095"}],"wp:attachment":[{"href":"https:\/\/torkspor.com\/index.php?rest_route=%2Fwp%2Fv2%2Fmedia&parent=3092"}],"wp:term":[{"taxonomy":"category","embeddable":true,"href":"https:\/\/torkspor.com\/index.php?rest_route=%2Fwp%2Fv2%2Fcategories&post=3092"},{"taxonomy":"post_tag","embeddable":true,"href":"https:\/\/torkspor.com\/index.php?rest_route=%2Fwp%2Fv2%2Ftags&post=3092"}],"curies":[{"name":"wp","href":"https:\/\/api.w.org\/{rel}","templated":true}]}}