{"id":3115,"date":"2025-09-23T19:42:40","date_gmt":"2025-09-23T16:42:40","guid":{"rendered":"https:\/\/torkspor.com\/?p=3115"},"modified":"2025-09-23T19:43:02","modified_gmt":"2025-09-23T16:43:02","slug":"world-rx-of-turkiye-kristoffersson-sekizinci-kez-dunya-sampiyonu","status":"publish","type":"post","link":"https:\/\/torkspor.com\/?p=3115","title":{"rendered":"World RX of T\u00fcrkiye: Kristoffersson Sekizinci Kez D\u00fcnya \u015eampiyonu!"},"content":{"rendered":"\n<p>20-21 Eyl\u00fcl hafta sonunda, \u0130stanbul Park pisti bu kez Formula 1 ara\u00e7lar\u0131na de\u011fil, d\u00fcnyan\u0131n en h\u0131zl\u0131 rallikros pilotlar\u0131na ev sahipli\u011fi yapt\u0131. TOSFED\u2019in organizasyonuyla d\u00fczenlenen <strong>2025 FIA D\u00fcnya ve Avrupa Rallikros \u015eampiyonas\u0131<\/strong> finalinde, binlerce motorsporlar\u0131 tutkunu yar\u0131 asfalt yar\u0131 toprak parkurda adeta nefesini tuttu. T\u00fcrkiye Otomobil Sporlar\u0131 Federasyonu\u2019nun Gen\u00e7lik ve Spor Bakanl\u0131\u011f\u0131, K\u00fclt\u00fcr ve Turizm Bakanl\u0131\u011f\u0131, Ula\u015ft\u0131rma ve Altyap\u0131 Bakanl\u0131\u011f\u0131, Spor Toto, \u0130stanbul B\u00fcy\u00fck\u015fehir Belediyesi ve Tuzla Belediyesi\u2019nin katk\u0131lar\u0131yla d\u00fczenledi\u011fi organizasyon, <strong>22.000 biletli seyirci<\/strong> ile trib\u00fcnleri h\u0131nca h\u0131n\u00e7 doldurdu. FIA y\u00f6neticileri bu atmosferi \u201csezonun en ba\u015far\u0131l\u0131 rallikros organizasyonu\u201d olarak nitelendirdi.<\/p>\n\n\n\n<figure class=\"wp-block-image size-large\"><img fetchpriority=\"high\" decoding=\"async\" width=\"1024\" height=\"682\" src=\"https:\/\/torkspor.com\/wp-content\/uploads\/2025\/09\/2025-FIA-World-RX-Turkiye-0006-1024x682.jpg\" alt=\"\" class=\"wp-image-3116\" srcset=\"https:\/\/torkspor.com\/wp-content\/uploads\/2025\/09\/2025-FIA-World-RX-Turkiye-0006-1024x682.jpg 1024w, https:\/\/torkspor.com\/wp-content\/uploads\/2025\/09\/2025-FIA-World-RX-Turkiye-0006-300x200.jpg 300w, https:\/\/torkspor.com\/wp-content\/uploads\/2025\/09\/2025-FIA-World-RX-Turkiye-0006-768x512.jpg 768w, https:\/\/torkspor.com\/wp-content\/uploads\/2025\/09\/2025-FIA-World-RX-Turkiye-0006-1536x1024.jpg 1536w, https:\/\/torkspor.com\/wp-content\/uploads\/2025\/09\/2025-FIA-World-RX-Turkiye-0006.jpg 2000w\" sizes=\"(max-width: 1024px) 100vw, 1024px\" \/><\/figure>\n\n\n\n<p><strong>D\u00fcnya Rallikros\u2019ta Zirve M\u00fccadelesi<\/strong><\/p>\n\n\n\n<p>\u0130stanbul\u2019daki final, <strong>\u00e7ift yar\u0131\u015f format\u0131nda<\/strong> ko\u015fuldu ve sezonun kaderi burada belirlendi.<br>Cumartesi ve pazar g\u00fcn\u00fc yap\u0131lan iki ayr\u0131 finalde; toprak ve asfalt\u0131n birle\u015fti\u011fi 1 kilometrelik pistte temas\u0131n, stratejinin ve h\u0131z\u0131n s\u0131n\u0131rlar\u0131 zorland\u0131.<\/p>\n\n\n\n<figure class=\"wp-block-image size-large\"><img decoding=\"async\" width=\"1024\" height=\"682\" src=\"https:\/\/torkspor.com\/wp-content\/uploads\/2025\/09\/2025-FIA-World-RX-Turkiye-0012-1024x682.jpg\" alt=\"\" class=\"wp-image-3121\" srcset=\"https:\/\/torkspor.com\/wp-content\/uploads\/2025\/09\/2025-FIA-World-RX-Turkiye-0012-1024x682.jpg 1024w, https:\/\/torkspor.com\/wp-content\/uploads\/2025\/09\/2025-FIA-World-RX-Turkiye-0012-300x200.jpg 300w, https:\/\/torkspor.com\/wp-content\/uploads\/2025\/09\/2025-FIA-World-RX-Turkiye-0012-768x512.jpg 768w, https:\/\/torkspor.com\/wp-content\/uploads\/2025\/09\/2025-FIA-World-RX-Turkiye-0012-1536x1024.jpg 1536w, https:\/\/torkspor.com\/wp-content\/uploads\/2025\/09\/2025-FIA-World-RX-Turkiye-0012.jpg 2000w\" sizes=\"(max-width: 1024px) 100vw, 1024px\" \/><\/figure>\n\n\n\n<p>Kristoffersson Motorsport\u2019un \u0130sve\u00e7li pilotu <strong>Ole Christian Veiby<\/strong>, pazar g\u00fcnk\u00fc b\u00fcy\u00fck finali kazanarak kariyerinin en \u00f6zel zaferlerinden birine imza att\u0131. Ancak as\u0131l hik\u00e2ye tak\u0131m arkada\u015f\u0131 <strong>Johan Kristoffersson<\/strong>\u2019dayd\u0131\u2026 D\u00fcnya rallikrosunun ya\u015fayan efsanesi, \u0130stanbul Park\u2019ta damal\u0131 bayra\u011f\u0131 ikinci s\u0131rada g\u00f6rse de ald\u0131\u011f\u0131 puanlarla <strong>\u00fcst \u00fcste sekizinci FIA D\u00fcnya \u015eampiyonlu\u011fu\u2019nu ilan etti.<\/strong><\/p>\n\n\n\n<figure class=\"wp-block-image size-large\"><img decoding=\"async\" width=\"1024\" height=\"682\" src=\"https:\/\/torkspor.com\/wp-content\/uploads\/2025\/09\/2025-FIA-World-RX-Turkiye-0017-1024x682.jpg\" alt=\"\" class=\"wp-image-3120\" srcset=\"https:\/\/torkspor.com\/wp-content\/uploads\/2025\/09\/2025-FIA-World-RX-Turkiye-0017-1024x682.jpg 1024w, https:\/\/torkspor.com\/wp-content\/uploads\/2025\/09\/2025-FIA-World-RX-Turkiye-0017-300x200.jpg 300w, https:\/\/torkspor.com\/wp-content\/uploads\/2025\/09\/2025-FIA-World-RX-Turkiye-0017-768x512.jpg 768w, https:\/\/torkspor.com\/wp-content\/uploads\/2025\/09\/2025-FIA-World-RX-Turkiye-0017-1536x1024.jpg 1536w, https:\/\/torkspor.com\/wp-content\/uploads\/2025\/09\/2025-FIA-World-RX-Turkiye-0017.jpg 2000w\" sizes=\"(max-width: 1024px) 100vw, 1024px\" \/><\/figure>\n\n\n\n<p>16 ya\u015f\u0131ndaki Fin yetenek <strong>Joni Turpeinen<\/strong>\u2019in ilk kez b\u00fcy\u00fck finalde piste \u00e7\u0131kmas\u0131, rallikrosun gen\u00e7 jenerasyonunun da d\u00fcnya sahnesinde s\u00f6z sahibi olaca\u011f\u0131n\u0131 g\u00f6sterdi.<\/p>\n\n\n\n<figure class=\"wp-block-image size-large\"><img loading=\"lazy\" decoding=\"async\" width=\"1024\" height=\"682\" src=\"https:\/\/torkspor.com\/wp-content\/uploads\/2025\/09\/2025-FIA-World-RX-Turkiye-0014-1024x682.jpg\" alt=\"\" class=\"wp-image-3117\" srcset=\"https:\/\/torkspor.com\/wp-content\/uploads\/2025\/09\/2025-FIA-World-RX-Turkiye-0014-1024x682.jpg 1024w, https:\/\/torkspor.com\/wp-content\/uploads\/2025\/09\/2025-FIA-World-RX-Turkiye-0014-300x200.jpg 300w, https:\/\/torkspor.com\/wp-content\/uploads\/2025\/09\/2025-FIA-World-RX-Turkiye-0014-768x512.jpg 768w, https:\/\/torkspor.com\/wp-content\/uploads\/2025\/09\/2025-FIA-World-RX-Turkiye-0014-1536x1024.jpg 1536w, https:\/\/torkspor.com\/wp-content\/uploads\/2025\/09\/2025-FIA-World-RX-Turkiye-0014.jpg 2000w\" sizes=\"(max-width: 1024px) 100vw, 1024px\" \/><\/figure>\n\n\n\n<p><strong>Avrupa RX\u2019te \u015eampiyonlar<\/strong><\/p>\n\n\n\n<p>\u0130stanbul Park\u2019ta yaln\u0131zca D\u00fcnya RX de\u011fil, Avrupa \u015eampiyonalar\u0131 da noktaland\u0131.<\/p>\n\n\n\n<ul class=\"wp-block-list\">\n<li><strong>Euro RX1<\/strong> kategorisinde Rus s\u00fcr\u00fcc\u00fc <strong>Yury Belevskiy<\/strong>, sezona damga vuran temposunu T\u00fcrkiye\u2019de ta\u00e7land\u0131rarak Avrupa \u015eampiyonu oldu.<\/li>\n\n\n\n<li><strong>Euro RX3<\/strong>\u2019te ise Portekizli <strong>Jo\u00e3o Ribeiro<\/strong>, rakiplerini geride b\u0131rak\u0131p kupay\u0131 kald\u0131rd\u0131.<\/li>\n<\/ul>\n\n\n\n<p>Her iki kategoride de k\u0131yas\u0131ya rekabet ve son ana kadar s\u00fcren m\u00fccadele, izleyicilere unutulmaz anlar ya\u015fatt\u0131.<\/p>\n\n\n\n<figure class=\"wp-block-image size-large\"><img loading=\"lazy\" decoding=\"async\" width=\"1024\" height=\"682\" src=\"https:\/\/torkspor.com\/wp-content\/uploads\/2025\/09\/2025-FIA-World-RX-Turkiye-0002-1024x682.jpg\" alt=\"\" class=\"wp-image-3118\" srcset=\"https:\/\/torkspor.com\/wp-content\/uploads\/2025\/09\/2025-FIA-World-RX-Turkiye-0002-1024x682.jpg 1024w, https:\/\/torkspor.com\/wp-content\/uploads\/2025\/09\/2025-FIA-World-RX-Turkiye-0002-300x200.jpg 300w, https:\/\/torkspor.com\/wp-content\/uploads\/2025\/09\/2025-FIA-World-RX-Turkiye-0002-768x512.jpg 768w, https:\/\/torkspor.com\/wp-content\/uploads\/2025\/09\/2025-FIA-World-RX-Turkiye-0002-1536x1024.jpg 1536w, https:\/\/torkspor.com\/wp-content\/uploads\/2025\/09\/2025-FIA-World-RX-Turkiye-0002.jpg 2000w\" sizes=\"(max-width: 1024px) 100vw, 1024px\" \/><\/figure>\n\n\n\n<p><strong>T\u00fcrkiye\u2019den Trib\u00fcnlere Yans\u0131yan Co\u015fku<\/strong><\/p>\n\n\n\n<p>\u0130stanbul Park\u2019\u0131n trib\u00fcnleri, iki g\u00fcn boyunca sadece rallikros ara\u00e7lar\u0131n\u0131n sesiyle de\u011fil, seyircilerin co\u015fkusuyla da yank\u0131land\u0131. T\u00fcrkiye Drift \u015eampiyonas\u0131 pilotlar\u0131n\u0131n \u00f6zel \u015fovlar\u0131, organizasyona ayr\u0131 bir renk katt\u0131.<\/p>\n\n\n\n<p>TOSFED Ba\u015fkan\u0131 <strong>Eren \u00dc\u00e7lertopra\u011f\u0131<\/strong>, yar\u0131\u015f sonunda yapt\u0131\u011f\u0131 a\u00e7\u0131klamada \u015funlar\u0131 s\u00f6yledi:<br>\u201cUluslararas\u0131 Otomobil Federasyonu FIA\u2019n\u0131n asba\u015fkan\u0131 ve y\u00f6neticileri, organizasyonumuzu sezonun en ba\u015far\u0131l\u0131 rallikros yar\u0131\u015f\u0131 olarak de\u011ferlendirdi. Ba\u015fta bakanl\u0131klar\u0131m\u0131z olmak \u00fczere destek veren t\u00fcm kurum ve kurulu\u015flara, eme\u011fi ge\u00e7en g\u00f6revlilere ve iki g\u00fcn boyunca trib\u00fcnleri doldurarak heyecan\u0131m\u0131za ortak olan t\u00fcm seyircilerimize \u015f\u00fckranlar\u0131m\u0131z\u0131 sunuyoruz.\u201d<\/p>\n\n\n\n<figure class=\"wp-block-image size-large\"><img loading=\"lazy\" decoding=\"async\" width=\"1024\" height=\"682\" src=\"https:\/\/torkspor.com\/wp-content\/uploads\/2025\/09\/2025-FIA-World-RX-Turkiye-0016-1024x682.jpg\" alt=\"\" class=\"wp-image-3119\" srcset=\"https:\/\/torkspor.com\/wp-content\/uploads\/2025\/09\/2025-FIA-World-RX-Turkiye-0016-1024x682.jpg 1024w, https:\/\/torkspor.com\/wp-content\/uploads\/2025\/09\/2025-FIA-World-RX-Turkiye-0016-300x200.jpg 300w, https:\/\/torkspor.com\/wp-content\/uploads\/2025\/09\/2025-FIA-World-RX-Turkiye-0016-768x512.jpg 768w, https:\/\/torkspor.com\/wp-content\/uploads\/2025\/09\/2025-FIA-World-RX-Turkiye-0016-1536x1024.jpg 1536w, https:\/\/torkspor.com\/wp-content\/uploads\/2025\/09\/2025-FIA-World-RX-Turkiye-0016.jpg 2000w\" sizes=\"(max-width: 1024px) 100vw, 1024px\" \/><\/figure>\n\n\n\n<p><strong>Sonu\u00e7<\/strong><\/p>\n\n\n\n<p>B\u00f6ylece <strong>2025 FIA D\u00fcnya ve Avrupa Rallikros \u015eampiyonalar\u0131<\/strong>, T\u00fcrkiye\u2019de unutulmaz bir finalle noktaland\u0131.<br>Kristoffersson\u2019un sekizinci d\u00fcnya \u015fampiyonlu\u011fu, Belevskiy ve Ribeiro\u2019nun Avrupa zaferleri ve \u0130stanbul Park\u2019ta ya\u015fanan motorsporlar\u0131 \u015f\u00f6leni; hem \u00fclkemiz spor tarihine hem de rallikros d\u00fcnyas\u0131na alt\u0131n harflerle yaz\u0131ld\u0131.<\/p>\n\n\n\n<p>T\u00fcrkiye, bir kez daha uluslararas\u0131 motorsporlar\u0131n\u0131n merkezinde olmay\u0131 ba\u015fard\u0131.<\/p>\n\n\n\n<figure class=\"wp-block-gallery has-nested-images columns-default is-cropped wp-block-gallery-1 is-layout-flex wp-block-gallery-is-layout-flex\">\n<figure class=\"wp-block-image size-large\"><img loading=\"lazy\" decoding=\"async\" width=\"1024\" height=\"682\" data-id=\"3125\" src=\"https:\/\/torkspor.com\/wp-content\/uploads\/2025\/09\/2025-FIA-World-RX-Turkiye-000-1024x682.jpg\" alt=\"\" class=\"wp-image-3125\" srcset=\"https:\/\/torkspor.com\/wp-content\/uploads\/2025\/09\/2025-FIA-World-RX-Turkiye-000-1024x682.jpg 1024w, https:\/\/torkspor.com\/wp-content\/uploads\/2025\/09\/2025-FIA-World-RX-Turkiye-000-300x200.jpg 300w, https:\/\/torkspor.com\/wp-content\/uploads\/2025\/09\/2025-FIA-World-RX-Turkiye-000-768x512.jpg 768w, https:\/\/torkspor.com\/wp-content\/uploads\/2025\/09\/2025-FIA-World-RX-Turkiye-000-1536x1024.jpg 1536w, https:\/\/torkspor.com\/wp-content\/uploads\/2025\/09\/2025-FIA-World-RX-Turkiye-000.jpg 2000w\" sizes=\"(max-width: 1024px) 100vw, 1024px\" \/><\/figure>\n\n\n\n<figure class=\"wp-block-image size-large\"><img loading=\"lazy\" decoding=\"async\" width=\"1024\" height=\"682\" data-id=\"3127\" src=\"https:\/\/torkspor.com\/wp-content\/uploads\/2025\/09\/2025-FIA-World-RX-Turkiye-0003-1-1024x682.jpg\" alt=\"\" class=\"wp-image-3127\" srcset=\"https:\/\/torkspor.com\/wp-content\/uploads\/2025\/09\/2025-FIA-World-RX-Turkiye-0003-1-1024x682.jpg 1024w, https:\/\/torkspor.com\/wp-content\/uploads\/2025\/09\/2025-FIA-World-RX-Turkiye-0003-1-300x200.jpg 300w, https:\/\/torkspor.com\/wp-content\/uploads\/2025\/09\/2025-FIA-World-RX-Turkiye-0003-1-768x512.jpg 768w, https:\/\/torkspor.com\/wp-content\/uploads\/2025\/09\/2025-FIA-World-RX-Turkiye-0003-1-1536x1024.jpg 1536w, https:\/\/torkspor.com\/wp-content\/uploads\/2025\/09\/2025-FIA-World-RX-Turkiye-0003-1.jpg 2000w\" sizes=\"(max-width: 1024px) 100vw, 1024px\" \/><\/figure>\n\n\n\n<figure class=\"wp-block-image size-large\"><img loading=\"lazy\" decoding=\"async\" width=\"1024\" height=\"682\" data-id=\"3124\" src=\"https:\/\/torkspor.com\/wp-content\/uploads\/2025\/09\/2025-FIA-World-RX-Turkiye-0005-1024x682.jpg\" alt=\"\" class=\"wp-image-3124\" srcset=\"https:\/\/torkspor.com\/wp-content\/uploads\/2025\/09\/2025-FIA-World-RX-Turkiye-0005-1024x682.jpg 1024w, https:\/\/torkspor.com\/wp-content\/uploads\/2025\/09\/2025-FIA-World-RX-Turkiye-0005-300x200.jpg 300w, https:\/\/torkspor.com\/wp-content\/uploads\/2025\/09\/2025-FIA-World-RX-Turkiye-0005-768x512.jpg 768w, https:\/\/torkspor.com\/wp-content\/uploads\/2025\/09\/2025-FIA-World-RX-Turkiye-0005-1536x1024.jpg 1536w, https:\/\/torkspor.com\/wp-content\/uploads\/2025\/09\/2025-FIA-World-RX-Turkiye-0005.jpg 2000w\" sizes=\"(max-width: 1024px) 100vw, 1024px\" \/><\/figure>\n\n\n\n<figure class=\"wp-block-image size-large\"><img loading=\"lazy\" decoding=\"async\" width=\"1024\" height=\"682\" data-id=\"3126\" src=\"https:\/\/torkspor.com\/wp-content\/uploads\/2025\/09\/2025-FIA-World-RX-Turkiye-0009-1024x682.jpg\" alt=\"\" class=\"wp-image-3126\" srcset=\"https:\/\/torkspor.com\/wp-content\/uploads\/2025\/09\/2025-FIA-World-RX-Turkiye-0009-1024x682.jpg 1024w, https:\/\/torkspor.com\/wp-content\/uploads\/2025\/09\/2025-FIA-World-RX-Turkiye-0009-300x200.jpg 300w, https:\/\/torkspor.com\/wp-content\/uploads\/2025\/09\/2025-FIA-World-RX-Turkiye-0009-768x512.jpg 768w, https:\/\/torkspor.com\/wp-content\/uploads\/2025\/09\/2025-FIA-World-RX-Turkiye-0009-1536x1024.jpg 1536w, https:\/\/torkspor.com\/wp-content\/uploads\/2025\/09\/2025-FIA-World-RX-Turkiye-0009.jpg 2000w\" sizes=\"(max-width: 1024px) 100vw, 1024px\" \/><\/figure>\n\n\n\n<figure class=\"wp-block-image size-large\"><img loading=\"lazy\" decoding=\"async\" width=\"1024\" height=\"682\" data-id=\"3128\" src=\"https:\/\/torkspor.com\/wp-content\/uploads\/2025\/09\/2025-FIA-World-RX-Turkiye-0010-1024x682.jpg\" alt=\"\" class=\"wp-image-3128\" srcset=\"https:\/\/torkspor.com\/wp-content\/uploads\/2025\/09\/2025-FIA-World-RX-Turkiye-0010-1024x682.jpg 1024w, https:\/\/torkspor.com\/wp-content\/uploads\/2025\/09\/2025-FIA-World-RX-Turkiye-0010-300x200.jpg 300w, https:\/\/torkspor.com\/wp-content\/uploads\/2025\/09\/2025-FIA-World-RX-Turkiye-0010-768x512.jpg 768w, https:\/\/torkspor.com\/wp-content\/uploads\/2025\/09\/2025-FIA-World-RX-Turkiye-0010-1536x1024.jpg 1536w, https:\/\/torkspor.com\/wp-content\/uploads\/2025\/09\/2025-FIA-World-RX-Turkiye-0010.jpg 2000w\" sizes=\"(max-width: 1024px) 100vw, 1024px\" \/><\/figure>\n\n\n\n<figure class=\"wp-block-image size-large\"><img loading=\"lazy\" decoding=\"async\" width=\"1024\" height=\"682\" data-id=\"3123\" src=\"https:\/\/torkspor.com\/wp-content\/uploads\/2025\/09\/2025-FIA-World-RX-Turkiye-0013-1024x682.jpg\" alt=\"\" class=\"wp-image-3123\" srcset=\"https:\/\/torkspor.com\/wp-content\/uploads\/2025\/09\/2025-FIA-World-RX-Turkiye-0013-1024x682.jpg 1024w, https:\/\/torkspor.com\/wp-content\/uploads\/2025\/09\/2025-FIA-World-RX-Turkiye-0013-300x200.jpg 300w, https:\/\/torkspor.com\/wp-content\/uploads\/2025\/09\/2025-FIA-World-RX-Turkiye-0013-768x512.jpg 768w, https:\/\/torkspor.com\/wp-content\/uploads\/2025\/09\/2025-FIA-World-RX-Turkiye-0013-1536x1024.jpg 1536w, https:\/\/torkspor.com\/wp-content\/uploads\/2025\/09\/2025-FIA-World-RX-Turkiye-0013.jpg 2000w\" sizes=\"(max-width: 1024px) 100vw, 1024px\" \/><\/figure>\n<\/figure>\n","protected":false},"excerpt":{"rendered":"<p>20-21 Eyl\u00fcl hafta sonunda, \u0130stanbul Park pisti bu kez Formula 1 ara\u00e7lar\u0131na de\u011fil, d\u00fcnyan\u0131n en h\u0131zl\u0131 rallikros pilotlar\u0131na ev sahipli\u011fi<\/p>\n","protected":false},"author":2,"featured_media":3125,"comment_status":"open","ping_status":"open","sticky":false,"template":"","format":"standard","meta":{"footnotes":""},"categories":[1],"tags":[584,591,583,585,589,586,592,590,588,587],"class_list":["post-3115","post","type-post","status-publish","format-standard","has-post-thumbnail","hentry","category-genel","tag-euro-rx1-yury-belevskiy-2025","tag-euro-rx3-joao-ribeiro-2025","tag-fia-dunya-rallikros-sampiyonasi-2025","tag-johan-kristoffersson-8-dunya-sampiyonlugu","tag-rallikros-final-yarisi-istanbul","tag-tosfed-istanbul-park-rallikros","tag-turkiye-drift-sampiyonasi-gosteri","tag-turkiye-motorsporlari-2025","tag-world-rx-of-turkiye-istanbul-park","tag-world-rx-turkiye-bilet-satislari"],"magazineBlocksPostFeaturedMedia":{"thumbnail":"https:\/\/torkspor.com\/wp-content\/uploads\/2025\/09\/2025-FIA-World-RX-Turkiye-000-150x150.jpg","medium":"https:\/\/torkspor.com\/wp-content\/uploads\/2025\/09\/2025-FIA-World-RX-Turkiye-000-300x200.jpg","medium_large":"https:\/\/torkspor.com\/wp-content\/uploads\/2025\/09\/2025-FIA-World-RX-Turkiye-000-768x512.jpg","large":"https:\/\/torkspor.com\/wp-content\/uploads\/2025\/09\/2025-FIA-World-RX-Turkiye-000-1024x682.jpg","1536x1536":"https:\/\/torkspor.com\/wp-content\/uploads\/2025\/09\/2025-FIA-World-RX-Turkiye-000-1536x1024.jpg","2048x2048":"https:\/\/torkspor.com\/wp-content\/uploads\/2025\/09\/2025-FIA-World-RX-Turkiye-000.jpg","colormag-highlighted-post":"https:\/\/torkspor.com\/wp-content\/uploads\/2025\/09\/2025-FIA-World-RX-Turkiye-000-392x272.jpg","colormag-featured-post-medium":"https:\/\/torkspor.com\/wp-content\/uploads\/2025\/09\/2025-FIA-World-RX-Turkiye-000-390x205.jpg","colormag-featured-post-small":"https:\/\/torkspor.com\/wp-content\/uploads\/2025\/09\/2025-FIA-World-RX-Turkiye-000-130x90.jpg","colormag-featured-image":"https:\/\/torkspor.com\/wp-content\/uploads\/2025\/09\/2025-FIA-World-RX-Turkiye-000-800x445.jpg","colormag-default-news":"https:\/\/torkspor.com\/wp-content\/uploads\/2025\/09\/2025-FIA-World-RX-Turkiye-000-150x150.jpg","colormag-featured-image-large":"https:\/\/torkspor.com\/wp-content\/uploads\/2025\/09\/2025-FIA-World-RX-Turkiye-000-1400x600.jpg","colormag-elementor-block-extra-large-thumbnail":"https:\/\/torkspor.com\/wp-content\/uploads\/2025\/09\/2025-FIA-World-RX-Turkiye-000-1155x480.jpg","colormag-elementor-grid-large-thumbnail":"https:\/\/torkspor.com\/wp-content\/uploads\/2025\/09\/2025-FIA-World-RX-Turkiye-000-600x417.jpg","colormag-elementor-grid-small-thumbnail":"https:\/\/torkspor.com\/wp-content\/uploads\/2025\/09\/2025-FIA-World-RX-Turkiye-000-285x450.jpg","colormag-elementor-grid-medium-large-thumbnail":"https:\/\/torkspor.com\/wp-content\/uploads\/2025\/09\/2025-FIA-World-RX-Turkiye-000-575x198.jpg"},"magazineBlocksPostAuthor":{"name":"Okan \u00c7etiner","avatar":"https:\/\/secure.gravatar.com\/avatar\/0b8d387b873c3962ae491deaf4b94a08a9b0dbc2778155c139691933252f8856?s=96&d=mm&r=g"},"magazineBlocksPostCommentsNumber":"0","magazineBlocksPostExcerpt":"20-21 Eyl\u00fcl hafta sonunda, \u0130stanbul Park pisti bu kez Formula 1 ara\u00e7lar\u0131na de\u011fil, d\u00fcnyan\u0131n en h\u0131zl\u0131 rallikros pilotlar\u0131na ev sahipli\u011fi","magazineBlocksPostCategories":["Genel"],"magazine_blocks_featured_image_url":{"full":["https:\/\/torkspor.com\/wp-content\/uploads\/2025\/09\/2025-FIA-World-RX-Turkiye-000.jpg",2000,1333,false],"medium":["https:\/\/torkspor.com\/wp-content\/uploads\/2025\/09\/2025-FIA-World-RX-Turkiye-000-300x200.jpg",300,200,true],"thumbnail":["https:\/\/torkspor.com\/wp-content\/uploads\/2025\/09\/2025-FIA-World-RX-Turkiye-000-150x150.jpg",150,150,true]},"magazine_blocks_author":{"display_name":"Okan \u00c7etiner","author_link":"https:\/\/torkspor.com\/?author=2"},"magazine_blocks_comment":3,"magazine_blocks_author_image":"https:\/\/secure.gravatar.com\/avatar\/0b8d387b873c3962ae491deaf4b94a08a9b0dbc2778155c139691933252f8856?s=96&d=mm&r=g","magazine_blocks_category":"<a href=\"https:\/\/torkspor.com\/?cat=1\" rel=\"category\">Genel<\/a>","_links":{"self":[{"href":"https:\/\/torkspor.com\/index.php?rest_route=\/wp\/v2\/posts\/3115","targetHints":{"allow":["GET"]}}],"collection":[{"href":"https:\/\/torkspor.com\/index.php?rest_route=\/wp\/v2\/posts"}],"about":[{"href":"https:\/\/torkspor.com\/index.php?rest_route=\/wp\/v2\/types\/post"}],"author":[{"embeddable":true,"href":"https:\/\/torkspor.com\/index.php?rest_route=\/wp\/v2\/users\/2"}],"replies":[{"embeddable":true,"href":"https:\/\/torkspor.com\/index.php?rest_route=%2Fwp%2Fv2%2Fcomments&post=3115"}],"version-history":[{"count":1,"href":"https:\/\/torkspor.com\/index.php?rest_route=\/wp\/v2\/posts\/3115\/revisions"}],"predecessor-version":[{"id":3129,"href":"https:\/\/torkspor.com\/index.php?rest_route=\/wp\/v2\/posts\/3115\/revisions\/3129"}],"wp:featuredmedia":[{"embeddable":true,"href":"https:\/\/torkspor.com\/index.php?rest_route=\/wp\/v2\/media\/3125"}],"wp:attachment":[{"href":"https:\/\/torkspor.com\/index.php?rest_route=%2Fwp%2Fv2%2Fmedia&parent=3115"}],"wp:term":[{"taxonomy":"category","embeddable":true,"href":"https:\/\/torkspor.com\/index.php?rest_route=%2Fwp%2Fv2%2Fcategories&post=3115"},{"taxonomy":"post_tag","embeddable":true,"href":"https:\/\/torkspor.com\/index.php?rest_route=%2Fwp%2Fv2%2Ftags&post=3115"}],"curies":[{"name":"wp","href":"https:\/\/api.w.org\/{rel}","templated":true}]}}